{"id":1036,"date":"2013-10-04T15:26:40","date_gmt":"2013-10-04T15:26:40","guid":{"rendered":"http:\/\/obcanskymonitoring.cz\/?p=1036"},"modified":"2013-10-04T19:06:53","modified_gmt":"2013-10-04T19:06:53","slug":"boj-o-kozakuv-dum-pokracuje-zastupce-prahy-1-ceka-grilovani-v-senatu","status":"publish","type":"post","link":"https:\/\/obcanskymonitoring.cz\/?p=1036","title":{"rendered":"Boj o Koz\u00e1k\u016fv d\u016fm pokra\u010duje: Z\u00e1stupce Prahy 1 \u010dek\u00e1 grilov\u00e1n\u00ed v Sen\u00e1tu"},"content":{"rendered":"<div class=\"pvc_clear\"><\/div>\n<p class=\"pvc_stats total_only \" data-element-id=\"1036\" style=\"\"><i class=\"pvc-stats-icon medium\" aria-hidden=\"true\"><svg xmlns=\"http:\/\/www.w3.org\/2000\/svg\" version=\"1.0\" viewBox=\"0 0 502 315\" preserveAspectRatio=\"xMidYMid meet\"><g transform=\"translate(0,332) scale(0.1,-0.1)\" fill=\"\" stroke=\"none\"><path d=\"M2394 3279 l-29 -30 -3 -207 c-2 -182 0 -211 15 -242 39 -76 157 -76 196 0 15 31 17 60 15 243 l-3 209 -33 29 c-26 23 -41 29 -80 29 -41 0 -53 -5 -78 -31z\"\/><path d=\"M3085 3251 c-45 -19 -58 -50 -96 -229 -47 -217 -49 -260 -13 -295 52 -53 146 -42 177 20 16 31 87 366 87 410 0 70 -86 122 -155 94z\"\/><path d=\"M1751 3234 c-13 -9 -29 -31 -37 -50 -12 -29 -10 -49 21 -204 19 -94 39 -189 45 -210 14 -50 54 -80 110 -80 34 0 48 6 76 34 21 21 34 44 34 59 0 14 -18 113 -40 219 -37 178 -43 195 -70 221 -36 32 -101 37 -139 11z\"\/><path d=\"M1163 3073 c-36 -7 -73 -59 -73 -102 0 -56 133 -378 171 -413 34 -32 83 -37 129 -13 70 36 67 87 -16 290 -86 209 -89 214 -129 231 -35 14 -42 15 -82 7z\"\/><path d=\"M3689 3066 c-15 -9 -33 -30 -42 -48 -48 -103 -147 -355 -147 -375 0 -98 131 -148 192 -74 13 15 57 108 97 206 80 196 84 226 37 273 -30 30 -99 39 -137 18z\"\/><path d=\"M583 2784 c-38 -19 -67 -74 -58 -113 9 -42 211 -354 242 -373 16 -10 45 -18 66 -18 51 0 107 52 107 100 0 39 -1 41 -124 234 -80 126 -108 162 -133 173 -41 17 -61 16 -100 -3z\"\/><path d=\"M4250 2784 c-14 -9 -74 -91 -133 -183 -95 -150 -107 -173 -107 -213 0 -55 33 -94 87 -104 67 -13 90 8 211 198 130 202 137 225 78 284 -27 27 -42 34 -72 34 -22 0 -50 -8 -64 -16z\"\/><path d=\"M2275 2693 c-553 -48 -1095 -270 -1585 -649 -135 -104 -459 -423 -483 -476 -23 -49 -22 -139 2 -186 73 -142 361 -457 571 -626 285 -228 642 -407 990 -497 242 -63 336 -73 660 -74 310 0 370 5 595 52 535 111 1045 392 1455 803 122 121 250 273 275 326 19 41 19 137 0 174 -41 79 -309 363 -465 492 -447 370 -946 591 -1479 653 -113 14 -422 18 -536 8z m395 -428 c171 -34 330 -124 456 -258 112 -119 167 -219 211 -378 27 -96 24 -300 -5 -401 -72 -255 -236 -447 -474 -557 -132 -62 -201 -76 -368 -76 -167 0 -236 14 -368 76 -213 98 -373 271 -451 485 -162 444 86 934 547 1084 153 49 292 57 452 25z m909 -232 c222 -123 408 -262 593 -441 76 -74 138 -139 138 -144 0 -16 -233 -242 -330 -319 -155 -123 -309 -223 -461 -299 l-81 -41 32 46 c18 26 49 83 70 128 143 306 141 649 -6 957 -25 52 -61 116 -79 142 l-34 47 45 -20 c26 -10 76 -36 113 -56z m-2057 25 c-40 -58 -105 -190 -130 -263 -110 -324 -59 -707 132 -981 25 -35 42 -64 37 -64 -19 0 -241 119 -326 174 -188 122 -406 314 -532 468 l-58 71 108 103 c185 178 428 349 672 473 66 33 121 60 123 61 2 0 -10 -19 -26 -42z\"\/><path d=\"M2375 1950 c-198 -44 -350 -190 -395 -379 -18 -76 -8 -221 19 -290 114 -284 457 -406 731 -260 98 52 188 154 231 260 27 69 37 214 19 290 -38 163 -166 304 -326 360 -67 23 -215 33 -279 19z\"\/><\/g><\/svg><\/i> &nbsp;1,336&nbsp;total views<\/p>\n<div class=\"pvc_clear\"><\/div>\n<p><a href=\"http:\/\/obcanskymonitoring.cz\/wp-content\/uploads\/2013\/10\/Kozakuv_dum_v_Senatu.jpg\"><img loading=\"lazy\" class=\"alignleft  wp-image-1037\" alt=\"Kozakuv_dum_v_Senatu\" src=\"http:\/\/obcanskymonitoring.cz\/wp-content\/uploads\/2013\/10\/Kozakuv_dum_v_Senatu.jpg\" width=\"464\" height=\"346\" srcset=\"https:\/\/obcanskymonitoring.cz\/wp-content\/uploads\/2013\/10\/Kozakuv_dum_v_Senatu.jpg 773w, https:\/\/obcanskymonitoring.cz\/wp-content\/uploads\/2013\/10\/Kozakuv_dum_v_Senatu-300x223.jpg 300w\" sizes=\"(max-width: 464px) 100vw, 464px\" \/><\/a><\/p>\n<p>&nbsp;<\/p>\n<p>&nbsp;<\/p>\n<p>&nbsp;<\/p>\n<p>&nbsp;<\/p>\n<p>&nbsp;<\/p>\n<p>&nbsp;<\/p>\n<p>&nbsp;<\/p>\n<p>&nbsp;<\/p>\n<p>&nbsp;<\/p>\n<p>&nbsp;<\/p>\n<p>&nbsp;<\/p>\n<p><!--more--><\/p>\n<p>Sen\u00e1t se p\u0159\u00edpadem bour\u00e1n\u00ed Koz\u00e1kova domu na V\u00e1clavsk\u00e9m n\u00e1m\u011bst\u00ed zab\u00fdval na sv\u00e9\u00a0<a href=\"http:\/\/www.senat.cz\/xqw\/xervlet\/pssenat\/webNahled?id_doc=62871&amp;id_var=53130\">lo\u0148sk\u00e9 sch\u016fzi &#8211; 23.11. 2011<\/a>.\u00a0Podn\u011btem k\u00a0 jedn\u00e1n\u00ed sen\u00e1tu byla tehdy petice v\u00edce ne\u017e 13.000 ob\u010dan\u016f, kte\u0159\u00ed sv\u00fdmi podpisy protestovali proti z\u00e1m\u011bru zbourat Koz\u00e1k\u016fv d\u016fm na V\u00e1clavsk\u00e9m n\u00e1m\u011bst\u00ed.<\/p>\n<p>Poru\u0161en\u00ed z\u00e1kona konstatoval v t\u00e9to kauze krom\u011b Sen\u00e1tu i samotn\u00e9 ministerstvo kultury a ombudsman \u010cR.<\/p>\n<p>Cituji ze\u00a0<a href=\"http:\/\/obcanskymonitoring.cz\/?p=759\">zpr\u00e1vy Ombudsmana<\/a>:\u00a0<em>\u201eJe vytv\u00e1\u0159en stav, kdy ur\u010dit\u00fd celek \u010di\u00a0\u00fazem\u00ed po\u017e\u00edv\u00e1 pam\u00e1tkovou ochranu, av\u0161ak jednotliv\u00e9 objekty, kter\u00e9 tvo\u0159\u00ed jeho sou\u010d\u00e1st nikoliv. Jejich postupnou zm\u011bnou \u010di\u00a0odstran\u011bn\u00edm m\u016f\u017ee doj\u00edt k\u00a0tomu, \u017ee\u00a0smysl pam\u00e1tkov\u00e9 ochrany \u00fazemn\u00edho celku bude vypr\u00e1zdn\u011bn.\u201c\u00a0<\/em>\u00a0p\u00ed\u0161e se v tiskov\u00e9 zpr\u00e1v\u011b ombudsmana. A roli dot\u010den\u00fdch spr\u00e1vn\u00edch org\u00e1n\u016f ombudsman hodnot\u00ed takto:\u00a0<em>\u201eSituace, kdy spr\u00e1vn\u00ed org\u00e1n nep\u0159ihl\u00e9dne bez \u0159\u00e1dn\u00e9ho od\u016fvodn\u011bn\u00ed k\u00a0n\u00e1zoru odborn\u00e9ho org\u00e1nu, a\u0165 ji\u017e st\u00e1tn\u00ed pam\u00e1tkov\u00e9 p\u00e9\u010de, nebo kter\u00e9hokoli jin\u00e9ho, pop\u00edr\u00e1 smysl existence t\u011bchto odborn\u00fdch instituc\u00ed.\u201c\u00a0<\/em><\/p>\n<p>Sen\u00e1t tehdy konstatoval, \u017ee petice je d\u016fvodn\u00e1 a kritizoval Odboru pam\u00e1tkov\u00e9 p\u00e9\u010de Magistr\u00e1tu Hl. m. Prahy i MK za nedodr\u017eov\u00e1n\u00ed na\u0159\u00edzen\u00ed vl\u00e1dy. A\u010dkoliv Sen\u00e1t explicitn\u011b po\u017e\u00e1dal p\u0159\u00edslu\u0161n\u00e9 spr\u00e1vn\u00ed org\u00e1ny o to, aby byl informov\u00e1n o dal\u0161\u00edm pr\u016fb\u011bhu \u0159\u00edzen\u00ed, byl vynech\u00e1n z rozd\u011blovn\u00edku \u00dazemn\u00edho rozhodnut\u00ed i Demoli\u010dn\u00edho v\u00fdm\u011bru. \u00a0Nepochybn\u011b i na tento nestandardn\u00ed a protipr\u00e1vn\u00ed postup se budou sen\u00e1to\u0159i doty\u010dn\u00fdch \u00fa\u0159edn\u00edk\u016f pt\u00e1t.<\/p>\n<p>Pl\u00e1novan\u00e1 \u00fatern\u00ed sch\u016fze znamen\u00e1, \u017ee Sen\u00e1t d\u00e1le v\u00a0pln\u00e9m rozsahu trv\u00e1 na spln\u011bn\u00ed sv\u00fdch lo\u0148sk\u00fdch usnesen\u00ed.<\/p>\n<p>Krom\u011b \u00fa\u010dasti \u00a0Ob\u010dansk\u00e9ho monitoringu a ASORKDu, kte\u0159\u00ed jedn\u00e1n\u00ed uvednou, jsou na sen\u00e1tn\u00ed sch\u016fzi pozv\u00e1ni\u00a0<strong>tajemn\u00edk \u00fa\u0159adu Prahy 1<\/strong>,\u00a0<strong>\u0159editel stavebn\u00edho odboru Prahy 1<\/strong>,\u00a0<strong>\u0159editel odboru Pam\u00e1tkov\u00e9 p\u00e9\u010de Hlavn\u00edho m\u011bsta Prahy<\/strong>,\u00a0<strong>ministr kultury<\/strong>. Budou odpov\u00eddat na ot\u00e1zku, pro\u010d nebyly vypo\u0159\u00e1d\u00e1ny p\u0159ipom\u00ednky Sen\u00e1tu z lo\u0148sk\u00e9ho roku.<\/p>\n<p>J\u00e1 osobn\u011b od t\u00e9to sch\u016fze o\u010dek\u00e1v\u00e1m posun ke zru\u0161en\u00ed rozhodnut\u00ed pam\u00e1tk\u00e1\u0159\u016f Hl. m. Prahy, kter\u00e9 bylo, jak se shoduj\u00ed MK, Sen\u00e1t i Ombudsman, v rozporu se z\u00e1konem.<\/p>\n<p>Pozv\u00e1nka na jedn\u00e1n\u00ed Sen\u00e1tu je\u00a0<a href=\"http:\/\/obcanskymonitoring.cz\/wp-content\/uploads\/2013\/10\/014-9-VVVK-8.10.2013.doc\">zde<\/a>.<\/p>\n<p>Ve\u0161ker\u00e9 dokumenty k cel\u00e9 kauze si m\u016f\u017eete p\u0159e\u010d\u00edst\u00a0<a href=\"http:\/\/obcanskymonitoring.cz\/?p=696\">zde<\/a>.<\/p>\n<p>Tiskovou zpr\u00e1vu <a href=\"http:\/\/www.asorkd.cz\/\">ASORKDu<\/a> si m\u016f\u017eete p\u0159e\u010d\u00edst <a href=\"http:\/\/obcanskymonitoring.cz\/wp-content\/uploads\/2013\/10\/TZ-sen\u00e1to\u0159i-budou-grilovat-pra\u017esk\u00e9-\u00fa\u0159edn\u00edky.pdf\">zde<\/a>.<\/p>\n<div data-counters='1' data-style='square' data-size='regular' data-url='https:\/\/obcanskymonitoring.cz\/?p=1036' data-title='Boj o Koz\u00e1k\u016fv d\u016fm pokra\u010duje: Z\u00e1stupce Prahy 1 \u010dek\u00e1 grilov\u00e1n\u00ed v Sen\u00e1tu' class='linksalpha_container linksalpha_app_3'><a href='\/\/www.linksalpha.com\/share?network='facebook' class='linksalpha_icon_facebook'><\/a><a href='\/\/www.linksalpha.com\/share?network='twitter' class='linksalpha_icon_twitter'><\/a><a href='\/\/www.linksalpha.com\/share?network='googleplus' class='linksalpha_icon_googleplus'><\/a><a href='\/\/www.linksalpha.com\/share?network='mail' class='linksalpha_icon_mail'><\/a><\/div><div data-position='' data-url='https:\/\/obcanskymonitoring.cz\/?p=1036' data-title='Boj o Koz\u00e1k\u016fv d\u016fm pokra\u010duje: Z\u00e1stupce Prahy 1 \u010dek\u00e1 grilov\u00e1n\u00ed v Sen\u00e1tu' class='linksalpha_container linksalpha_app_7'><a href='\/\/www.linksalpha.com\/share?network='facebook' class='linksalpha_icon_facebook'><\/a><a href='\/\/www.linksalpha.com\/share?network='twitter' class='linksalpha_icon_twitter'><\/a><a href='\/\/www.linksalpha.com\/share?network='googleplus' class='linksalpha_icon_googleplus'><\/a><a href='\/\/www.linksalpha.com\/share?network='mail' class='linksalpha_icon_mail'><\/a><\/div>","protected":false},"excerpt":{"rendered":"<p>&nbsp;1,336&nbsp;total views &nbsp; &nbsp; &nbsp; &nbsp; &nbsp; &nbsp; &nbsp; &nbsp; &nbsp; &nbsp; &nbsp;<\/p>\n","protected":false},"author":2,"featured_media":0,"comment_status":"open","ping_status":"open","sticky":true,"template":"","format":"standard","meta":[],"categories":[9],"tags":[],"_links":{"self":[{"href":"https:\/\/obcanskymonitoring.cz\/index.php?rest_route=\/wp\/v2\/posts\/1036"}],"collection":[{"href":"https:\/\/obcanskymonitoring.cz\/index.php?rest_route=\/wp\/v2\/posts"}],"about":[{"href":"https:\/\/obcanskymonitoring.cz\/index.php?rest_route=\/wp\/v2\/types\/post"}],"author":[{"embeddable":true,"href":"https:\/\/obcanskymonitoring.cz\/index.php?rest_route=\/wp\/v2\/users\/2"}],"replies":[{"embeddable":true,"href":"https:\/\/obcanskymonitoring.cz\/index.php?rest_route=%2Fwp%2Fv2%2Fcomments&post=1036"}],"version-history":[{"count":0,"href":"https:\/\/obcanskymonitoring.cz\/index.php?rest_route=\/wp\/v2\/posts\/1036\/revisions"}],"wp:attachment":[{"href":"https:\/\/obcanskymonitoring.cz\/index.php?rest_route=%2Fwp%2Fv2%2Fmedia&parent=1036"}],"wp:term":[{"taxonomy":"category","embeddable":true,"href":"https:\/\/obcanskymonitoring.cz\/index.php?rest_route=%2Fwp%2Fv2%2Fcategories&post=1036"},{"taxonomy":"post_tag","embeddable":true,"href":"https:\/\/obcanskymonitoring.cz\/index.php?rest_route=%2Fwp%2Fv2%2Ftags&post=1036"}],"curies":[{"name":"wp","href":"https:\/\/api.w.org\/{rel}","templated":true}]}}