{"id":108,"date":"2012-11-04T09:26:01","date_gmt":"2012-11-04T09:26:01","guid":{"rendered":"http:\/\/obcanskymonitoring.cz\/?p=108"},"modified":"2012-11-11T13:42:10","modified_gmt":"2012-11-11T13:42:10","slug":"protest-proti-zameru-vypnout-internet-v-knihovnach","status":"publish","type":"post","link":"https:\/\/obcanskymonitoring.cz\/?p=108","title":{"rendered":"Protest proti z\u00e1m\u011bru vypnout v knihovn\u00e1ch internet"},"content":{"rendered":"<div class=\"pvc_clear\"><\/div>\n<p class=\"pvc_stats total_only \" data-element-id=\"108\" style=\"\"><i class=\"pvc-stats-icon medium\" aria-hidden=\"true\"><svg xmlns=\"http:\/\/www.w3.org\/2000\/svg\" version=\"1.0\" viewBox=\"0 0 502 315\" preserveAspectRatio=\"xMidYMid meet\"><g transform=\"translate(0,332) scale(0.1,-0.1)\" fill=\"\" stroke=\"none\"><path d=\"M2394 3279 l-29 -30 -3 -207 c-2 -182 0 -211 15 -242 39 -76 157 -76 196 0 15 31 17 60 15 243 l-3 209 -33 29 c-26 23 -41 29 -80 29 -41 0 -53 -5 -78 -31z\"\/><path d=\"M3085 3251 c-45 -19 -58 -50 -96 -229 -47 -217 -49 -260 -13 -295 52 -53 146 -42 177 20 16 31 87 366 87 410 0 70 -86 122 -155 94z\"\/><path d=\"M1751 3234 c-13 -9 -29 -31 -37 -50 -12 -29 -10 -49 21 -204 19 -94 39 -189 45 -210 14 -50 54 -80 110 -80 34 0 48 6 76 34 21 21 34 44 34 59 0 14 -18 113 -40 219 -37 178 -43 195 -70 221 -36 32 -101 37 -139 11z\"\/><path d=\"M1163 3073 c-36 -7 -73 -59 -73 -102 0 -56 133 -378 171 -413 34 -32 83 -37 129 -13 70 36 67 87 -16 290 -86 209 -89 214 -129 231 -35 14 -42 15 -82 7z\"\/><path d=\"M3689 3066 c-15 -9 -33 -30 -42 -48 -48 -103 -147 -355 -147 -375 0 -98 131 -148 192 -74 13 15 57 108 97 206 80 196 84 226 37 273 -30 30 -99 39 -137 18z\"\/><path d=\"M583 2784 c-38 -19 -67 -74 -58 -113 9 -42 211 -354 242 -373 16 -10 45 -18 66 -18 51 0 107 52 107 100 0 39 -1 41 -124 234 -80 126 -108 162 -133 173 -41 17 -61 16 -100 -3z\"\/><path d=\"M4250 2784 c-14 -9 -74 -91 -133 -183 -95 -150 -107 -173 -107 -213 0 -55 33 -94 87 -104 67 -13 90 8 211 198 130 202 137 225 78 284 -27 27 -42 34 -72 34 -22 0 -50 -8 -64 -16z\"\/><path d=\"M2275 2693 c-553 -48 -1095 -270 -1585 -649 -135 -104 -459 -423 -483 -476 -23 -49 -22 -139 2 -186 73 -142 361 -457 571 -626 285 -228 642 -407 990 -497 242 -63 336 -73 660 -74 310 0 370 5 595 52 535 111 1045 392 1455 803 122 121 250 273 275 326 19 41 19 137 0 174 -41 79 -309 363 -465 492 -447 370 -946 591 -1479 653 -113 14 -422 18 -536 8z m395 -428 c171 -34 330 -124 456 -258 112 -119 167 -219 211 -378 27 -96 24 -300 -5 -401 -72 -255 -236 -447 -474 -557 -132 -62 -201 -76 -368 -76 -167 0 -236 14 -368 76 -213 98 -373 271 -451 485 -162 444 86 934 547 1084 153 49 292 57 452 25z m909 -232 c222 -123 408 -262 593 -441 76 -74 138 -139 138 -144 0 -16 -233 -242 -330 -319 -155 -123 -309 -223 -461 -299 l-81 -41 32 46 c18 26 49 83 70 128 143 306 141 649 -6 957 -25 52 -61 116 -79 142 l-34 47 45 -20 c26 -10 76 -36 113 -56z m-2057 25 c-40 -58 -105 -190 -130 -263 -110 -324 -59 -707 132 -981 25 -35 42 -64 37 -64 -19 0 -241 119 -326 174 -188 122 -406 314 -532 468 l-58 71 108 103 c185 178 428 349 672 473 66 33 121 60 123 61 2 0 -10 -19 -26 -42z\"\/><path d=\"M2375 1950 c-198 -44 -350 -190 -395 -379 -18 -76 -8 -221 19 -290 114 -284 457 -406 731 -260 98 52 188 154 231 260 27 69 37 214 19 290 -38 163 -166 304 -326 360 -67 23 -215 33 -279 19z\"\/><\/g><\/svg><\/i> &nbsp;908&nbsp;total views<\/p>\n<div class=\"pvc_clear\"><\/div>\n<div id=\"attachment_109\" style=\"width: 310px\" class=\"wp-caption alignnone\"><a href=\"http:\/\/obcanskymonitoring.cz\/wp-content\/uploads\/2012\/11\/I.jpg\"><img aria-describedby=\"caption-attachment-109\" loading=\"lazy\" class=\"size-medium wp-image-109\" title=\"Ob\u010dansk\u00fd monitoring: Protest proti z\u00e1m\u011bru vypnout internet v knihovn\u00e1ch\" src=\"http:\/\/obcanskymonitoring.cz\/wp-content\/uploads\/2012\/11\/I-300x168.jpg\" alt=\"Ob\u010dansk\u00fd monitoring: Protest proti z\u00e1m\u011bru vypnout internet v knihovn\u00e1ch\" width=\"300\" height=\"168\" srcset=\"https:\/\/obcanskymonitoring.cz\/wp-content\/uploads\/2012\/11\/I-300x168.jpg 300w, https:\/\/obcanskymonitoring.cz\/wp-content\/uploads\/2012\/11\/I.jpg 600w\" sizes=\"(max-width: 300px) 100vw, 300px\" \/><\/a><p id=\"caption-attachment-109\" class=\"wp-caption-text\">Ob\u010dansk\u00fd monitoring: Protest proti z\u00e1m\u011bru vypnout internet v knihovn\u00e1ch<\/p><\/div>\n<p>8.8.2011\u00a0od\u00a018:00\u00a0do\u00a019:00<\/p>\n<p>Nad \u0160tolou 3, Praha. Tj. p\u0159ed budovou Ministerstva vnitra<\/p>\n<p>Protestujeme proti jednostrann\u00e9mu rozhodnut\u00ed Ministerstva vnitra vypnout ve ve\u0159ejn\u00fdch knihovn\u00e1ch v \u010cR internet.<\/p>\n<p>Z\u00e1m\u011br m\u00e1 p\u0159\u00edm\u00fd dopad na 3500 knihoven v \u010cR!<\/p>\n<p>Motto: &#8220;Mil\u00e9 vnitro! Knihovny si rozvracet nenech\u00e1me!&#8221;<\/p>\n<p>P\u0159ij\u010fte n\u00e1s podpo\u0159it, pozv\u011bte v\u0161echny sv\u00e9 p\u0159\u00e1tele i nep\u0159\u00e1tele.<\/p>\n<p><!--more--><\/p>\n<p>Ministerstvo vnitra p\u0159edlo\u017eilo minul\u00fd t\u00fdden sv\u00fdm vl\u00e1dn\u00edm koleg\u016fm dokument s n\u00e1zvem \u201eN\u00e1vrh na ukon\u010den\u00ed projektu internetizace knihoven\u201c. Zru\u0161en\u00ed napojen\u00ed knihoven na Internet m\u00e1 prob\u011bhnout b\u011bhem \u010dtrn\u00e1cti dn\u016f. Ve\u0159ejnost je \u0161okov\u00e1na nekompetenc\u00ed ministerstva, bou\u0159\u00ed se i knihovn\u00edci.<\/p>\n<p>&nbsp;<\/p>\n<p>Dokument je dostupn\u00fd\u00a0<a href=\"http:\/\/www.skipcr.cz\/aktuality\/vladni-navrh-na-zruseni-pik\">zde<\/a>\u00a0a je to \u010dten\u00ed k neuv\u011b\u0159en\u00ed. Popisuje historii projektu\u00a0<em>internetizace knihoven<\/em>\u00a0v r\u00e1mci obecn\u011bj\u0161\u00edho projektu\u00a0<em>\u0158\u00edzen\u00ed a koordinace financov\u00e1n\u00ed komunika\u010dn\u00ed infrastruktury ve\u0159ejn\u00e9 spr\u00e1vy<\/em>\u00a0(doned\u00e1vna vysoce prioritn\u00ed projekt \u2013 dnes projekt na zru\u0161en\u00ed), aby v z\u00e1v\u011bru dokumentu konstatoval, \u017ee\u00a0<em>\u201e[vzhledem k tomu] \u017ee realizac\u00ed Projektu internetizace knihoven [ministerstvo vnitra] pln\u00ed \u00fakoly mimo svou v\u011bcnou p\u0159\u00edslu\u0161nost, je ministerstvo vnitra nuceno ukon\u010dit pokra\u010dov\u00e1n\u00ed koordinace a dal\u0161\u00edho finan\u010dn\u00edho zabezpe\u010dov\u00e1n\u00ed Projektu internetizace knihoven, a to ke dni 31. \u010dervence 2011.\u201c<\/em>\u00a0<abbr title=\"Doslova uvedeno!\">(Sic!)<\/abbr>\u00a0To znamen\u00e1, \u017ee ministerstvo vnitra t\u00edmto dokumentem stroze oznamuje, \u017ee za 14 dn\u016f vypne \u201epen\u011bzovod\u201c, kter\u00fd umo\u017e\u0148uje provoz Internetu v knihovn\u00e1ch v cel\u00e9 \u010cR. Tak takto se u n\u00e1s vl\u00e1dne. Takto jsou spravov\u00e1ny z\u00e1kladn\u00ed agendy st\u00e1tu!<\/p>\n<p>Hlavn\u00edm d\u016fvodem tohoto drastick\u00e9ho opat\u0159en\u00ed jsou \u00fadajn\u011b pen\u00edze. Podle vl\u00e1dn\u00edho dokumentu dojde k \u00faspo\u0159e\u00a0<em>\u201ecca sto milion\u016f korun\u201c<\/em>. \u00daspor\u00e1m st\u00e1tn\u00edho rozpo\u010dtu ka\u017ed\u00fd odpov\u011bdn\u00fd \u010dlov\u011bk \u201efand\u00ed\u201c, u tohoto \u010d\u00edsla se proto na chv\u00edli zastavme a zkoumejme. Pro\u010d je vlastn\u011b \u010d\u00e1stka tak vysok\u00e1? Ve vl\u00e1dn\u00edm dokumentu nen\u00ed cena detailn\u011b zd\u016fvodn\u011bna (pro\u010d nen\u00ed, bylo-li c\u00edlem u\u0161et\u0159it?), pouze dokument v\u00e1gn\u011b a kuriozn\u011b vysv\u011btluje, \u017ee\u00a0<em>\u201ezejm\u00e9na v p\u0159\u00edhrani\u010dn\u00edch oblastech, kde nen\u00ed jin\u00e1 mo\u017enost p\u0159ipojen\u00ed, je [p\u0159\u00edpojka] zaji\u0161\u0165ov\u00e1na satelitn\u00edm p\u0159ipojen\u00edm, jeho\u017e \u00fahrada dosahuje a\u017e 4.350,- K\u010d u jedn\u00e9 p\u0159\u00edpojky za m\u011bs\u00edc.\u201c<\/em>\u00a0Jako \u010dlov\u011bk \u201ez bran\u017ee\u201c se pt\u00e1m: Kolik takov\u00fdch obc\u00ed je? Respektive kolik jich v\u016fbec kdy bylo? A hned odpov\u00edd\u00e1m: Za takto vysokou cenu opravdu nikdo v sou\u010dasn\u00e9 dob\u011b p\u0159ipojen\u00ed k Internetu nenab\u00edz\u00ed! Ani p\u0159es satelit! Ani v p\u0159\u00edhrani\u010dn\u00edch obc\u00edch! Zaj\u00edmalo by mne, ze kdy se toto \u201eofici\u00e1ln\u00ed zd\u016fvodn\u011bn\u00ed\u201c traduje? Z pohledu sou\u010dasn\u00e9ho IT odborn\u00edka p\u016fsob\u00ed toto zd\u016fvodn\u011bn\u00ed podobn\u011b ned\u016fv\u011bryhodn\u00e9 jako analogick\u00e1 zd\u016fvodn\u011bn\u00ed vysok\u00fdch cen \u010desk\u00fdch d\u00e1lnic&#8230; Ob\u00e1v\u00e1m se, \u017ee bl\u00ed\u017ee pravd\u011b bude asi tvrzen\u00ed: M\u00e1me p\u0159edra\u017een\u00e9 d\u00e1lnice, mus\u00edme m\u00edt tedy p\u0159edra\u017een\u00e9 i informa\u010dn\u00ed d\u00e1lnice. Smutn\u00e1 logika.<\/p>\n<p>Nechci ale p\u0159\u00edmo podez\u0159\u00edvat ministerstvo vnitra z korup\u010dn\u00edho jedn\u00e1n\u00ed: mo\u017en\u00e1 jsou jen ceny za p\u0159ipojen\u00ed k Internetu zastaral\u00e9. Tzn. t\u0159eba \u201ejen\u201c smlouvy nebyly pr\u016fb\u011b\u017en\u011b, v\u010das a ve prosp\u011bch objednavatele, tzn. st\u00e1tu, aktualizov\u00e1ny. \u2013 Sami jist\u011b v\u00edte, jak v pr\u016fb\u011bhu \u010dasu klesala cena za p\u0159ipojen\u00ed k Internetu a zvy\u0161oval se v\u00fdkon p\u0159ipojen\u00ed: Cena za p\u0159ipojen\u00ed se vyv\u00edjela od p\u016fvodn\u011b exkluzivn\u00edch cen a\u017e k sou\u010dasn\u00fdm cen\u00e1m \u2013 \u0161iroce dostupn\u00e9ho p\u0159ipojen\u00ed k Internetu&#8230; V dokumentu ministerstva vnitra nen\u00ed o tomto trendu ani slovo. Nen\u00ed ani zm\u00ednka o tom, \u017ee by se n\u00e1klady na internetov\u00e9 p\u0159ipojen\u00ed sni\u017eovaly. Z technick\u00e9ho pohledu to nen\u00ed vysv\u011btliteln\u00e9. P\u0159esto st\u00e1le (jsem v\u011b\u010dn\u00fd optimista) v\u011b\u0159\u00edm, \u017ee za vysokou cenou nen\u00ed korupce a zl\u00e1 v\u016fle \u2013 s\u00e1m sebe ut\u011b\u0161uji, \u017ee p\u0159\u00ed\u010dinou je jen nez\u00e1jem a neschopnost p\u0159\u00edslu\u0161n\u00fdch \u00fa\u0159edn\u00edk\u016f ministerstva vnitra.<\/p>\n<p>Vra\u0165me se ale nyn\u00ed od spekulac\u00ed nad p\u0159emr\u0161t\u011bnou cenou a d\u016fvod\u016fm nehospod\u00e1rnosti k v\u011bcn\u00fdm dopad\u016fm n\u00e1vrhu na zru\u0161en\u00ed Internetu v knihovn\u00e1ch. To je t\u00e9ma v\u00e1\u017en\u011bj\u0161\u00ed. Knihovny bez Internetu samoz\u0159ejm\u011b fungovat ve 21. stolet\u00ed nemohou, stejn\u011b jako nemohou fungovat bez elektrick\u00e9ho proudu. Vedle fyzick\u00e9ho p\u016fj\u010dov\u00e1n\u00ed knih (ostatn\u011b i knihovn\u00ed katalogy jsou na Internetu), knihovny nab\u00edzej\u00ed p\u0159\u00edstup k informa\u010dn\u00edm zdroj\u016fm\u00a0<strong>prost\u0159ednictv\u00edm<\/strong>\u00a0Internetu. Vypnut\u00edm Internetu fakticky dojde ke zni\u010den\u00ed knihoven \u2013 resp. k omezen\u00ed slu\u017eeb knihoven do podoby nepou\u017eiteln\u00e9 a nevyu\u017eiteln\u00e9 instituce. N\u00e1vrh je tedy naprosto brut\u00e1ln\u00ed a cynicky alibistick\u00fd:\u00a0<em>\u201emy knihovny neru\u0161\u00edme, jen jim vyp\u00edn\u00e1me Internet.\u201c<\/em>\u00a0Co na to \u0159\u00edci? N\u00e1vrh ministerstva vnitra je opravdu fantastickou uk\u00e1zkou zbrklosti, neum\u011btelstv\u00ed, amat\u00e9rismu (v jedn\u00e1n\u00ed o cen\u011b za p\u0159ipojen\u00ed) a radikalismu (vypnout Internet v cel\u00e9 s\u00edti knihoven v \u010cR doslova z t\u00fddne na t\u00fdden). Tento n\u00e1vrh svou nehor\u00e1znost\u00ed a \u0161kodlivost\u00ed a ok\u00e1zalou ignorac\u00ed ve\u0159ejn\u00fdch z\u00e1jm\u016f n\u00e1padn\u011b \u010dn\u00ed i nad sou\u010dasn\u00e9 pom\u011bry v sou\u010dasn\u00e9 \u010desk\u00e9 politice&#8230;<\/p>\n<p>Absurdita cel\u00e9 situace je o to dokonalej\u0161\u00ed, \u017ee jen p\u00e1r dn\u016f p\u0159ed p\u0159edlo\u017een\u00edm tohoto n\u00e1vrhu p\u0159edlo\u017eil nyn\u011bj\u0161\u00ed premi\u00e9r vl\u00e1dy \u010cR Petr Ne\u010das tzv.\u00a0<em>\u201evl\u00e1dn\u00ed strategii konkurenceschopnosti \u010cesk\u00e9 republiky.\u201c<\/em>\u00a0Co si pod t\u00edmto krkolomn\u00fdm slovem p\u0159edstavit, krom\u011b jazykov\u00e9ho humoru? P\u0159e\u010dt\u011bme si konkr\u00e9tn\u00ed n\u00e1vrh ministerstva vnitra, ta p\u0159ece m\u011bn\u00ed slova vl\u00e1dn\u00ed strategii ve skute\u010dnost! A je t\u0159eba \u0159\u00edci, \u017ee se strategie da\u0159\u00ed. U\u017e te\u010f nem\u00e1 \u010cesk\u00e1 republika v tomto p\u0159\u00edstupu v cel\u00e9 Evrop\u011b konkurenci. Co napsat z\u00e1v\u011brem? Rad\u011bji neztr\u00e1cet \u010das dal\u0161\u00edm psan\u00edm. A \u010dten\u00edm. P\u0159ipravme si transparenty&#8230; a poj\u010fme do ulic&#8230;<\/p>\n<p>&nbsp;<\/p>\n<p><strong>Odezvy<\/strong><\/p>\n<p>&nbsp;<\/p>\n<p><a href=\"http:\/\/www.blisty.cz\/art\/59604.html\">Britsk\u00e9 listy<\/a><\/p>\n<p><a href=\"http:\/\/www.facebook.com\/events\/215729025140334\/\">Facebook\u00a0<\/a><\/p>\n<p><a href=\"http:\/\/www.proalt.cz\/?p=2242\">Proalt<\/a><\/p>\n<p><a href=\"http:\/\/www.literarky.cz\/kultura\/aktualne-z-kultury\/5229-protest-proti-zamru-vypnout-internet-v-knihovnach-\">Liter\u00e1rky<\/a><\/p>\n<p><a href=\"http:\/\/karlstejn.blogspot.cz\/2011\/08\/protest-proti-zameru-vypnout-internet-v.html\">Karlstejn<\/a><\/p>\n<p><a href=\"http:\/\/www.piratskenoviny.cz\/?c_id=33336\">Pir\u00e1tsk\u00e9 noviny<\/a><\/p>\n<p><a href=\"http:\/\/www.parlamentnilisty.cz\/arena\/monitor\/Pred-vnitrem-bude-demonstrace-Kvuli-ruseni-internetu-204372\">Parlamentn\u00ed listy<\/a><\/p>\n<div data-counters='1' data-style='square' data-size='regular' data-url='https:\/\/obcanskymonitoring.cz\/?p=108' data-title='Protest proti z\u00e1m\u011bru vypnout v knihovn\u00e1ch internet' class='linksalpha_container linksalpha_app_3'><a href='\/\/www.linksalpha.com\/share?network='facebook' class='linksalpha_icon_facebook'><\/a><a href='\/\/www.linksalpha.com\/share?network='twitter' class='linksalpha_icon_twitter'><\/a><a href='\/\/www.linksalpha.com\/share?network='googleplus' class='linksalpha_icon_googleplus'><\/a><a href='\/\/www.linksalpha.com\/share?network='mail' class='linksalpha_icon_mail'><\/a><\/div><div data-position='' data-url='https:\/\/obcanskymonitoring.cz\/?p=108' data-title='Protest proti z\u00e1m\u011bru vypnout v knihovn\u00e1ch internet' class='linksalpha_container linksalpha_app_7'><a href='\/\/www.linksalpha.com\/share?network='facebook' class='linksalpha_icon_facebook'><\/a><a href='\/\/www.linksalpha.com\/share?network='twitter' class='linksalpha_icon_twitter'><\/a><a href='\/\/www.linksalpha.com\/share?network='googleplus' class='linksalpha_icon_googleplus'><\/a><a href='\/\/www.linksalpha.com\/share?network='mail' class='linksalpha_icon_mail'><\/a><\/div>","protected":false},"excerpt":{"rendered":"<p>&nbsp;908&nbsp;total views 8.8.2011\u00a0od\u00a018:00\u00a0do\u00a019:00 Nad \u0160tolou 3, Praha. Tj. p\u0159ed budovou Ministerstva vnitra Protestujeme proti jednostrann\u00e9mu rozhodnut\u00ed Ministerstva vnitra vypnout ve ve\u0159ejn\u00fdch knihovn\u00e1ch v \u010cR internet. Z\u00e1m\u011br m\u00e1 p\u0159\u00edm\u00fd dopad na 3500 knihoven v \u010cR! Motto: &#8220;Mil\u00e9 vnitro! Knihovny si rozvracet nenech\u00e1me!&#8221; P\u0159ij\u010fte n\u00e1s podpo\u0159it, pozv\u011bte v\u0161echny sv\u00e9 p\u0159\u00e1tele i nep\u0159\u00e1tele.<\/p>\n","protected":false},"author":2,"featured_media":109,"comment_status":"open","ping_status":"open","sticky":false,"template":"","format":"standard","meta":[],"categories":[10],"tags":[],"_links":{"self":[{"href":"https:\/\/obcanskymonitoring.cz\/index.php?rest_route=\/wp\/v2\/posts\/108"}],"collection":[{"href":"https:\/\/obcanskymonitoring.cz\/index.php?rest_route=\/wp\/v2\/posts"}],"about":[{"href":"https:\/\/obcanskymonitoring.cz\/index.php?rest_route=\/wp\/v2\/types\/post"}],"author":[{"embeddable":true,"href":"https:\/\/obcanskymonitoring.cz\/index.php?rest_route=\/wp\/v2\/users\/2"}],"replies":[{"embeddable":true,"href":"https:\/\/obcanskymonitoring.cz\/index.php?rest_route=%2Fwp%2Fv2%2Fcomments&post=108"}],"version-history":[{"count":0,"href":"https:\/\/obcanskymonitoring.cz\/index.php?rest_route=\/wp\/v2\/posts\/108\/revisions"}],"wp:featuredmedia":[{"embeddable":true,"href":"https:\/\/obcanskymonitoring.cz\/index.php?rest_route=\/wp\/v2\/media\/109"}],"wp:attachment":[{"href":"https:\/\/obcanskymonitoring.cz\/index.php?rest_route=%2Fwp%2Fv2%2Fmedia&parent=108"}],"wp:term":[{"taxonomy":"category","embeddable":true,"href":"https:\/\/obcanskymonitoring.cz\/index.php?rest_route=%2Fwp%2Fv2%2Fcategories&post=108"},{"taxonomy":"post_tag","embeddable":true,"href":"https:\/\/obcanskymonitoring.cz\/index.php?rest_route=%2Fwp%2Fv2%2Ftags&post=108"}],"curies":[{"name":"wp","href":"https:\/\/api.w.org\/{rel}","templated":true}]}}