{"id":1173,"date":"2013-10-24T13:59:47","date_gmt":"2013-10-24T13:59:47","guid":{"rendered":"http:\/\/obcanskymonitoring.cz\/?p=1173"},"modified":"2013-10-24T13:59:47","modified_gmt":"2013-10-24T13:59:47","slug":"ano2011-top09-a-ods-odrekli-rozhovor-pro-porad-politicka-osobnost","status":"publish","type":"post","link":"https:\/\/obcanskymonitoring.cz\/?p=1173","title":{"rendered":"ANO2011, TOP09 a ODS od\u0159ekli rozhovor pro po\u0159ad Politick\u00e1 osobnost"},"content":{"rendered":"<div class=\"pvc_clear\"><\/div>\n<p class=\"pvc_stats total_only \" data-element-id=\"1173\" style=\"\"><i class=\"pvc-stats-icon medium\" aria-hidden=\"true\"><svg xmlns=\"http:\/\/www.w3.org\/2000\/svg\" version=\"1.0\" viewBox=\"0 0 502 315\" preserveAspectRatio=\"xMidYMid meet\"><g transform=\"translate(0,332) scale(0.1,-0.1)\" fill=\"\" stroke=\"none\"><path d=\"M2394 3279 l-29 -30 -3 -207 c-2 -182 0 -211 15 -242 39 -76 157 -76 196 0 15 31 17 60 15 243 l-3 209 -33 29 c-26 23 -41 29 -80 29 -41 0 -53 -5 -78 -31z\"\/><path d=\"M3085 3251 c-45 -19 -58 -50 -96 -229 -47 -217 -49 -260 -13 -295 52 -53 146 -42 177 20 16 31 87 366 87 410 0 70 -86 122 -155 94z\"\/><path d=\"M1751 3234 c-13 -9 -29 -31 -37 -50 -12 -29 -10 -49 21 -204 19 -94 39 -189 45 -210 14 -50 54 -80 110 -80 34 0 48 6 76 34 21 21 34 44 34 59 0 14 -18 113 -40 219 -37 178 -43 195 -70 221 -36 32 -101 37 -139 11z\"\/><path d=\"M1163 3073 c-36 -7 -73 -59 -73 -102 0 -56 133 -378 171 -413 34 -32 83 -37 129 -13 70 36 67 87 -16 290 -86 209 -89 214 -129 231 -35 14 -42 15 -82 7z\"\/><path d=\"M3689 3066 c-15 -9 -33 -30 -42 -48 -48 -103 -147 -355 -147 -375 0 -98 131 -148 192 -74 13 15 57 108 97 206 80 196 84 226 37 273 -30 30 -99 39 -137 18z\"\/><path d=\"M583 2784 c-38 -19 -67 -74 -58 -113 9 -42 211 -354 242 -373 16 -10 45 -18 66 -18 51 0 107 52 107 100 0 39 -1 41 -124 234 -80 126 -108 162 -133 173 -41 17 -61 16 -100 -3z\"\/><path d=\"M4250 2784 c-14 -9 -74 -91 -133 -183 -95 -150 -107 -173 -107 -213 0 -55 33 -94 87 -104 67 -13 90 8 211 198 130 202 137 225 78 284 -27 27 -42 34 -72 34 -22 0 -50 -8 -64 -16z\"\/><path d=\"M2275 2693 c-553 -48 -1095 -270 -1585 -649 -135 -104 -459 -423 -483 -476 -23 -49 -22 -139 2 -186 73 -142 361 -457 571 -626 285 -228 642 -407 990 -497 242 -63 336 -73 660 -74 310 0 370 5 595 52 535 111 1045 392 1455 803 122 121 250 273 275 326 19 41 19 137 0 174 -41 79 -309 363 -465 492 -447 370 -946 591 -1479 653 -113 14 -422 18 -536 8z m395 -428 c171 -34 330 -124 456 -258 112 -119 167 -219 211 -378 27 -96 24 -300 -5 -401 -72 -255 -236 -447 -474 -557 -132 -62 -201 -76 -368 -76 -167 0 -236 14 -368 76 -213 98 -373 271 -451 485 -162 444 86 934 547 1084 153 49 292 57 452 25z m909 -232 c222 -123 408 -262 593 -441 76 -74 138 -139 138 -144 0 -16 -233 -242 -330 -319 -155 -123 -309 -223 -461 -299 l-81 -41 32 46 c18 26 49 83 70 128 143 306 141 649 -6 957 -25 52 -61 116 -79 142 l-34 47 45 -20 c26 -10 76 -36 113 -56z m-2057 25 c-40 -58 -105 -190 -130 -263 -110 -324 -59 -707 132 -981 25 -35 42 -64 37 -64 -19 0 -241 119 -326 174 -188 122 -406 314 -532 468 l-58 71 108 103 c185 178 428 349 672 473 66 33 121 60 123 61 2 0 -10 -19 -26 -42z\"\/><path d=\"M2375 1950 c-198 -44 -350 -190 -395 -379 -18 -76 -8 -221 19 -290 114 -284 457 -406 731 -260 98 52 188 154 231 260 27 69 37 214 19 290 -38 163 -166 304 -326 360 -67 23 -215 33 -279 19z\"\/><\/g><\/svg><\/i> &nbsp;972&nbsp;total views<\/p>\n<div class=\"pvc_clear\"><\/div>\n<p>TOP09, ODS a ANO2011 od\u0159ekli rozhovor pro po\u0159ad Politick\u00e1 osobnost serveru Denik politika.<\/p>\n<p><!--more-->\u00a0Ond\u0159ej Z\u00e1ruba k tomu na webu <a href=\"https:\/\/www.denikpolitika.cz\/\">Den\u00edk politika<\/a>\u00a0p\u00ed\u0161e n\u00e1sleduj\u00edc\u00ed: <em>&#8220;V\u00e1\u017een\u00ed a mil\u00ed u\u017eivatel\u00e9 webu Den\u00edk politika. Cht\u011bl bych se s V\u00e1mi pod\u011blit o zku\u0161enost, kterou jsem z\u00edskal s politick\u00fdmi stranami, kdy\u017e jsem je jm\u00e9nem projektu Den\u00edk politika \u017e\u00e1dal o to, aby s n\u00e1mi nato\u010dili rozhovor pro po\u0159ad Politick\u00e1 osobnost.\u00a0<\/em><em>Jak m\u016f\u017eete vid\u011bt, tak jsme nato\u010dili rozhovory se z\u00e1stupci pom\u011brn\u011b velk\u00e9ho mno\u017estv\u00ed politick\u00fdch stran. Ov\u0161em t\u0159i v\u00fdznamn\u00e9 politick\u00e9 subjekty s n\u00e1mi odm\u00edtli spolupracovat. Jedn\u00e1 se o strany ODS, TOP09 a hnut\u00ed ANO.\u00a0<\/em><em>V\u0161echny t\u0159i tyto strany jsme \u017e\u00e1dali o spolupr\u00e1ci mnohokr\u00e1t. Do\u010dkali jsme se\u00a0v\u0161ak pouze pohrd\u00e1n\u00ed ze strany volebn\u00edho t\u00fdmu a konkr\u00e9tn\u00edch politik\u016f. V\u0161em t\u011bmto stran\u00e1m jsme dokonce nab\u00edzeli, aby si sami vybrali osobnosti, kter\u00e9 cht\u011bj\u00ed vyslat do na\u0161eho po\u0159adu. Poprv\u00e9 jsme je kontaktovali p\u0159ed v\u00edce ne\u017e dv\u011bma m\u011bs\u00edci a nab\u00eddli jsme jim velmi mnoho term\u00edn\u016f pro nat\u00e1\u010den\u00ed. V\u0161em t\u011bmto stran\u00e1m jsme zaslali p\u0159edem ot\u00e1zky pro hosty. A jedin\u00e9 tyto t\u0159i strany s k cel\u00e9 z\u00e1le\u017eitosti postavili tak, \u017ee spolupr\u00e1ci s n\u00e1mi p\u0159\u00edmo odm\u00edtli.\u00a0<\/em><em id=\"__mceDel\"><em id=\"__mceDel\"><em>Kontaktovali jsme p\u0159\u00edmo i n\u011bkter\u00e9 politiky z t\u011bchto stran. Rozhovor s n\u00e1mi odm\u00edtl nato\u010dit pan Ji\u0159\u00ed Posp\u00ed\u0161il z ODS a tak\u00e9 Martin Kom\u00e1rek z ANO. Ob\u011bma p\u00e1n\u016fm jsme zaslali ot\u00e1zky p\u0159edem.\u00a0<\/em><\/em><\/em><em id=\"__mceDel\"><em id=\"__mceDel\"><em id=\"__mceDel\"><em id=\"__mceDel\"><em id=\"__mceDel\"><em id=\"__mceDel\"><em id=\"__mceDel\"><em id=\"__mceDel\"><em id=\"__mceDel\"><em id=\"__mceDel\"><em>V n\u00e1sleduj\u00edc\u00edch dnech se budete moct t\u011b\u0161it je\u0161t\u011b na rozhovory s Terezou Bernardovou z LEV21, Tomiem Okamurou z \u00dasvitu p\u0159\u00edm\u00e9 demokracie a v pond\u011bl\u00ed budeme to\u010dit posledn\u00ed rozhovor s panem Jaroslavem Zavadilem, kter\u00fd kandiduje za \u010cSSD.\u00a0<\/em><\/em><\/em><\/em><\/em><\/em><\/em><\/em><\/em><\/em><\/em><em id=\"__mceDel\"><em id=\"__mceDel\"><em id=\"__mceDel\"><em id=\"__mceDel\"><em id=\"__mceDel\"><em id=\"__mceDel\"><em id=\"__mceDel\"><em id=\"__mceDel\"><em id=\"__mceDel\"><em id=\"__mceDel\"><em id=\"__mceDel\"><em>N\u00e1\u0161 po\u0159ad Politick\u00e1 osobnost bude m\u00edt pokra\u010dov\u00e1n\u00ed i po volb\u00e1ch do poslaneck\u00e9 sn\u011bmovny a budeme se sna\u017eit v\u00e1m p\u0159in\u00e1\u0161et dal\u0161\u00ed zaj\u00edmav\u00e9 hosty ve form\u00e1tu, kde maj\u00ed mo\u017enost hovo\u0159it bez obalu.&#8221;\u00a0<\/em><\/em><\/em><\/em><\/em><\/em><\/em><\/em><\/em><\/em><\/em><\/em><\/p>\n<p><em id=\"__mceDel\"><em id=\"__mceDel\"><em id=\"__mceDel\"><em id=\"__mceDel\"><em id=\"__mceDel\"><em id=\"__mceDel\"><em id=\"__mceDel\"><em id=\"__mceDel\"><em id=\"__mceDel\"><em id=\"__mceDel\"><em id=\"__mceDel\"><em><\/em><\/em><\/em><\/em><\/em><\/em><\/em><\/em><\/em><\/em><\/em><\/em>a d\u00e1le Ond\u0159ej Z\u00e1ruba p\u00ed\u0161e:<em id=\"__mceDel\"> <em>&#8220;Co m\u011b posledn\u00ed dobou opravdu vyto\u010dilo? Kdy\u017e jedeme se \u0161t\u00e1bem to\u010dit rozhovor s Jaroslavem Zavadilem &#8211; kandid\u00e1tem \u010d.1 \u010cSSD v Praze ve volb\u00e1ch do poslaneck\u00e9 sn\u011bmovny.\u00a0<\/em><\/em><em id=\"__mceDel\"><em>Pan Zavadil byl natolik d\u016fle\u017eit\u00fd, \u017ee trval na tom, \u017ee mus\u00edme p\u0159ijet za n\u00edm. Fajn. Pan Zavadil byl natolik d\u016fle\u017eit\u00fd, \u017ee trval na \u00fapln\u011b jin\u00fdch term\u00ednech, ne\u017e kter\u00e9 akceptovali v\u0161ichni ostatn\u00ed. Fajn. Pan Zavadil byl natolik d\u016fle\u017eit\u00fd, \u017ee jsme kv\u016fli n\u011bmu nalo\u017eili techniku do auta a jeli za n\u00edm to\u010dit na na\u0161e n\u00e1klady p\u0159es celou Prahu. Pan Zavadil je natolik d\u016fle\u017eit\u00fd, \u017ee n\u00e1m to zru\u0161\u00ed\u00a030 minut p\u0159ed pl\u00e1novan\u00fdm rozhovorem pro pracovn\u00ed vyt\u00ed\u017eenost. Pan Zavadil se ani neobt\u011b\u017euje omluvit nebo nab\u00eddnout n\u011bjak\u00fd n\u00e1hradn\u00ed term\u00edn. A to dokonce ani kdy\u017e sl\u00edb\u00ed, \u017ee se ozve s n\u00e1hradn\u00edm term\u00ednem.\u00a0<\/em><\/em><em id=\"__mceDel\"><em id=\"__mceDel\"><em>D\u011bkuji V\u00e1m pane Zavadile za to, \u017ee jste mrhal m\u00fdm \u010dasem a \u010dasem dal\u0161\u00edch lid\u00ed, kte\u0159\u00ed n\u00e1m pom\u00e1haj\u00ed tvo\u0159it obsah Den\u00edku politika. D\u011bkuji V\u00e1m za to, \u017ee jste n\u00e1s nechal vyhodit pen\u00edze z okna za \u0161t\u00e1b na rozhovor, kter\u00fd se nekonal. Chov\u00e1te se jako bezohledn\u00fd papal\u00e1\u0161 v nejhor\u0161\u00edm slova smyslu. Dal\u0161\u00ed rozhovor, kter\u00fd byste s n\u00e1mi cht\u011bl nato\u010dit, bude hrazen z Va\u0161ich n\u00e1klad\u016f. Ov\u0161em jsem p\u0159esv\u011bd\u010den, \u017ee pokud se takto hulv\u00e1tsk\u00fdm zp\u016fsobem chov\u00e1te i jinde, tak v politice dlouho nep\u0159e\u017eijete.&#8221;<\/em><\/em><\/em><\/p>\n<div data-counters='1' data-style='square' data-size='regular' data-url='https:\/\/obcanskymonitoring.cz\/?p=1173' data-title='ANO2011, TOP09 a ODS od\u0159ekli rozhovor pro po\u0159ad Politick\u00e1 osobnost' class='linksalpha_container linksalpha_app_3'><a href='\/\/www.linksalpha.com\/share?network='facebook' class='linksalpha_icon_facebook'><\/a><a href='\/\/www.linksalpha.com\/share?network='twitter' class='linksalpha_icon_twitter'><\/a><a href='\/\/www.linksalpha.com\/share?network='googleplus' class='linksalpha_icon_googleplus'><\/a><a href='\/\/www.linksalpha.com\/share?network='mail' class='linksalpha_icon_mail'><\/a><\/div><div data-position='' data-url='https:\/\/obcanskymonitoring.cz\/?p=1173' data-title='ANO2011, TOP09 a ODS od\u0159ekli rozhovor pro po\u0159ad Politick\u00e1 osobnost' class='linksalpha_container linksalpha_app_7'><a href='\/\/www.linksalpha.com\/share?network='facebook' class='linksalpha_icon_facebook'><\/a><a href='\/\/www.linksalpha.com\/share?network='twitter' class='linksalpha_icon_twitter'><\/a><a href='\/\/www.linksalpha.com\/share?network='googleplus' class='linksalpha_icon_googleplus'><\/a><a href='\/\/www.linksalpha.com\/share?network='mail' class='linksalpha_icon_mail'><\/a><\/div>","protected":false},"excerpt":{"rendered":"<p>&nbsp;972&nbsp;total views TOP09, ODS a ANO2011 od\u0159ekli rozhovor pro po\u0159ad Politick\u00e1 osobnost serveru Denik politika.<\/p>\n","protected":false},"author":2,"featured_media":0,"comment_status":"open","ping_status":"open","sticky":true,"template":"","format":"standard","meta":[],"categories":[9],"tags":[],"_links":{"self":[{"href":"https:\/\/obcanskymonitoring.cz\/index.php?rest_route=\/wp\/v2\/posts\/1173"}],"collection":[{"href":"https:\/\/obcanskymonitoring.cz\/index.php?rest_route=\/wp\/v2\/posts"}],"about":[{"href":"https:\/\/obcanskymonitoring.cz\/index.php?rest_route=\/wp\/v2\/types\/post"}],"author":[{"embeddable":true,"href":"https:\/\/obcanskymonitoring.cz\/index.php?rest_route=\/wp\/v2\/users\/2"}],"replies":[{"embeddable":true,"href":"https:\/\/obcanskymonitoring.cz\/index.php?rest_route=%2Fwp%2Fv2%2Fcomments&post=1173"}],"version-history":[{"count":0,"href":"https:\/\/obcanskymonitoring.cz\/index.php?rest_route=\/wp\/v2\/posts\/1173\/revisions"}],"wp:attachment":[{"href":"https:\/\/obcanskymonitoring.cz\/index.php?rest_route=%2Fwp%2Fv2%2Fmedia&parent=1173"}],"wp:term":[{"taxonomy":"category","embeddable":true,"href":"https:\/\/obcanskymonitoring.cz\/index.php?rest_route=%2Fwp%2Fv2%2Fcategories&post=1173"},{"taxonomy":"post_tag","embeddable":true,"href":"https:\/\/obcanskymonitoring.cz\/index.php?rest_route=%2Fwp%2Fv2%2Ftags&post=1173"}],"curies":[{"name":"wp","href":"https:\/\/api.w.org\/{rel}","templated":true}]}}