{"id":120,"date":"2012-11-04T10:28:08","date_gmt":"2012-11-04T10:28:08","guid":{"rendered":"http:\/\/obcanskymonitoring.cz\/?p=120"},"modified":"2012-11-11T13:41:50","modified_gmt":"2012-11-11T13:41:50","slug":"protest-proti-rozhodnuti-ministra-kultury-v-kauze-goticke-sklepy","status":"publish","type":"post","link":"https:\/\/obcanskymonitoring.cz\/?p=120","title":{"rendered":"Protest proti rozhodnut\u00ed ministra kultury v kauze gotick\u00e9 sklepy"},"content":{"rendered":"<div class=\"pvc_clear\"><\/div>\n<p class=\"pvc_stats total_only \" data-element-id=\"120\" style=\"\"><i class=\"pvc-stats-icon medium\" aria-hidden=\"true\"><svg xmlns=\"http:\/\/www.w3.org\/2000\/svg\" version=\"1.0\" viewBox=\"0 0 502 315\" preserveAspectRatio=\"xMidYMid meet\"><g transform=\"translate(0,332) scale(0.1,-0.1)\" fill=\"\" stroke=\"none\"><path d=\"M2394 3279 l-29 -30 -3 -207 c-2 -182 0 -211 15 -242 39 -76 157 -76 196 0 15 31 17 60 15 243 l-3 209 -33 29 c-26 23 -41 29 -80 29 -41 0 -53 -5 -78 -31z\"\/><path d=\"M3085 3251 c-45 -19 -58 -50 -96 -229 -47 -217 -49 -260 -13 -295 52 -53 146 -42 177 20 16 31 87 366 87 410 0 70 -86 122 -155 94z\"\/><path d=\"M1751 3234 c-13 -9 -29 -31 -37 -50 -12 -29 -10 -49 21 -204 19 -94 39 -189 45 -210 14 -50 54 -80 110 -80 34 0 48 6 76 34 21 21 34 44 34 59 0 14 -18 113 -40 219 -37 178 -43 195 -70 221 -36 32 -101 37 -139 11z\"\/><path d=\"M1163 3073 c-36 -7 -73 -59 -73 -102 0 -56 133 -378 171 -413 34 -32 83 -37 129 -13 70 36 67 87 -16 290 -86 209 -89 214 -129 231 -35 14 -42 15 -82 7z\"\/><path d=\"M3689 3066 c-15 -9 -33 -30 -42 -48 -48 -103 -147 -355 -147 -375 0 -98 131 -148 192 -74 13 15 57 108 97 206 80 196 84 226 37 273 -30 30 -99 39 -137 18z\"\/><path d=\"M583 2784 c-38 -19 -67 -74 -58 -113 9 -42 211 -354 242 -373 16 -10 45 -18 66 -18 51 0 107 52 107 100 0 39 -1 41 -124 234 -80 126 -108 162 -133 173 -41 17 -61 16 -100 -3z\"\/><path d=\"M4250 2784 c-14 -9 -74 -91 -133 -183 -95 -150 -107 -173 -107 -213 0 -55 33 -94 87 -104 67 -13 90 8 211 198 130 202 137 225 78 284 -27 27 -42 34 -72 34 -22 0 -50 -8 -64 -16z\"\/><path d=\"M2275 2693 c-553 -48 -1095 -270 -1585 -649 -135 -104 -459 -423 -483 -476 -23 -49 -22 -139 2 -186 73 -142 361 -457 571 -626 285 -228 642 -407 990 -497 242 -63 336 -73 660 -74 310 0 370 5 595 52 535 111 1045 392 1455 803 122 121 250 273 275 326 19 41 19 137 0 174 -41 79 -309 363 -465 492 -447 370 -946 591 -1479 653 -113 14 -422 18 -536 8z m395 -428 c171 -34 330 -124 456 -258 112 -119 167 -219 211 -378 27 -96 24 -300 -5 -401 -72 -255 -236 -447 -474 -557 -132 -62 -201 -76 -368 -76 -167 0 -236 14 -368 76 -213 98 -373 271 -451 485 -162 444 86 934 547 1084 153 49 292 57 452 25z m909 -232 c222 -123 408 -262 593 -441 76 -74 138 -139 138 -144 0 -16 -233 -242 -330 -319 -155 -123 -309 -223 -461 -299 l-81 -41 32 46 c18 26 49 83 70 128 143 306 141 649 -6 957 -25 52 -61 116 -79 142 l-34 47 45 -20 c26 -10 76 -36 113 -56z m-2057 25 c-40 -58 -105 -190 -130 -263 -110 -324 -59 -707 132 -981 25 -35 42 -64 37 -64 -19 0 -241 119 -326 174 -188 122 -406 314 -532 468 l-58 71 108 103 c185 178 428 349 672 473 66 33 121 60 123 61 2 0 -10 -19 -26 -42z\"\/><path d=\"M2375 1950 c-198 -44 -350 -190 -395 -379 -18 -76 -8 -221 19 -290 114 -284 457 -406 731 -260 98 52 188 154 231 260 27 69 37 214 19 290 -38 163 -166 304 -326 360 -67 23 -215 33 -279 19z\"\/><\/g><\/svg><\/i> &nbsp;761&nbsp;total views<\/p>\n<div class=\"pvc_clear\"><\/div>\n<div id=\"attachment_121\" style=\"width: 310px\" class=\"wp-caption alignnone\"><a href=\"http:\/\/obcanskymonitoring.cz\/wp-content\/uploads\/2012\/11\/Goticke_sklepy_spalena.jpg\"><img aria-describedby=\"caption-attachment-121\" loading=\"lazy\" class=\"size-medium wp-image-121\" title=\"Ob\u010dansk\u00fd monitoring: Protest proti z\u00e1m\u011bru zni\u010dit gotick\u00e9 sklepy na N\u00e1rodn\u00ed t\u0159\u00edd\u011b\" src=\"http:\/\/obcanskymonitoring.cz\/wp-content\/uploads\/2012\/11\/Goticke_sklepy_spalena-300x244.jpg\" alt=\"Ob\u010dansk\u00fd monitoring: Protest proti z\u00e1m\u011bru zni\u010dit gotick\u00e9 sklepy na N\u00e1rodn\u00ed t\u0159\u00edd\u011b\" width=\"300\" height=\"244\" srcset=\"https:\/\/obcanskymonitoring.cz\/wp-content\/uploads\/2012\/11\/Goticke_sklepy_spalena-300x244.jpg 300w, https:\/\/obcanskymonitoring.cz\/wp-content\/uploads\/2012\/11\/Goticke_sklepy_spalena.jpg 382w\" sizes=\"(max-width: 300px) 100vw, 300px\" \/><\/a><p id=\"caption-attachment-121\" class=\"wp-caption-text\">Ob\u010dansk\u00fd monitoring: Protest proti z\u00e1m\u011bru zni\u010dit gotick\u00e9 sklepy na N\u00e1rodn\u00ed t\u0159\u00edd\u011b<\/p><\/div>\n<p>Ve sporu gotick\u00e9 sklepy x obchodn\u00ed centrum podpo\u0159il ministr kultury Ji\u0159\u00ed Besser (TOP09) obchodn\u00ed centrum.<br \/>\nPova\u017eujeme to za nehor\u00e1zn\u00e9.<br \/>\nProtestujeme!<br \/>\nPokud V\u00e1m nen\u00ed \u00fapln\u011b lhostejn\u00fd osud nejvz\u00e1cn\u011bj\u0161\u00edch historick\u00fdch pam\u00e1tek Prahy, p\u0159idejte se!<!--more--><\/p>\n<div>Stru\u010dn\u011b o probl\u00e9mu:<br \/>\n* P\u0159i stavb\u011b obchodn\u00edho centra na N\u00e1rodn\u00ed t\u0159\u00edd\u011b (v bezprost\u0159edn\u00ed bl\u00edzkosti exitu z metra) byly objeveny rozs\u00e1hl\u00e9 komplexy gotick\u00fdch sklep\u016f z 15. stolet\u00ed. Jedn\u00e1 se v t\u011bchto rozm\u011brech o naprosto unik\u00e1tn\u00ed n\u00e1lez &#8211; takto rozs\u00e1hl\u00fd komplex gotick\u00fdch sklepen\u00ed Praha nem\u00e1. (A nebude m\u00edt, rozhodl ministr kultury!)<br \/>\n* Pam\u00e1tk\u00e1\u0159i n\u00e1sledn\u011b (logicky) podali n\u00e1vrh na vyhl\u00e1\u0161en\u00ed p\u0159\u00edslu\u0161n\u00e9ho m\u00edsta n\u00e1rodn\u00ed pam\u00e1tkou.<br \/>\n* Pan ministr Besser ov\u0161em vyu\u017eil sv\u00e9ho pr\u00e1va ministra &#8211; a \u0159\u00edzen\u00ed zru\u0161il.<br \/>\n* Nyn\u00ed je pam\u00e1tka nedostate\u010dn\u011b chr\u00e1n\u011bn\u00e1, zat\u00e9k\u00e1 do n\u00ed voda a je ponech\u00e1na na pospas po\u0161kozov\u00e1n\u00ed. (\u010cas probl\u00e9m s\u00e1m brzy vy\u0159e\u0161\u00ed a nic nebude st\u00e1t dokon\u010den\u00ed projektu v cest\u011b).<br \/>\n* Nen\u00ed absurdn\u00ed, \u017ee k t\u00e9to situaci v\u00fdznamn\u011b p\u0159isp\u011blo Ministerstvo kultury? Tj. ministerstvo, jeho\u017e \u00fa\u010delem je podobn\u00e9 pam\u00e1tky chr\u00e1nit? A \u017ee za t\u00edmto k\u0159iklav\u00fdm rozhodnut\u00edm stoj\u00ed p\u0159\u00edmo ministr?<br \/>\n* Jakou mohl m\u00edt asi k takto kontroverzn\u00edmu kroku ministr motivaci?Pod\u00edvejme se: ministr argumentuje, \u017ee zru\u0161en\u00edm pam\u00e1tkov\u00e9 ochrany cht\u011bl pam\u00e1tce prosp\u011bt:<br \/>\n<a href=\"http:\/\/www.besser.cz\/2011\/08\/goticke-sklepy-a-dalsi-povery\/\" rel=\"nofollow nofollow\" target=\"_blank\">http:\/\/www.besser.cz\/2011\/<wbr>08\/<wbr>goticke-sklepy-a-dalsi-pove<wbr>ry\/<\/wbr><\/wbr><\/wbr><\/a>\ud83d\ude42<br \/>\nKdo tomuto v\u011b\u0159\u00ed, tomu to nebudeme vymlouvat :-)Podle t\u00e9to obr\u00e1cen\u00e9 logiky, pane minist\u0159e, tedy m\u016f\u017eete tuto akci pova\u017eovat za demonstraci za svou podporu. :-)Nyn\u00ed v\u00e1\u017en\u011b: Pane minist\u0159e, tato demonstrace nen\u00ed vyj\u00e1d\u0159en\u00edm podpory pro V\u00e1s. Toto nen\u00ed prvn\u00ed kauza \u0161okuj\u00edc\u00edho znev\u00e1\u017een\u00ed povinnost\u00ed Va\u0161eho \u00fa\u0159adu.<br \/>\nP\u0159ipome\u0148me z posledn\u00ed doby je\u0161t\u011b kauzu bour\u00e1n\u00ed historick\u00e9ho domu na V\u00e1clavsk\u00e9m n\u00e1m\u011bst\u00ed, kter\u00e9 jste rovn\u011b\u017e Vy osobn\u011b proti v\u016fli pam\u00e1tk\u00e1\u0159\u016f prosadil:<br \/>\n<a href=\"http:\/\/bydleni.idnes.cz\/demolice-domu-na-vaclavskem-namesti-a-podoba-noveho-vyvolavaji-vasne-1jf-\/architektura.aspx?c=A101201_103700_architektura_rez\" rel=\"nofollow nofollow\" target=\"_blank\">http:\/\/bydleni.idnes.cz\/<wbr>demolice-domu-na-vaclavskem<wbr>-namesti-a-podoba-noveho-v<wbr>yvolavaji-vasne-1jf-\/<wbr>architektura.aspx?c=A101201<wbr>_103700_architektura_rez<\/wbr><\/wbr><\/wbr><\/wbr><\/wbr><\/a><\/p>\n<p>Pane minist\u0159e. Denn\u011b \u010dteme o zlod\u011bjn\u00e1ch, o p\u0159esunech gigantick\u00fdch \u010d\u00e1stek ze st\u00e1tn\u00edho rozpo\u010dtu do kapes pr\u00fd jak\u00fdchsi kmotr\u016f. (V na\u0161ich podm\u00ednk\u00e1ch sp\u00ed\u0161e ale strejc\u016f). Co proti t\u011bmto mocn\u00fdm lidem my oby\u010dejn\u00ed lid\u00e9 zm\u016f\u017eeme? Nic.<br \/>\nCo v\u0161ak, pane minist\u0159e, jist\u011b nep\u0159ipust\u00edme, je takto stupidn\u00ed a nen\u00e1vratn\u00e9 ni\u010den\u00ed kulturn\u00edho d\u011bdictv\u00ed. Ve prosp\u011bch jak\u00e9si nev\u00fdznamn\u00e9 skupiny. Asi developer\u016f.<br \/>\nPane minist\u0159e, \u017e\u00e1d\u00e1me V\u00e1s, nechte \u0159\u00edzen\u00ed o vyhl\u00e1\u0161en\u00ed kulturn\u00ed pam\u00e1tkou dob\u011bhnout!<br \/>\nNezasahujte ve prosp\u011bch obchodn\u00edho centra! Jinak budeme nuceni organizovat \u0161\u0148\u016fry protest\u016f. Proti tomuto pl\u00e1nu na trval\u00e9 po\u0161kozen\u00ed Prahy i \u010cR se v\u0161\u00ed silou postav\u00edme!<\/p>\n<p>Pane minist\u0159e. V\u017edycky jste prohla\u0161oval, \u017ee Va\u0161e velk\u00e1 p\u0159ednost je pragmatismus, schopnost pod\u00edvat se na probl\u00e9m v\u011bcn\u011b.<br \/>\nZkuste se tedy zamyslet: Co asi tak zbyde n\u00e1rodu, kdy\u017e mu zbour\u00e1te pam\u00e1tky gotick\u00e9 architektury?<br \/>\nAle ano, jist\u011b. \u017divot si cestu najde&#8230;<br \/>\nTak t\u0159eba: Lid\u00e9 si o to v\u00edce budou p\u0159ipom\u00ednat gotick\u00e9 pam\u00e1tky liter\u00e1rn\u00ed, tj. pam\u00e1tky developery nezbourateln\u00e9. \ud83d\ude42<br \/>\nTak nap\u0159. jeden slavn\u00fd text, shodou okolnost\u00ed zhruba stejn\u011b star\u00fd jako gotick\u00e9 sklepy, kter\u00e9 n\u00e1m chce developer bourat. \ud83d\ude42<br \/>\nTak si p\u0159ipome\u0148me, co si tenkr\u00e1t pra\u017ean\u00e9 zp\u00edvali a komu a jak to cel\u00e9 dopadlo.<\/p>\n<p>KTO\u017d JS\u00da BO\u017d\u00cd BOJOVN\u00cdCI (po\u010d. 20. let 15. stol.)<\/p>\n<p>Kto\u017e js\u00fa bo\u017e\u00ed bojovn\u00edci<br \/>\na z\u00e1kona jeho,<\/p>\n<p>&#8230;<\/p>\n<p>Vy pakosti a drabanti,<br \/>\nna du\u0161e pomn\u011bte,<br \/>\npro lakomstvie a l\u00fape\u017ee<br \/>\n\u017eivot\u00f3v netra\u0165te<br \/>\na na ko\u0159istech se nezastavujte!<\/p>\n<p>Heslo v\u0161ichni pamatujte,<br \/>\nkter\u00e9\u017e v\u00e1m vyd\u00e1no,<br \/>\nsv\u00fdch hauptman\u00f3v pozorujte,<br \/>\nretuj druh druh\u00e9ho,<br \/>\nhledi\u017e a dr\u017e se ka\u017ed\u00fd \u0161iku sv\u00e9ho!<\/p>\n<p>&#8230;<\/p>\n<p>Dal\u0161\u00ed informace ze sd\u011blovac\u00edch prost\u0159edk\u016f ke kauze:<br \/>\n<a href=\"http:\/\/www.facebook.com\/l.php?u=http%3A%2F%2Fwww.ceskatelevize.cz%2Fct24%2Fkultura%2F131313-besser-se-pre-s-pamatkari-o-goticke-sklepy%2F&amp;h=AAQF0oJ7J&amp;s=1\" rel=\"nofollow nofollow\" target=\"_blank\">http:\/\/<wbr>www.ceskatelevize.cz\/ct24\/<wbr>kultura\/<wbr>131313-besser-se-pre-s-pama<wbr>tkari-o-goticke-sklepy\/<\/wbr><\/wbr><\/wbr><\/wbr><\/a><br \/>\n<a href=\"http:\/\/www.facebook.com\/l.php?u=http%3A%2F%2Fwww.novinky.cz%2Fkultura%2F240366-vybagrovane-goticke-sklepy-uz-nikdo-praze-nevrati.html&amp;h=NAQEXPNI1&amp;s=1\" rel=\"nofollow nofollow\" target=\"_blank\">http:\/\/www.novinky.cz\/<wbr>kultura\/<wbr>240366-vybagrovane-goticke-<wbr>sklepy-uz-nikdo-praze-nevr<wbr>ati.html<\/wbr><\/wbr><\/wbr><\/wbr><\/a><br \/>\n<a href=\"http:\/\/www.facebook.com\/l.php?u=http%3A%2F%2Fpraha.idnes.cz%2Fgoticke-sklepy-ve-spalene-zatim-chraneny-nebudou-rozhodl-ministr-p9h-%2Fpraha-zpravy.aspx%3Fc%3DA110726_154017_praha-zpravy_ab&amp;h=bAQHyMlp_&amp;s=1\" rel=\"nofollow nofollow\" target=\"_blank\">http:\/\/praha.idnes.cz\/<wbr>goticke-sklepy-ve-spalene-z<wbr>atim-chraneny-nebudou-rozh<wbr>odl-ministr-p9h-\/<wbr>praha-zpravy.aspx?c=A110726<wbr>_154017_praha-zpravy_ab<\/wbr><\/wbr><\/wbr><\/wbr><\/wbr><\/a><\/p>\n<p>Demonstrace je \u0159\u00e1dn\u011b nahl\u00e1\u0161ena.<br \/>\nOrganiz\u00e1torem demonstrace je ob\u010dansk\u00e9 sdru\u017een\u00ed Ob\u010dansk\u00fd monitoring RING.<br \/>\nPodporu ud\u00e1losti vyj\u00e1d\u0159ila \u010cesk\u00e1 pir\u00e1tsk\u00e1 strana.<br \/>\nTerm\u00edn 16.10.2011 jsme zvolili z\u00e1m\u011brn\u011b, nebo\u0165 16.10. je mezin\u00e1rodn\u00ed den p\u00e1te\u0159e. \ud83d\ude42 K\u00e9\u017e pan ministr kultury zm\u011bn\u00ed na mezin\u00e1rodn\u00ed den p\u00e1te\u0159e sv\u00e9 rozhodnut\u00ed!<\/p>\n<\/div>\n<div><\/div>\n<div><strong>Odezvy<\/strong><\/div>\n<div><a href=\"http:\/\/www.piratskenoviny.cz\/?c_id=33400\">Pir\u00e1tsk\u00e9 noviny<br \/>\n<\/a><\/div>\n<div data-counters='1' data-style='square' data-size='regular' data-url='https:\/\/obcanskymonitoring.cz\/?p=120' data-title='Protest proti rozhodnut\u00ed ministra kultury v kauze gotick\u00e9 sklepy' class='linksalpha_container linksalpha_app_3'><a href='\/\/www.linksalpha.com\/share?network='facebook' class='linksalpha_icon_facebook'><\/a><a href='\/\/www.linksalpha.com\/share?network='twitter' class='linksalpha_icon_twitter'><\/a><a href='\/\/www.linksalpha.com\/share?network='googleplus' class='linksalpha_icon_googleplus'><\/a><a href='\/\/www.linksalpha.com\/share?network='mail' class='linksalpha_icon_mail'><\/a><\/div><div data-position='' data-url='https:\/\/obcanskymonitoring.cz\/?p=120' data-title='Protest proti rozhodnut\u00ed ministra kultury v kauze gotick\u00e9 sklepy' class='linksalpha_container linksalpha_app_7'><a href='\/\/www.linksalpha.com\/share?network='facebook' class='linksalpha_icon_facebook'><\/a><a href='\/\/www.linksalpha.com\/share?network='twitter' class='linksalpha_icon_twitter'><\/a><a href='\/\/www.linksalpha.com\/share?network='googleplus' class='linksalpha_icon_googleplus'><\/a><a href='\/\/www.linksalpha.com\/share?network='mail' class='linksalpha_icon_mail'><\/a><\/div>","protected":false},"excerpt":{"rendered":"<p>&nbsp;761&nbsp;total views Ve sporu gotick\u00e9 sklepy x obchodn\u00ed centrum podpo\u0159il ministr kultury Ji\u0159\u00ed Besser (TOP09) obchodn\u00ed centrum. Pova\u017eujeme to za nehor\u00e1zn\u00e9. Protestujeme! Pokud V\u00e1m nen\u00ed \u00fapln\u011b lhostejn\u00fd osud nejvz\u00e1cn\u011bj\u0161\u00edch historick\u00fdch pam\u00e1tek Prahy, p\u0159idejte se!<\/p>\n","protected":false},"author":2,"featured_media":121,"comment_status":"open","ping_status":"open","sticky":false,"template":"","format":"standard","meta":[],"categories":[10],"tags":[],"_links":{"self":[{"href":"https:\/\/obcanskymonitoring.cz\/index.php?rest_route=\/wp\/v2\/posts\/120"}],"collection":[{"href":"https:\/\/obcanskymonitoring.cz\/index.php?rest_route=\/wp\/v2\/posts"}],"about":[{"href":"https:\/\/obcanskymonitoring.cz\/index.php?rest_route=\/wp\/v2\/types\/post"}],"author":[{"embeddable":true,"href":"https:\/\/obcanskymonitoring.cz\/index.php?rest_route=\/wp\/v2\/users\/2"}],"replies":[{"embeddable":true,"href":"https:\/\/obcanskymonitoring.cz\/index.php?rest_route=%2Fwp%2Fv2%2Fcomments&post=120"}],"version-history":[{"count":0,"href":"https:\/\/obcanskymonitoring.cz\/index.php?rest_route=\/wp\/v2\/posts\/120\/revisions"}],"wp:featuredmedia":[{"embeddable":true,"href":"https:\/\/obcanskymonitoring.cz\/index.php?rest_route=\/wp\/v2\/media\/121"}],"wp:attachment":[{"href":"https:\/\/obcanskymonitoring.cz\/index.php?rest_route=%2Fwp%2Fv2%2Fmedia&parent=120"}],"wp:term":[{"taxonomy":"category","embeddable":true,"href":"https:\/\/obcanskymonitoring.cz\/index.php?rest_route=%2Fwp%2Fv2%2Fcategories&post=120"},{"taxonomy":"post_tag","embeddable":true,"href":"https:\/\/obcanskymonitoring.cz\/index.php?rest_route=%2Fwp%2Fv2%2Ftags&post=120"}],"curies":[{"name":"wp","href":"https:\/\/api.w.org\/{rel}","templated":true}]}}