{"id":124,"date":"2012-11-04T10:41:20","date_gmt":"2012-11-04T10:41:20","guid":{"rendered":"http:\/\/obcanskymonitoring.cz\/?p=124"},"modified":"2012-11-11T13:41:27","modified_gmt":"2012-11-11T13:41:27","slug":"ostravske-laguny-smradlava-ostuda-protestujeme","status":"publish","type":"post","link":"https:\/\/obcanskymonitoring.cz\/?p=124","title":{"rendered":"Ostravsk\u00e9 laguny!!! Smradlav\u00e1 ostuda!!! PROTESTUJEME!!!"},"content":{"rendered":"<div class=\"pvc_clear\"><\/div>\n<p class=\"pvc_stats total_only \" data-element-id=\"124\" style=\"\"><i class=\"pvc-stats-icon medium\" aria-hidden=\"true\"><svg xmlns=\"http:\/\/www.w3.org\/2000\/svg\" version=\"1.0\" viewBox=\"0 0 502 315\" preserveAspectRatio=\"xMidYMid meet\"><g transform=\"translate(0,332) scale(0.1,-0.1)\" fill=\"\" stroke=\"none\"><path d=\"M2394 3279 l-29 -30 -3 -207 c-2 -182 0 -211 15 -242 39 -76 157 -76 196 0 15 31 17 60 15 243 l-3 209 -33 29 c-26 23 -41 29 -80 29 -41 0 -53 -5 -78 -31z\"\/><path d=\"M3085 3251 c-45 -19 -58 -50 -96 -229 -47 -217 -49 -260 -13 -295 52 -53 146 -42 177 20 16 31 87 366 87 410 0 70 -86 122 -155 94z\"\/><path d=\"M1751 3234 c-13 -9 -29 -31 -37 -50 -12 -29 -10 -49 21 -204 19 -94 39 -189 45 -210 14 -50 54 -80 110 -80 34 0 48 6 76 34 21 21 34 44 34 59 0 14 -18 113 -40 219 -37 178 -43 195 -70 221 -36 32 -101 37 -139 11z\"\/><path d=\"M1163 3073 c-36 -7 -73 -59 -73 -102 0 -56 133 -378 171 -413 34 -32 83 -37 129 -13 70 36 67 87 -16 290 -86 209 -89 214 -129 231 -35 14 -42 15 -82 7z\"\/><path d=\"M3689 3066 c-15 -9 -33 -30 -42 -48 -48 -103 -147 -355 -147 -375 0 -98 131 -148 192 -74 13 15 57 108 97 206 80 196 84 226 37 273 -30 30 -99 39 -137 18z\"\/><path d=\"M583 2784 c-38 -19 -67 -74 -58 -113 9 -42 211 -354 242 -373 16 -10 45 -18 66 -18 51 0 107 52 107 100 0 39 -1 41 -124 234 -80 126 -108 162 -133 173 -41 17 -61 16 -100 -3z\"\/><path d=\"M4250 2784 c-14 -9 -74 -91 -133 -183 -95 -150 -107 -173 -107 -213 0 -55 33 -94 87 -104 67 -13 90 8 211 198 130 202 137 225 78 284 -27 27 -42 34 -72 34 -22 0 -50 -8 -64 -16z\"\/><path d=\"M2275 2693 c-553 -48 -1095 -270 -1585 -649 -135 -104 -459 -423 -483 -476 -23 -49 -22 -139 2 -186 73 -142 361 -457 571 -626 285 -228 642 -407 990 -497 242 -63 336 -73 660 -74 310 0 370 5 595 52 535 111 1045 392 1455 803 122 121 250 273 275 326 19 41 19 137 0 174 -41 79 -309 363 -465 492 -447 370 -946 591 -1479 653 -113 14 -422 18 -536 8z m395 -428 c171 -34 330 -124 456 -258 112 -119 167 -219 211 -378 27 -96 24 -300 -5 -401 -72 -255 -236 -447 -474 -557 -132 -62 -201 -76 -368 -76 -167 0 -236 14 -368 76 -213 98 -373 271 -451 485 -162 444 86 934 547 1084 153 49 292 57 452 25z m909 -232 c222 -123 408 -262 593 -441 76 -74 138 -139 138 -144 0 -16 -233 -242 -330 -319 -155 -123 -309 -223 -461 -299 l-81 -41 32 46 c18 26 49 83 70 128 143 306 141 649 -6 957 -25 52 -61 116 -79 142 l-34 47 45 -20 c26 -10 76 -36 113 -56z m-2057 25 c-40 -58 -105 -190 -130 -263 -110 -324 -59 -707 132 -981 25 -35 42 -64 37 -64 -19 0 -241 119 -326 174 -188 122 -406 314 -532 468 l-58 71 108 103 c185 178 428 349 672 473 66 33 121 60 123 61 2 0 -10 -19 -26 -42z\"\/><path d=\"M2375 1950 c-198 -44 -350 -190 -395 -379 -18 -76 -8 -221 19 -290 114 -284 457 -406 731 -260 98 52 188 154 231 260 27 69 37 214 19 290 -38 163 -166 304 -326 360 -67 23 -215 33 -279 19z\"\/><\/g><\/svg><\/i> &nbsp;1,072&nbsp;total views<\/p>\n<div class=\"pvc_clear\"><\/div>\n<p>29. \u0159\u00edjen 2011<br \/>\nod 18:00 do 20:00<\/p>\n<p>P\u0159ed budovou Ministerstva \u017eivotn\u00edho prost\u0159ed\u00ed, Vr\u0161ovick\u00e1 1442\/65<\/p>\n<p><a href=\"http:\/\/aktualne.centrum.cz\/domaci\/fotogalerie\/2011\/10\/14\/tisice-tun-toxickeho-odpadu-denne-krizuje-ceskem\/foto\/415452\/\">Fotogalerie ostravsk\u00fdch lagun<\/a>:<br \/>\nV\u0161imn\u011bte si zejm\u00e9na fotky \u010d. 6 &#8211; ukazuje, \u017ee v bezprost\u0159edn\u00ed bl\u00edzkosti nebezpe\u010dn\u00e9ho odpadu je hust\u011b obydlen\u00e9 s\u00eddli\u0161t\u011b. Kousek d\u00e1l je Kaufland i jedna z ostravsk\u00fdch p\u00e1te\u0159n\u00edch komunikac\u00ed Mari\u00e1nskohorsk\u00e1.<\/p>\n<p>&nbsp;<\/p>\n<div id=\"attachment_125\" style=\"width: 207px\" class=\"wp-caption alignnone\"><a href=\"http:\/\/obcanskymonitoring.cz\/wp-content\/uploads\/2012\/11\/ostrava.jpg\"><img aria-describedby=\"caption-attachment-125\" loading=\"lazy\" class=\"size-full wp-image-125\" title=\"Protest proti postupu st\u00e1tu ve v\u011bci likvidaci ostravsk\u00fdch lagun\" src=\"http:\/\/obcanskymonitoring.cz\/wp-content\/uploads\/2012\/11\/ostrava.jpg\" alt=\"Protest proti postupu st\u00e1tu ve v\u011bci likvidaci ostravsk\u00fdch lagun\" width=\"197\" height=\"135\" \/><\/a><p id=\"caption-attachment-125\" class=\"wp-caption-text\">Protest proti postupu st\u00e1tu ve v\u011bci likvidaci ostravsk\u00fdch lagun<\/p><\/div>\n<p>&nbsp;<\/p>\n<p><!--more--><\/p>\n<p>Ekologick\u00e1 katastrofa je doslova v centru m\u011bsta, nikoliv na periferii. Laguny obsahuj\u00ed dle odhad\u016f 270.000 t nebezpe\u010dn\u00e9ho odpadu, kter\u00fd krom\u011b v\u00fdbu\u0161nosti m\u00e1 snad v\u0161echny typy rizik. Jedn\u00e1 se o ekologickou katastrofu, kter\u00e1 nem\u00e1 sv\u00fdm rozsahem v \u010cR obdobu. Z rozsahu je zcela z\u0159ejm\u00e9, \u017ee tento probl\u00e9m nem\u016f\u017ee b\u00fdt \u0159e\u0161en na \u00farovni Ostravy.<br \/>\nLaguny jsou poz\u016fstatkem komunistick\u00fdch vl\u00e1d, ale o\u010d jsou nov\u00e9 vl\u00e1dy v tomto ohledu lep\u0161\u00ed? Jak se osv\u011bd\u010dily? Od listopadu 1989 \u017e\u00e1dn\u00e1 vl\u00e1da nebyla ochotna tento probl\u00e9m vy\u0159e\u0161it. St\u00e1tn\u00ed spr\u00e1va na toto \u201et\u00e9ma\u201c utr\u00e1c\u00ed miliardy, jednotliv\u00e9 org\u00e1ny st\u00e1tn\u00ed spr\u00e1vy na sebe pos\u00edlaj\u00ed st\u00ed\u017enosti a trestn\u00ed ozn\u00e1men\u00ed, ve velkolep\u00e9m festivalu alibismu &#8211; a laguny st\u00e1le z\u016fst\u00e1vaj\u00ed na sv\u00e9m m\u00edst\u011b. P\u0159i pr\u00e1ci na lagun\u00e1ch doch\u00e1z\u00ed k poru\u0161ov\u00e1n\u00ed p\u0159edpis\u016f, co\u017e zp\u016fsobuje lok\u00e1ln\u00ed ekologick\u00e9 hav\u00e1rie a \u010din\u00ed u\u017e i tak obt\u00ed\u017en\u00fd \u017eivot na Ostravsku nesnesiteln\u00fdm.<br \/>\nZa odstra\u0148ov\u00e1n\u00ed t\u00e9to ekologick\u00e9 katastrofy je zodpov\u011bdn\u00e9 ob\u010dansk\u00e9 sdru\u017een\u00ed (sic!) \u201e\u010cist\u00e1 Ostrava\u201c (co je to za orwelovsk\u00fd newspeak?). Kdo skute\u010dn\u011b stoj\u00ed za t\u00edmto \u201eob\u010dansk\u00fdm\u201c sdru\u017een\u00edm? \u2013 Korporace! A pro\u010d se vlastn\u011b firmy sdru\u017euj\u00ed takto pr\u00e1vn\u011b absurdn\u011b na z\u00e1klad\u011b pr\u00e1va shroma\u017e\u010fovac\u00edho, kter\u00e9 m\u00e1 smysl pouze pro fyzick\u00e9 osoby? Jak se mohou korporace sdru\u017eovat do ob\u010dansk\u00e9ho sdru\u017een\u00ed?<br \/>\nJe d\u016fvodem tohoto pr\u00e1vn\u00edho ko\u010dkopsa skute\u010dnost, \u017ee ob\u010dansk\u00e1 sdru\u017een\u00ed nemus\u00ed ze z\u00e1kona pod\u00e1vat v\u00fdro\u010dn\u00ed zpr\u00e1vy? (A nezve\u0159ej\u0148uj\u00ed je, \u010deho\u017e \u201e\u010cist\u00e1\u201c Ostrava vyu\u017e\u00edv\u00e1: viz http:\/\/www.cistaostrava.cz\/) Nebo je d\u016fvodem, \u017ee pen\u00edze, kter\u00e9 projdou t\u00edmto zp\u016fsobem nejsou dohledateln\u00e9? \u017de neziskovky nemus\u00ed b\u00fdt ziskov\u00e9 a jsou tedy ide\u00e1ln\u00edm \u00falo\u017ei\u0161t\u011bm pro st\u00e1tn\u00ed pen\u00edze? Nebo je d\u016fvodem, \u017ee ob\u010dansk\u00e1 sdru\u017een\u00ed maj\u00ed omezen\u00e9 mo\u017enosti ru\u010den\u00ed za \u201ep\u0159\u00edpadn\u00e9\u201c \u0161kody? Nebo \u201ep\u0159\u00edpadn\u011b\u201c neuhrazen\u00e9 pohled\u00e1vky?<br \/>\nFaktem je, \u017ee do \u201eob\u010dansk\u00e9ho\u201c sdru\u017een\u00ed \u010cist\u00e1 Ostrava proud\u00ed miliardy st\u00e1tn\u00edch pen\u011bz, kde v\u0161ak tyto pen\u00edze miz\u00ed, kdy\u017e ob\u010dansk\u00e9 sdru\u017een\u00ed dle informac\u00ed z tisku sv\u00fdm dodavatel\u016fm dlu\u017e\u00ed ji\u017e 200 milion\u016f K\u010d?<br \/>\n<a href=\"http:\/\/ostrava.idnes.cz\/firmy-hrozi-zalobami-kvuli-likvidaci-ostravskych-ropnych-lagun-pxc-\/ostrava-zpravy.aspx?c=A110716_1619745_ostrava-zpravy_sotCo\"> http:\/\/ostrava.idnes.cz\/firmy-hrozi-zalobami-kvuli-likvidaci-ostravskych-ropnych-lagun-pxc-\/ostrava-zpravy.aspx?c=A110716_1619745_ostrava-zpravy_sotCo<\/a> mysl\u00edte, nechaj\u00ed si to firmy l\u00edbit? Mysl\u00edte, \u017ee nepodaj\u00ed arbitr\u00e1\u017e? A kdo mysl\u00edte, \u017ee tyto pen\u00edze zaplat\u00ed? Kdo asi? Kdo to v\u017edycky nakonec zaplat\u00ed?<\/p>\n<p>P\u0159ipome\u0148me, \u017ee nejnov\u011bji hroz\u00ed ob\u010dansk\u00e9mu sdru\u017een\u00ed \u010cist\u00e1 Ostrava milionov\u00e9 \u0161kody za zamo\u0159en\u00ed m\u011bsta siln\u011b zap\u00e1chaj\u00edc\u00edmi jedovat\u00fdmi plyny:<br \/>\n<a href=\"http:\/\/zpravy.ihned.cz\/c1-53102100-sdruzeni-cista-ostrava-hrozi-az-sedmimilionova-pokuta-kvuli-zamoreni-mesta\"> http:\/\/zpravy.ihned.cz\/c1-53102100-sdruzeni-cista-ostrava-hrozi-az-sedmimilionova-pokuta-kvuli-zamoreni-mesta<\/a><\/p>\n<p>A zde se dokonce poda\u0159ilo mrak zachytit na fotografii:<br \/>\n<a href=\"http:\/\/m.denik.cz\/mobile\/denik\/clanek\/1333977\"> http:\/\/m.denik.cz\/mobile\/denik\/clanek\/1333977<\/a><\/p>\n<p>Ale p\u0159ece jen je n\u011bjak\u00fd &#8220;pokrok&#8221; \u2013 kdy\u017e tak sledujeme nejnov\u011bj\u0161\u00ed d\u011bn\u00ed, mo\u017en\u00e1 bude arbitr\u00e1\u017e s Polskem&#8230; Na praktiky sdru\u017een\u00ed \u201e\u010cist\u00e1 Ostrava\u201c si opakovan\u011b st\u011b\u017eovala tak\u00e9 d\u00e1nsk\u00e1 ambas\u00e1da:<br \/>\n<a href=\"http:\/\/www.ceskapozice.cz\/tag\/cista-ostrava\"> http:\/\/www.ceskapozice.cz\/tag\/cista-ostrava<\/a><\/p>\n<p>Tak\u017ee v\u00fdsledkem utracen\u00fdch miliard je mezin\u00e1rodn\u00ed skand\u00e1l. A laguny jsou st\u00e1le na sv\u00e9m m\u00edst\u011b.<\/p>\n<p>A o\u010dividn\u011b st\u00e1t m\u00edn\u00ed t\u00edmto zp\u016fsobem pokra\u010dovat d\u00e1le. T\u00e9m\u011b\u0159 denn\u011b se do\u010d\u00edt\u00e1me v tisku o pokusech znovu a znovu na tomto probl\u00e9mu \u201evyt\u0159\u00edskat\u201c n\u011bjak\u00fd dal\u0161\u00ed \u201ebusiness case\u201c, postavit probl\u00e9m tak, aby bylo mo\u017en\u00e9 uvolnit dal\u0161\u00ed a dal\u0161\u00ed a dal\u0161\u00ed a dal\u0161\u00ed pen\u00edze.<br \/>\n<a href=\"http:\/\/zpravy.idnes.cz\/trable-s-tezbou-lagun-budou-asi-delsi-firma-zada-vice-casu-a-penez-pxu-\/domaci.aspx?c=A111015_055746_ostrava-zpravy_jog\"> http:\/\/zpravy.idnes.cz\/trable-s-tezbou-lagun-budou-asi-delsi-firma-zada-vice-casu-a-penez-pxu-\/domaci.aspx?c=A111015_055746_ostrava-zpravy_jog<\/a><\/p>\n<p>Jak je mo\u017en\u00e9, \u017ee st\u00e1t nev\u00ed ani z\u00e1kladn\u00ed v\u011bc: Kolik nebezpe\u010dn\u00e9ho odpadu vlastn\u011b v lagun\u00e1ch m\u00e1? Jak mohlo b\u00fdt v\u016fbec zad\u00e1no v\u00fdb\u011brov\u00e9 \u0159\u00edzen\u00ed, kdy\u017e nen\u00ed zn\u00e1m rozsah? Mohlo b\u00fdt zad\u00e1no v souladu se z\u00e1konem?<\/p>\n<p>Ministerstvo \u017eivotn\u00edho prost\u0159ed\u00ed! Vyz\u00fdv\u00e1me V\u00e1s k zodpov\u011bdnosti a k pr\u00e1ci na t\u00e9to v\u016fbec nejv\u011bt\u0161\u00ed sou\u010dasn\u00e9 ekologick\u00e9 katastrof\u011b v \u010cR!<br \/>\nVyz\u00fdv\u00e1me m\u00edstn\u00ed samospr\u00e1vu st\u00e1tn\u00ed spr\u00e1vu v\u0161ech \u00farovn\u00ed ke kooperativn\u00edmu p\u0159\u00edstupu a k pr\u00e1ci na vy\u0159e\u0161en\u00ed tohoto probl\u00e9mu!<br \/>\nP\u0159ipom\u00edn\u00e1me politik\u016fm i \u00fa\u0159edn\u00edk\u016fm, \u017ee jsou placeni ob\u010dany t\u00e9to zem\u011b za pr\u00e1ci ve prosp\u011bch, nikoliv v neprosp\u011bch ob\u010dan\u016f t\u00e9to zem\u011b!<\/p>\n<p>Nejde jen o pen\u00edze da\u0148ov\u00fdch poplatn\u00edk\u016f, nejde jen o \u017eivotn\u00edho prost\u0159ed\u00ed, jde v prav\u00e9m slova smyslu o \u017eivot. Pochopiteln\u011b nejcitliv\u011bj\u0161\u00ed na zamo\u0159en\u00ed reaguj\u00ed d\u011bti, z nich nejcitliv\u011bji ty dosud nenarozen\u00e9. Tento \u010dl\u00e1nek upozor\u0148uje na d\u016fsledek: narozen\u00ed znetvo\u0159en\u00fdch d\u011bt\u00ed.<br \/>\n<a href=\"http:\/\/neviditelnypes.lidovky.cz\/samanovo-doupe-chemicky-utok-z-lagun-ostrama-fnj-\/p_doupe.asp?c=A110830_223216_p_doupe_wag\"> http:\/\/neviditelnypes.lidovky.cz\/samanovo-doupe-chemicky-utok-z-lagun-ostrama-fnj-\/p_doupe.asp?c=A110830_223216_p_doupe_wag<\/a><\/p>\n<p>Krom\u011b politik\u016f a \u00fa\u0159edn\u00edk\u016f, vyz\u00fdv\u00e1me tak\u00e9 v\u0161elijak\u00e9 \u0161\u00edbry a kmotry, jak si ti strejcov\u00e9, nepoctiv\u011b \u017eij\u00edc\u00ed z ve\u0159ejn\u00fdch pen\u011bz, honosn\u011b sami sob\u011b \u0159\u00edkaj\u00ed: najd\u011bte si u\u017e kone\u010dn\u011b jinou hra\u010dku! Tento probl\u00e9m bude nyn\u00ed pe\u010dliv\u011b sledov\u00e1n, u\u017e mus\u00ed b\u00fdt kone\u010dn\u011b vy\u0159e\u0161en!<\/p>\n<p>Ob\u010dan\u00e9 ji\u017e ztratili ve\u0161kerou trp\u011blivost. Nyn\u00ed budeme velmi pozorn\u011b cel\u00fd p\u0159\u00edpad monitorovat a ve\u0161ker\u00e9 skand\u00e1ly budeme zve\u0159ej\u0148ovat. \u00danosn\u00e1 m\u00edra byla dosa\u017eena!!!<br \/>\nVyz\u00fdv\u00e1me st\u00e1tn\u00ed spr\u00e1vu: U\u017e \u017e\u00e1dn\u00e9 pen\u00edze do tohoto tunelu!!! Financujte jen skute\u010dn\u00e9 pr\u00e1ce vedouc\u00ed k odstran\u011bn\u00ed lagun!!! Tento probl\u00e9m mus\u00ed b\u00fdt u\u017e kone\u010dn\u011b \u0159e\u0161en a vy\u0159e\u0161en!!!<br \/>\nOdezvy<br \/>\nParlamentn\u00ed listy<br \/>\nV\u0161imn\u011bte si zejm\u00e9na fotky \u010d. 6 &#8211; ukazuje, \u017ee v bezprost\u0159edn\u00ed bl\u00edzkosti nebezpe\u010dn\u00e9ho odpadu je hust\u011b obydlen\u00e9 s\u00eddli\u0161t\u011b. Kousek d\u00e1l je Kaufland i jedna z ostravsk\u00fdch p\u00e1te\u0159n\u00edch komunikac\u00ed Mari\u00e1nskohorsk\u00e1. Ekologick\u00e1 katastrofa je doslova v centru m\u011bsta, nikoliv na periferii. Laguny obsahuj\u00ed dle odhad\u016f 270.000 t nebezpe\u010dn\u00e9ho odpadu, kter\u00fd krom\u011b v\u00fdbu\u0161nosti m\u00e1 snad v\u0161echny typy rizik. Jedn\u00e1 se o ekologickou katastrofu, kter\u00e1 nem\u00e1 sv\u00fdm rozsahem v \u010cR obdobu. Z rozsahu je zcela z\u0159ejm\u00e9, \u017ee tento probl\u00e9m nem\u016f\u017ee b\u00fdt \u0159e\u0161en na \u00farovni Ostravy.<br \/>\nLaguny jsou poz\u016fstatkem komunistick\u00fdch vl\u00e1d, ale o\u010d jsou nov\u00e9 vl\u00e1dy v tomto ohledu lep\u0161\u00ed? Jak se osv\u011bd\u010dily? Od listopadu 1989 \u017e\u00e1dn\u00e1 vl\u00e1da nebyla ochotna tento probl\u00e9m vy\u0159e\u0161it. St\u00e1tn\u00ed spr\u00e1va na toto \u201et\u00e9ma\u201c utr\u00e1c\u00ed miliardy, jednotliv\u00e9 org\u00e1ny st\u00e1tn\u00ed spr\u00e1vy na sebe pos\u00edlaj\u00ed st\u00ed\u017enosti a trestn\u00ed ozn\u00e1men\u00ed, ve velkolep\u00e9m festivalu alibismu &#8211; a laguny st\u00e1le z\u016fst\u00e1vaj\u00ed na sv\u00e9m m\u00edst\u011b. P\u0159i pr\u00e1ci na lagun\u00e1ch doch\u00e1z\u00ed k poru\u0161ov\u00e1n\u00ed p\u0159edpis\u016f, co\u017e zp\u016fsobuje lok\u00e1ln\u00ed ekologick\u00e9 hav\u00e1rie a \u010din\u00ed u\u017e i tak obt\u00ed\u017en\u00fd \u017eivot na Ostravsku nesnesiteln\u00fdm.<br \/>\nZa odstra\u0148ov\u00e1n\u00ed t\u00e9to ekologick\u00e9 katastrofy je zodpov\u011bdn\u00e9 ob\u010dansk\u00e9 sdru\u017een\u00ed (sic!) \u201e\u010cist\u00e1 Ostrava\u201c (co je to za orwelovsk\u00fd newspeak?). Kdo skute\u010dn\u011b stoj\u00ed za t\u00edmto \u201eob\u010dansk\u00fdm\u201c sdru\u017een\u00edm? \u2013 Korporace! A pro\u010d se vlastn\u011b firmy sdru\u017euj\u00ed takto pr\u00e1vn\u011b absurdn\u011b na z\u00e1klad\u011b pr\u00e1va shroma\u017e\u010fovac\u00edho, kter\u00e9 m\u00e1 smysl pouze pro fyzick\u00e9 osoby? Jak se mohou korporace sdru\u017eovat do ob\u010dansk\u00e9ho sdru\u017een\u00ed?<br \/>\nJe d\u016fvodem tohoto pr\u00e1vn\u00edho ko\u010dkopsa skute\u010dnost, \u017ee ob\u010dansk\u00e1 sdru\u017een\u00ed nemus\u00ed ze z\u00e1kona pod\u00e1vat v\u00fdro\u010dn\u00ed zpr\u00e1vy? (A nezve\u0159ej\u0148uj\u00ed je, \u010deho\u017e \u201e\u010cist\u00e1\u201c Ostrava vyu\u017e\u00edv\u00e1: viz <a href=\"http:\/\/www.cistaostrava.cz\/\">http:\/\/www.cistaostrava.cz\/<\/a>) Nebo je d\u016fvodem, \u017ee pen\u00edze, kter\u00e9 projdou t\u00edmto zp\u016fsobem nejsou dohledateln\u00e9? \u017de neziskovky nemus\u00ed b\u00fdt ziskov\u00e9 a jsou tedy ide\u00e1ln\u00edm \u00falo\u017ei\u0161t\u011bm pro st\u00e1tn\u00ed pen\u00edze? Nebo je d\u016fvodem, \u017ee ob\u010dansk\u00e1 sdru\u017een\u00ed maj\u00ed omezen\u00e9 mo\u017enosti ru\u010den\u00ed za \u201ep\u0159\u00edpadn\u00e9\u201c \u0161kody? Nebo \u201ep\u0159\u00edpadn\u011b\u201c neuhrazen\u00e9 pohled\u00e1vky?<br \/>\nFaktem je, \u017ee do \u201eob\u010dansk\u00e9ho\u201c sdru\u017een\u00ed \u010cist\u00e1 Ostrava proud\u00ed miliardy st\u00e1tn\u00edch pen\u011bz, kde v\u0161ak tyto pen\u00edze miz\u00ed, kdy\u017e ob\u010dansk\u00e9 sdru\u017een\u00ed dle informac\u00ed z tisku sv\u00fdm dodavatel\u016fm dlu\u017e\u00ed ji\u017e 200 milion\u016f K\u010d?<br \/>\n<a href=\"http:\/\/ostrava.idnes.cz\/firmy-hrozi-zalobami-kvuli-likvidaci-ostravskych-ropnych-lagun-pxc-\/ostrava-zpravy.aspx?c=A110716_1619745_ostrava-zpravy_sot\"> http:\/\/ostrava.idnes.cz\/firmy-hrozi-zalobami-kvuli-likvidaci-ostravskych-ropnych-lagun-pxc-\/ostrava-zpravy.aspx?c=A110716_1619745_ostrava-zpravy_sot<\/a><\/p>\n<p>Co mysl\u00edte, nechaj\u00ed si to firmy l\u00edbit? Mysl\u00edte, \u017ee nepodaj\u00ed arbitr\u00e1\u017e? A kdo mysl\u00edte, \u017ee tyto pen\u00edze zaplat\u00ed? Kdo asi? Kdo to v\u017edycky nakonec zaplat\u00ed?<\/p>\n<p>P\u0159ipome\u0148me, \u017ee nejnov\u011bji hroz\u00ed ob\u010dansk\u00e9mu sdru\u017een\u00ed \u010cist\u00e1 Ostrava milionov\u00e9 \u0161kody za zamo\u0159en\u00ed m\u011bsta siln\u011b zap\u00e1chaj\u00edc\u00edmi jedovat\u00fdmi plyny:<br \/>\n<a href=\"http:\/\/zpravy.ihned.cz\/c1-53102100-sdruzeni-cista-ostrava-hrozi-az-sedmimilionova-pokuta-kvuli-zamoreni-mesta\"> http:\/\/zpravy.ihned.cz\/c1-53102100-sdruzeni-cista-ostrava-hrozi-az-sedmimilionova-pokuta-kvuli-zamoreni-mesta<\/a><\/p>\n<p>A zde se dokonce poda\u0159ilo mrak zachytit na fotografii:<br \/>\n<a href=\"http:\/\/m.denik.cz\/mobile\/denik\/clanek\/1333977\"> http:\/\/m.denik.cz\/mobile\/denik\/clanek\/1333977<\/a><\/p>\n<p>Ale p\u0159ece jen je n\u011bjak\u00fd &#8220;pokrok&#8221; \u2013 kdy\u017e tak sledujeme nejnov\u011bj\u0161\u00ed d\u011bn\u00ed, mo\u017en\u00e1 bude arbitr\u00e1\u017e s Polskem&#8230; Na praktiky sdru\u017een\u00ed \u201e\u010cist\u00e1 Ostrava\u201c si opakovan\u011b st\u011b\u017eovala tak\u00e9 d\u00e1nsk\u00e1 ambas\u00e1da:<br \/>\n<a href=\"http:\/\/www.ceskapozice.cz\/tag\/cista-ostrava\"> http:\/\/www.ceskapozice.cz\/tag\/cista-ostrava<\/a><\/p>\n<p>Tak\u017ee v\u00fdsledkem utracen\u00fdch miliard je mezin\u00e1rodn\u00ed skand\u00e1l. A laguny jsou st\u00e1le na sv\u00e9m m\u00edst\u011b.<\/p>\n<p>A o\u010dividn\u011b st\u00e1t m\u00edn\u00ed t\u00edmto zp\u016fsobem pokra\u010dovat d\u00e1le. T\u00e9m\u011b\u0159 denn\u011b se do\u010d\u00edt\u00e1me v tisku o pokusech znovu a znovu na tomto probl\u00e9mu \u201evyt\u0159\u00edskat\u201c n\u011bjak\u00fd dal\u0161\u00ed \u201ebusiness case\u201c, postavit probl\u00e9m tak, aby bylo mo\u017en\u00e9 uvolnit dal\u0161\u00ed a dal\u0161\u00ed a dal\u0161\u00ed a dal\u0161\u00ed pen\u00edze.<br \/>\n<a href=\"http:\/\/zpravy.idnes.cz\/trable-s-tezbou-lagun-budou-asi-delsi-firma-zada-vice-casu-a-penez-pxu-\/domaci.aspx?c=A111015_055746_ostrava-zpravy_jog\"> http:\/\/zpravy.idnes.cz\/trable-s-tezbou-lagun-budou-asi-delsi-firma-zada-vice-casu-a-penez-pxu-\/domaci.aspx?c=A111015_055746_ostrava-zpravy_jog<\/a><\/p>\n<p>Jak je mo\u017en\u00e9, \u017ee st\u00e1t nev\u00ed ani z\u00e1kladn\u00ed v\u011bc: Kolik nebezpe\u010dn\u00e9ho odpadu vlastn\u011b v lagun\u00e1ch m\u00e1? Jak mohlo b\u00fdt v\u016fbec zad\u00e1no v\u00fdb\u011brov\u00e9 \u0159\u00edzen\u00ed, kdy\u017e nen\u00ed zn\u00e1m rozsah? Mohlo b\u00fdt zad\u00e1no v souladu se z\u00e1konem?<\/p>\n<p>Ministerstvo \u017eivotn\u00edho prost\u0159ed\u00ed! Vyz\u00fdv\u00e1me V\u00e1s k zodpov\u011bdnosti a k pr\u00e1ci na t\u00e9to v\u016fbec nejv\u011bt\u0161\u00ed sou\u010dasn\u00e9 ekologick\u00e9 katastrof\u011b v \u010cR!<br \/>\nVyz\u00fdv\u00e1me m\u00edstn\u00ed samospr\u00e1vu st\u00e1tn\u00ed spr\u00e1vu v\u0161ech \u00farovn\u00ed ke kooperativn\u00edmu p\u0159\u00edstupu a k pr\u00e1ci na vy\u0159e\u0161en\u00ed tohoto probl\u00e9mu!<br \/>\nP\u0159ipom\u00edn\u00e1me politik\u016fm i \u00fa\u0159edn\u00edk\u016fm, \u017ee jsou placeni ob\u010dany t\u00e9to zem\u011b za pr\u00e1ci ve prosp\u011bch, nikoliv v neprosp\u011bch ob\u010dan\u016f t\u00e9to zem\u011b!<\/p>\n<p>Nejde jen o pen\u00edze da\u0148ov\u00fdch poplatn\u00edk\u016f, nejde jen o \u017eivotn\u00edho prost\u0159ed\u00ed, jde v prav\u00e9m slova smyslu o \u017eivot. Pochopiteln\u011b nejcitliv\u011bj\u0161\u00ed na zamo\u0159en\u00ed reaguj\u00ed d\u011bti, z nich nejcitliv\u011bji ty dosud nenarozen\u00e9. Tento \u010dl\u00e1nek upozor\u0148uje na d\u016fsledek: narozen\u00ed znetvo\u0159en\u00fdch d\u011bt\u00ed.<br \/>\n<a href=\"http:\/\/neviditelnypes.lidovky.cz\/samanovo-doupe-chemicky-utok-z-lagun-ostrama-fnj-\/p_doupe.asp?c=A110830_223216_p_doupe_wag\"> http:\/\/neviditelnypes.lidovky.cz\/samanovo-doupe-chemicky-utok-z-lagun-ostrama-fnj-\/p_doupe.asp?c=A110830_223216_p_doupe_wag<\/a><\/p>\n<p>Krom\u011b politik\u016f a \u00fa\u0159edn\u00edk\u016f, vyz\u00fdv\u00e1me tak\u00e9 v\u0161elijak\u00e9 \u0161\u00edbry a kmotry, jak si ti strejcov\u00e9, nepoctiv\u011b \u017eij\u00edc\u00ed z ve\u0159ejn\u00fdch pen\u011bz, honosn\u011b sami sob\u011b \u0159\u00edkaj\u00ed: najd\u011bte si u\u017e kone\u010dn\u011b jinou hra\u010dku! Tento probl\u00e9m bude nyn\u00ed pe\u010dliv\u011b sledov\u00e1n, u\u017e mus\u00ed b\u00fdt kone\u010dn\u011b vy\u0159e\u0161en!<\/p>\n<p>Ob\u010dan\u00e9 ji\u017e ztratili ve\u0161kerou trp\u011blivost. Nyn\u00ed budeme velmi pozorn\u011b cel\u00fd p\u0159\u00edpad monitorovat a ve\u0161ker\u00e9 skand\u00e1ly budeme zve\u0159ej\u0148ovat. \u00danosn\u00e1 m\u00edra byla dosa\u017eena!!!<br \/>\nVyz\u00fdv\u00e1me st\u00e1tn\u00ed spr\u00e1vu: U\u017e \u017e\u00e1dn\u00e9 pen\u00edze do tohoto tunelu!!! Financujte jen skute\u010dn\u00e9 pr\u00e1ce vedouc\u00ed k odstran\u011bn\u00ed lagun!!! Tento probl\u00e9m mus\u00ed b\u00fdt u\u017e kone\u010dn\u011b \u0159e\u0161en a vy\u0159e\u0161en!!!<\/p>\n<p><strong>Odezvy<\/strong><br \/>\n<a href=\"http:\/\/www.parlamentnilisty.cz\/zpravy\/Proti-postupu-v-kauze-ostravskych-lagun-protestovala-desitka-lidi-212542\"> Parlamentn\u00ed listy<\/a><\/p>\n<p><a href=\"http:\/\/www.piratskenoviny.cz\/?c_id=33425\">Pir\u00e1tsk\u00e9 noviny<\/a><\/p>\n<div data-counters='1' data-style='square' data-size='regular' data-url='https:\/\/obcanskymonitoring.cz\/?p=124' data-title='Ostravsk\u00e9 laguny!!! Smradlav\u00e1 ostuda!!! PROTESTUJEME!!!' class='linksalpha_container linksalpha_app_3'><a href='\/\/www.linksalpha.com\/share?network='facebook' class='linksalpha_icon_facebook'><\/a><a href='\/\/www.linksalpha.com\/share?network='twitter' class='linksalpha_icon_twitter'><\/a><a href='\/\/www.linksalpha.com\/share?network='googleplus' class='linksalpha_icon_googleplus'><\/a><a href='\/\/www.linksalpha.com\/share?network='mail' class='linksalpha_icon_mail'><\/a><\/div><div data-position='' data-url='https:\/\/obcanskymonitoring.cz\/?p=124' data-title='Ostravsk\u00e9 laguny!!! Smradlav\u00e1 ostuda!!! PROTESTUJEME!!!' class='linksalpha_container linksalpha_app_7'><a href='\/\/www.linksalpha.com\/share?network='facebook' class='linksalpha_icon_facebook'><\/a><a href='\/\/www.linksalpha.com\/share?network='twitter' class='linksalpha_icon_twitter'><\/a><a href='\/\/www.linksalpha.com\/share?network='googleplus' class='linksalpha_icon_googleplus'><\/a><a href='\/\/www.linksalpha.com\/share?network='mail' class='linksalpha_icon_mail'><\/a><\/div>","protected":false},"excerpt":{"rendered":"<p>&nbsp;1,072&nbsp;total views 29. \u0159\u00edjen 2011 od 18:00 do 20:00 P\u0159ed budovou Ministerstva \u017eivotn\u00edho prost\u0159ed\u00ed, Vr\u0161ovick\u00e1 1442\/65 Fotogalerie ostravsk\u00fdch lagun: V\u0161imn\u011bte si zejm\u00e9na fotky \u010d. 6 &#8211; ukazuje, \u017ee v bezprost\u0159edn\u00ed bl\u00edzkosti nebezpe\u010dn\u00e9ho odpadu je hust\u011b obydlen\u00e9 s\u00eddli\u0161t\u011b. Kousek d\u00e1l je Kaufland i jedna z ostravsk\u00fdch p\u00e1te\u0159n\u00edch komunikac\u00ed Mari\u00e1nskohorsk\u00e1. &nbsp; &nbsp;<\/p>\n","protected":false},"author":2,"featured_media":125,"comment_status":"open","ping_status":"open","sticky":false,"template":"","format":"standard","meta":[],"categories":[10],"tags":[],"_links":{"self":[{"href":"https:\/\/obcanskymonitoring.cz\/index.php?rest_route=\/wp\/v2\/posts\/124"}],"collection":[{"href":"https:\/\/obcanskymonitoring.cz\/index.php?rest_route=\/wp\/v2\/posts"}],"about":[{"href":"https:\/\/obcanskymonitoring.cz\/index.php?rest_route=\/wp\/v2\/types\/post"}],"author":[{"embeddable":true,"href":"https:\/\/obcanskymonitoring.cz\/index.php?rest_route=\/wp\/v2\/users\/2"}],"replies":[{"embeddable":true,"href":"https:\/\/obcanskymonitoring.cz\/index.php?rest_route=%2Fwp%2Fv2%2Fcomments&post=124"}],"version-history":[{"count":0,"href":"https:\/\/obcanskymonitoring.cz\/index.php?rest_route=\/wp\/v2\/posts\/124\/revisions"}],"wp:featuredmedia":[{"embeddable":true,"href":"https:\/\/obcanskymonitoring.cz\/index.php?rest_route=\/wp\/v2\/media\/125"}],"wp:attachment":[{"href":"https:\/\/obcanskymonitoring.cz\/index.php?rest_route=%2Fwp%2Fv2%2Fmedia&parent=124"}],"wp:term":[{"taxonomy":"category","embeddable":true,"href":"https:\/\/obcanskymonitoring.cz\/index.php?rest_route=%2Fwp%2Fv2%2Fcategories&post=124"},{"taxonomy":"post_tag","embeddable":true,"href":"https:\/\/obcanskymonitoring.cz\/index.php?rest_route=%2Fwp%2Fv2%2Ftags&post=124"}],"curies":[{"name":"wp","href":"https:\/\/api.w.org\/{rel}","templated":true}]}}