{"id":1469,"date":"2013-12-11T08:26:08","date_gmt":"2013-12-11T08:26:08","guid":{"rendered":"http:\/\/obcanskymonitoring.cz\/?p=1469"},"modified":"2013-12-11T08:38:59","modified_gmt":"2013-12-11T08:38:59","slug":"rozpocet-cr-2014-odpocet-pro-ceskou-republiku","status":"publish","type":"post","link":"https:\/\/obcanskymonitoring.cz\/?p=1469","title":{"rendered":"Rozpo\u010det \u010cR 2014 &#8211; Odpo\u010det pro \u010ceskou republiku"},"content":{"rendered":"<div class=\"pvc_clear\"><\/div>\n<p class=\"pvc_stats total_only \" data-element-id=\"1469\" style=\"\"><i class=\"pvc-stats-icon medium\" aria-hidden=\"true\"><svg xmlns=\"http:\/\/www.w3.org\/2000\/svg\" version=\"1.0\" viewBox=\"0 0 502 315\" preserveAspectRatio=\"xMidYMid meet\"><g transform=\"translate(0,332) scale(0.1,-0.1)\" fill=\"\" stroke=\"none\"><path d=\"M2394 3279 l-29 -30 -3 -207 c-2 -182 0 -211 15 -242 39 -76 157 -76 196 0 15 31 17 60 15 243 l-3 209 -33 29 c-26 23 -41 29 -80 29 -41 0 -53 -5 -78 -31z\"\/><path d=\"M3085 3251 c-45 -19 -58 -50 -96 -229 -47 -217 -49 -260 -13 -295 52 -53 146 -42 177 20 16 31 87 366 87 410 0 70 -86 122 -155 94z\"\/><path d=\"M1751 3234 c-13 -9 -29 -31 -37 -50 -12 -29 -10 -49 21 -204 19 -94 39 -189 45 -210 14 -50 54 -80 110 -80 34 0 48 6 76 34 21 21 34 44 34 59 0 14 -18 113 -40 219 -37 178 -43 195 -70 221 -36 32 -101 37 -139 11z\"\/><path d=\"M1163 3073 c-36 -7 -73 -59 -73 -102 0 -56 133 -378 171 -413 34 -32 83 -37 129 -13 70 36 67 87 -16 290 -86 209 -89 214 -129 231 -35 14 -42 15 -82 7z\"\/><path d=\"M3689 3066 c-15 -9 -33 -30 -42 -48 -48 -103 -147 -355 -147 -375 0 -98 131 -148 192 -74 13 15 57 108 97 206 80 196 84 226 37 273 -30 30 -99 39 -137 18z\"\/><path d=\"M583 2784 c-38 -19 -67 -74 -58 -113 9 -42 211 -354 242 -373 16 -10 45 -18 66 -18 51 0 107 52 107 100 0 39 -1 41 -124 234 -80 126 -108 162 -133 173 -41 17 -61 16 -100 -3z\"\/><path d=\"M4250 2784 c-14 -9 -74 -91 -133 -183 -95 -150 -107 -173 -107 -213 0 -55 33 -94 87 -104 67 -13 90 8 211 198 130 202 137 225 78 284 -27 27 -42 34 -72 34 -22 0 -50 -8 -64 -16z\"\/><path d=\"M2275 2693 c-553 -48 -1095 -270 -1585 -649 -135 -104 -459 -423 -483 -476 -23 -49 -22 -139 2 -186 73 -142 361 -457 571 -626 285 -228 642 -407 990 -497 242 -63 336 -73 660 -74 310 0 370 5 595 52 535 111 1045 392 1455 803 122 121 250 273 275 326 19 41 19 137 0 174 -41 79 -309 363 -465 492 -447 370 -946 591 -1479 653 -113 14 -422 18 -536 8z m395 -428 c171 -34 330 -124 456 -258 112 -119 167 -219 211 -378 27 -96 24 -300 -5 -401 -72 -255 -236 -447 -474 -557 -132 -62 -201 -76 -368 -76 -167 0 -236 14 -368 76 -213 98 -373 271 -451 485 -162 444 86 934 547 1084 153 49 292 57 452 25z m909 -232 c222 -123 408 -262 593 -441 76 -74 138 -139 138 -144 0 -16 -233 -242 -330 -319 -155 -123 -309 -223 -461 -299 l-81 -41 32 46 c18 26 49 83 70 128 143 306 141 649 -6 957 -25 52 -61 116 -79 142 l-34 47 45 -20 c26 -10 76 -36 113 -56z m-2057 25 c-40 -58 -105 -190 -130 -263 -110 -324 -59 -707 132 -981 25 -35 42 -64 37 -64 -19 0 -241 119 -326 174 -188 122 -406 314 -532 468 l-58 71 108 103 c185 178 428 349 672 473 66 33 121 60 123 61 2 0 -10 -19 -26 -42z\"\/><path d=\"M2375 1950 c-198 -44 -350 -190 -395 -379 -18 -76 -8 -221 19 -290 114 -284 457 -406 731 -260 98 52 188 154 231 260 27 69 37 214 19 290 -38 163 -166 304 -326 360 -67 23 -215 33 -279 19z\"\/><\/g><\/svg><\/i> &nbsp;1,421&nbsp;total views<\/p>\n<div class=\"pvc_clear\"><\/div>\n<p>Poslaneck\u00e1 sn\u011bmovna schv\u00e1lila rozpo\u010det v prvn\u00edm \u010dten\u00ed. Poj\u010fme se na chv\u00edli zastavit a rozebrat, co znamen\u00e1 schv\u00e1lit z\u00e1kon v prvn\u00edm \u010dten\u00ed.<\/p>\n<p><!--more--><\/p>\n<p>Odcitujme si informaci o prvn\u00edm \u010dten\u00ed p\u0159\u00edmo <a href=\"http:\/\/www.psp.cz\/sqw\/hp.sqw?k=312\">ze str\u00e1nek Poslaneck\u00e9 sn\u011bmovny<\/a>:\u00a0<em>&#8220;Projedn\u00e1n\u00ed z\u00e1kona v prvn\u00edm \u010dten\u00ed procedura upraven\u00e1 v\u00a0<a href=\"http:\/\/www.psp.cz\/docs\/laws\/1995\/90.html#90\">\u00a7 90 odst. 2 a\u017e 7 Jednac\u00edho \u0159\u00e1du PS<\/a>\u00a0je ur\u010dena pro z\u00e1kony, kter\u00e9 nemaj\u00ed kontroverzn\u00ed charakter. Procedura byla p\u0159ijata v souvislosti s p\u0159\u00edpravou vstupu do EU a umo\u017e\u0148uje, aby byl n\u00e1vrh z\u00e1kona p\u0159ijat v Poslaneck\u00e9 sn\u011bmovn\u011b u\u017e v prv\u00e9m \u010dten\u00ed, tzn. bez projedn\u00e1n\u00ed ve v\u00fdborech, bez procedury navrhov\u00e1n\u00ed pozm\u011b\u0148ovac\u00edch n\u00e1vrh\u016f a bez druh\u00e9ho a t\u0159et\u00edho \u010dten\u00ed. K rozhoduj\u00edc\u00edmu hlasov\u00e1n\u00ed dojde u\u017e v prvn\u00edm \u010dten\u00ed. N\u00e1vrh k aplikaci t\u00e9to procedury mus\u00ed d\u00e1t p\u0159edkladatel z\u00e1kona spolu s jeho n\u00e1vrhem a jeho od\u016fvodn\u011bn\u00ed mus\u00ed b\u00fdt obsa\u017eeno v d\u016fvodov\u00e9 zpr\u00e1v\u011b. Sn\u011bmovna nem\u00e1 mo\u017enost proceduru schv\u00e1len\u00ed z\u00e1kona v prv\u00e9m \u010dten\u00ed iniciovat autonomn\u011b. Pokud proti n\u00e1vrhu na tuto proceduru vznesou n\u00e1mitku nejm\u00e9n\u011b dva poslaneck\u00e9 kluby nebo aspo\u0148 50 poslanc\u016f, n\u00e1vrh nelze t\u00edmto zp\u016fsobem projednat. V p\u0159\u00edpad\u011b souhlasu Sn\u011bmovny s touto procedurou, kter\u00fd se odhlasuje po skon\u010den\u00ed obecn\u00e9 rozpravy, n\u00e1sleduje podrobn\u00e1 rozprava. Nelze p\u0159i n\u00ed pod\u00e1vat pozm\u011b\u0148ovac\u00ed nebo jin\u00e9 n\u00e1vrhy, lze pouze navrhnout opravu data \u00fa\u010dinnosti v n\u00e1vrhu z\u00e1kona a opravu legislativn\u011b technick\u00fdch, gramatick\u00fdch, p\u00edsemn\u00fdch nebo tiskov\u00fdch chyb. Na z\u00e1v\u011br prv\u00e9ho \u010dten\u00ed se Sn\u011bmovna usnese po z\u00e1v\u011bre\u010dn\u00e9m vystoupen\u00ed navrhovatele a zpravodaje, zda s n\u00e1vrhem vyslovuje souhlas. T\u00edm je projedn\u00e1v\u00e1n\u00ed z\u00e1kona v Poslaneck\u00e9 sn\u011bmovn\u011b ukon\u010deno a n\u00e1vrh z\u00e1kona je zde p\u0159ijat. &#8220;<\/em><\/p>\n<p><strong>Rozpo\u010det v prvn\u00edm \u010dten\u00ed?<\/strong><\/p>\n<p>A te\u010f si uv\u011bdomme, \u017ee t\u00edmto zp\u016fsobem byl schv\u00e1len n\u00e1vrh st\u00e1tn\u00edho rozpo\u010dtu pro \u010ceskou republiku na rok 2014, jeho\u017e <a href=\"http:\/\/obcanskymonitoring.cz\/?p=1004\">d\u016fvodov\u00e1 zpr\u00e1va m\u011bla pouh\u00e9 3 strany<\/a>.<\/p>\n<p>Byl takto schv\u00e1len rozpo\u010det, kter\u00fd byl navr\u017een s deficitem 112 miliard K\u010d, tzn. s deficitem, kter\u00fd p\u0159esahuje o v\u00edce ne\u017e 10 procent p\u0159\u00edjmy rozpo\u010dtu.<\/p>\n<p><strong>Dohoda \u0161la nap\u0159\u00ed\u010d cel\u00fdm politick\u00fdm spektrem<\/strong><\/p>\n<p>P\u0159ipome\u0148me skand\u00e1l s \u010derstv\u011b zvolen\u00fdm poslancem Kom\u00e1rkem, kter\u00fd v dob\u011b schvalov\u00e1n\u00ed byl se svou p\u0159\u00edtelkyn\u00ed ve \u0160pan\u011blsku. Jeho obhajoba je je\u0161t\u011b skand\u00e1ln\u011bj\u0161\u00ed otev\u0159enost\u00ed, posu\u010fte sami: \u00a0<em>&#8220;J\u00e1 mus\u00edm vyvr\u00e1tit, \u017ee to bylo kl\u00ed\u010dov\u00e9 hlasov\u00e1n\u00ed. M\u016fj hlas tam nebyl kl\u00ed\u010dov\u00fd. Bylo to d\u016fle\u017eit\u00e9 hlasov\u00e1n\u00ed, ale rod\u00edc\u00ed se koalice se p\u0159edem dohodla a komunist\u00e9 to tak\u00e9 podpo\u0159ili, \u017ee nech\u00e1me proj\u00edt v prvn\u00edm \u010dten\u00ed z\u00e1kon o st\u00e1tn\u00edm rozpo\u010dtu.&#8221; \u00a0<\/em><a href=\"http:\/\/www.tyden.cz\/rubriky\/domaci\/politika\/komarek-nepochybil-jsem-media-ze-me-delaji-blba_291565.html#.UqgctvTdCSo\">Cel\u00fd rozhovor s poslancem Kom\u00e1rkem zde.<\/a><em>\u00a0<\/em>Tzn. abych shrnul argumentaci poslance Kom\u00e1rka: bylo to domluven\u00e9 p\u0159edem, jedn\u00e1n\u00ed a hlasov\u00e1n\u00ed bylo jen \u0161a\u0161k\u00e1rna, tzn. pro\u010d v t\u00e9 hlasovac\u00ed ma\u0161in\u011b sed\u011bt! Jak\u00e9 pohrd\u00e1n\u00ed parlamentem!<\/p>\n<p>Tedy nap\u0159\u00ed\u010d politick\u00fdm spektrem domluven\u00e1 dohoda: rozpo\u010det nech\u00e1me proj\u00edt v prvn\u00edm \u010dten\u00ed. Od ANO, p\u0159es \u010cSSD a\u017e po komunisty. A ob\u010dan to zaplat\u00ed.<\/p>\n<p>Nejot\u0159esn\u011bj\u0161\u00ed p\u0159\u00edstup osv\u011bd\u010dil ov\u0161em Andrej Babi\u0161, kter\u00fd se doslova s\u00e1pe na post ministra financ\u00ed (viz \u00fa\u010delov\u00e9 ru\u0161en\u00ed p\u0159ek\u00e1\u017eky &#8211; lustra\u010dn\u00edho z\u00e1kona), <a href=\"http:\/\/zpravy.idnes.cz\/jednani-snemovny-o-rozpoctu-dg2-\/domaci.aspx?c=A131206_124344_domaci_kop\">kter\u00fd si dovolil na kamery p\u0159iznat, \u017ee rozpo\u010det ne\u010detl a ani \u010d\u00edst nebude<\/a>. \u00a0Po ministrovi financ\u00ed Fischerovi, kter\u00fd na tiskov\u00e9 konferenci ke sv\u00e9mu jmenov\u00e1n\u00ed nebyl schopen zodpov\u011bd\u011bt dotaz novin\u00e1\u0159e, kolik r\u00e1mcov\u011b \u010din\u00ed p\u0159\u00edjmy st\u00e1tn\u00edho rozpo\u010dtu \u010cesk\u00e9 republiky, &#8211; je to sestup do dal\u0161\u00ed \u00farovn\u011b pekla.<\/p>\n<p><strong>Rozpo\u010det \u010cR nebo odpo\u010det pro \u010cR?<\/strong><\/p>\n<p>T\u00edmto zp\u016fsobem nebyl schv\u00e1len rozpo\u010det. Je to odpo\u010det. Odpo\u010det pro \u010ceskou republiku. Budeme-li t\u00edmto zp\u016fsobem \u0159\u00eddit sv\u00e9 v\u011bci, p\u00e1d je neodvratn\u00fd.<\/p>\n<div data-counters='1' data-style='square' data-size='regular' data-url='https:\/\/obcanskymonitoring.cz\/?p=1469' data-title='Rozpo\u010det \u010cR 2014 &#8211; Odpo\u010det pro \u010ceskou republiku' class='linksalpha_container linksalpha_app_3'><a href='\/\/www.linksalpha.com\/share?network='facebook' class='linksalpha_icon_facebook'><\/a><a href='\/\/www.linksalpha.com\/share?network='twitter' class='linksalpha_icon_twitter'><\/a><a href='\/\/www.linksalpha.com\/share?network='googleplus' class='linksalpha_icon_googleplus'><\/a><a href='\/\/www.linksalpha.com\/share?network='mail' class='linksalpha_icon_mail'><\/a><\/div><div data-position='' data-url='https:\/\/obcanskymonitoring.cz\/?p=1469' data-title='Rozpo\u010det \u010cR 2014 &#8211; Odpo\u010det pro \u010ceskou republiku' class='linksalpha_container linksalpha_app_7'><a href='\/\/www.linksalpha.com\/share?network='facebook' class='linksalpha_icon_facebook'><\/a><a href='\/\/www.linksalpha.com\/share?network='twitter' class='linksalpha_icon_twitter'><\/a><a href='\/\/www.linksalpha.com\/share?network='googleplus' class='linksalpha_icon_googleplus'><\/a><a href='\/\/www.linksalpha.com\/share?network='mail' class='linksalpha_icon_mail'><\/a><\/div>","protected":false},"excerpt":{"rendered":"<p>&nbsp;1,421&nbsp;total views Poslaneck\u00e1 sn\u011bmovna schv\u00e1lila rozpo\u010det v prvn\u00edm \u010dten\u00ed. Poj\u010fme se na chv\u00edli zastavit a rozebrat, co znamen\u00e1 schv\u00e1lit z\u00e1kon v prvn\u00edm \u010dten\u00ed.<\/p>\n","protected":false},"author":2,"featured_media":0,"comment_status":"open","ping_status":"open","sticky":true,"template":"","format":"standard","meta":[],"categories":[9],"tags":[],"_links":{"self":[{"href":"https:\/\/obcanskymonitoring.cz\/index.php?rest_route=\/wp\/v2\/posts\/1469"}],"collection":[{"href":"https:\/\/obcanskymonitoring.cz\/index.php?rest_route=\/wp\/v2\/posts"}],"about":[{"href":"https:\/\/obcanskymonitoring.cz\/index.php?rest_route=\/wp\/v2\/types\/post"}],"author":[{"embeddable":true,"href":"https:\/\/obcanskymonitoring.cz\/index.php?rest_route=\/wp\/v2\/users\/2"}],"replies":[{"embeddable":true,"href":"https:\/\/obcanskymonitoring.cz\/index.php?rest_route=%2Fwp%2Fv2%2Fcomments&post=1469"}],"version-history":[{"count":0,"href":"https:\/\/obcanskymonitoring.cz\/index.php?rest_route=\/wp\/v2\/posts\/1469\/revisions"}],"wp:attachment":[{"href":"https:\/\/obcanskymonitoring.cz\/index.php?rest_route=%2Fwp%2Fv2%2Fmedia&parent=1469"}],"wp:term":[{"taxonomy":"category","embeddable":true,"href":"https:\/\/obcanskymonitoring.cz\/index.php?rest_route=%2Fwp%2Fv2%2Fcategories&post=1469"},{"taxonomy":"post_tag","embeddable":true,"href":"https:\/\/obcanskymonitoring.cz\/index.php?rest_route=%2Fwp%2Fv2%2Ftags&post=1469"}],"curies":[{"name":"wp","href":"https:\/\/api.w.org\/{rel}","templated":true}]}}