{"id":1571,"date":"2013-12-31T21:01:47","date_gmt":"2013-12-31T21:01:47","guid":{"rendered":"http:\/\/obcanskymonitoring.cz\/?p=1571"},"modified":"2013-12-31T21:40:02","modified_gmt":"2013-12-31T21:40:02","slug":"datova-zurnalistika-kdo-byl-nejvetsi-polistopadovy-reznik-ceskych-knihoven","status":"publish","type":"post","link":"https:\/\/obcanskymonitoring.cz\/?p=1571","title":{"rendered":"Datov\u00e1 \u017eurnalistika: Kdo byl nejv\u011bt\u0161\u00ed polistopadov\u00fd \u0159ezn\u00edk \u010desk\u00fdch knihoven?"},"content":{"rendered":"<div class=\"pvc_clear\"><\/div>\n<p class=\"pvc_stats total_only \" data-element-id=\"1571\" style=\"\"><i class=\"pvc-stats-icon medium\" aria-hidden=\"true\"><svg xmlns=\"http:\/\/www.w3.org\/2000\/svg\" version=\"1.0\" viewBox=\"0 0 502 315\" preserveAspectRatio=\"xMidYMid meet\"><g transform=\"translate(0,332) scale(0.1,-0.1)\" fill=\"\" stroke=\"none\"><path d=\"M2394 3279 l-29 -30 -3 -207 c-2 -182 0 -211 15 -242 39 -76 157 -76 196 0 15 31 17 60 15 243 l-3 209 -33 29 c-26 23 -41 29 -80 29 -41 0 -53 -5 -78 -31z\"\/><path d=\"M3085 3251 c-45 -19 -58 -50 -96 -229 -47 -217 -49 -260 -13 -295 52 -53 146 -42 177 20 16 31 87 366 87 410 0 70 -86 122 -155 94z\"\/><path d=\"M1751 3234 c-13 -9 -29 -31 -37 -50 -12 -29 -10 -49 21 -204 19 -94 39 -189 45 -210 14 -50 54 -80 110 -80 34 0 48 6 76 34 21 21 34 44 34 59 0 14 -18 113 -40 219 -37 178 -43 195 -70 221 -36 32 -101 37 -139 11z\"\/><path d=\"M1163 3073 c-36 -7 -73 -59 -73 -102 0 -56 133 -378 171 -413 34 -32 83 -37 129 -13 70 36 67 87 -16 290 -86 209 -89 214 -129 231 -35 14 -42 15 -82 7z\"\/><path d=\"M3689 3066 c-15 -9 -33 -30 -42 -48 -48 -103 -147 -355 -147 -375 0 -98 131 -148 192 -74 13 15 57 108 97 206 80 196 84 226 37 273 -30 30 -99 39 -137 18z\"\/><path d=\"M583 2784 c-38 -19 -67 -74 -58 -113 9 -42 211 -354 242 -373 16 -10 45 -18 66 -18 51 0 107 52 107 100 0 39 -1 41 -124 234 -80 126 -108 162 -133 173 -41 17 -61 16 -100 -3z\"\/><path d=\"M4250 2784 c-14 -9 -74 -91 -133 -183 -95 -150 -107 -173 -107 -213 0 -55 33 -94 87 -104 67 -13 90 8 211 198 130 202 137 225 78 284 -27 27 -42 34 -72 34 -22 0 -50 -8 -64 -16z\"\/><path d=\"M2275 2693 c-553 -48 -1095 -270 -1585 -649 -135 -104 -459 -423 -483 -476 -23 -49 -22 -139 2 -186 73 -142 361 -457 571 -626 285 -228 642 -407 990 -497 242 -63 336 -73 660 -74 310 0 370 5 595 52 535 111 1045 392 1455 803 122 121 250 273 275 326 19 41 19 137 0 174 -41 79 -309 363 -465 492 -447 370 -946 591 -1479 653 -113 14 -422 18 -536 8z m395 -428 c171 -34 330 -124 456 -258 112 -119 167 -219 211 -378 27 -96 24 -300 -5 -401 -72 -255 -236 -447 -474 -557 -132 -62 -201 -76 -368 -76 -167 0 -236 14 -368 76 -213 98 -373 271 -451 485 -162 444 86 934 547 1084 153 49 292 57 452 25z m909 -232 c222 -123 408 -262 593 -441 76 -74 138 -139 138 -144 0 -16 -233 -242 -330 -319 -155 -123 -309 -223 -461 -299 l-81 -41 32 46 c18 26 49 83 70 128 143 306 141 649 -6 957 -25 52 -61 116 -79 142 l-34 47 45 -20 c26 -10 76 -36 113 -56z m-2057 25 c-40 -58 -105 -190 -130 -263 -110 -324 -59 -707 132 -981 25 -35 42 -64 37 -64 -19 0 -241 119 -326 174 -188 122 -406 314 -532 468 l-58 71 108 103 c185 178 428 349 672 473 66 33 121 60 123 61 2 0 -10 -19 -26 -42z\"\/><path d=\"M2375 1950 c-198 -44 -350 -190 -395 -379 -18 -76 -8 -221 19 -290 114 -284 457 -406 731 -260 98 52 188 154 231 260 27 69 37 214 19 290 -38 163 -166 304 -326 360 -67 23 -215 33 -279 19z\"\/><\/g><\/svg><\/i> &nbsp;1,355&nbsp;total views<\/p>\n<div class=\"pvc_clear\"><\/div>\n<p><a href=\"http:\/\/obcanskymonitoring.cz\/wp-content\/uploads\/2013\/12\/Reznicke_Rukavice.jpg\"><img loading=\"lazy\" class=\"alignnone size-medium wp-image-1574\" alt=\"Reznicke_Rukavice\" src=\"http:\/\/obcanskymonitoring.cz\/wp-content\/uploads\/2013\/12\/Reznicke_Rukavice-300x225.jpg\" width=\"300\" height=\"225\" srcset=\"https:\/\/obcanskymonitoring.cz\/wp-content\/uploads\/2013\/12\/Reznicke_Rukavice-300x225.jpg 300w, https:\/\/obcanskymonitoring.cz\/wp-content\/uploads\/2013\/12\/Reznicke_Rukavice.jpg 397w\" sizes=\"(max-width: 300px) 100vw, 300px\" \/><\/a><\/p>\n<p>V p\u0159edminul\u00e9m roce vydal <a href=\"http:\/\/www.motejl.cz\/\">Fond Otokara Motejla<\/a>\u00a0velmi zaj\u00edmavou publikaci: P\u0159\u00edru\u010dku datov\u00e9 \u017eurnalistiky. <a href=\"http:\/\/www.motejl.cz\/files\/ebooks\/prirucka_dat_zurnalistiky.pdf\">Knihu doporu\u010duji k p\u0159e\u010dten\u00ed, m\u016f\u017eete si ji p\u0159e\u010d\u00edst zde<\/a>.<\/p>\n<p>Narozd\u00edl od klasick\u00e9 \u017eurnalistiky, kter\u00e1 je postaven\u00e1 na ud\u00e1lostech, je datov\u00e1 \u017eurnalistika postaven\u00e1 na &#8211; datech.<\/p>\n<p>Podstata \u017eurnalistick\u00e9 pr\u00e1ce v p\u0159\u00edpad\u011b datov\u00e9 \u017eurnalistiky spo\u010d\u00edv\u00e1 ve vyhled\u00e1n\u00ed dat, v jejich anal\u00fdze, vizualizaci a zejm\u00e9na informa\u010dn\u00edmu vyt\u011b\u017een\u00ed a interpretaci. Kniha mne inspirovala k naps\u00e1n\u00ed tohoto \u010dl\u00e1nku: Uk\u00e1zat si princip datov\u00e9 \u017eurnalistiky na konkr\u00e9tn\u00edm p\u0159\u00edkladu, na datech Ministerstva kultury, p\u0159esn\u011bji na evidenci knihoven registrovan\u00fdch na Ministerstvu kultury. Zkusil jsem zanalyzovat evidenci Ministerstva kultury a zjistit, za jak\u00e9ho ministra kultury do\u0161lo k nejv\u011bt\u0161\u00edmu po\u010dtu zru\u0161en\u00fdch knihoven, tzn. kdo byl nejv\u011bt\u0161\u00edm \u0159ezn\u00edkem a hroba\u0159em \u010desk\u00fdch knihoven. Uvid\u00edme, jak pr\u016fzkum dopadne.<\/p>\n<p><!--more--><\/p>\n<p><strong>Evidence knihoven na MK\u00a0<\/strong><\/p>\n<p>Evidence knihoven registrovan\u00fdch spad\u00e1 pod Ministerstvo kultury. M\u016f\u017eete si ji st\u00e1hnout <a href=\"http:\/\/www.mkcr.cz\/cz\/literatura-a-knihovny\/evidence-a-adresar-knihoven-evidovanych-ministerstvem-kultury-a-souvisejici-informace-443\/\">zde<\/a>.\u00a0Nejedn\u00e1 se o \u017e\u00e1dnou sofistikovanou datab\u00e1zi, pouze o jednoduchou excelovskou tabulku. \u00a0Forma ani form\u00e1t dat nen\u00ed a\u017e tak podstatn\u00fd. \u00a0Podstatn\u00e9 je jen to, zda \u00fadaje, kter\u00e9 n\u00e1s zaj\u00edmaj\u00ed, jsou ve zdrojov\u00fdch datech vypln\u011bna.<\/p>\n<p>Zaj\u00edm\u00e1 mne pohled na po\u010dty zru\u0161en\u00fdch knihoven za jednotliv\u00e9 roky, excelovskou funkc\u00ed <em>IF<\/em> posta\u010d\u00ed &#8220;vy\u010d\u00e1rkovat&#8221; z\u00e1znamy, kde do\u0161lo ke zru\u0161en\u00ed. &#8211; A &#8220;\u010d\u00e1rky&#8221; n\u00e1sledn\u011b prost\u0159ednictv\u00edm excelovsk\u00e9 funkce <em>SUM<\/em> vys\u010d\u00edtat za jednotliv\u00e9 roky.<\/p>\n<p>Dokument jsem si proto upravil do n\u00e1sleduj\u00edc\u00ed\u00a0<a href=\"http:\/\/obcanskymonitoring.cz\/wp-content\/uploads\/2013\/12\/Evidovane-knihovny-web-16-07-12pp1.xlsx\">podoby<\/a>.<\/p>\n<p>\u00dadaj ji\u017e posta\u010d\u00ed jen p\u0159en\u00e9st do grafu:<\/p>\n<p>&nbsp;<\/p>\n<p><a href=\"http:\/\/obcanskymonitoring.cz\/wp-content\/uploads\/2013\/12\/Pocet_zrusenych_knihoven.jpg\"><img loading=\"lazy\" class=\"alignnone size-medium wp-image-1573\" alt=\"Pocet_zrusenych_knihoven\" src=\"http:\/\/obcanskymonitoring.cz\/wp-content\/uploads\/2013\/12\/Pocet_zrusenych_knihoven-300x182.jpg\" width=\"300\" height=\"182\" srcset=\"https:\/\/obcanskymonitoring.cz\/wp-content\/uploads\/2013\/12\/Pocet_zrusenych_knihoven-300x182.jpg 300w, https:\/\/obcanskymonitoring.cz\/wp-content\/uploads\/2013\/12\/Pocet_zrusenych_knihoven.jpg 495w\" sizes=\"(max-width: 300px) 100vw, 300px\" \/><\/a><\/p>\n<p>&nbsp;<\/p>\n<p><strong>Kdo je tedy nejv\u011bt\u0161\u00edm \u0159ezn\u00edkem \u010desk\u00fdch knihoven?<\/strong><\/p>\n<p>Nyn\u00ed si dopln\u00edme dal\u0161\u00ed dimenzi: Roky p\u016fsoben\u00ed jednotliv\u00fdch ministr\u016f kultury. Jako datov\u00fd zdroj m\u016f\u017eeme <a href=\"http:\/\/cs.wikipedia.org\/wiki\/Seznam_ministr%C5%AF_kultury_%C4%8Cesk%C3%A9_republiky\">pou\u017e\u00edt Wikipedii<\/a>.<\/p>\n<p>Z evidence vypl\u00fdv\u00e1, \u017ee nejv\u011bt\u0161\u00ed po\u010det zru\u0161en\u00fdch knihoven byl v roce 2008 &#8211; celkem <strong>84<\/strong>\u00a0(sic!) zru\u0161en\u00fdch knihoven za jedin\u00fd rok. Kdo byl v t\u00e9 dob\u011b ministrem kultury? &#8211; Zatleskejme d\u00e1my a p\u00e1nov\u00e9, titul nejv\u011bt\u0161\u00edho \u0159ezn\u00edka \u010desk\u00fdch knihoven vyhr\u00e1v\u00e1\u00a0<strong>Mgr. V\u00e1clav Jehli\u010dka!<\/strong><\/p>\n<p>Mgr. V\u00e1clav Jehli\u010dka\u00a0zah\u00e1jil svou politickou kari\u00e9ru\u00a0v ODA, pak p\u0159e\u0161el do KDU-\u010cSL, aktu\u00e1ln\u011b je \u010dlenem strany TOP09.<\/p>\n<p><strong>D\u00e1rek pro \u0159ezn\u00edka<\/strong><\/p>\n<p>V reakci na minisout\u011b\u017e, tomuto b\u00fdval\u00e9mu ministrovi kultury, \u00fapln\u011b ze v\u0161ech nejlep\u0161\u00edmu \u0159ezn\u00edkovi \u010desk\u00fdch knihoven zas\u00edl\u00e1m do m\u00edsta jeho bydli\u0161t\u011b spolu s pod\u011bkov\u00e1n\u00edm za celou republiku symbolick\u00fd d\u00e1rek, pou\u017eit\u00e9 \u0159eznick\u00e9 rukavice:<\/p>\n<p><a href=\"http:\/\/obcanskymonitoring.cz\/wp-content\/uploads\/2013\/12\/Reznicke_Rukavice.jpg\"><img loading=\"lazy\" class=\"alignnone size-medium wp-image-1574\" alt=\"Reznicke_Rukavice\" src=\"http:\/\/obcanskymonitoring.cz\/wp-content\/uploads\/2013\/12\/Reznicke_Rukavice-300x225.jpg\" width=\"300\" height=\"225\" srcset=\"https:\/\/obcanskymonitoring.cz\/wp-content\/uploads\/2013\/12\/Reznicke_Rukavice-300x225.jpg 300w, https:\/\/obcanskymonitoring.cz\/wp-content\/uploads\/2013\/12\/Reznicke_Rukavice.jpg 397w\" sizes=\"(max-width: 300px) 100vw, 300px\" \/><\/a><\/p>\n<p><a href=\"https:\/\/www.denikpolitika.cz\/politik\/vaclav-jehlicka#.UsM3k_TdCSo\">Zde m\u016f\u017eete, pokud chcete, panu \u0159ezn\u00edkovi sn\u00ed\u017eit rating.<\/a><\/p>\n<p><strong>Kontext ru\u0161en\u00ed knihovn\u00ed s\u00edt\u011b<\/strong><\/p>\n<p>Z n\u00e1mi p\u0159ipraven\u00fdch statistik vypl\u00fdv\u00e1, \u017ee od roku 2003 (star\u0161\u00ed evidenci nem\u00e1m k dispozici) bylo zru\u0161eno v \u010cR neuv\u011b\u0159iteln\u00fdch <strong>354<\/strong> knihoven, co\u017e je ohromuj\u00edc\u00ed \u010d\u00edslo.<\/p>\n<p>Knihovn\u00ed s\u00ed\u0165 vznikala za prvn\u00ed republiky. S\u00e1m T.G.Masaryk tenkr\u00e1t prosadil z\u00e1kon, kter\u00fd na\u0159izoval, \u017ee v ka\u017ed\u00e9 obci m\u00e1 vzniknout knihovna. Masaryk byl toti\u017e politik, kter\u00fd pl\u00e1noval pro sv\u016fj n\u00e1rod budoucnost a hled\u011bl dop\u0159edu. Uv\u011bdomoval si, \u017ee st\u00e1t nebude funk\u010dn\u00ed, ekonomicky sob\u011bsta\u010dn\u00fd bez celkov\u00e9 kulturn\u00ed reformy. &#8211; A ta zm\u011bna nem\u016f\u017ee nastat jen tak &#8211; sama od sebe &#8211; je pro ni t\u0159eba vytvo\u0159it vzd\u011bl\u00e1vac\u00ed infrastrukturu. Touto informa\u010dn\u00ed infrastrukturou m\u011bly b\u00fdt \u0161koly a p\u0159edev\u0161\u00edm knihovny. Tyto knihovny m\u011bly zprost\u0159edkovat i do t\u00e9 nejzapadlej\u0161\u00ed obce v\u00fdb\u011br toho nejlep\u0161\u00edho ze sv\u011btov\u00e9 kultury.\u00a0Vznikaj\u00edc\u00ed knihovny m\u011bly rovn\u011b\u017e za \u00fakol b\u00fdt zdrojem informac\u00ed a osv\u011bty pro m\u00edstn\u00ed obyvatele. M\u011bly p\u0159in\u00e1\u0161et praktick\u00e9 zdroje informac\u00ed pro reformu zem\u011bd\u011blsk\u00e9ho obd\u011bl\u00e1v\u00e1n\u00ed p\u016fdy, lidov\u00e1 \u010detba m\u011bla za c\u00edl v\u00e9st lidi k p\u0159em\u00fd\u0161len\u00ed \u00a0a k vlastenectv\u00ed. Masarykovi se pl\u00e1n poda\u0159il. Knihovny se staly zdrojem obnovy region\u016f, staly se n\u00e1strojem reformy cel\u00e9 spole\u010dnosti a budov\u00e1n\u00ed st\u00e1tu. Zejm\u00e9na v nerozvinut\u00fdch oblastech jako byla Podkarpatsk\u00e1 Rus, byly tyto instituce, spolu se \u0161kolami doslova j\u00edzdenkou do civilizace. Masaryk si narozd\u00edl od sou\u010dasn\u00fdch politik\u016f, jako je t\u0159eba \u0159ezn\u00edk knihoven, uv\u011bdomoval, \u017ee pro spr\u00e1vn\u00fd chod spole\u010dnosti je nezbytn\u00e1 tzv. <a href=\"http:\/\/cs.wikipedia.org\/wiki\/Soci%C3%A1ln%C3%AD_mobilita\">vertik\u00e1ln\u00ed soci\u00e1ln\u00ed mobilita<\/a>. Nadan\u00e9 d\u00edt\u011b, kter\u00e9 se narod\u00ed v t\u00e9 nejzapadlej\u0161\u00ed obci republiky mus\u00ed m\u00edt mo\u017enost \u00a0usp\u011bt a dostat se \u00fapln\u011b nahoru. Pokud jsou v\u0161echny mo\u017enosti zru\u0161eny a doty\u010dn\u00fd nafasuje motyku, u n\u00ed\u017e skon\u010d\u00ed &#8211; bez mo\u017enost\u00ed ve spole\u010dnosti usp\u011bt, nast\u00e1v\u00e1 ve spole\u010dnosti velmi v\u00e1\u017en\u00fd probl\u00e9m.<\/p>\n<p><strong>Pokles \u010dten\u00e1\u0159sk\u00e9 gramotnosti<\/strong><\/p>\n<p>Ne\u017e p\u0159ejdu k z\u00e1v\u011bru, dovol\u00edm si ke sv\u00e9mu grafu doplnit i dal\u0161\u00ed graf &#8211; graf OECD, z n\u011bho\u017e je patrn\u00e1 rychle klesaj\u00edc\u00ed \u010dten\u00e1\u0159sk\u00e1 gramotnost \u010desk\u00fdch d\u011bt\u00ed. M\u016f\u017eeme diskutovat o dopadu n\u00e1stupu po\u010d\u00edta\u010d\u016f a televize, ale z grafu OECD je jasn\u011b patrn\u00e9, \u017ee zhor\u0161ov\u00e1n\u00ed v \u010cR je podstatn\u011b rychlej\u0161\u00ed ne\u017e v jin\u00fdch zem\u00edch. Pro\u010d se na korelaci s ru\u0161en\u00edm knihoven n\u011bkter\u00fd novin\u00e1\u0159 nezept\u00e1 na\u0161eho \u0159ezn\u00edka?<\/p>\n<p><a href=\"http:\/\/obcanskymonitoring.cz\/wp-content\/uploads\/2013\/12\/vysledky_cteni.jpg\"><img loading=\"lazy\" class=\"alignnone size-medium wp-image-1575\" alt=\"vysledky_cteni\" src=\"http:\/\/obcanskymonitoring.cz\/wp-content\/uploads\/2013\/12\/vysledky_cteni-300x273.jpg\" width=\"300\" height=\"273\" srcset=\"https:\/\/obcanskymonitoring.cz\/wp-content\/uploads\/2013\/12\/vysledky_cteni-300x273.jpg 300w, https:\/\/obcanskymonitoring.cz\/wp-content\/uploads\/2013\/12\/vysledky_cteni.jpg 453w\" sizes=\"(max-width: 300px) 100vw, 300px\" \/><\/a><\/p>\n<p><a href=\"http:\/\/www.csicr.cz\/getattachment\/cz\/O-nas\/Mezinarodni-setreni-archiv\/PISA\/PISA-2009\/strucne-shrnuti.pdf\">Celou studii OECD si m\u016f\u017eete prostudovat zde.<\/a><\/p>\n<p>M\u00e9 hodnocen\u00ed je jednoduch\u00e9: S t\u00edmto trendem nebudeme m\u00edt znalostn\u00ed ekonomiku v \u010cesk\u00e9 republice nikdy.<\/p>\n<p><strong>Co znamen\u00e1 zru\u0161it knihovnu &#8211; ekonomicky?<\/strong><\/p>\n<p>Poj\u010fme si je\u0161t\u011b zrekapitulovat, co to znamen\u00e1 zru\u0161it knihovnu ekonomicky. &#8211; Nejde jen o zru\u0161en\u00ed jednoho nekomer\u010dn\u00edho ve\u0159ejn\u00e9ho prostoru, o zru\u0161en\u00ed infrastruktury, jak jsme o n\u00ed hovo\u0159ili v\u00fd\u0161e. Uv\u011bdomme si, \u017ee se jedn\u00e1 se o zma\u0159en\u00ed v\u0161ech investic (a zna\u010dn\u00fdch), kter\u00e9 st\u00e1t do dan\u00e9 knihovny nainvestoval. Upozor\u0148uji na to z toho d\u016fvodu: v\u011b\u0159\u00edm, \u017ee kdyby byla tato dimenze prom\u00edt\u00e1na do business modelu ru\u0161en\u00ed knihoven, nebylo by jich jist\u011b tolik ru\u0161eno.<\/p>\n<p><strong>Jak z toho ven?<\/strong><\/p>\n<p>Osobn\u011b bych nespol\u00e9hal jen na st\u00e1t. Spoustu v\u011bc\u00ed m\u016f\u017eeme ud\u011blat sami. T\u0159eba n\u011bkoho z v\u00e1s inspiruje projekt, kter\u00fd jsme rozeb\u011bhli &#8211; zalo\u017eili jsme v na\u0161\u00ed obci knihovnu a pom\u00e1h\u00e1me se zakl\u00e1d\u00e1n\u00edm i dal\u0161\u00edch knihoven. <a href=\"http:\/\/www.knihovnapruhonice.cz\/?p=2323\">Bli\u017e\u0161\u00ed informace o na\u0161em projektu si m\u016f\u017eete p\u0159e\u010d\u00edst zde. <\/a>Samotn\u00e9ho mne p\u0159ekvapilo, jak velk\u00fd ohlas tento projekt m\u00e1. Od doby, kdy jsme tento projekt spustili, jsme pomohli takto zalo\u017eit \u010dty\u0159i nov\u00e9 knihovny.\u00a0Nen\u00ed to mnoho, nen\u00ed to m\u00e1lo. Z ka\u017ed\u00e9 m\u00e1m radost. Knihovnu je mo\u017en\u00e9 zalo\u017eit i zp\u016fsobem, kter\u00fd nen\u00ed p\u0159\u00edli\u0161 n\u00e1ro\u010dn\u00fd na pen\u00edze. Otev\u0159eno m\u016f\u017ee b\u00fdt t\u0159eba jen jednou t\u00fddn\u011b. Knihovnu m\u016f\u017eete propojit s klubovnou pro d\u011bti, s po\u010d\u00edta\u010dov\u00fdm n\u00edzkoprahov\u00fdm klubem nebo se sportovn\u00edm odd\u00edlem. Variant realizace je mnoho.<\/p>\n<p>Matematika n\u00e1s u\u010d\u00ed, \u017ee i m\u00e1lo je p\u0159esn\u011b nekone\u010dn\u011bkr\u00e1t v\u00edce ne\u017e nic.\u00a0Vznikne p\u0159\u00ed\u0161t\u00ed knihovna ve Va\u0161\u00ed obci? Z\u00e1le\u017e\u00ed na v\u00e1s.<\/p>\n<div data-counters='1' data-style='square' data-size='regular' data-url='https:\/\/obcanskymonitoring.cz\/?p=1571' data-title='Datov\u00e1 \u017eurnalistika: Kdo byl nejv\u011bt\u0161\u00ed polistopadov\u00fd \u0159ezn\u00edk \u010desk\u00fdch knihoven?' class='linksalpha_container linksalpha_app_3'><a href='\/\/www.linksalpha.com\/share?network='facebook' class='linksalpha_icon_facebook'><\/a><a href='\/\/www.linksalpha.com\/share?network='twitter' class='linksalpha_icon_twitter'><\/a><a href='\/\/www.linksalpha.com\/share?network='googleplus' class='linksalpha_icon_googleplus'><\/a><a href='\/\/www.linksalpha.com\/share?network='mail' class='linksalpha_icon_mail'><\/a><\/div><div data-position='' data-url='https:\/\/obcanskymonitoring.cz\/?p=1571' data-title='Datov\u00e1 \u017eurnalistika: Kdo byl nejv\u011bt\u0161\u00ed polistopadov\u00fd \u0159ezn\u00edk \u010desk\u00fdch knihoven?' class='linksalpha_container linksalpha_app_7'><a href='\/\/www.linksalpha.com\/share?network='facebook' class='linksalpha_icon_facebook'><\/a><a href='\/\/www.linksalpha.com\/share?network='twitter' class='linksalpha_icon_twitter'><\/a><a href='\/\/www.linksalpha.com\/share?network='googleplus' class='linksalpha_icon_googleplus'><\/a><a href='\/\/www.linksalpha.com\/share?network='mail' class='linksalpha_icon_mail'><\/a><\/div>","protected":false},"excerpt":{"rendered":"<p>&nbsp;1,355&nbsp;total views V p\u0159edminul\u00e9m roce vydal Fond Otokara Motejla\u00a0velmi zaj\u00edmavou publikaci: P\u0159\u00edru\u010dku datov\u00e9 \u017eurnalistiky. Knihu doporu\u010duji k p\u0159e\u010dten\u00ed, m\u016f\u017eete si ji p\u0159e\u010d\u00edst zde. Narozd\u00edl od klasick\u00e9 \u017eurnalistiky, kter\u00e1 je postaven\u00e1 na ud\u00e1lostech, je datov\u00e1 \u017eurnalistika postaven\u00e1 na &#8211; datech. Podstata \u017eurnalistick\u00e9 pr\u00e1ce v p\u0159\u00edpad\u011b datov\u00e9 \u017eurnalistiky spo\u010d\u00edv\u00e1 ve vyhled\u00e1n\u00ed dat, v jejich anal\u00fdze, vizualizaci a [&hellip;]<\/p>\n","protected":false},"author":2,"featured_media":0,"comment_status":"open","ping_status":"open","sticky":true,"template":"","format":"standard","meta":[],"categories":[8],"tags":[],"_links":{"self":[{"href":"https:\/\/obcanskymonitoring.cz\/index.php?rest_route=\/wp\/v2\/posts\/1571"}],"collection":[{"href":"https:\/\/obcanskymonitoring.cz\/index.php?rest_route=\/wp\/v2\/posts"}],"about":[{"href":"https:\/\/obcanskymonitoring.cz\/index.php?rest_route=\/wp\/v2\/types\/post"}],"author":[{"embeddable":true,"href":"https:\/\/obcanskymonitoring.cz\/index.php?rest_route=\/wp\/v2\/users\/2"}],"replies":[{"embeddable":true,"href":"https:\/\/obcanskymonitoring.cz\/index.php?rest_route=%2Fwp%2Fv2%2Fcomments&post=1571"}],"version-history":[{"count":0,"href":"https:\/\/obcanskymonitoring.cz\/index.php?rest_route=\/wp\/v2\/posts\/1571\/revisions"}],"wp:attachment":[{"href":"https:\/\/obcanskymonitoring.cz\/index.php?rest_route=%2Fwp%2Fv2%2Fmedia&parent=1571"}],"wp:term":[{"taxonomy":"category","embeddable":true,"href":"https:\/\/obcanskymonitoring.cz\/index.php?rest_route=%2Fwp%2Fv2%2Fcategories&post=1571"},{"taxonomy":"post_tag","embeddable":true,"href":"https:\/\/obcanskymonitoring.cz\/index.php?rest_route=%2Fwp%2Fv2%2Ftags&post=1571"}],"curies":[{"name":"wp","href":"https:\/\/api.w.org\/{rel}","templated":true}]}}