{"id":1735,"date":"2014-02-08T07:47:37","date_gmt":"2014-02-08T07:47:37","guid":{"rendered":"http:\/\/obcanskymonitoring.cz\/?p=1735"},"modified":"2014-02-08T15:29:34","modified_gmt":"2014-02-08T15:29:34","slug":"zit-a-nechat-zit-brnensky-magistrat-nechal-vypnout-facebookovou-stranku-zit-brno","status":"publish","type":"post","link":"https:\/\/obcanskymonitoring.cz\/?p=1735","title":{"rendered":"Brrrr!!! NO!!! Brn\u011bnsk\u00fd magistr\u00e1t nechal vypnout facebookovou str\u00e1nku \u017d\u00edt Brno"},"content":{"rendered":"<div class=\"pvc_clear\"><\/div>\n<p class=\"pvc_stats total_only \" data-element-id=\"1735\" style=\"\"><i class=\"pvc-stats-icon medium\" aria-hidden=\"true\"><svg xmlns=\"http:\/\/www.w3.org\/2000\/svg\" version=\"1.0\" viewBox=\"0 0 502 315\" preserveAspectRatio=\"xMidYMid meet\"><g transform=\"translate(0,332) scale(0.1,-0.1)\" fill=\"\" stroke=\"none\"><path d=\"M2394 3279 l-29 -30 -3 -207 c-2 -182 0 -211 15 -242 39 -76 157 -76 196 0 15 31 17 60 15 243 l-3 209 -33 29 c-26 23 -41 29 -80 29 -41 0 -53 -5 -78 -31z\"\/><path d=\"M3085 3251 c-45 -19 -58 -50 -96 -229 -47 -217 -49 -260 -13 -295 52 -53 146 -42 177 20 16 31 87 366 87 410 0 70 -86 122 -155 94z\"\/><path d=\"M1751 3234 c-13 -9 -29 -31 -37 -50 -12 -29 -10 -49 21 -204 19 -94 39 -189 45 -210 14 -50 54 -80 110 -80 34 0 48 6 76 34 21 21 34 44 34 59 0 14 -18 113 -40 219 -37 178 -43 195 -70 221 -36 32 -101 37 -139 11z\"\/><path d=\"M1163 3073 c-36 -7 -73 -59 -73 -102 0 -56 133 -378 171 -413 34 -32 83 -37 129 -13 70 36 67 87 -16 290 -86 209 -89 214 -129 231 -35 14 -42 15 -82 7z\"\/><path d=\"M3689 3066 c-15 -9 -33 -30 -42 -48 -48 -103 -147 -355 -147 -375 0 -98 131 -148 192 -74 13 15 57 108 97 206 80 196 84 226 37 273 -30 30 -99 39 -137 18z\"\/><path d=\"M583 2784 c-38 -19 -67 -74 -58 -113 9 -42 211 -354 242 -373 16 -10 45 -18 66 -18 51 0 107 52 107 100 0 39 -1 41 -124 234 -80 126 -108 162 -133 173 -41 17 -61 16 -100 -3z\"\/><path d=\"M4250 2784 c-14 -9 -74 -91 -133 -183 -95 -150 -107 -173 -107 -213 0 -55 33 -94 87 -104 67 -13 90 8 211 198 130 202 137 225 78 284 -27 27 -42 34 -72 34 -22 0 -50 -8 -64 -16z\"\/><path d=\"M2275 2693 c-553 -48 -1095 -270 -1585 -649 -135 -104 -459 -423 -483 -476 -23 -49 -22 -139 2 -186 73 -142 361 -457 571 -626 285 -228 642 -407 990 -497 242 -63 336 -73 660 -74 310 0 370 5 595 52 535 111 1045 392 1455 803 122 121 250 273 275 326 19 41 19 137 0 174 -41 79 -309 363 -465 492 -447 370 -946 591 -1479 653 -113 14 -422 18 -536 8z m395 -428 c171 -34 330 -124 456 -258 112 -119 167 -219 211 -378 27 -96 24 -300 -5 -401 -72 -255 -236 -447 -474 -557 -132 -62 -201 -76 -368 -76 -167 0 -236 14 -368 76 -213 98 -373 271 -451 485 -162 444 86 934 547 1084 153 49 292 57 452 25z m909 -232 c222 -123 408 -262 593 -441 76 -74 138 -139 138 -144 0 -16 -233 -242 -330 -319 -155 -123 -309 -223 -461 -299 l-81 -41 32 46 c18 26 49 83 70 128 143 306 141 649 -6 957 -25 52 -61 116 -79 142 l-34 47 45 -20 c26 -10 76 -36 113 -56z m-2057 25 c-40 -58 -105 -190 -130 -263 -110 -324 -59 -707 132 -981 25 -35 42 -64 37 -64 -19 0 -241 119 -326 174 -188 122 -406 314 -532 468 l-58 71 108 103 c185 178 428 349 672 473 66 33 121 60 123 61 2 0 -10 -19 -26 -42z\"\/><path d=\"M2375 1950 c-198 -44 -350 -190 -395 -379 -18 -76 -8 -221 19 -290 114 -284 457 -406 731 -260 98 52 188 154 231 260 27 69 37 214 19 290 -38 163 -166 304 -326 360 -67 23 -215 33 -279 19z\"\/><\/g><\/svg><\/i> &nbsp;1,091&nbsp;total views<\/p>\n<div class=\"pvc_clear\"><\/div>\n<p><a href=\"http:\/\/obcanskymonitoring.cz\/wp-content\/uploads\/2014\/02\/Zit_Brno.jpg\"><img loading=\"lazy\" class=\"alignnone size-full wp-image-1761\" alt=\"Zit_Brno\" src=\"http:\/\/obcanskymonitoring.cz\/wp-content\/uploads\/2014\/02\/Zit_Brno.jpg\" width=\"269\" height=\"158\" \/><\/a><\/p>\n<p>A\u010dkoliv zem\u0159el <a href=\"http:\/\/cs.wikipedia.org\/wiki\/Vasil_Bi%C4%BEak\">Vasil Bi\u013eak<\/a>, n\u011bkter\u00e9 v\u011bci se v \u010cesku z\u0159ejm\u011b nem\u011bn\u00ed.\u00a0Brn\u011bnsk\u00fd magistr\u00e1t nechal v p\u00e1tek 8.2. 2014 (c\u00edt\u00edte tu numerologickou symboliku ud\u00e1losti) prost\u0159ednictv\u00edm magistr\u00e1tn\u00edho pr\u00e1vn\u00edka <a href=\"http:\/\/www.brno.cz\/sprava-mesta\/magistrat-mesta-brna\/kancelar-primatora-mesta-brna\/\">Mgr. Jakuba Geislera<\/a>\u00a0(Vedouc\u00ed odd\u011blen\u00ed marketingov\u00e9ho a ekonomick\u00e9ho na Magistr\u00e1t\u011b m\u011bsta Brna)\u00a0uzav\u0159\u00edt facebookovou str\u00e1nku \u017d\u00edt Brno, kterou sledovalo v\u00edce ne\u017e 17.000 fanou\u0161k\u016f.<\/p>\n<p>Za uchechtnut\u00ed ostatn\u011b stoj\u00ed i slovn\u00ed spojen\u00ed &#8220;<em>odd\u011blen\u00ed marketingov\u00e9 a ekonomick\u00e9<\/em>&#8220;. Co je vlastn\u011b oblast\u00ed z\u00e1jmu tohoto odd\u011blen\u00ed? Marketing, tzn. propagace? Nebo spr\u00e1va financ\u00ed m\u011bsta? Oboj\u00ed je v pod\u00e1n\u00ed brn\u011bnsk\u00e9ho magistr\u00e1tu tot\u00e9\u017e? Po v\u010derej\u0161\u00edm dni u\u017e to v\u00edme. Skute\u010dn\u00fdm c\u00edlem tohoto odd\u011blen\u00ed je boj se studenty recesisty.<\/p>\n<p><!--more--><\/p>\n<p><a href=\"http:\/\/www.zitbrno.cz\/\">\u017d\u00edt Brno<\/a> je recesistick\u00fd webov\u00fd projekt, kter\u00fd si utahoval z brn\u011bnsk\u00e9 radnice &#8211; z \u00fazemn\u00edho pl\u00e1nu, ze z\u00e1m\u011bru nahradit brn\u011bnsk\u00fd Zeln\u00fd trh parkovi\u0161ti a dal\u0161\u00edmi geni\u00e1ln\u00edmi n\u00e1vrhy brn\u011bnsk\u00fdch developer\u016f a jejich politik\u016f a jejich\u00a0\u00fa\u0159edn\u00edk\u016f.<\/p>\n<p>Zd\u016fvodn\u011bn\u00ed vypnut\u00ed facebookov\u00e9 str\u00e1nky? Po\u0161kozen\u00ed pr\u00e1v t\u0159et\u00edch stran. Tzn. dozv\u00edd\u00e1me se, \u017ee krom\u011b mal\u00e9 strany a velk\u00e9 strany existuj\u00ed je\u0161t\u011b t\u0159et\u00ed strany. T\u011bmito t\u0159et\u00edmi stranami jsou z\u0159ejm\u011b vl\u00e1dnouc\u00ed strany na brn\u011bnsk\u00e9m magistr\u00e1tu. A jejich pr\u00e1va byla po\u0161kozena natolik, \u017ee bylo z\u0159ejm\u011b nezbytn\u00e9 pr\u00e1vn\u00edmi kroky p\u0159istoupili ke zni\u010den\u00ed facebookov\u00e9 str\u00e1nky brn\u011bnsk\u00fdch recesist\u016f.<\/p>\n<p>V reakci na ofici\u00e1ln\u00ed vypnut\u00ed str\u00e1nky pohotov\u011b vznikla nov\u00e1 str\u00e1nka &#8220;<a href=\"https:\/\/www.facebook.com\/ZitBrnoRIP?fref=ts\">\u017d\u00edt Brno RIP<\/a>&#8220;, kter\u00e1 b\u011bhem n\u011bkolika sekund nabrala stovky fanou\u0161k\u016f. Vypnut\u00ed je dokumentov\u00e1no recesistick\u00fdm videem <a href=\"http:\/\/www.youtube.com\/watch?v=7URFqxZeyV4&amp;feature=youtu.be\">Ne\u017e\u00edt Brno<\/a>, kde je z\u00e1rove\u0148 zdokumentov\u00e1no, \u017ee za vypnut\u00edm obl\u00edben\u00e9 facebookov\u00e9 str\u00e1nky stoj\u00ed magistr\u00e1tn\u00ed \u00fa\u0159edn\u00edci, kte\u0159\u00ed v pracovn\u00ed dob\u011b, nam\u00edsto pln\u011bn\u00ed sv\u00fdch pracovn\u00edch povinnost\u00ed, si \u0161kol\u00e1ck\u00fdm zp\u016fsobem vy\u0159izuj\u00ed \u00fa\u010dty se studenty a recesisty.<\/p>\n<p>Nesta\u010d\u00ed, \u017ee jsme na ka\u017ed\u00e9m kroku okr\u00e1d\u00e1ni? U\u017e si nem\u016f\u017eeme ani d\u011blat srandu?! Brrr!!! NO!!!<\/p>\n<p><a href=\"http:\/\/www.romanonderka.cz\/\">Jj, Brno zjevn\u011b nen\u00ed jen m\u011bsto. Je to \u017eivotn\u00ed styl.<\/a><\/p>\n<p><strong>Co m\u016f\u017eeme ud\u011blat?<\/strong><\/p>\n<p>Napi\u0161me brn\u011bnsk\u00e9mu magistr\u00e1tu, aby svou \u017e\u00e1dost o zru\u0161en\u00ed facebookov\u00e9 str\u00e1nky &#8220;\u017d\u00edt Brno&#8221; odvolal.\u00a0M\u016f\u017eete poslat nap\u0159\u00edklad n\u00e1sleduj\u00edc\u00ed mail:<\/p>\n<p><em>&#8220;Protestuji proti sv\u00e9voln\u00e9mu a \u0161kol\u00e1ck\u00e9mu zni\u010den\u00ed str\u00e1nky \u017d\u00edt Brno a \u017e\u00e1d\u00e1m, aby Magistr\u00e1t m\u011bsta Brna svou \u017e\u00e1dost st\u00e1hl. Magistr\u00e1tn\u00ed \u00fa\u0159edn\u00edci \u00a0a zejm\u00e9na pr\u00e1vn\u00ed odbor magistr\u00e1tu m\u011bsta Brna by se m\u011bl v pracovn\u00ed dob\u011b zab\u00fdvat zcela jin\u00fdmi probl\u00e9my a prioritami ne\u017e jsou studentsk\u00e9 recesistick\u00e9 weby. \u00a0Brno m\u00e1 dost jin\u00fdch probl\u00e9m\u016f, kter\u00e9 by m\u011blo b\u00fdt prioritou \u0159e\u0161it. Nap\u0159\u00edklad extr\u00e9mn\u00ed p\u0159edlu\u017een\u00ed m\u011bsta Brna. Ano, Brno m\u00e1 dluh jako Brno.\u00a0<a href=\"http:\/\/brnensky.denik.cz\/zpravy_region\/brno-je-nejzadluzenejsi-okresni-mesto-v-kraji-20121117.html\">K<\/a><a href=\"http:\/\/brnensky.denik.cz\/zpravy_region\/brno-je-nejzadluzenejsi-okresni-mesto-v-kraji-20121117.html\">a\u017ed\u00fd Br\u0148an, v\u010detn\u011b kojenc\u016f, m\u00e1 na sv\u00e9 hlav\u011b \u00a0magistr\u00e1tn\u00ed dluh p\u0159esahuj\u00edc\u00ed 14.000 K\u010d.<\/a>&#8220;<\/em>\u00a0na tyto <a href=\"http:\/\/www.brno.cz\/sprava-mesta\/magistrat-mesta-brna\/kancelar-primatora-mesta-brna\/\">adresy.<\/a><\/p>\n<p><a href=\"https:\/\/www.facebook.com\/zitbrno2?fref=ts\">Kdo m\u00e1te Facebook,\u00a0podpo\u0159te na facebooku str\u00e1nku \u017d\u00edt Brno, nech\u0165 b\u011bhem kr\u00e1tk\u00e9 doby z\u00edsk\u00e1 n\u00e1sobn\u011b v\u011bt\u0161\u00ed po\u010det fanou\u0161k\u016f ne\u017e m\u011bla str\u00e1nka p\u0159ede\u0161l\u00e1.<\/a><\/p>\n<p>A kdo m\u00e1te v ob\u010dance Brno a v\u011bk &gt; 18 let, volte pros\u00edm jin\u00e9 ne\u017e t\u0159et\u00ed strany, kter\u00e9 se c\u00edt\u00ed b\u00fdt po\u0161kozeny recesistick\u00fdm webem a ch\u0159est\u00ed paragrafy a cenzuruj\u00ed a zakazuj\u00ed webov\u00e9 str\u00e1nky.<\/p>\n<p>&nbsp;<\/p>\n<p>Edit:<\/p>\n<p><a href=\"http:\/\/www.lupa.cz\/clanky\/zit-brno-uz-na-facebooku-nenajdete-magistrat-objevil-nove-triky\/\">\u010cl\u00e1nek k tomuto t\u00e9matu na na Lup\u011b:\u00a0\u017d\u00edt Brno u\u017e na Facebooku nenajdete, magistr\u00e1t objevil nov\u00e9 triky<\/a><\/p>\n<div data-counters='1' data-style='square' data-size='regular' data-url='https:\/\/obcanskymonitoring.cz\/?p=1735' data-title='Brrrr!!! NO!!! Brn\u011bnsk\u00fd magistr\u00e1t nechal vypnout facebookovou str\u00e1nku \u017d\u00edt Brno' class='linksalpha_container linksalpha_app_3'><a href='\/\/www.linksalpha.com\/share?network='facebook' class='linksalpha_icon_facebook'><\/a><a href='\/\/www.linksalpha.com\/share?network='twitter' class='linksalpha_icon_twitter'><\/a><a href='\/\/www.linksalpha.com\/share?network='googleplus' class='linksalpha_icon_googleplus'><\/a><a href='\/\/www.linksalpha.com\/share?network='mail' class='linksalpha_icon_mail'><\/a><\/div><div data-position='' data-url='https:\/\/obcanskymonitoring.cz\/?p=1735' data-title='Brrrr!!! NO!!! Brn\u011bnsk\u00fd magistr\u00e1t nechal vypnout facebookovou str\u00e1nku \u017d\u00edt Brno' class='linksalpha_container linksalpha_app_7'><a href='\/\/www.linksalpha.com\/share?network='facebook' class='linksalpha_icon_facebook'><\/a><a href='\/\/www.linksalpha.com\/share?network='twitter' class='linksalpha_icon_twitter'><\/a><a href='\/\/www.linksalpha.com\/share?network='googleplus' class='linksalpha_icon_googleplus'><\/a><a href='\/\/www.linksalpha.com\/share?network='mail' class='linksalpha_icon_mail'><\/a><\/div>","protected":false},"excerpt":{"rendered":"<p>&nbsp;1,091&nbsp;total views A\u010dkoliv zem\u0159el Vasil Bi\u013eak, n\u011bkter\u00e9 v\u011bci se v \u010cesku z\u0159ejm\u011b nem\u011bn\u00ed.\u00a0Brn\u011bnsk\u00fd magistr\u00e1t nechal v p\u00e1tek 8.2. 2014 (c\u00edt\u00edte tu numerologickou symboliku ud\u00e1losti) prost\u0159ednictv\u00edm magistr\u00e1tn\u00edho pr\u00e1vn\u00edka Mgr. Jakuba Geislera\u00a0(Vedouc\u00ed odd\u011blen\u00ed marketingov\u00e9ho a ekonomick\u00e9ho na Magistr\u00e1t\u011b m\u011bsta Brna)\u00a0uzav\u0159\u00edt facebookovou str\u00e1nku \u017d\u00edt Brno, kterou sledovalo v\u00edce ne\u017e 17.000 fanou\u0161k\u016f. Za uchechtnut\u00ed ostatn\u011b stoj\u00ed i slovn\u00ed spojen\u00ed [&hellip;]<\/p>\n","protected":false},"author":2,"featured_media":0,"comment_status":"open","ping_status":"open","sticky":true,"template":"","format":"standard","meta":[],"categories":[10,20],"tags":[],"_links":{"self":[{"href":"https:\/\/obcanskymonitoring.cz\/index.php?rest_route=\/wp\/v2\/posts\/1735"}],"collection":[{"href":"https:\/\/obcanskymonitoring.cz\/index.php?rest_route=\/wp\/v2\/posts"}],"about":[{"href":"https:\/\/obcanskymonitoring.cz\/index.php?rest_route=\/wp\/v2\/types\/post"}],"author":[{"embeddable":true,"href":"https:\/\/obcanskymonitoring.cz\/index.php?rest_route=\/wp\/v2\/users\/2"}],"replies":[{"embeddable":true,"href":"https:\/\/obcanskymonitoring.cz\/index.php?rest_route=%2Fwp%2Fv2%2Fcomments&post=1735"}],"version-history":[{"count":0,"href":"https:\/\/obcanskymonitoring.cz\/index.php?rest_route=\/wp\/v2\/posts\/1735\/revisions"}],"wp:attachment":[{"href":"https:\/\/obcanskymonitoring.cz\/index.php?rest_route=%2Fwp%2Fv2%2Fmedia&parent=1735"}],"wp:term":[{"taxonomy":"category","embeddable":true,"href":"https:\/\/obcanskymonitoring.cz\/index.php?rest_route=%2Fwp%2Fv2%2Fcategories&post=1735"},{"taxonomy":"post_tag","embeddable":true,"href":"https:\/\/obcanskymonitoring.cz\/index.php?rest_route=%2Fwp%2Fv2%2Ftags&post=1735"}],"curies":[{"name":"wp","href":"https:\/\/api.w.org\/{rel}","templated":true}]}}