{"id":1811,"date":"2014-02-21T15:47:53","date_gmt":"2014-02-21T15:47:53","guid":{"rendered":"http:\/\/obcanskymonitoring.cz\/?p=1811"},"modified":"2014-03-26T11:09:26","modified_gmt":"2014-03-26T11:09:26","slug":"jiri-georg-gebert-petice-obcanu-proti-stavbe-letna-office-park","status":"publish","type":"post","link":"https:\/\/obcanskymonitoring.cz\/?p=1811","title":{"rendered":"Ji\u0159\u00ed Georg Gebert: Petice ob\u010dan\u016f proti stavb\u011b LETN\u00c1 OFFICE PARK"},"content":{"rendered":"<div class=\"pvc_clear\"><\/div>\n<p class=\"pvc_stats total_only \" data-element-id=\"1811\" style=\"\"><i class=\"pvc-stats-icon medium\" aria-hidden=\"true\"><svg xmlns=\"http:\/\/www.w3.org\/2000\/svg\" version=\"1.0\" viewBox=\"0 0 502 315\" preserveAspectRatio=\"xMidYMid meet\"><g transform=\"translate(0,332) scale(0.1,-0.1)\" fill=\"\" stroke=\"none\"><path d=\"M2394 3279 l-29 -30 -3 -207 c-2 -182 0 -211 15 -242 39 -76 157 -76 196 0 15 31 17 60 15 243 l-3 209 -33 29 c-26 23 -41 29 -80 29 -41 0 -53 -5 -78 -31z\"\/><path d=\"M3085 3251 c-45 -19 -58 -50 -96 -229 -47 -217 -49 -260 -13 -295 52 -53 146 -42 177 20 16 31 87 366 87 410 0 70 -86 122 -155 94z\"\/><path d=\"M1751 3234 c-13 -9 -29 -31 -37 -50 -12 -29 -10 -49 21 -204 19 -94 39 -189 45 -210 14 -50 54 -80 110 -80 34 0 48 6 76 34 21 21 34 44 34 59 0 14 -18 113 -40 219 -37 178 -43 195 -70 221 -36 32 -101 37 -139 11z\"\/><path d=\"M1163 3073 c-36 -7 -73 -59 -73 -102 0 -56 133 -378 171 -413 34 -32 83 -37 129 -13 70 36 67 87 -16 290 -86 209 -89 214 -129 231 -35 14 -42 15 -82 7z\"\/><path d=\"M3689 3066 c-15 -9 -33 -30 -42 -48 -48 -103 -147 -355 -147 -375 0 -98 131 -148 192 -74 13 15 57 108 97 206 80 196 84 226 37 273 -30 30 -99 39 -137 18z\"\/><path d=\"M583 2784 c-38 -19 -67 -74 -58 -113 9 -42 211 -354 242 -373 16 -10 45 -18 66 -18 51 0 107 52 107 100 0 39 -1 41 -124 234 -80 126 -108 162 -133 173 -41 17 -61 16 -100 -3z\"\/><path d=\"M4250 2784 c-14 -9 -74 -91 -133 -183 -95 -150 -107 -173 -107 -213 0 -55 33 -94 87 -104 67 -13 90 8 211 198 130 202 137 225 78 284 -27 27 -42 34 -72 34 -22 0 -50 -8 -64 -16z\"\/><path d=\"M2275 2693 c-553 -48 -1095 -270 -1585 -649 -135 -104 -459 -423 -483 -476 -23 -49 -22 -139 2 -186 73 -142 361 -457 571 -626 285 -228 642 -407 990 -497 242 -63 336 -73 660 -74 310 0 370 5 595 52 535 111 1045 392 1455 803 122 121 250 273 275 326 19 41 19 137 0 174 -41 79 -309 363 -465 492 -447 370 -946 591 -1479 653 -113 14 -422 18 -536 8z m395 -428 c171 -34 330 -124 456 -258 112 -119 167 -219 211 -378 27 -96 24 -300 -5 -401 -72 -255 -236 -447 -474 -557 -132 -62 -201 -76 -368 -76 -167 0 -236 14 -368 76 -213 98 -373 271 -451 485 -162 444 86 934 547 1084 153 49 292 57 452 25z m909 -232 c222 -123 408 -262 593 -441 76 -74 138 -139 138 -144 0 -16 -233 -242 -330 -319 -155 -123 -309 -223 -461 -299 l-81 -41 32 46 c18 26 49 83 70 128 143 306 141 649 -6 957 -25 52 -61 116 -79 142 l-34 47 45 -20 c26 -10 76 -36 113 -56z m-2057 25 c-40 -58 -105 -190 -130 -263 -110 -324 -59 -707 132 -981 25 -35 42 -64 37 -64 -19 0 -241 119 -326 174 -188 122 -406 314 -532 468 l-58 71 108 103 c185 178 428 349 672 473 66 33 121 60 123 61 2 0 -10 -19 -26 -42z\"\/><path d=\"M2375 1950 c-198 -44 -350 -190 -395 -379 -18 -76 -8 -221 19 -290 114 -284 457 -406 731 -260 98 52 188 154 231 260 27 69 37 214 19 290 -38 163 -166 304 -326 360 -67 23 -215 33 -279 19z\"\/><\/g><\/svg><\/i> &nbsp;1,734&nbsp;total views<\/p>\n<div class=\"pvc_clear\"><\/div>\n<p>Ob\u010dansk\u00fd monitoring se p\u0159ipojuje k otev\u0159en\u00e9mu dopisu p\u0159edsedy ob\u010dansk\u00e9ho sdru\u017een\u00ed \u201eBubene\u010d sob\u011b\u201c. Zaslali jsme jej datovou schr\u00e1nkou s dov\u011btkem, \u017ee se se stanoviskem pln\u011b ztoto\u017e\u0148ujeme.<\/p>\n<p><!--more--><\/p>\n<p><a href=\"http:\/\/obcanskymonitoring.cz\/wp-content\/uploads\/2014\/02\/Sn\u00edmek18.jpg\"><img loading=\"lazy\" class=\"alignnone size-medium wp-image-1812\" alt=\"Sn\u00edmek18\" src=\"http:\/\/obcanskymonitoring.cz\/wp-content\/uploads\/2014\/02\/Sn\u00edmek18-300x225.jpg\" width=\"300\" height=\"225\" srcset=\"https:\/\/obcanskymonitoring.cz\/wp-content\/uploads\/2014\/02\/Sn\u00edmek18-300x225.jpg 300w, https:\/\/obcanskymonitoring.cz\/wp-content\/uploads\/2014\/02\/Sn\u00edmek18.jpg 960w\" sizes=\"(max-width: 300px) 100vw, 300px\" \/><\/a><a href=\"http:\/\/obcanskymonitoring.cz\/wp-content\/uploads\/2014\/02\/Sn\u00edmek16.jpg\"><img loading=\"lazy\" class=\"alignnone size-medium wp-image-1813\" alt=\"Sn\u00edmek16\" src=\"http:\/\/obcanskymonitoring.cz\/wp-content\/uploads\/2014\/02\/Sn\u00edmek16-300x225.jpg\" width=\"300\" height=\"225\" srcset=\"https:\/\/obcanskymonitoring.cz\/wp-content\/uploads\/2014\/02\/Sn\u00edmek16-300x225.jpg 300w, https:\/\/obcanskymonitoring.cz\/wp-content\/uploads\/2014\/02\/Sn\u00edmek16.jpg 960w\" sizes=\"(max-width: 300px) 100vw, 300px\" \/><\/a><\/p>\n<p><!--more--><\/p>\n<p>&nbsp;<\/p>\n<p>Ob\u010dansk\u00e9 sdru\u017een\u00ed Buben\u010d sob\u011b podalo Petici s\u00a0skoro 3000 podpisy na Radnici Prahy 6 a pra\u017esk\u00fd Magistr\u00e1t.<\/p>\n<p>Podepsali nejen pra\u017ean\u00e9, ale i lid\u00e9 z\u00a0cel\u00e9 republiky.Tentokr\u00e1t jde opravdu o likvidaci<\/p>\n<p>samotn\u00e9ho charakteru Pra\u017esk\u00e9 vltavsk\u00e9 terasy, kter\u00e1 je v\u00a0obraze m\u011bsta nerozd\u011bliteln\u011b sv\u00e1zan\u00e1 s Pra\u017esk\u00fdm hradem.. Nab\u00eddnout ji\u00a0 jako lukrativn\u00ed developerskou p\u0159\u00edle\u017eitost je v\u00a0rozporu s\u00a0ve\u0159ejn\u00fdm z\u00e1jmem i ochranou jedine\u010dn\u00e9ho obrazu pam\u00e1tkov\u00e9 zony i s\u00a0tradi\u010dn\u00edm svobodn\u00fdm vyu\u017eit\u00edm pro\u00a0 voln\u00fd \u010das , sport a rekreaci.<\/p>\n<p>Tunel Blanka je ten trojsk\u00e1 k\u016f\u0148, kter\u00fd\u00a0 p\u0159ivede dopravu na Letnou a do gar\u00e1\u017e\u00ed pod Letnou pak se jen \u010dek\u00e1 na investora pro p\u0159ipraven\u00e9 uzem\u00ed.<\/p>\n<p>Takovou politickou\u00a0 nab\u00eddku, developer nedovede odm\u00edtnout.<\/p>\n<p>Proto jako ob\u010dan\u00e9 tvrd\u00edme, \u017ee m\u00e1me co \u0159\u00edci k\u00a0tomu jak budou kl\u00ed\u010dov\u00e9 lokality Metropole a chlouby \u010ceska vypadat a i k\u00a0tomu, jak politick\u00e1 reprezentace, spr\u00e1va m\u011bsta a pam\u00e1tkov\u00e9 \u00fa\u0159ady um\u00ed dost\u00e1t sv\u00e9 povinnosti m\u011bsto zlep\u0161ovat i chr\u00e1nit.<\/p>\n<p>Stoj\u00ed si za to p\u0159e\u010d\u00edst pr\u016fvodn\u00ed zpr\u00e1vu arch. B\u00edlka k projektu Administrativn\u00edho centra a uvid\u00edte, \u017ee architektura je stejn\u011b jako komunizmus ideologie, kter\u00e1 V\u00e1m dok\u00e1\u017ee nakecat cokoli si vzpomene.<\/p>\n<p>Arch. B\u00edlek, p\u0159edkl\u00e1d\u00e1 Institutu pl\u00e1nov\u00e1n\u00ed a rozvoje Prahy, doc. Romanu Koutsk\u00e9mu, nov\u00fd n\u00e1vrh, kter\u00fd dokl\u00e1d\u00e1 kod vyu\u017eit\u00ed \u00fazem\u00ed, p\u0159esto, \u017ee celkovou u\u017eitnou plochu objektu zvy\u0161uje na celkem 68 tis\u00edc.m2. Z toho nadzemn\u00edch &#8220;jen&#8221; 39 920. Je ot\u00e1zkou jak a kdy byl kod vyu\u017eit\u00ed \u00fazem\u00ed stavoven a jak\u00fdm rozhodnut\u00edm do\u0161lo k zm\u011bn\u011b vyu\u017eit\u00ed pozemk\u016f s mo\u017enost\u00ed deregulace v\u00fd\u0161ky objekt\u016f.<\/p>\n<p>Ca 300 m dlouh\u00e1 fas\u00e1da je rozd\u011blena na 6 plo\u0161n\u00fdch element\u016f &#8220;ve smyslu zmen\u0161en\u00ed m\u011b\u0159\u00edtka stavby&#8221; Cituji &#8220;sm\u011brem k drobn\u011bj\u0161\u00ed vilov\u00e9 z\u00e1stavb\u011b p\u0159\u00edzniv\u011b opticky zmen\u0161uj\u00ed celkov\u00e9 m\u011b\u0159\u00edtko&#8221;.<\/p>\n<p>No posudte sami.<\/p>\n<p>P\u0159ipome\u0148me St\u00e1tn\u00edmu \u00fastavu pam\u00e1tkov\u00e9 p\u00e9\u010de , \u017ee se objekt nach\u00e1z\u00ed v \u201epam\u00e1tkov\u00e9 zon\u011b Budene\u010d, Dejvice Horn\u00ed Hole\u0161ovice\u201c, a p\u0159edpol\u00ed Letensk\u00e9 pl\u00e1n\u011b je ve vizualn\u00edm kontaktu s necel\u00fd kilometr vzd\u00e1len\u00fdm komplexem Pra\u017esk\u00e9ho hradu. Vizualizace \u010d.2 ukazuje jakou um\u011blou barieru p\u0159edstavuje mezi vilovou z\u00e1stavbou \u0160pejcharu a Buben\u010de. Chyb\u00ed z\u00e1b\u011br ukazuj\u00edc\u00ed vztah kl\u00e1dy objektu k panoramatu Pra\u017esk\u00e9ho hradu z ulice. Pta\u010d\u00ed perspektiva se z\u00e1b\u011brem Hradu je cilen\u011b rozost\u0159ena a volbou objektivu odli\u0161n\u00e9mu lidsk\u00e9mu oku je tak vizueln\u011b hrad vzd\u00e1len. (18) .<\/p>\n<p>Projekt se stav\u00ed na m\u00edst\u011b 6 historick\u00fdch vil podle\u00a0 t\u0159\u00eddy Milady Hor\u00e1kov\u00e9. Jedna byla ji\u017e zbo\u0159ena, dv\u011b jsou soustavn\u011b na demolici p\u0159ipravov\u00e1ny zanedb\u00e1n\u00edm p\u00e9\u010de dobr\u00e9ho hospod\u00e1\u0159e majitelem a dal\u0161\u00ed 3 vily, nyn\u00ed v\u00a0pou\u017e\u00edv\u00e1n\u00ed\u00a0 \u010dek\u00e1 demolice jako \u201eobjekty mor\u00e1ln\u011b p\u0159e\u017eil\u00e9\u201c. Takov\u00e1 terminologie i monopol \u00fa\u0159edn\u00edho v\u00fdkladu jsou\u00a0 p\u0159evzat\u00e9 z totalitn\u00ed praxe a jsou odborn\u011b neudr\u017eiteln\u00e9. Jak dalece je z\u00e1stavba v\u00a0souladu s\u00a0principem zahu\u0161tov\u00e1n\u00ed ponech\u00e1v\u00e1 Metropolitn\u00ed pl\u00e1n na M\u011bstsk\u00e9 \u010d\u00e1sti, \u00a0kter\u00e1 ale dosud vid\u00ed rozvoj m\u011bsta jen jako developerskou slu\u017ebu. M\u016f\u017eeme pr\u00e1vem p\u0159edpokl\u00e1dat, \u017ee B\u00e9mova a Chalupova koncepce Blanky, po\u010ditala ji\u017e se z\u00e1stavbou Letn\u00e9, jak ostatn\u011b dokl\u00e1daj\u00ed i dokon\u010dovan\u00e9, nyn\u00ed zd\u00e1nliv\u011b nepot\u0159ebn\u00e9 velkokapacitn\u00ed gar\u00e1\u017ee pod Letenskou pl\u00e1n\u00ed. Stavba je pop\u0159en\u00edm z\u00e1sad ochrany pam\u00e1tkov\u00fdch zon. Selh\u00e1n\u00ed se t\u00fdk\u00e1 nejen p\u0159ipravovan\u00e9 v\u00fdstavby, ale i ji\u017e hotov\u00e9ho \u00a0velkoplo\u0161n\u00e9ho\u00a0 \u201ezabetonov\u00e1n\u00ed\u201c plochy Letensk\u00e9 pl\u00e1n\u011b nyn\u00ed ohra\u017een\u00e9 staveni\u0161t\u011bm Metroprojektu. V\u00fdjezdy Blanky se stanou celom\u011bstsk\u00fdmi neuralick\u00fdmi dopravn\u00edmi m\u00edsty Prahy. Nejen po fotbale, ale v\u00a0ka\u017ed\u00e9 dopravn\u00ed \u0161pi\u010dce provoz, plus auta z\u00a0velkokapacitn\u00edch gar\u00e1\u017e\u00ed ucpou \u00a0tunel i Letensk\u00e9 n\u00e1m\u011bst\u00ed. Jsou stavby, kter\u00e9 nikdy nem\u011bly vzniknout. Proto mus\u00edme t\u011bm dal\u0161\u00edm st\u016fj co st\u016fj zabr\u00e1nit.<\/p>\n<p>Vizualizace projektu s graficky o\u0161et\u0159en\u00fdm zrcadlen\u00edm chyt\u0159e p\u0159edst\u00edr\u00e1, \u017ee objekt je jen zrcadlov\u00fd obraz Letn\u00e9.<\/p>\n<p>Nev\u00edm kdo se chce radovat z toho,\u017ee 300 m dlouh\u00e1 kl\u00e1da stavby m\u00e1 jen 6 nadzemn\u00edch podla\u017e\u00ed +technick\u00e9 podlsa\u017e\u00ed. V 5 ti \u00a0podzemn\u00edch patrech jsou gar\u00e1\u017ee pro 560 st\u00e1n\u00ed a \u00fadajn\u011b techniku a sklady (\u010deho?) V\u00fdjezd z Blanky + gar\u00e1\u017ee n\u00e1m napov\u00eddaj\u00ed o \u00a0vyu\u017eit\u00ed pro n\u00e1v\u0161t\u011bvy n\u00e1kupn\u00edho centra, kter\u00e9 m\u00e1 vzniknout v\u00a0sousedstv\u00ed.<\/p>\n<p>Bla bla o velkom\u011bstsk\u00e9m bulv\u00e1ru (se sportovn\u00edm stadionem s tribunami) je developersk\u00e1\u00a0 poh\u00e1dka.Takov\u00e9 flan\u00fdrtov\u00e1n\u00ed kolem Sparty k Mac Donaldovi si jist\u011b nenech\u00e1 \u017e\u00e1dn\u00fd pra\u017ean uj\u00edt. Jak ale v\u00edme p\u0159ipravuje se z\u00e1m\u011br volnou plochu Letensk\u00e9 pl\u00e1n\u011b komercializovat a tak pro voln\u00e9 vyu\u017eit\u00ed likvidovat. Akce So\u010di-Letn\u00e1, p\u0159ipravuje ve\u0159ejnost na komercializaci \u00fazem\u00ed v\u00a0oplocen\u00fdch sektorech.<\/p>\n<p>Z\u00e1m\u011br celkov\u00e9ho zahu\u0161tov\u00e1n\u00ed pra\u017esk\u00e9 v\u00fdstavby, podle prim\u00e1tora a Magistr\u00e1tn\u00edho Institutu rozvoje Prahy \u00a0nen\u00ed pro tuto oblast nejen vhodn\u00fd ale je dvastuj\u00edc\u00ed. U objektu Administrativn\u00edho Centra mus\u00edme o\u010dek\u00e1vat problemy s\u00a0p\u0159ipravovan\u00fdm \u00a0roz\u0159\u00ed\u0159en\u00edm Bu\u0161t\u011bhradsk\u00e9 dr\u00e1hy na dvoukolejnou, kter\u00e1 bude mo\u017en\u00e1 jen z\u00e1borem \u010d\u00e1sti soukrom\u00fdch zahrad. \u00dadajn\u011b Lordship, jist\u011b \u201ebez v\u011bdom\u00ed\u201c kohokoli z\u00a0M\u010c :-((, chyst\u00e1 od S\u017dDC pron\u00e1jem prostoru nad \u017eelezni\u010dn\u00ed trat\u00ed. Je ot\u00e1zkou jak a kdy byl kod vyu\u017eit\u00ed \u00fazem\u00ed stavoven a jak\u00fdm rozhodnut\u00edm do\u0161lo k zm\u011bn\u011b vyu\u017eit\u00ed pozemk\u016f s mo\u017enost\u00ed deregulace v\u00fd\u0161ky objektu.<\/p>\n<p>Autorem projektu je B\u00cdLEK Ass, Firma na Radnici M\u010c velmi obl\u00edben\u00e1,<\/p>\n<p>B\u00edlek, b\u00fdval\u00fd prezident komory architekt\u016f, byl porotcem, vedle p\u0159edsedy poroty Chalupy, v uzav\u0159en\u00e9 sout\u011b\u017ei na Medv\u011bda-LINE, n\u00e1sledn\u011b zpracovatelem projektu 134 byt\u016f \u201eNa Dra\u010dk\u00e1ch\u201c pro SNEO a.s. v pln\u00e9m vlastnictv\u00ed M\u010c 6, a odtud k Lordshipu vede i kontakt, k Lordshipu.<\/p>\n<p>28.11. prezentovan\u00e1 studie se nerod\u00ed p\u0159es noc, ale trv\u00e1 m\u011bs\u00edce. Na sch\u016fzce s pan\u00ed starostkou Prahy 6, s\u00a0radn\u00edm ing Gebousk\u00fdm, u\u0159edn\u00edky ing. Ber\u00e1nkem a ing. Malot\u00ednem, dne 5.9.2013 se dostalo o.s. Bubene\u010d sob\u011b, uji\u0161t\u011bn\u00ed, \u017ee stavba nen\u00ed aktu\u00e1ln\u00ed. Toto tvrzen\u00ed se dnes jev\u00ed jako nev\u011brohodn\u00e9, ba u\u010delov\u011b zav\u00e1d\u011bj\u00edc\u00ed.<\/p>\n<p>Architekt B\u00edlek je d\u00fale\u017eit\u00fd \u010dlen komise rozvoje P6, Jeho okam\u017eit\u00e9 odstoupen\u00ed je v\u011bcn\u00fd po\u017eadavek z obavy o st\u0159et z\u00e1jm\u016f, d\u00e1le odstoupen\u00ed ing.Gebousk\u00e9ho odpov\u011bdn\u00e9ho za rozvoj , pokud nedojde ke zru\u0161en\u00ed pron\u00e1jmu nebo lease pozemk\u016f v n\u00e1jmu investora p\u010d.689\/1,689\/2,691\/1,691\/2 a 2043 v katastr\u00e1ln\u00edm uzem\u00ed Budene\u010d, na kter\u00fdch Lordship pl\u00e1nuje stavbu a pokud nedojde k oprav\u011b ch\u00e1traj\u00edc\u00edch vil.<\/p>\n<p>Na z\u00e1klad\u011b uveden\u00fdch skute\u010dnost\u00ed je projekt pro realizaci nevhodn\u00fd.<\/p>\n<p>Nov\u00fd projekt zpochyb\u0148uje samotn\u00e9 z\u00e1sady pam\u00e1tkov\u00e9 ochrany a udr\u017eiteln\u00e9ho rozvoje m\u011bsta. Objednat si souhlasn\u00fd posudek\u00a0 nen\u00ed pro developery problem.Je to problem d\u00fav\u011bryhodnosti placen\u00fdch \u201eodborn\u00edk\u016f\u201c.<\/p>\n<p>Zd\u00e1 se \u017ee jsme v\u00a0ka\u017edodenn\u00edm stresu ztratili p\u0159edstavu o kr\u00e1sn\u00e9m a obytn\u00e9m m\u011bst\u011b i mo\u017enost i schopnost\u00a0 se z\u00a0\u017eivota v\u00a0n\u011bm\u00a0 t\u011b\u0161it.<\/p>\n<p>Posuzov\u00e1n\u00ed tohoto stavebn\u00edho z\u00e1m\u011bru bude testem zda se samospr\u00e1vn\u00ed a spr\u00e1vn\u00ed rozhodov\u00e1n\u00ed \u00a0ji\u017e zcela roze\u0161lo s ve\u0159ejn\u00fdm z\u00e1jmem, ob\u010dansk\u00fdm i kulturn\u00edm.<\/p>\n<p>&nbsp;<\/p>\n<p>Ji\u0159\u00ed Georg Gebert<\/p>\n<p><a href=\"http:\/\/bubenecsobe.wordpress.com\">P\u0159edseda o.s. Bubene\u010d sob\u011b.<\/a><\/p>\n<p><a href=\"http:\/\/bubenecsobe.wordpress.com\/petic\/\">\u00a0Odkaz na petici je zde<\/a><\/p>\n<div data-counters='1' data-style='square' data-size='regular' data-url='https:\/\/obcanskymonitoring.cz\/?p=1811' data-title='Ji\u0159\u00ed Georg Gebert: Petice ob\u010dan\u016f proti stavb\u011b LETN\u00c1 OFFICE PARK' class='linksalpha_container linksalpha_app_3'><a href='\/\/www.linksalpha.com\/share?network='facebook' class='linksalpha_icon_facebook'><\/a><a href='\/\/www.linksalpha.com\/share?network='twitter' class='linksalpha_icon_twitter'><\/a><a href='\/\/www.linksalpha.com\/share?network='googleplus' class='linksalpha_icon_googleplus'><\/a><a href='\/\/www.linksalpha.com\/share?network='mail' class='linksalpha_icon_mail'><\/a><\/div><div data-position='' data-url='https:\/\/obcanskymonitoring.cz\/?p=1811' data-title='Ji\u0159\u00ed Georg Gebert: Petice ob\u010dan\u016f proti stavb\u011b LETN\u00c1 OFFICE PARK' class='linksalpha_container linksalpha_app_7'><a href='\/\/www.linksalpha.com\/share?network='facebook' class='linksalpha_icon_facebook'><\/a><a href='\/\/www.linksalpha.com\/share?network='twitter' class='linksalpha_icon_twitter'><\/a><a href='\/\/www.linksalpha.com\/share?network='googleplus' class='linksalpha_icon_googleplus'><\/a><a href='\/\/www.linksalpha.com\/share?network='mail' class='linksalpha_icon_mail'><\/a><\/div>","protected":false},"excerpt":{"rendered":"<p>&nbsp;1,734&nbsp;total views Ob\u010dansk\u00fd monitoring se p\u0159ipojuje k otev\u0159en\u00e9mu dopisu p\u0159edsedy ob\u010dansk\u00e9ho sdru\u017een\u00ed \u201eBubene\u010d sob\u011b\u201c. Zaslali jsme jej datovou schr\u00e1nkou s dov\u011btkem, \u017ee se se stanoviskem pln\u011b ztoto\u017e\u0148ujeme.<\/p>\n","protected":false},"author":2,"featured_media":0,"comment_status":"open","ping_status":"open","sticky":true,"template":"","format":"standard","meta":[],"categories":[10],"tags":[],"_links":{"self":[{"href":"https:\/\/obcanskymonitoring.cz\/index.php?rest_route=\/wp\/v2\/posts\/1811"}],"collection":[{"href":"https:\/\/obcanskymonitoring.cz\/index.php?rest_route=\/wp\/v2\/posts"}],"about":[{"href":"https:\/\/obcanskymonitoring.cz\/index.php?rest_route=\/wp\/v2\/types\/post"}],"author":[{"embeddable":true,"href":"https:\/\/obcanskymonitoring.cz\/index.php?rest_route=\/wp\/v2\/users\/2"}],"replies":[{"embeddable":true,"href":"https:\/\/obcanskymonitoring.cz\/index.php?rest_route=%2Fwp%2Fv2%2Fcomments&post=1811"}],"version-history":[{"count":0,"href":"https:\/\/obcanskymonitoring.cz\/index.php?rest_route=\/wp\/v2\/posts\/1811\/revisions"}],"wp:attachment":[{"href":"https:\/\/obcanskymonitoring.cz\/index.php?rest_route=%2Fwp%2Fv2%2Fmedia&parent=1811"}],"wp:term":[{"taxonomy":"category","embeddable":true,"href":"https:\/\/obcanskymonitoring.cz\/index.php?rest_route=%2Fwp%2Fv2%2Fcategories&post=1811"},{"taxonomy":"post_tag","embeddable":true,"href":"https:\/\/obcanskymonitoring.cz\/index.php?rest_route=%2Fwp%2Fv2%2Ftags&post=1811"}],"curies":[{"name":"wp","href":"https:\/\/api.w.org\/{rel}","templated":true}]}}