{"id":1949,"date":"2014-03-11T08:57:52","date_gmt":"2014-03-11T08:57:52","guid":{"rendered":"http:\/\/obcanskymonitoring.cz\/?p=1949"},"modified":"2014-03-11T09:09:24","modified_gmt":"2014-03-11T09:09:24","slug":"arch-svabova-prostorove-regulativy-pro-pruhonice","status":"publish","type":"post","link":"https:\/\/obcanskymonitoring.cz\/?p=1949","title":{"rendered":"arch. \u0160v\u00e1bov\u00e1: Prostorov\u00e9 regulativy pro Pr\u016fhonice"},"content":{"rendered":"<div class=\"pvc_clear\"><\/div>\n<p class=\"pvc_stats total_only \" data-element-id=\"1949\" style=\"\"><i class=\"pvc-stats-icon medium\" aria-hidden=\"true\"><svg xmlns=\"http:\/\/www.w3.org\/2000\/svg\" version=\"1.0\" viewBox=\"0 0 502 315\" preserveAspectRatio=\"xMidYMid meet\"><g transform=\"translate(0,332) scale(0.1,-0.1)\" fill=\"\" stroke=\"none\"><path d=\"M2394 3279 l-29 -30 -3 -207 c-2 -182 0 -211 15 -242 39 -76 157 -76 196 0 15 31 17 60 15 243 l-3 209 -33 29 c-26 23 -41 29 -80 29 -41 0 -53 -5 -78 -31z\"\/><path d=\"M3085 3251 c-45 -19 -58 -50 -96 -229 -47 -217 -49 -260 -13 -295 52 -53 146 -42 177 20 16 31 87 366 87 410 0 70 -86 122 -155 94z\"\/><path d=\"M1751 3234 c-13 -9 -29 -31 -37 -50 -12 -29 -10 -49 21 -204 19 -94 39 -189 45 -210 14 -50 54 -80 110 -80 34 0 48 6 76 34 21 21 34 44 34 59 0 14 -18 113 -40 219 -37 178 -43 195 -70 221 -36 32 -101 37 -139 11z\"\/><path d=\"M1163 3073 c-36 -7 -73 -59 -73 -102 0 -56 133 -378 171 -413 34 -32 83 -37 129 -13 70 36 67 87 -16 290 -86 209 -89 214 -129 231 -35 14 -42 15 -82 7z\"\/><path d=\"M3689 3066 c-15 -9 -33 -30 -42 -48 -48 -103 -147 -355 -147 -375 0 -98 131 -148 192 -74 13 15 57 108 97 206 80 196 84 226 37 273 -30 30 -99 39 -137 18z\"\/><path d=\"M583 2784 c-38 -19 -67 -74 -58 -113 9 -42 211 -354 242 -373 16 -10 45 -18 66 -18 51 0 107 52 107 100 0 39 -1 41 -124 234 -80 126 -108 162 -133 173 -41 17 -61 16 -100 -3z\"\/><path d=\"M4250 2784 c-14 -9 -74 -91 -133 -183 -95 -150 -107 -173 -107 -213 0 -55 33 -94 87 -104 67 -13 90 8 211 198 130 202 137 225 78 284 -27 27 -42 34 -72 34 -22 0 -50 -8 -64 -16z\"\/><path d=\"M2275 2693 c-553 -48 -1095 -270 -1585 -649 -135 -104 -459 -423 -483 -476 -23 -49 -22 -139 2 -186 73 -142 361 -457 571 -626 285 -228 642 -407 990 -497 242 -63 336 -73 660 -74 310 0 370 5 595 52 535 111 1045 392 1455 803 122 121 250 273 275 326 19 41 19 137 0 174 -41 79 -309 363 -465 492 -447 370 -946 591 -1479 653 -113 14 -422 18 -536 8z m395 -428 c171 -34 330 -124 456 -258 112 -119 167 -219 211 -378 27 -96 24 -300 -5 -401 -72 -255 -236 -447 -474 -557 -132 -62 -201 -76 -368 -76 -167 0 -236 14 -368 76 -213 98 -373 271 -451 485 -162 444 86 934 547 1084 153 49 292 57 452 25z m909 -232 c222 -123 408 -262 593 -441 76 -74 138 -139 138 -144 0 -16 -233 -242 -330 -319 -155 -123 -309 -223 -461 -299 l-81 -41 32 46 c18 26 49 83 70 128 143 306 141 649 -6 957 -25 52 -61 116 -79 142 l-34 47 45 -20 c26 -10 76 -36 113 -56z m-2057 25 c-40 -58 -105 -190 -130 -263 -110 -324 -59 -707 132 -981 25 -35 42 -64 37 -64 -19 0 -241 119 -326 174 -188 122 -406 314 -532 468 l-58 71 108 103 c185 178 428 349 672 473 66 33 121 60 123 61 2 0 -10 -19 -26 -42z\"\/><path d=\"M2375 1950 c-198 -44 -350 -190 -395 -379 -18 -76 -8 -221 19 -290 114 -284 457 -406 731 -260 98 52 188 154 231 260 27 69 37 214 19 290 -38 163 -166 304 -326 360 -67 23 -215 33 -279 19z\"\/><\/g><\/svg><\/i> &nbsp;1,388&nbsp;total views<\/p>\n<div class=\"pvc_clear\"><\/div>\n<p>Na st\u0159edu 12.3.2014 od 17:00 na Obecn\u00edm \u00fa\u0159ad\u011b Pr\u016fhonice jsme <a href=\"http:\/\/obcanskymonitoring.cz\/\">zorganizovali<\/a> setk\u00e1n\u00ed <a href=\"http:\/\/www.asorkd.cz\/kontakt\/\">pan\u00ed architektky \u0160v\u00e1bov\u00e9<\/a> se starostkou Pr\u016fhonic, m\u00edstostarosty, zastupiteli.<\/p>\n<p>Obsahem jedn\u00e1n\u00ed bude n\u00e1vrh tzv. prostorov\u00fdch regulativ\u016f pro obec Pr\u016fhonice. Jedn\u00e1 se o uzav\u0159en\u00e9 jedn\u00e1n\u00ed, ale pokud byste m\u011bli o t\u00e9ma eminentn\u00ed z\u00e1jem<\/p>\n<p>(nap\u0159. byste cht\u011bli podobnou aktivitu iniciovat ve sv\u00e9 obci), je mo\u017en\u00e9 po domluv\u011b dohodnout Va\u0161i \u00fa\u010dast na jedn\u00e1n\u00ed.\u00a0Pokud V\u00e1s tato aktivita inspiruje, r\u00e1di byste se o n\u00ed dozv\u011bd\u011bli v\u00edce, kontaktujte n\u00e1s pro bli\u017e\u0161\u00ed vysv\u011btlen\u00ed.<\/p>\n<p><!--more--><\/p>\n<p>Prostorov\u00e9 regulativy p\u0159in\u00e1\u0161ej\u00ed vy\u0161\u0161\u00ed m\u00edru ochrany vybran\u00fdch m\u00edst obce ne\u017e jsou standardn\u00ed prvky typu regulace typu v\u00fdstavby, v\u00fd\u0161ky v\u00fdstavby, procento zastav\u011bnosti. \u00a0Tyto standardn\u00ed regulativy dle stavebn\u00edho z\u00e1kona jsou jist\u011b lep\u0161\u00ed ne\u017e \u017e\u00e1dn\u00e9 regulativy, ale ukazuje se, \u017ee mnohdy v praxi nedok\u00e1\u017eou zabr\u00e1nit devastaci urbanisticky, pohledov\u011b d\u016fle\u017eit\u00fdch \u010d\u00e1st\u00ed obce.<\/p>\n<p>Naproti tomu prostorov\u00e9 regulativy pot\u0159ebn\u00e9 zjemn\u011bn\u00ed regulace p\u0159\u00edn\u00e1\u0161ej\u00ed a umo\u017e\u0148uj\u00ed fixovat specifick\u00e9 \u010d\u00e1sti obce z hlediska zachov\u00e1n\u00ed toto\u017enosti m\u00edsta. (Typicky centrum intravil\u00e1nu, fixace d\u016fle\u017eit\u00fdch pohledov\u00fdch z\u00f3n).<\/p>\n<p>Pan\u00ed architektka \u0160v\u00e1bov\u00e1 vypracovala prostorov\u00e9 regulativy pro Krom\u011b\u0159\u00ed\u017e (\u00fasp\u011b\u0161n\u011b realizov\u00e1no) a v Praze (v Praze z politick\u00fdch d\u016fvod\u016f regulace nepro\u0161la. Praha nem\u00e1 dodnes regulativy \u017e\u00e1dn\u00e9&#8230;).<\/p>\n<p><strong>Koncept<\/strong><\/p>\n<p>\u00dazem\u00ed obce je zanalyzov\u00e1no z hlediska urbanistick\u00e9ho a rozd\u011bleno do d\u00edl\u010d\u00edch urbanisticko-funk\u010dn\u00edch \u010d\u00e1st\u00ed. Pro ka\u017edou z\u00f3nu plat\u00ed jin\u00e1 logika, jin\u00e1 pravidla. &#8211; Nikoliv definovan\u00e1 a priori, z r\u00fdsovac\u00edho prkna, ale dle charakteru dan\u00e9ho \u00fazem\u00ed, dle ji\u017e existuj\u00edc\u00edch architektonick\u00fdch a urbanistick\u00fdch princip\u016f. Ta pravidla jsou n\u00e1sledn\u011b definov\u00e1na jako regulativy. Regulativy by nebyly jen obecn\u00e9, ale mohly by j\u00edt i do velmi konkr\u00e9tn\u00edch po\u017eadavk\u016f.<br \/>\nToto zp\u0159esn\u011bn\u00ed regulativ\u016f m\u016f\u017ee b\u00fdt zpracov\u00e1no r\u016fzn\u011b jemn\u011b. &#8211; Jist\u011b nejjemn\u011bji v \u010d\u00e1sti \u00fazem\u00ed, kter\u00e9 jsou urbanisticky nejv\u00fdznamn\u011bj\u0161\u00ed lokality, kter\u00e9 definuj\u00ed genius loci Pr\u016fhonic &#8211; tyto lokality je t\u0159eba nikoliv zakonzervovat, ale zajistit, aby nov\u00e1 v\u00fdstavba respektovala st\u00e1vaj\u00edc\u00ed identitu, nezni\u010dila ji, rozv\u00edjela ji.<br \/>\nProstorov\u00e9 regula\u010dn\u00ed pl\u00e1ny je mo\u017en\u00e9 zav\u00e9st i na \u00fazem\u00ed s nekoncep\u010dn\u00ed v\u00fdstavbou &#8211; a postupn\u011b je &#8220;l\u00e9\u010dit&#8221;.<\/p>\n<p><strong>C\u00edl<\/strong><\/p>\n<p>Regulovat z\u00e1stavbu tak, aby nov\u00e9 budovy i p\u0159estavby respektovaly\u00a0okoln\u00ed z\u00e1stavbu, logiku m\u00edsta. Pro investory regula\u010dn\u00ed pl\u00e1n znamen\u00e1 zp\u0159esn\u011bn\u00ed pr\u00e1vn\u00edho v\u011bdom\u00ed, co mohou s doty\u010dn\u00fdm \u00fazem\u00edm realizovat. Z\u00e1rove\u0148 maj\u00ed investo\u0159i jistotu, \u017ee charakter \u00fazem\u00ed se nezm\u011bn\u00ed ve sv\u016fj prv\u00fd opak,\u00a0\u017ee obec nepovol\u00ed v\u00fdstavbu, kter\u00e1 by vedla ke zm\u011bn\u011b charakteru \u00fazem\u00ed (a t\u00edm k znehodnocen\u00ed jejich st\u00e1vaj\u00edc\u00ed investice).<br \/>\nPro ve\u0159ejnost regulativ znamen\u00e1, \u017ee obec jednotliv\u00e1 \u00fazem\u00ed obce neztrat\u00ed svou identitu, naopak bude rozv\u00edjena zp\u016fsobem, kter\u00fd ji respektuje.<br \/>\nPro veden\u00ed obce by podobn\u00fd regulativ znamenal pos\u00edlen\u00ed pozitivn\u00edch n\u00e1stroj\u016f usm\u011brn\u011bn\u00ed z\u00e1stavby v obci.<br \/>\nPro ob\u010dany podobn\u00fd regulativ znamen\u00e1 jistotu, \u017ee obec bude z hlediska stavebn\u00edho rozv\u00edjena logicky a funk\u010dn\u011b a \u017ee nedojde k znehodnocen\u00ed cel\u00e9ho \u00fazem\u00ed z d\u016fvodu partikul\u00e1rn\u00edch z\u00e1jm\u016f vlastn\u00edk\u016f d\u00edl\u010d\u00edch majitel\u016f parcel.<br \/>\nPro \u00fazem\u00ed znamen\u00e1 p\u0159esn\u011bj\u0161\u00ed regulace efektivn\u011bj\u0161\u00ed v\u00fdstavbu, lep\u0161\u00edho vyu\u017eit\u00ed \u00fazem\u00ed, br\u00e1n\u011bn\u00ed fragmentace krajiny, lidsk\u00e9 vyu\u017eit\u00ed krajiny. &#8211; V\u00fdstavba, kter\u00e1 p\u016fsob\u00ed harmonicky a p\u0159\u00edjemn\u011b. Regulativ zabr\u00e1n\u00ed v\u00fdstavb\u011b, kdy jedna stavba p\u0159ek\u0159ikuje druhou a v\u00fdsledkem je urbanistick\u00fd chaos.<\/p>\n<p><strong>Typick\u00e9 pou\u017eit\u00ed prostorov\u00fdch regulativ\u016f<\/strong><\/p>\n<p>Prostorov\u00e9 regulativy je vhodn\u00e9 pou\u017e\u00edt na z\u00e1stavbu v obc\u00edch a m\u011bstech, kde je st\u00e1vaj\u00edc\u00ed urbanistick\u00e1 z\u00e1stavba d\u016fle\u017eitou ve\u0159ejnou (a ostatn\u011b i komer\u010dn\u00ed) hodnotou. Typicky turistick\u00e1 m\u00edsta: Praha, Pr\u016fhonice, ale nap\u0159\u00edklad i obce \u0160umavy, kam p\u0159ich\u00e1zej\u00ed lid\u00e9 za rekreac\u00ed a urbanistick\u00e1 z\u00e1stvaba by m\u011bla tvo\u0159it harmonick\u00fd koncept koresponduj\u00edc\u00ed vhodn\u00fdm zp\u016fsobem s okoln\u00ed p\u0159\u00edrodou. Pou\u017eit\u00ed prostorov\u00fdch regulativ\u016f je ov\u0161em vhodn\u00e9 v\u0161ude tam, kde ob\u010dan\u016fm z\u00e1le\u017e\u00ed na urbanistick\u00e9 celistvosti a logi\u010dnosti z\u00e1stavby.<\/p>\n<div data-counters='1' data-style='square' data-size='regular' data-url='https:\/\/obcanskymonitoring.cz\/?p=1949' data-title='arch. \u0160v\u00e1bov\u00e1: Prostorov\u00e9 regulativy pro Pr\u016fhonice' class='linksalpha_container linksalpha_app_3'><a href='\/\/www.linksalpha.com\/share?network='facebook' class='linksalpha_icon_facebook'><\/a><a href='\/\/www.linksalpha.com\/share?network='twitter' class='linksalpha_icon_twitter'><\/a><a href='\/\/www.linksalpha.com\/share?network='googleplus' class='linksalpha_icon_googleplus'><\/a><a href='\/\/www.linksalpha.com\/share?network='mail' class='linksalpha_icon_mail'><\/a><\/div><div data-position='' data-url='https:\/\/obcanskymonitoring.cz\/?p=1949' data-title='arch. \u0160v\u00e1bov\u00e1: Prostorov\u00e9 regulativy pro Pr\u016fhonice' class='linksalpha_container linksalpha_app_7'><a href='\/\/www.linksalpha.com\/share?network='facebook' class='linksalpha_icon_facebook'><\/a><a href='\/\/www.linksalpha.com\/share?network='twitter' class='linksalpha_icon_twitter'><\/a><a href='\/\/www.linksalpha.com\/share?network='googleplus' class='linksalpha_icon_googleplus'><\/a><a href='\/\/www.linksalpha.com\/share?network='mail' class='linksalpha_icon_mail'><\/a><\/div>","protected":false},"excerpt":{"rendered":"<p>&nbsp;1,388&nbsp;total views Na st\u0159edu 12.3.2014 od 17:00 na Obecn\u00edm \u00fa\u0159ad\u011b Pr\u016fhonice jsme zorganizovali setk\u00e1n\u00ed pan\u00ed architektky \u0160v\u00e1bov\u00e9 se starostkou Pr\u016fhonic, m\u00edstostarosty, zastupiteli. Obsahem jedn\u00e1n\u00ed bude n\u00e1vrh tzv. prostorov\u00fdch regulativ\u016f pro obec Pr\u016fhonice. Jedn\u00e1 se o uzav\u0159en\u00e9 jedn\u00e1n\u00ed, ale pokud byste m\u011bli o t\u00e9ma eminentn\u00ed z\u00e1jem (nap\u0159. byste cht\u011bli podobnou aktivitu iniciovat ve sv\u00e9 obci), je [&hellip;]<\/p>\n","protected":false},"author":2,"featured_media":0,"comment_status":"open","ping_status":"open","sticky":true,"template":"","format":"standard","meta":[],"categories":[12],"tags":[],"_links":{"self":[{"href":"https:\/\/obcanskymonitoring.cz\/index.php?rest_route=\/wp\/v2\/posts\/1949"}],"collection":[{"href":"https:\/\/obcanskymonitoring.cz\/index.php?rest_route=\/wp\/v2\/posts"}],"about":[{"href":"https:\/\/obcanskymonitoring.cz\/index.php?rest_route=\/wp\/v2\/types\/post"}],"author":[{"embeddable":true,"href":"https:\/\/obcanskymonitoring.cz\/index.php?rest_route=\/wp\/v2\/users\/2"}],"replies":[{"embeddable":true,"href":"https:\/\/obcanskymonitoring.cz\/index.php?rest_route=%2Fwp%2Fv2%2Fcomments&post=1949"}],"version-history":[{"count":0,"href":"https:\/\/obcanskymonitoring.cz\/index.php?rest_route=\/wp\/v2\/posts\/1949\/revisions"}],"wp:attachment":[{"href":"https:\/\/obcanskymonitoring.cz\/index.php?rest_route=%2Fwp%2Fv2%2Fmedia&parent=1949"}],"wp:term":[{"taxonomy":"category","embeddable":true,"href":"https:\/\/obcanskymonitoring.cz\/index.php?rest_route=%2Fwp%2Fv2%2Fcategories&post=1949"},{"taxonomy":"post_tag","embeddable":true,"href":"https:\/\/obcanskymonitoring.cz\/index.php?rest_route=%2Fwp%2Fv2%2Ftags&post=1949"}],"curies":[{"name":"wp","href":"https:\/\/api.w.org\/{rel}","templated":true}]}}