{"id":1956,"date":"2014-03-17T07:48:11","date_gmt":"2014-03-17T07:48:11","guid":{"rendered":"http:\/\/obcanskymonitoring.cz\/?p=1956"},"modified":"2014-03-17T07:51:23","modified_gmt":"2014-03-17T07:51:23","slug":"autorsky-zakon-doslo-i-na-golema","status":"publish","type":"post","link":"https:\/\/obcanskymonitoring.cz\/?p=1956","title":{"rendered":"Autorsk\u00fd z\u00e1kon: Do\u0161lo u\u017e i na Golema!"},"content":{"rendered":"<div class=\"pvc_clear\"><\/div>\n<p class=\"pvc_stats total_only \" data-element-id=\"1956\" style=\"\"><i class=\"pvc-stats-icon medium\" aria-hidden=\"true\"><svg xmlns=\"http:\/\/www.w3.org\/2000\/svg\" version=\"1.0\" viewBox=\"0 0 502 315\" preserveAspectRatio=\"xMidYMid meet\"><g transform=\"translate(0,332) scale(0.1,-0.1)\" fill=\"\" stroke=\"none\"><path d=\"M2394 3279 l-29 -30 -3 -207 c-2 -182 0 -211 15 -242 39 -76 157 -76 196 0 15 31 17 60 15 243 l-3 209 -33 29 c-26 23 -41 29 -80 29 -41 0 -53 -5 -78 -31z\"\/><path d=\"M3085 3251 c-45 -19 -58 -50 -96 -229 -47 -217 -49 -260 -13 -295 52 -53 146 -42 177 20 16 31 87 366 87 410 0 70 -86 122 -155 94z\"\/><path d=\"M1751 3234 c-13 -9 -29 -31 -37 -50 -12 -29 -10 -49 21 -204 19 -94 39 -189 45 -210 14 -50 54 -80 110 -80 34 0 48 6 76 34 21 21 34 44 34 59 0 14 -18 113 -40 219 -37 178 -43 195 -70 221 -36 32 -101 37 -139 11z\"\/><path d=\"M1163 3073 c-36 -7 -73 -59 -73 -102 0 -56 133 -378 171 -413 34 -32 83 -37 129 -13 70 36 67 87 -16 290 -86 209 -89 214 -129 231 -35 14 -42 15 -82 7z\"\/><path d=\"M3689 3066 c-15 -9 -33 -30 -42 -48 -48 -103 -147 -355 -147 -375 0 -98 131 -148 192 -74 13 15 57 108 97 206 80 196 84 226 37 273 -30 30 -99 39 -137 18z\"\/><path d=\"M583 2784 c-38 -19 -67 -74 -58 -113 9 -42 211 -354 242 -373 16 -10 45 -18 66 -18 51 0 107 52 107 100 0 39 -1 41 -124 234 -80 126 -108 162 -133 173 -41 17 -61 16 -100 -3z\"\/><path d=\"M4250 2784 c-14 -9 -74 -91 -133 -183 -95 -150 -107 -173 -107 -213 0 -55 33 -94 87 -104 67 -13 90 8 211 198 130 202 137 225 78 284 -27 27 -42 34 -72 34 -22 0 -50 -8 -64 -16z\"\/><path d=\"M2275 2693 c-553 -48 -1095 -270 -1585 -649 -135 -104 -459 -423 -483 -476 -23 -49 -22 -139 2 -186 73 -142 361 -457 571 -626 285 -228 642 -407 990 -497 242 -63 336 -73 660 -74 310 0 370 5 595 52 535 111 1045 392 1455 803 122 121 250 273 275 326 19 41 19 137 0 174 -41 79 -309 363 -465 492 -447 370 -946 591 -1479 653 -113 14 -422 18 -536 8z m395 -428 c171 -34 330 -124 456 -258 112 -119 167 -219 211 -378 27 -96 24 -300 -5 -401 -72 -255 -236 -447 -474 -557 -132 -62 -201 -76 -368 -76 -167 0 -236 14 -368 76 -213 98 -373 271 -451 485 -162 444 86 934 547 1084 153 49 292 57 452 25z m909 -232 c222 -123 408 -262 593 -441 76 -74 138 -139 138 -144 0 -16 -233 -242 -330 -319 -155 -123 -309 -223 -461 -299 l-81 -41 32 46 c18 26 49 83 70 128 143 306 141 649 -6 957 -25 52 -61 116 -79 142 l-34 47 45 -20 c26 -10 76 -36 113 -56z m-2057 25 c-40 -58 -105 -190 -130 -263 -110 -324 -59 -707 132 -981 25 -35 42 -64 37 -64 -19 0 -241 119 -326 174 -188 122 -406 314 -532 468 l-58 71 108 103 c185 178 428 349 672 473 66 33 121 60 123 61 2 0 -10 -19 -26 -42z\"\/><path d=\"M2375 1950 c-198 -44 -350 -190 -395 -379 -18 -76 -8 -221 19 -290 114 -284 457 -406 731 -260 98 52 188 154 231 260 27 69 37 214 19 290 -38 163 -166 304 -326 360 -67 23 -215 33 -279 19z\"\/><\/g><\/svg><\/i> &nbsp;2,273&nbsp;total views<\/p>\n<div class=\"pvc_clear\"><\/div>\n<p>&nbsp;<\/p>\n<p><a href=\"http:\/\/obcanskymonitoring.cz\/wp-content\/uploads\/2014\/03\/Golem.jpg\"><img loading=\"lazy\" class=\"alignnone size-full wp-image-2006\" alt=\"Golem\" src=\"http:\/\/obcanskymonitoring.cz\/wp-content\/uploads\/2014\/03\/Golem.jpg\" width=\"191\" height=\"265\" \/><\/a><\/p>\n<p>Jezd\u00edm do pr\u00e1ce kolem sochy Golema. V posledn\u00ed dob\u011b so\u0161e (hezk\u00e9 slovo) n\u011bkdo zakryl hlavu \u010dern\u00fdm pytlem a p\u0159idal j\u00ed na hlavu opr\u00e1tku.<\/p>\n<p><!--more--><\/p>\n<p>Vypad\u00e1 to opravdu hrozn\u011b. V\u00fdjev p\u0159ipom\u00edn\u00e1 popravu Sadd\u00e1ma Husajna. Za\u010dal jsem p\u00e1trat po vlastn\u00edkovi pozemku, abych mu domluvil, aby sochu n\u011bjak upravil. A narazil jsem p\u0159itom zji\u0161\u0165ov\u00e1n\u00ed na skute\u010dnou p\u0159\u00ed\u010dinu probl\u00e9mu: Jednalo se o sv\u00e9r\u00e1znou formu protestu. Firma vyu\u017e\u00edvala postavi\u010dku golema pro svou reklamn\u00ed kampa\u0148 a za\u010dala b\u00fdt v\u00e1\u017en\u00fdm zp\u016fsobem pr\u00e1vn\u011b \u0161ikanov\u00e1na jak\u00fdmisi p\u0159\u00edbuzn\u00fdmi tv\u016frc\u016f filmu <a href=\"http:\/\/www.csfd.cz\/film\/3094-cisaruv-pekar-a-pekaruv-cisar\/\">C\u00edsa\u0159\u016fv peka\u0159, peka\u0159\u016fv c\u00edsa\u0159<\/a>. Soudy se t\u00e1hnou, a tak firm\u011b z\u0159ejm\u011b nezbylo ne\u017e identifikaci golema (obli\u010dej) zakr\u00fdt a zah\u00e1jit tento typ protestu.<\/p>\n<p><a href=\"http:\/\/www.golemhelp.cz\/\">Bli\u017e\u0161\u00ed informace o protestu i o cel\u00e9 kauze si m\u016f\u017eete p\u0159e\u010d\u00edst zde.<\/a><\/p>\n<p>Poznamen\u00e1m k tomu toto: \u00a0Na vin\u011b je \u0161patn\u00fd autorsk\u00fd z\u00e1kon, kter\u00fd v \u010cesk\u00e9 republice chr\u00e1n\u00ed pr\u00e1va vlastn\u00edk\u016f licenc\u00ed nad \u00farove\u0148 obvyklou v Evrop\u011b. &#8211; A jak zde na t\u00e9to kauze vid\u00edme, i nad r\u00e1mec zdrav\u00e9ho rozumu. Nepochybn\u011b v z\u00e1kon\u011b chyb\u00ed explicitn\u00ed uji\u0161t\u011bn\u00ed, \u017ee kompletn\u00ed mytologie je &#8220;public domain&#8221;. Pak se dost\u00e1vaj\u00ed firmy i jednotlivci do takov\u00fdchto nesmysln\u00fdch tahanic. Privatizace sv\u011bta symbol\u016f a jeho rozprodej na licence lze p\u0159irovnat k rozprodeji d\u016fle\u017eit\u00e9 infrastruktury, t\u0159eba vzduchu. Chce\u0161 \u00a0se svobodn\u011b vyjad\u0159ovat? Pla\u0165. Chce\u0161 d\u00fdchat? Pla\u0165.<\/p>\n<p>Absurdn\u00ed? V\u017edy\u0165 vodu u\u017e &#8220;se&#8221; zprivatizovat poda\u0159ilo.<\/p>\n<p>\u010cten\u00e1\u0159i, kter\u00fd by nam\u00edtl: <em>&#8220;M\u00e1me v\u011bt\u0161\u00ed probl\u00e9my a d\u016fle\u017eit\u011bj\u0161\u00ed v\u011bci na pr\u00e1ci.&#8221;<\/em> bych odpov\u011bd\u011bl toto: Vadn\u00e9 z\u00e1kony jako je tento, svazuj\u00ed lidskou aktivitu, vytv\u00e1\u0159ej\u00ed bari\u00e9ry. D\u00edky \u0161patn\u00fdm z\u00e1kon\u016fm, jako je tento, dokud se nezm\u011bn\u00ed,\u00a0nebude nikdy\u00a0dosa\u017eeno c\u00edle vl\u00e1dn\u00edch strategi\u00ed jako je jinak velmi chv\u00e1lihodn\u00e1 koncepce\u00a0<a href=\"http:\/\/obcanskymonitoring.cz\/wp-content\/uploads\/2014\/03\/Digitalni-Cesko-v-2-0_120320.pdf\">Digit\u00e1ln\u00ed \u010cesko 2.0<\/a>.<\/p>\n<p><strong>Reakce Ringu<\/strong><\/p>\n<p>Protest jsme vysly\u0161eli. V konzultaci s na\u0161imi pr\u00e1vn\u00edky p\u0159iprav\u00edme jednoduch\u00fd podn\u011bt na \u00fapravu z\u00e1kona, aby byl tento (a tis\u00edce typov\u011b stejn\u00fdch p\u0159\u00edpad\u016f) vy\u0159e\u0161en. Podn\u011bt po\u0161leme p\u0159es <a href=\"http:\/\/obcanskymonitoring.cz\/\">&#8220;Ring&#8221;<\/a> na Ministerstvo kultury, do jeho\u017e gesce autorsk\u00fd z\u00e1kon spad\u00e1, d\u00e1le Poslaneck\u00e9 sn\u011bmovn\u011b (posledn\u00edmu p\u0159edkladateli autorsk\u00e9ho z\u00e1kona) a na Ministerstvo Pr\u016fmyslu a obchodu &#8211; na to k\u0159\u00eddlo, u kter\u00e9ho by mohla b\u00fdt nejsp\u00ed\u0161e nalezena podpora pro tuto opravu. \u00a0Tak snad se to poda\u0159\u00ed a poda\u0159\u00ed se n\u00e1m spole\u010dn\u011b chud\u00e1ka golema pro nej\u0161ir\u0161\u00ed ve\u0159ejnost\u00a0zachr\u00e1nit.<\/p>\n<div data-counters='1' data-style='square' data-size='regular' data-url='https:\/\/obcanskymonitoring.cz\/?p=1956' data-title='Autorsk\u00fd z\u00e1kon: Do\u0161lo u\u017e i na Golema!' class='linksalpha_container linksalpha_app_3'><a href='\/\/www.linksalpha.com\/share?network='facebook' class='linksalpha_icon_facebook'><\/a><a href='\/\/www.linksalpha.com\/share?network='twitter' class='linksalpha_icon_twitter'><\/a><a href='\/\/www.linksalpha.com\/share?network='googleplus' class='linksalpha_icon_googleplus'><\/a><a href='\/\/www.linksalpha.com\/share?network='mail' class='linksalpha_icon_mail'><\/a><\/div><div data-position='' data-url='https:\/\/obcanskymonitoring.cz\/?p=1956' data-title='Autorsk\u00fd z\u00e1kon: Do\u0161lo u\u017e i na Golema!' class='linksalpha_container linksalpha_app_7'><a href='\/\/www.linksalpha.com\/share?network='facebook' class='linksalpha_icon_facebook'><\/a><a href='\/\/www.linksalpha.com\/share?network='twitter' class='linksalpha_icon_twitter'><\/a><a href='\/\/www.linksalpha.com\/share?network='googleplus' class='linksalpha_icon_googleplus'><\/a><a href='\/\/www.linksalpha.com\/share?network='mail' class='linksalpha_icon_mail'><\/a><\/div>","protected":false},"excerpt":{"rendered":"<p>&nbsp;2,273&nbsp;total views &nbsp; Jezd\u00edm do pr\u00e1ce kolem sochy Golema. V posledn\u00ed dob\u011b so\u0161e (hezk\u00e9 slovo) n\u011bkdo zakryl hlavu \u010dern\u00fdm pytlem a p\u0159idal j\u00ed na hlavu opr\u00e1tku.<\/p>\n","protected":false},"author":2,"featured_media":0,"comment_status":"open","ping_status":"open","sticky":true,"template":"","format":"standard","meta":[],"categories":[11,10],"tags":[],"_links":{"self":[{"href":"https:\/\/obcanskymonitoring.cz\/index.php?rest_route=\/wp\/v2\/posts\/1956"}],"collection":[{"href":"https:\/\/obcanskymonitoring.cz\/index.php?rest_route=\/wp\/v2\/posts"}],"about":[{"href":"https:\/\/obcanskymonitoring.cz\/index.php?rest_route=\/wp\/v2\/types\/post"}],"author":[{"embeddable":true,"href":"https:\/\/obcanskymonitoring.cz\/index.php?rest_route=\/wp\/v2\/users\/2"}],"replies":[{"embeddable":true,"href":"https:\/\/obcanskymonitoring.cz\/index.php?rest_route=%2Fwp%2Fv2%2Fcomments&post=1956"}],"version-history":[{"count":0,"href":"https:\/\/obcanskymonitoring.cz\/index.php?rest_route=\/wp\/v2\/posts\/1956\/revisions"}],"wp:attachment":[{"href":"https:\/\/obcanskymonitoring.cz\/index.php?rest_route=%2Fwp%2Fv2%2Fmedia&parent=1956"}],"wp:term":[{"taxonomy":"category","embeddable":true,"href":"https:\/\/obcanskymonitoring.cz\/index.php?rest_route=%2Fwp%2Fv2%2Fcategories&post=1956"},{"taxonomy":"post_tag","embeddable":true,"href":"https:\/\/obcanskymonitoring.cz\/index.php?rest_route=%2Fwp%2Fv2%2Ftags&post=1956"}],"curies":[{"name":"wp","href":"https:\/\/api.w.org\/{rel}","templated":true}]}}