{"id":203,"date":"2012-11-10T22:58:46","date_gmt":"2012-11-10T22:58:46","guid":{"rendered":"http:\/\/obcanskymonitoring.cz\/?p=203"},"modified":"2015-09-09T06:20:39","modified_gmt":"2015-09-09T06:20:39","slug":"protest-proti-skolske-politice-msmt","status":"publish","type":"post","link":"https:\/\/obcanskymonitoring.cz\/?p=203","title":{"rendered":"Protest proti \u0161kolsk\u00e9 politice MSMT"},"content":{"rendered":"<div class=\"pvc_clear\"><\/div>\n<p class=\"pvc_stats total_only \" data-element-id=\"203\" style=\"\"><i class=\"pvc-stats-icon medium\" aria-hidden=\"true\"><svg xmlns=\"http:\/\/www.w3.org\/2000\/svg\" version=\"1.0\" viewBox=\"0 0 502 315\" preserveAspectRatio=\"xMidYMid meet\"><g transform=\"translate(0,332) scale(0.1,-0.1)\" fill=\"\" stroke=\"none\"><path d=\"M2394 3279 l-29 -30 -3 -207 c-2 -182 0 -211 15 -242 39 -76 157 -76 196 0 15 31 17 60 15 243 l-3 209 -33 29 c-26 23 -41 29 -80 29 -41 0 -53 -5 -78 -31z\"\/><path d=\"M3085 3251 c-45 -19 -58 -50 -96 -229 -47 -217 -49 -260 -13 -295 52 -53 146 -42 177 20 16 31 87 366 87 410 0 70 -86 122 -155 94z\"\/><path d=\"M1751 3234 c-13 -9 -29 -31 -37 -50 -12 -29 -10 -49 21 -204 19 -94 39 -189 45 -210 14 -50 54 -80 110 -80 34 0 48 6 76 34 21 21 34 44 34 59 0 14 -18 113 -40 219 -37 178 -43 195 -70 221 -36 32 -101 37 -139 11z\"\/><path d=\"M1163 3073 c-36 -7 -73 -59 -73 -102 0 -56 133 -378 171 -413 34 -32 83 -37 129 -13 70 36 67 87 -16 290 -86 209 -89 214 -129 231 -35 14 -42 15 -82 7z\"\/><path d=\"M3689 3066 c-15 -9 -33 -30 -42 -48 -48 -103 -147 -355 -147 -375 0 -98 131 -148 192 -74 13 15 57 108 97 206 80 196 84 226 37 273 -30 30 -99 39 -137 18z\"\/><path d=\"M583 2784 c-38 -19 -67 -74 -58 -113 9 -42 211 -354 242 -373 16 -10 45 -18 66 -18 51 0 107 52 107 100 0 39 -1 41 -124 234 -80 126 -108 162 -133 173 -41 17 -61 16 -100 -3z\"\/><path d=\"M4250 2784 c-14 -9 -74 -91 -133 -183 -95 -150 -107 -173 -107 -213 0 -55 33 -94 87 -104 67 -13 90 8 211 198 130 202 137 225 78 284 -27 27 -42 34 -72 34 -22 0 -50 -8 -64 -16z\"\/><path d=\"M2275 2693 c-553 -48 -1095 -270 -1585 -649 -135 -104 -459 -423 -483 -476 -23 -49 -22 -139 2 -186 73 -142 361 -457 571 -626 285 -228 642 -407 990 -497 242 -63 336 -73 660 -74 310 0 370 5 595 52 535 111 1045 392 1455 803 122 121 250 273 275 326 19 41 19 137 0 174 -41 79 -309 363 -465 492 -447 370 -946 591 -1479 653 -113 14 -422 18 -536 8z m395 -428 c171 -34 330 -124 456 -258 112 -119 167 -219 211 -378 27 -96 24 -300 -5 -401 -72 -255 -236 -447 -474 -557 -132 -62 -201 -76 -368 -76 -167 0 -236 14 -368 76 -213 98 -373 271 -451 485 -162 444 86 934 547 1084 153 49 292 57 452 25z m909 -232 c222 -123 408 -262 593 -441 76 -74 138 -139 138 -144 0 -16 -233 -242 -330 -319 -155 -123 -309 -223 -461 -299 l-81 -41 32 46 c18 26 49 83 70 128 143 306 141 649 -6 957 -25 52 -61 116 -79 142 l-34 47 45 -20 c26 -10 76 -36 113 -56z m-2057 25 c-40 -58 -105 -190 -130 -263 -110 -324 -59 -707 132 -981 25 -35 42 -64 37 -64 -19 0 -241 119 -326 174 -188 122 -406 314 -532 468 l-58 71 108 103 c185 178 428 349 672 473 66 33 121 60 123 61 2 0 -10 -19 -26 -42z\"\/><path d=\"M2375 1950 c-198 -44 -350 -190 -395 -379 -18 -76 -8 -221 19 -290 114 -284 457 -406 731 -260 98 52 188 154 231 260 27 69 37 214 19 290 -38 163 -166 304 -326 360 -67 23 -215 33 -279 19z\"\/><\/g><\/svg><\/i> &nbsp;1,310&nbsp;total views<\/p>\n<div class=\"pvc_clear\"><\/div>\n<p style=\"text-align: left;\" align=\"center\"><a href=\"http:\/\/obcanskymonitoring.cz\/wp-content\/uploads\/2012\/11\/Dobes.jpg\"><img loading=\"lazy\" class=\"alignnone size-full wp-image-209\" title=\"Protest proti \u0161kolsk\u00e9 politice M\u0160MT\" alt=\"\" src=\"http:\/\/obcanskymonitoring.cz\/wp-content\/uploads\/2012\/11\/Dobes.jpg\" width=\"299\" height=\"168\" \/><\/a><\/p>\n<p style=\"text-align: left;\" align=\"center\">13.2.2012 od 18:00 p\u0159ed budovou M\u0160MT<\/p>\n<p style=\"text-align: left;\">Karmelitsk\u00e1 7, 118 12, Praha 1<\/p>\n<p style=\"text-align: left;\"><!--more--><\/p>\n<p align=\"center\"><strong>\u0160koln\u00e9<\/strong><\/p>\n<p>M\u0160MT tvrd\u00ed, \u017ee je nezbytn\u011b nutn\u00e9 zav\u00e9st \u0161koln\u00e9. Jestli\u017ee M\u0160MT nyn\u00ed tolik pot\u0159ebuje pen\u00edze, pro\u010d je M\u0160MT v\u016fbec nejpomalej\u0161\u00ed ze v\u0161ech ministerstev v\u00a0\u010derp\u00e1n\u00ed evropsk\u00fdch pen\u011bz? <em>Ve dvou nejv\u011bt\u0161\u00edch programech V\u00fdzkum a v\u00fdvoj zb\u00fdv\u00e1 vy\u010derpat 59 miliard K\u010d, Vzd\u011bl\u00e1n\u00ed pro konkurenceschopnost 53 mld K\u010d.<\/em><\/p>\n<p>Jak je mo\u017en\u00e9, \u017ee vl\u00e1da nesplnila sv\u016fj p\u00edsemn\u00fd slib, vepsan\u00fd i do d\u016fvodov\u00e9 zpr\u00e1vy k\u00a0z\u00e1konu, \u017ee \u0161koln\u00e9 bude zav\u00e1d\u011bno a\u017e pot\u00e9, co bude p\u0159ijat z\u00e1kon o finan\u010dn\u00ed pomoci student\u016fm?<\/p>\n<p>Jak je mo\u017en\u00e9, \u017ee M\u0160MT, kter\u00e9 m\u00e1 reprezentovat z\u00e1jmy vzd\u011bl\u00e1n\u00ed, tak okat\u011b reprezentuje z\u00e1jmy bankovn\u00edho sektoru? Posu\u010fte sami. Vznikaj\u00ed tyto a podobn\u00e9 dokumenty je\u0161t\u011b v\u016fbec na M\u0160MT, pod politickou kontrolou, anebo si je p\u00ed\u0161ou samy firmy a lobbist\u00e9 n\u00e1m je strkaj\u00ed do z\u00e1kon\u016f?<\/p>\n<p><a href=\"http:\/\/obcanskymonitoring.cz\/wp-content\/uploads\/2012\/11\/ma_rack8q9jftf2.docx\">ma_rack8q9jftf2<\/a><\/p>\n<p>Rakousko naopak po osmi letech \u0161koln\u00e9 ru\u0161\u00ed&#8230;<\/p>\n<p>&nbsp;<\/p>\n<p align=\"center\"><strong>Ru\u0161en\u00ed region\u00e1ln\u00edch \u0161kol<\/strong><\/p>\n<p>M\u0160MT tvrd\u00ed, \u017ee je nutn\u00e9 prov\u00e9st tzv. reformu region\u00e1ln\u00edch \u0161kol. Podle materi\u00e1lu M\u0160MT je d\u016fvodem p\u0159edlo\u017een\u00ed reformy snaha dos\u00e1hnout \u00faspor ve financov\u00e1n\u00ed region\u00e1ln\u00edho z\u00e1kladn\u00edho \u0161kolstv\u00ed. Reforma p\u0159in\u00e1\u0161\u00ed aplikac\u00ed tzv. koeficientu zapln\u011bnosti t\u0159\u00edd sn\u00ed\u017een\u00ed p\u0159\u00edsp\u011bvku M\u0160MT na studenta. \u00a0I podle materi\u00e1lu M\u0160MT je rizikem, cituji <em>\u201ezv\u00fd\u0161en\u00ed po\u010dtu \u0161kol a \u0161kolsk\u00fdch za\u0159\u00edzen\u00ed s\u00a0probl\u00e9my se sv\u00fdm ekonomick\u00fdm zaji\u0161t\u011bn\u00edm.\u201c<\/em> <strong>Jak je v\u016fbec mo\u017en\u00e9, \u017ee v\u00a0materi\u00e1lu M\u0160MT takto z\u00e1sadn\u00edho dopadu neexistuje podrobn\u011bj\u0161\u00ed dopadov\u00e1 anal\u00fdza?<\/strong><\/p>\n<p>Posu\u010fte pros\u00edm sami \u00farove\u0148 textu.<\/p>\n<p><a href=\"http:\/\/obcanskymonitoring.cz\/wp-content\/uploads\/2012\/11\/koncepcni_zamer_1_8_11.pdf\">koncepcni_zamer_1_8_11<\/a><\/p>\n<p>Jak je mo\u017en\u00e9 prov\u00e1d\u011bt nevratn\u00e9 zm\u011bny v\u00a0kl\u00ed\u010dov\u00e9 infrastruktu\u0159e bez podrobn\u011bj\u0161\u00ed dopadov\u00e9 anal\u00fdzy? Jak je mo\u017en\u00e9, \u017ee si M\u0160MT m\u016f\u017ee dovolit takto hazardovat s\u00a0majetkem st\u00e1tu a s\u00a0ve\u0159ejnou s\u00edt\u00ed \u0161kol? Jak je mo\u017en\u00e9, \u017ee k\u00a0tak z\u00e1sadn\u00ed zm\u011bn\u011b posta\u010d\u00ed devaten\u00e1ctistr\u00e1nkov\u00fd \u00a0dokument n\u00edzk\u00e9 my\u0161lenkov\u00e9 i jazykov\u00e9 \u00farovn\u011b (chyb\u011bj\u00edc\u00ed dopadov\u00e1 anal\u00fdza, zato v\u0161ak p\u0159\u00edtomnost smajl\u00edk\u016f v\u00a0textu?)<\/p>\n<p>Pro\u010d se M\u0160MT m\u00edsto toho nezam\u011b\u0159\u00ed na p\u0159\u00edpady k\u0159iklav\u00e9ho utr\u00e1cen\u00ed ve\u0159ejn\u00fdch prost\u0159edk\u016f, jako byl nap\u0159. projekt v\u00fdstavby z\u00e1kladn\u00ed \u0161koly v\u00a0Milovic\u00edch (St\u0159edo\u010desk\u00fd kraj), kde byla v\u00a0roce \u00a02010 postavena z\u00e1kladn\u00ed \u0161kola za neuv\u011b\u0159iteln\u00fdch 650 milion\u016f K\u010d. (Sic!).<\/p>\n<p>\u017dijeme v\u00a0zemi s\u00a0tak sprostou kulturou, \u017ee doty\u010dn\u00fd dodavatel se za takovouto k\u0159iklavou zak\u00e1zku nestyd\u00ed, dokonce m\u00e1 je\u0161t\u011b tu drzost se k\u00a0t\u00e9to zak\u00e1zce ve\u0159ejn\u011b p\u0159ihl\u00e1sit na sv\u00fdch webov\u00fdch str\u00e1nk\u00e1ch, viz <a href=\"http:\/\/www.mpconsulting.cz\/referencni-akce.php\">odkaz<\/a>.<\/p>\n<p>Pane minist\u0159e, nen\u00ed to k\u00a0sm\u00edchu, \u017ee na t\u00e9to jedin\u00e9 zak\u00e1zce st\u00e1t zcela nesmysln\u011b utratil v\u00edce pen\u011bz, ne\u017e kolik \u00fadajn\u011b u\u0161et\u0159\u00ed Va\u0161e \u201eskv\u011bl\u00e1\u201c reforma financov\u00e1n\u00ed region\u00e1ln\u00edch \u0161kol? \u017de se jedn\u00e1 o zcela vyhozen\u00e9 pen\u00edze je dob\u0159e patrn\u00e9 i na tom, \u017ee doty\u010dn\u00e1 vesnick\u00e1 Z\u0160 u\u017e m\u011bla dv\u011b budovy; p\u0159esto musela b\u00fdt za pen\u00edze da\u0148ov\u00fdch poplatn\u00edk\u016f dostav\u011bna je\u0161t\u011b budova t\u0159et\u00ed za 650.000.000 K\u010d.<\/p>\n<p align=\"center\"><strong>Pl\u00fdtv\u00e1n\u00ed pen\u011bzi a kvalita \u0161kol<\/strong><\/p>\n<p>Pro\u010d jsou otev\u00edr\u00e1ny nov\u00e9 a nov\u00e9 vysok\u00e9 \u0161koly i na m\u00edstech, kde re\u00e1ln\u011b neexistuj\u00ed odborn\u00ed garanti. Kde neexistuj\u00ed knihovny? Jakou kvalitu mohou tyto nov\u011b z\u0159izovan\u00e9, n\u00e1kladn\u00e9 \u00fastavy zaji\u0161\u0165ovat, krom\u011b generov\u00e1n\u00ed turbostudent\u016f? Viz nap\u0159\u00edklad \u010dl\u00e1nek <strong><a href=\"http:\/\/aktualne.centrum.cz\/domaci\/zivot-v-cesku\/clanek.phtml?id=654605\">Oxford ve Star\u00e9m Hrozenkov\u011b: Titul za 12 v\u00edkend\u016f<\/a>. <\/strong>Pro\u010d se ministerstvem navrhovan\u00e1 reforma vysok\u00e9ho \u0161kolstv\u00ed nezam\u011b\u0159\u00ed pr\u00e1v\u011b na tyto zn\u00e1m\u00e9 zlo\u0159\u00e1dy? Pro\u010d m\u00edsto toho M\u0160MT p\u0159ipravuje politicky a mocensky motivovan\u00e9 novely z\u00e1kona o vysok\u00fdch \u0161kol\u00e1ch, vedouc\u00edch k:<\/p>\n<ul>\n<li>Omezen\u00ed \u00fa\u010dasti student\u016f v\u00a0akademick\u00fdch sen\u00e1tech<\/li>\n<li>Omezen\u00ed pravomoc\u00ed rektora<\/li>\n<li>Omezen\u00ed pravomoc\u00ed akademick\u00e9ho sen\u00e1tu.<\/li>\n<li>V\u00a0jednom n\u00e1vrhu navrhlo M\u0160MT dokonce i zru\u0161en\u00ed akredita\u010dn\u00ed komise, jej\u00ed\u017e p\u0159edsedkyn\u00ed je prof. Dvo\u0159\u00e1kov\u00e1, kter\u00e1 upozornila na d\u011bn\u00ed na plze\u0148sk\u00fdch pr\u00e1vech&#8230;<\/li>\n<\/ul>\n<p>Pane minist\u0159e Dobe\u0161i, u\u017e dost!!!<\/p>\n<p>&nbsp;<\/p>\n<p><strong>Odezvy<\/strong><\/p>\n<p><a href=\"http:\/\/aktualne.centrum.cz\/domaci\/fotogalerie\/2012\/02\/13\/demonstrace-proti-reformam-ve-skolstvi\/foto\/448742\/\">Aktu\u00e1ln\u011b<\/a><\/p>\n<p><a href=\"http:\/\/www.ceskenoviny.cz\/zpravy\/proti-skolske-politice-dobese-protestovaly-dnes-dve-desitky-lidi\/754660&amp;id_seznam=\">\u010cesk\u00e9 noviny<\/a><\/p>\n<div data-counters='1' data-style='square' data-size='regular' data-url='https:\/\/obcanskymonitoring.cz\/?p=203' data-title='Protest proti \u0161kolsk\u00e9 politice MSMT' class='linksalpha_container linksalpha_app_3'><a href='\/\/www.linksalpha.com\/share?network='facebook' class='linksalpha_icon_facebook'><\/a><a href='\/\/www.linksalpha.com\/share?network='twitter' class='linksalpha_icon_twitter'><\/a><a href='\/\/www.linksalpha.com\/share?network='googleplus' class='linksalpha_icon_googleplus'><\/a><a href='\/\/www.linksalpha.com\/share?network='mail' class='linksalpha_icon_mail'><\/a><\/div><div data-position='' data-url='https:\/\/obcanskymonitoring.cz\/?p=203' data-title='Protest proti \u0161kolsk\u00e9 politice MSMT' class='linksalpha_container linksalpha_app_7'><a href='\/\/www.linksalpha.com\/share?network='facebook' class='linksalpha_icon_facebook'><\/a><a href='\/\/www.linksalpha.com\/share?network='twitter' class='linksalpha_icon_twitter'><\/a><a href='\/\/www.linksalpha.com\/share?network='googleplus' class='linksalpha_icon_googleplus'><\/a><a href='\/\/www.linksalpha.com\/share?network='mail' class='linksalpha_icon_mail'><\/a><\/div>","protected":false},"excerpt":{"rendered":"<p>&nbsp;1,310&nbsp;total views 13.2.2012 od 18:00 p\u0159ed budovou M\u0160MT Karmelitsk\u00e1 7, 118 12, Praha 1<\/p>\n","protected":false},"author":2,"featured_media":209,"comment_status":"open","ping_status":"open","sticky":false,"template":"","format":"standard","meta":[],"categories":[10,26],"tags":[],"_links":{"self":[{"href":"https:\/\/obcanskymonitoring.cz\/index.php?rest_route=\/wp\/v2\/posts\/203"}],"collection":[{"href":"https:\/\/obcanskymonitoring.cz\/index.php?rest_route=\/wp\/v2\/posts"}],"about":[{"href":"https:\/\/obcanskymonitoring.cz\/index.php?rest_route=\/wp\/v2\/types\/post"}],"author":[{"embeddable":true,"href":"https:\/\/obcanskymonitoring.cz\/index.php?rest_route=\/wp\/v2\/users\/2"}],"replies":[{"embeddable":true,"href":"https:\/\/obcanskymonitoring.cz\/index.php?rest_route=%2Fwp%2Fv2%2Fcomments&post=203"}],"version-history":[{"count":0,"href":"https:\/\/obcanskymonitoring.cz\/index.php?rest_route=\/wp\/v2\/posts\/203\/revisions"}],"wp:featuredmedia":[{"embeddable":true,"href":"https:\/\/obcanskymonitoring.cz\/index.php?rest_route=\/wp\/v2\/media\/209"}],"wp:attachment":[{"href":"https:\/\/obcanskymonitoring.cz\/index.php?rest_route=%2Fwp%2Fv2%2Fmedia&parent=203"}],"wp:term":[{"taxonomy":"category","embeddable":true,"href":"https:\/\/obcanskymonitoring.cz\/index.php?rest_route=%2Fwp%2Fv2%2Fcategories&post=203"},{"taxonomy":"post_tag","embeddable":true,"href":"https:\/\/obcanskymonitoring.cz\/index.php?rest_route=%2Fwp%2Fv2%2Ftags&post=203"}],"curies":[{"name":"wp","href":"https:\/\/api.w.org\/{rel}","templated":true}]}}