{"id":2148,"date":"2014-04-27T08:41:06","date_gmt":"2014-04-27T08:41:06","guid":{"rendered":"http:\/\/obcanskymonitoring.cz\/?p=2148"},"modified":"2014-04-27T08:43:25","modified_gmt":"2014-04-27T08:43:25","slug":"dobra-zprava-praha-chce-zrusit-volebni-obvody","status":"publish","type":"post","link":"https:\/\/obcanskymonitoring.cz\/?p=2148","title":{"rendered":"Dobr\u00e1 zpr\u00e1va: Praha chce zru\u0161it volebn\u00ed obvody"},"content":{"rendered":"<div class=\"pvc_clear\"><\/div>\n<p class=\"pvc_stats total_only \" data-element-id=\"2148\" style=\"\"><i class=\"pvc-stats-icon medium\" aria-hidden=\"true\"><svg xmlns=\"http:\/\/www.w3.org\/2000\/svg\" version=\"1.0\" viewBox=\"0 0 502 315\" preserveAspectRatio=\"xMidYMid meet\"><g transform=\"translate(0,332) scale(0.1,-0.1)\" fill=\"\" stroke=\"none\"><path d=\"M2394 3279 l-29 -30 -3 -207 c-2 -182 0 -211 15 -242 39 -76 157 -76 196 0 15 31 17 60 15 243 l-3 209 -33 29 c-26 23 -41 29 -80 29 -41 0 -53 -5 -78 -31z\"\/><path d=\"M3085 3251 c-45 -19 -58 -50 -96 -229 -47 -217 -49 -260 -13 -295 52 -53 146 -42 177 20 16 31 87 366 87 410 0 70 -86 122 -155 94z\"\/><path d=\"M1751 3234 c-13 -9 -29 -31 -37 -50 -12 -29 -10 -49 21 -204 19 -94 39 -189 45 -210 14 -50 54 -80 110 -80 34 0 48 6 76 34 21 21 34 44 34 59 0 14 -18 113 -40 219 -37 178 -43 195 -70 221 -36 32 -101 37 -139 11z\"\/><path d=\"M1163 3073 c-36 -7 -73 -59 -73 -102 0 -56 133 -378 171 -413 34 -32 83 -37 129 -13 70 36 67 87 -16 290 -86 209 -89 214 -129 231 -35 14 -42 15 -82 7z\"\/><path d=\"M3689 3066 c-15 -9 -33 -30 -42 -48 -48 -103 -147 -355 -147 -375 0 -98 131 -148 192 -74 13 15 57 108 97 206 80 196 84 226 37 273 -30 30 -99 39 -137 18z\"\/><path d=\"M583 2784 c-38 -19 -67 -74 -58 -113 9 -42 211 -354 242 -373 16 -10 45 -18 66 -18 51 0 107 52 107 100 0 39 -1 41 -124 234 -80 126 -108 162 -133 173 -41 17 -61 16 -100 -3z\"\/><path d=\"M4250 2784 c-14 -9 -74 -91 -133 -183 -95 -150 -107 -173 -107 -213 0 -55 33 -94 87 -104 67 -13 90 8 211 198 130 202 137 225 78 284 -27 27 -42 34 -72 34 -22 0 -50 -8 -64 -16z\"\/><path d=\"M2275 2693 c-553 -48 -1095 -270 -1585 -649 -135 -104 -459 -423 -483 -476 -23 -49 -22 -139 2 -186 73 -142 361 -457 571 -626 285 -228 642 -407 990 -497 242 -63 336 -73 660 -74 310 0 370 5 595 52 535 111 1045 392 1455 803 122 121 250 273 275 326 19 41 19 137 0 174 -41 79 -309 363 -465 492 -447 370 -946 591 -1479 653 -113 14 -422 18 -536 8z m395 -428 c171 -34 330 -124 456 -258 112 -119 167 -219 211 -378 27 -96 24 -300 -5 -401 -72 -255 -236 -447 -474 -557 -132 -62 -201 -76 -368 -76 -167 0 -236 14 -368 76 -213 98 -373 271 -451 485 -162 444 86 934 547 1084 153 49 292 57 452 25z m909 -232 c222 -123 408 -262 593 -441 76 -74 138 -139 138 -144 0 -16 -233 -242 -330 -319 -155 -123 -309 -223 -461 -299 l-81 -41 32 46 c18 26 49 83 70 128 143 306 141 649 -6 957 -25 52 -61 116 -79 142 l-34 47 45 -20 c26 -10 76 -36 113 -56z m-2057 25 c-40 -58 -105 -190 -130 -263 -110 -324 -59 -707 132 -981 25 -35 42 -64 37 -64 -19 0 -241 119 -326 174 -188 122 -406 314 -532 468 l-58 71 108 103 c185 178 428 349 672 473 66 33 121 60 123 61 2 0 -10 -19 -26 -42z\"\/><path d=\"M2375 1950 c-198 -44 -350 -190 -395 -379 -18 -76 -8 -221 19 -290 114 -284 457 -406 731 -260 98 52 188 154 231 260 27 69 37 214 19 290 -38 163 -166 304 -326 360 -67 23 -215 33 -279 19z\"\/><\/g><\/svg><\/i> &nbsp;1,186&nbsp;total views<\/p>\n<div class=\"pvc_clear\"><\/div>\n<p>Rozd\u011blen\u00ed Prahy do volebn\u00edch obvod\u016f, kter\u00e9 kdysi <a href=\"http:\/\/www.lidovky.cz\/prazska-ods-si-zmensila-volebni-obvody-na-miru-male-strany-protestuji-1zt-\/zpravy-domov.aspx?c=A100617_162613_ln_domov_mev\">prosadila ODS<\/a>, se m\u00e1 zru\u0161it. N\u00e1vrh legislativn\u00ed zm\u011bny vypracovalo zastupitelstvo \u00a0Hl. m. Prahy, n\u00e1vrh byl odesl\u00e1n k projedn\u00e1n\u00ed vl\u00e1d\u011b a do Poslaneck\u00e9 sn\u011bmovny.<\/p>\n<p><!--more--><\/p>\n<p><strong>Koment\u00e1\u0159 &#8220;<a href=\"http:\/\/obcanskymonitoring.cz\/\">Ringu<\/a>&#8220;<\/strong><\/p>\n<p>A\u010dkoliv by bylo jist\u011b vtipnou ironi\u00ed osudu, kdyby ODS, vzhledem ke sv\u00fdm klesaj\u00edc\u00edm preferenc\u00edm, byla nyn\u00ed sv\u00fdm vlastn\u00edm legislativn\u00edm v\u00fdtvorem v \u0159\u00edjnov\u00fdch volb\u00e1ch po\u0161kozena, je odstran\u011bn\u00ed t\u00e9to \u00fa\u010delov\u00e9 pok\u0159ivenosti jednozna\u010dnou dobrou zpr\u00e1vou.<\/p>\n<p>&nbsp;<\/p>\n<p><strong>Odkaz na prim\u00e1rn\u00ed dokumenty<\/strong><\/p>\n<p><a href=\"http:\/\/www.psp.cz\/sqw\/historie.sqw?o=7&amp;t=164\">Cel\u00fd text n\u00e1vrhu legislativn\u00ed zm\u011bny je zde.<\/a><\/p>\n<p>Z\u00e1loha na str\u00e1nk\u00e1ch &#8220;<a href=\"http:\/\/obcanskymonitoring.cz\/\">Ringu<\/a>&#8221; je <a href=\"http:\/\/obcanskymonitoring.cz\/wp-content\/uploads\/2014\/04\/t016400-1.pdf\">zde<\/a>.<\/p>\n<p>&nbsp;<\/p>\n<p><strong>Zaj\u00edmav\u00e9 citace z n\u00e1vrhu<\/strong><\/p>\n<p>Vyb\u00edr\u00e1m citace z textu d\u016fvodov\u00e9 zpr\u00e1vy, kter\u00e9 mne zaujaly.<\/p>\n<p><em>&#8220;C\u00edlem je vylou\u010dit mo\u017enost\u00a0vytv\u00e1\u0159en\u00ed volebn\u00edch obvod\u016f p\u0159i volb\u00e1ch do Zastupitelstva hlavn\u00edho m\u011bsta Prahy.&#8221;<\/em><\/p>\n<p>&nbsp;<\/p>\n<p><em>&#8220;&#8230;p\u0159edkl\u00e1d\u00e1 se zm\u011bna textu\u00a0z\u00e1kona tak, aby \u00fazem\u00ed hlavn\u00edho m\u011bsta Prahy tvo\u0159ilo pro volby do jeho zastupitelstva (pra\u017esk\u00e9ho magistr\u00e1tu) jedin\u00fd\u00a0volebn\u00ed obvod.&#8221;<\/em><\/p>\n<p>&nbsp;<\/p>\n<p><em>&#8220;Vytv\u00e1\u0159en\u00ed volebn\u00edch obvod\u016f, jak mj. v p\u0159ipom\u00ednk\u00e1ch zazn\u011blo, m\u016f\u017ee z\u00e1sadn\u00edm\u00a0zp\u016fsobem ovlivnit proporcionalitu volebn\u00edho v\u00fdsledku zv\u00fd\u0161en\u00edm p\u0159irozen\u00e9ho prahu pro \u00a0<\/em><em>z\u00edsk\u00e1n\u00ed volebn\u00edho mand\u00e1tu, tj. kandiduj\u00edc\u00ed subjekt s ni\u017e\u0161\u00ed voli\u010dskou podporou nemus\u00ed z\u00edskat\u00a0mand\u00e1t v zastupitelstvu, by\u0165 jeho volebn\u00ed v\u00fdsledek p\u0159ekro\u010d\u00ed 5% uzav\u00edrac\u00ed klauzuli. Sou\u010dasn\u011b \u00a0s vytvo\u0159en\u00edm volebn\u00edch obvod\u016f vyvst\u00e1v\u00e1 i riziko poru\u0161en\u00ed rovnosti volebn\u00edho pr\u00e1va\u00a0nerovn\u00fdm rozd\u011blen\u00edm mand\u00e1t\u016f mezi jednotliv\u00e9 volebn\u00ed obvody, p\u0159i\u010dem\u017e vytvo\u0159en\u00ed absolutn\u011b\u00a0stejn\u00fdch obvod\u016f, a\u0165 u\u017e co do po\u010dtu obyvatel \u010di opr\u00e1vn\u011bn\u00fdch voli\u010d\u016f, prakticky nen\u00ed mo\u017en\u00e9 a\u00a0lze tedy pouze vylou\u010dit extr\u00e9mn\u00ed nadprezentaci \u010di podprezentaci n\u011bkter\u00e9ho z obvod\u016f.&#8221;<\/em><\/p>\n<p>&nbsp;<\/p>\n<p><em>&#8220;Jako negativum ve vztahu ke svobodn\u00e9 sout\u011b\u017ei politick\u00fdch sil je zmi\u0148ov\u00e1no rovn\u011b\u017e\u00a0\u010dasov\u00e9 hledisko vytvo\u0159en\u00ed volebn\u00edch obvod\u016f, respektive jejich vytvo\u0159en\u00ed v okam\u017eiku\u00a0<\/em><em>bezprost\u0159edn\u011b p\u0159edch\u00e1zej\u00edc\u00edmu volb\u00e1m. Rozhodnut\u00ed o vytvo\u0159en\u00ed volebn\u00edch obvod\u016f pak\u00a0kandiduj\u00edc\u00ed subjekty mohou opr\u00e1vn\u011bn\u011b vn\u00edmat jako nep\u0159edv\u00eddateln\u00e9.&#8221;<\/em><\/p>\n<div data-counters='1' data-style='square' data-size='regular' data-url='https:\/\/obcanskymonitoring.cz\/?p=2148' data-title='Dobr\u00e1 zpr\u00e1va: Praha chce zru\u0161it volebn\u00ed obvody' class='linksalpha_container linksalpha_app_3'><a href='\/\/www.linksalpha.com\/share?network='facebook' class='linksalpha_icon_facebook'><\/a><a href='\/\/www.linksalpha.com\/share?network='twitter' class='linksalpha_icon_twitter'><\/a><a href='\/\/www.linksalpha.com\/share?network='googleplus' class='linksalpha_icon_googleplus'><\/a><a href='\/\/www.linksalpha.com\/share?network='mail' class='linksalpha_icon_mail'><\/a><\/div><div data-position='' data-url='https:\/\/obcanskymonitoring.cz\/?p=2148' data-title='Dobr\u00e1 zpr\u00e1va: Praha chce zru\u0161it volebn\u00ed obvody' class='linksalpha_container linksalpha_app_7'><a href='\/\/www.linksalpha.com\/share?network='facebook' class='linksalpha_icon_facebook'><\/a><a href='\/\/www.linksalpha.com\/share?network='twitter' class='linksalpha_icon_twitter'><\/a><a href='\/\/www.linksalpha.com\/share?network='googleplus' class='linksalpha_icon_googleplus'><\/a><a href='\/\/www.linksalpha.com\/share?network='mail' class='linksalpha_icon_mail'><\/a><\/div>","protected":false},"excerpt":{"rendered":"<p>&nbsp;1,186&nbsp;total views Rozd\u011blen\u00ed Prahy do volebn\u00edch obvod\u016f, kter\u00e9 kdysi prosadila ODS, se m\u00e1 zru\u0161it. N\u00e1vrh legislativn\u00ed zm\u011bny vypracovalo zastupitelstvo \u00a0Hl. m. Prahy, n\u00e1vrh byl odesl\u00e1n k projedn\u00e1n\u00ed vl\u00e1d\u011b a do Poslaneck\u00e9 sn\u011bmovny.<\/p>\n","protected":false},"author":2,"featured_media":0,"comment_status":"open","ping_status":"open","sticky":true,"template":"","format":"standard","meta":[],"categories":[7],"tags":[],"_links":{"self":[{"href":"https:\/\/obcanskymonitoring.cz\/index.php?rest_route=\/wp\/v2\/posts\/2148"}],"collection":[{"href":"https:\/\/obcanskymonitoring.cz\/index.php?rest_route=\/wp\/v2\/posts"}],"about":[{"href":"https:\/\/obcanskymonitoring.cz\/index.php?rest_route=\/wp\/v2\/types\/post"}],"author":[{"embeddable":true,"href":"https:\/\/obcanskymonitoring.cz\/index.php?rest_route=\/wp\/v2\/users\/2"}],"replies":[{"embeddable":true,"href":"https:\/\/obcanskymonitoring.cz\/index.php?rest_route=%2Fwp%2Fv2%2Fcomments&post=2148"}],"version-history":[{"count":0,"href":"https:\/\/obcanskymonitoring.cz\/index.php?rest_route=\/wp\/v2\/posts\/2148\/revisions"}],"wp:attachment":[{"href":"https:\/\/obcanskymonitoring.cz\/index.php?rest_route=%2Fwp%2Fv2%2Fmedia&parent=2148"}],"wp:term":[{"taxonomy":"category","embeddable":true,"href":"https:\/\/obcanskymonitoring.cz\/index.php?rest_route=%2Fwp%2Fv2%2Fcategories&post=2148"},{"taxonomy":"post_tag","embeddable":true,"href":"https:\/\/obcanskymonitoring.cz\/index.php?rest_route=%2Fwp%2Fv2%2Ftags&post=2148"}],"curies":[{"name":"wp","href":"https:\/\/api.w.org\/{rel}","templated":true}]}}