{"id":216,"date":"2012-11-10T23:16:06","date_gmt":"2012-11-10T23:16:06","guid":{"rendered":"http:\/\/obcanskymonitoring.cz\/?p=216"},"modified":"2015-09-09T06:20:48","modified_gmt":"2015-09-09T06:20:48","slug":"druhy-protest-proti-skolske-politice-msmt","status":"publish","type":"post","link":"https:\/\/obcanskymonitoring.cz\/?p=216","title":{"rendered":"Druh\u00fd protest proti \u0161kolsk\u00e9 politice M\u0160MT"},"content":{"rendered":"<div class=\"pvc_clear\"><\/div>\n<p class=\"pvc_stats total_only \" data-element-id=\"216\" style=\"\"><i class=\"pvc-stats-icon medium\" aria-hidden=\"true\"><svg xmlns=\"http:\/\/www.w3.org\/2000\/svg\" version=\"1.0\" viewBox=\"0 0 502 315\" preserveAspectRatio=\"xMidYMid meet\"><g transform=\"translate(0,332) scale(0.1,-0.1)\" fill=\"\" stroke=\"none\"><path d=\"M2394 3279 l-29 -30 -3 -207 c-2 -182 0 -211 15 -242 39 -76 157 -76 196 0 15 31 17 60 15 243 l-3 209 -33 29 c-26 23 -41 29 -80 29 -41 0 -53 -5 -78 -31z\"\/><path d=\"M3085 3251 c-45 -19 -58 -50 -96 -229 -47 -217 -49 -260 -13 -295 52 -53 146 -42 177 20 16 31 87 366 87 410 0 70 -86 122 -155 94z\"\/><path d=\"M1751 3234 c-13 -9 -29 -31 -37 -50 -12 -29 -10 -49 21 -204 19 -94 39 -189 45 -210 14 -50 54 -80 110 -80 34 0 48 6 76 34 21 21 34 44 34 59 0 14 -18 113 -40 219 -37 178 -43 195 -70 221 -36 32 -101 37 -139 11z\"\/><path d=\"M1163 3073 c-36 -7 -73 -59 -73 -102 0 -56 133 -378 171 -413 34 -32 83 -37 129 -13 70 36 67 87 -16 290 -86 209 -89 214 -129 231 -35 14 -42 15 -82 7z\"\/><path d=\"M3689 3066 c-15 -9 -33 -30 -42 -48 -48 -103 -147 -355 -147 -375 0 -98 131 -148 192 -74 13 15 57 108 97 206 80 196 84 226 37 273 -30 30 -99 39 -137 18z\"\/><path d=\"M583 2784 c-38 -19 -67 -74 -58 -113 9 -42 211 -354 242 -373 16 -10 45 -18 66 -18 51 0 107 52 107 100 0 39 -1 41 -124 234 -80 126 -108 162 -133 173 -41 17 -61 16 -100 -3z\"\/><path d=\"M4250 2784 c-14 -9 -74 -91 -133 -183 -95 -150 -107 -173 -107 -213 0 -55 33 -94 87 -104 67 -13 90 8 211 198 130 202 137 225 78 284 -27 27 -42 34 -72 34 -22 0 -50 -8 -64 -16z\"\/><path d=\"M2275 2693 c-553 -48 -1095 -270 -1585 -649 -135 -104 -459 -423 -483 -476 -23 -49 -22 -139 2 -186 73 -142 361 -457 571 -626 285 -228 642 -407 990 -497 242 -63 336 -73 660 -74 310 0 370 5 595 52 535 111 1045 392 1455 803 122 121 250 273 275 326 19 41 19 137 0 174 -41 79 -309 363 -465 492 -447 370 -946 591 -1479 653 -113 14 -422 18 -536 8z m395 -428 c171 -34 330 -124 456 -258 112 -119 167 -219 211 -378 27 -96 24 -300 -5 -401 -72 -255 -236 -447 -474 -557 -132 -62 -201 -76 -368 -76 -167 0 -236 14 -368 76 -213 98 -373 271 -451 485 -162 444 86 934 547 1084 153 49 292 57 452 25z m909 -232 c222 -123 408 -262 593 -441 76 -74 138 -139 138 -144 0 -16 -233 -242 -330 -319 -155 -123 -309 -223 -461 -299 l-81 -41 32 46 c18 26 49 83 70 128 143 306 141 649 -6 957 -25 52 -61 116 -79 142 l-34 47 45 -20 c26 -10 76 -36 113 -56z m-2057 25 c-40 -58 -105 -190 -130 -263 -110 -324 -59 -707 132 -981 25 -35 42 -64 37 -64 -19 0 -241 119 -326 174 -188 122 -406 314 -532 468 l-58 71 108 103 c185 178 428 349 672 473 66 33 121 60 123 61 2 0 -10 -19 -26 -42z\"\/><path d=\"M2375 1950 c-198 -44 -350 -190 -395 -379 -18 -76 -8 -221 19 -290 114 -284 457 -406 731 -260 98 52 188 154 231 260 27 69 37 214 19 290 -38 163 -166 304 -326 360 -67 23 -215 33 -279 19z\"\/><\/g><\/svg><\/i> &nbsp;1,998&nbsp;total views<\/p>\n<div class=\"pvc_clear\"><\/div>\n<p>Adresa protestu: Karmelitsk\u00e1 7, 118 12, Praha 1 \u2013 P\u0159ed budovou M\u0160MT<\/p>\n<p>\u010cas: 18:00-20:00<\/p>\n<p>D\u016fvodem svol\u00e1n\u00ed tohoto protestu je rostouc\u00ed nespokojenost se \u0161kolskou politikou M\u0160MT pod veden\u00edm pana ministra Dobe\u0161e. T\u011bch kauz je u\u017e v\u00a0posledn\u00ed dob\u011b tolik a jsou natolik z\u00e1va\u017en\u00e9, \u017ee u\u017e nen\u00ed mo\u017en\u00e9 reagovat jinak ne\u017e\u00a0<strong>aktivn\u00edm protestem p\u0159ed budovou M\u0160MT<\/strong>.<\/p>\n<div id=\"attachment_223\" style=\"width: 310px\" class=\"wp-caption alignnone\"><a href=\"http:\/\/obcanskymonitoring.cz\/wp-content\/uploads\/2012\/11\/josef_dobes1.jpg\"><img aria-describedby=\"caption-attachment-223\" loading=\"lazy\" class=\"size-medium wp-image-223\" title=\"Druh\u00fd protest proti \u0161kolsk\u00e9 politice M\u0160MT\" alt=\"Druh\u00fd protest proti \u0161kolsk\u00e9 politice M\u0160MT\" src=\"http:\/\/obcanskymonitoring.cz\/wp-content\/uploads\/2012\/11\/josef_dobes1-300x186.jpg\" width=\"300\" height=\"186\" srcset=\"https:\/\/obcanskymonitoring.cz\/wp-content\/uploads\/2012\/11\/josef_dobes1-300x186.jpg 300w, https:\/\/obcanskymonitoring.cz\/wp-content\/uploads\/2012\/11\/josef_dobes1.jpg 460w\" sizes=\"(max-width: 300px) 100vw, 300px\" \/><\/a><p id=\"caption-attachment-223\" class=\"wp-caption-text\">Druh\u00fd protest proti \u0161kolsk\u00e9 politice M\u0160MT<\/p><\/div>\n<p>&nbsp;<\/p>\n<p><!--more--><\/p>\n<p>My jako ob\u010dan\u00e9 nem\u00e1me mnoho n\u00e1stroj\u016f, jak ovlivnit masov\u00e9 rozkr\u00e1d\u00e1n\u00ed na\u0161eho st\u00e1tu a v\u0161udyp\u0159\u00edtomnou korupci. Nem\u016f\u017eeme a nesm\u00edme v\u0161ak dopustit destrukci z\u00e1kladn\u00ed infrastruktury st\u00e1tu!!! V\u00a0p\u0159\u00edpad\u011b n\u00e1vrh\u016f nevratn\u00fdch, destruk\u010dn\u00edch zm\u011bn, k\u00a0jak\u00fdm nyn\u00ed doch\u00e1z\u00ed, je naprosto nutn\u00e9 se postavit na rozhodn\u00fd odpor!!! \u0160i\u0159te d\u00e1l a p\u0159ij\u010fte podpo\u0159it tento protest, vyplat\u00ed se V\u00e1m to, jestli pl\u00e1nujete je\u0161t\u011b n\u011bjakou budoucnost v\u00a0\u010cesku. Jde o Va\u0161i budoucnost a Va\u0161i zodpov\u011bdnost zas\u00e1hnout!<\/p>\n<p><strong>Selekce v\u00a05. a 9. t\u0159\u00edd\u011b<\/strong><\/p>\n<p>Protestujeme proti z\u00e1m\u011bru pana ministra (pota\u017emo V\u00e1clava Klause, ml.) zav\u00e9st selek\u010dn\u00ed testy ji\u017e na p\u00e1t\u00fdch a dev\u00e1t\u00fdch t\u0159\u00edd\u00e1ch Z\u0160. Podle p\u016fvodn\u00edho z\u00e1m\u011bru pana ministra, resp. V\u00e1clava Klause mlad\u0161\u00edho by se mohl \u0161kol\u00e1k uch\u00e1zet o gymn\u00e1zium pouze v\u00a0p\u0159\u00edpad\u011b, \u017ee by \u00fasp\u011b\u0161n\u011b slo\u017eil test.<\/p>\n<p>Bli\u017e\u0161\u00ed informace nap\u0159. zde:<\/p>\n<p><a href=\"http:\/\/zpravy.idnes.cz\/dobesuv-plan-kdyz-dite-na-zakladce-neslozi-testy-muze-jen-na-ucnak-1c0-\/domaci.aspx?c=A111108_212231_domaci_brm\">http:\/\/zpravy.idnes.cz\/dobesuv-plan-kdyz-dite-na-zakladce-neslozi-testy-muze-jen-na-ucnak-1c0-\/domaci.aspx?c=A111108_212231_domaci_brm<\/a><\/p>\n<p>Po bou\u0159liv\u00fdch protestech p\u0159ev\u00e1\u017en\u011b odborn\u00e9 ve\u0159ejnosti, za\u010dal ministr ot\u00e1\u010det a od pl\u00e1nu ustupovat.<\/p>\n<p>Viz:\u00a0<a href=\"http:\/\/zpravy.ihned.cz\/?p=012100_d&amp;article%5bid%5d=53686220\">http:\/\/zpravy.ihned.cz\/?p=012100_d&amp;article[id]=53686220<\/a><\/p>\n<p>V\u00e1clav Klaus, mlad\u0161\u00ed se ov\u0161em k p\u016fvodn\u00edmu pl\u00e1nu k\u00e1drov\u00e1n\u00ed v p\u00e1t\u00e9 t\u0159\u00edd\u011b st\u00e1le hl\u00e1s\u00ed:\u00a0<a href=\"http:\/\/www.aktivniskoly.cz\/news\/Mfdnes_clanek_10.9.2011.html\">http:\/\/www.aktivniskoly.cz\/news\/Mfdnes_clanek_10.9.2011.html<\/a><\/p>\n<p>(Aktivni skoly \u2013 je o.s., kter\u00e9mu Klaus mlad\u0161\u00ed p\u0159edsed\u00e1).<\/p>\n<p>Vzhledem k\u00a0tomu, \u017ee pan ministr ji\u017e na toto t\u00e9ma n\u011bkolikr\u00e1t zm\u011bnil n\u00e1zor,\u00a0 pen\u00edze za testy ji\u017e byly utraceny, nelze ne\u017e na demonstraci nep\u0159ipomenut i tuto kauzu. P\u0159ipome\u0148me rovn\u011b\u017e petici k\u00a0bojkotu plo\u0161n\u00e9ho selek\u010dn\u00edho testov\u00e1n\u00ed. Text petice ostatn\u011b i hezky ilustruje ministrovy n\u00e1zorov\u00e9 veleto\u010de a odborn\u00e9 p\u0159ehmaty.<\/p>\n<p><a href=\"http:\/\/eduin.cz\/titulka\/pedagogove-a-psychologove-vyzyvaji-rodice-k%C2%A0bojkotu-plosneho-testovani\/\">http:\/\/eduin.cz\/titulka\/pedagogove-a-ps \u2026 testovani\/<\/a><\/p>\n<p>P\u0159ipome\u0148me tak\u00e9 petici\u00a0<strong>\u0160kola nen\u00ed na hran\u00ed<\/strong>, pokud jste ji je\u0161t\u011b nepodepsali, u\u010di\u0148te tak pros\u00edm:<\/p>\n<p><a href=\"http:\/\/eduin.cz\/titulka\/petice-pedagogu-urcena-nasim-politikum-vyzyvame-k-odmitnuti-novely-skolskeho-zakona-skola-neni-na-hrani\/\">http:\/\/eduin.cz\/titulka\/petice-pedagogu-urcena-nasim-politikum-vyzyvame-k-odmitnuti-novely-skolskeho-zakona-skola-neni-na-hrani\/<\/a><\/p>\n<p><strong>Pro\u010d tento n\u00e1vrh z\u00e1sadn\u011b odm\u00edt\u00e1me?<\/strong><\/p>\n<p>Dobe\u0161\u016fv, resp. Klaus\u016fv n\u00e1vrh, je neuv\u011b\u0159iteln\u011b \u0161kodliv\u00fd. Jde p\u0159\u00edk\u0159e proti n\u00e1zoru odborn\u00edk\u016f \u010desk\u00fdch i zahrani\u010dn\u00edch. Jde toti\u017e p\u0159\u00edmo proti funkci \u0161kolstv\u00ed jako takov\u00e9ho. Ne\u017e bude zru\u0161en, m\u016f\u017ee zni\u010dit \u017eivot n\u011bkolika generac\u00edm mlad\u00fdch lid\u00ed!<\/p>\n<p>Jednou z funkc\u00ed \u0161kolstv\u00ed je podporovat soci\u00e1ln\u00ed mobilitu \u2013 a nikoliv zcela nesmysln\u011b zav\u00e1d\u011bt um\u011bl\u00e9 bari\u00e9ry a p\u0159ek\u00e1\u017eky. Po p\u00e1du komunismu bylo zru\u0161eno pravidlo, \u017ee na vysokou \u0161kolu se nesm\u00ed hl\u00e1sit absolvent zvl\u00e1\u0161tn\u00ed \u0161koly. \u2013 Velmi spr\u00e1vn\u011b zru\u0161eno. Smyslem je, aby v kter\u00e9mkoliv okam\u017eiku m\u011bl ka\u017ed\u00fd \u010dlov\u011bk mo\u017enost j\u00edt (se vzd\u011bl\u00e1n\u00edm) nahoru. A ne stav, kdy syst\u00e9m \u0159ekne \u010dlov\u011bkovi: ty u\u017e nem\u00e1\u0161 \u0161anci, do smrti bude\u0161 \u017eebr\u00e1kem, proto\u017ee jsi v p\u00e1t\u00e9 t\u0159\u00edd\u011b neslo\u017eil test. Jak to kon\u010d\u00ed? P\u0159ipom\u00edn\u00e1 to za\u010d\u00e1tek arabsk\u00fdch revoluc\u00ed: V Tunisu se up\u00e1lil mlad\u00edk, st\u00e1nka\u0159, kter\u00e9mu sebrali licenci na st\u00e1nek \u2013 pro n\u011bj to znamenalo, \u017ee re\u00e1ln\u011b na tom sv\u011bt\u011b kon\u010d\u00ed, proto\u017ee st\u00e1t u\u017e mu ned\u00e1val mo\u017enost znova nasko\u010dit: \u201eno\u00a0future\u201c. Dobe\u0161\u016fv pl\u00e1n po\u010d\u00edtal je\u0161t\u011b s n\u011b\u010d\u00edm hor\u0161\u00edm: s naprosto hrozn\u00fdm k\u00e1drov\u00e1n\u00edm \u2013 v p\u00e1t\u00e9 t\u0159\u00edd\u011b! Odborn\u00edci se shoduj\u00ed na tom, \u017ee v p\u00e1t\u00e9 t\u0159\u00edd\u011b nejsou d\u011bti je\u0161t\u011b natolik vyzr\u00e1l\u00e9, aby mohlo b\u00fdt takov\u00fdmto zp\u016fsobem o jejich \u017eivot\u011b rozhodnuto (kdy\u017e pominu fakt, \u017ee z v\u00fd\u0161e popsan\u00fdch d\u016fvod\u016f by takov\u00e9to k\u00e1drov\u00e1n\u00ed nem\u011blo b\u00fdt v\u016fbec, proto\u017ee je z principu \u0161kodliv\u00e9). N\u00e1vrh v\u016fbec nerozli\u0161uje r\u016fznou rychlost zr\u00e1n\u00ed r\u016fzn\u00fdch d\u011bt\u00ed \u2013 p\u0159itom toto je velmi individu\u00e1ln\u00ed. Tolik popis probl\u00e9mu z hlediska teorie. A te\u010f praxe. P\u0159edstavte si, jak asi skon\u010d\u00ed d\u011bti ze \u0160luknova a ghet, kde nefunguje \u0161kolstv\u00ed: d\u011btem se prost\u011b kvalitn\u00ed \u0161koln\u00ed vzd\u011bl\u00e1n\u00ed nedostane. A v t\u011bchto testech tedy nemohou usp\u011bt. T\u00edm, \u017ee se zavede v syst\u00e9mu pravidlo jednou a dost, je potvrzen a petrifikov\u00e1n jejich soci\u00e1ln\u00ed status \u010dlov\u011bka z gheta \u2013 do smrti. Op\u011bt to nesm\u00edrn\u011b podpo\u0159\u00ed vznik a dal\u0161\u00ed \u0161\u00ed\u0159en\u00ed ghet se v\u0161emi n\u00e1sledn\u00fdmi n\u00e1vazn\u00fdmi probl\u00e9my\u2026 P\u0159edstavte si, jak asi projdou testem individua, je\u017e maj\u00ed slo\u017eit\u011bj\u0161\u00ed po\u010d\u00e1te\u010dn\u00ed p\u0159\u00edstup ke sv\u011btu: Einstein m\u011bl mizern\u00fd prosp\u011bch, je\u0161t\u011b na st\u0159edn\u00ed \u0161kole m\u011bl z fyziky trojku. Dobe\u0161\u016fv syst\u00e9m by ho vylou\u010dil, dostal by motyku a nazdar. makej a nefl\u00e1kej se\u2026. Ji\u0159\u00ed Menzel, ned\u00e1vno vzpom\u00ednal na sv\u016fj mizern\u00fd prosp\u011bch na Z\u0160. Spisovatel Bohumil Hrabal byl rovn\u011b\u017e na z\u00e1kladn\u00ed \u0161kole mizern\u00fd \u017e\u00e1k. Kter\u00fd spisovatel byl tak se\u010dt\u011bl\u00fd ve sv\u011btov\u00e9 literatu\u0159e a filosofii jako on?<\/p>\n<p>George Stevenson, vyn\u00e1lezce lokomotivy, se nau\u010dil \u010d\u00edst a ps\u00e1t dokonce a\u017e v 18. letech ve ve\u010dern\u00ed \u0161kole. P\u0159es den pracoval manu\u00e1ln\u011b. N\u00e1sledn\u011b uskute\u010dnil sv\u00e9 vyn\u00e1lezy a d\u00edky n\u011bmu jezd\u00edme vlakem\u2026 Podle Dobe\u0161e by tihle lid\u00e9 nikdy nemohli j\u00edt na st\u0159edn\u00ed a vysokou \u0161kolu\u2026. To v\u0161e ukazuje na to, jak \u0161kodliv\u00e9 je zakl\u00e1d\u00e1n\u00ed podobn\u00fdch um\u011bl\u00fdch bari\u00e9r.<\/p>\n<p>Navr\u017een\u00fd syst\u00e9m, krom\u011b toho, \u017ee je \u00fapln\u011b absurdn\u00ed, je i hrozn\u011b nef\u00e9r. Jak asi dopadnou dyslektici, dysgrafici, autist\u00e9, kter\u00fdm po\u010d\u00e1te\u010dn\u00ed f\u00e1ze vzd\u011bl\u00e1v\u00e1n\u00ed trvaj\u00ed d\u00e9le? Jak nap\u00ed\u0161ou test t\u00fdran\u00e1 d\u011bcka? A jak t\u00edm nezvratn\u011b rozhodnou o sv\u00e9m osudu? Jak asi nap\u00ed\u0161ou test zneu\u017e\u00edvan\u00e9 holky? Z\u00e1kon je hrozn\u011b protispole\u010densk\u00fd. \u010cech\u016f je m\u00e1lo, nemohou si dovolit takto k\u00e1drovat populaci a zahazovat lidsk\u00fd potenci\u00e1l.<\/p>\n<p><strong>Reforma vysoko\u0161kolsk\u00e9ho z\u00e1kona<\/strong><\/p>\n<p>Dal\u0161\u00ed kauzou b\u011bhem p\u016fsoben\u00ed pana ministra Dobe\u0161e, byl n\u00e1vrh reformy vysoko\u0161kolsk\u00e9ho z\u00e1kona. Reforma p\u0159in\u00e1\u0161ela mno\u017estv\u00ed absurdit, z\u00a0nich\u017e nejk\u0159iklav\u011bj\u0161\u00ed byly tyto:<\/p>\n<ul>\n<li>Zru\u0161en\u00ed akredita\u010dn\u00ed komise (ano, t\u00e9 zlobiv\u00e9 akredita\u010dn\u00ed komise, v jej\u00edm\u017e \u010dele je ta zlobiv\u00e1 profesorka Dvo\u0159\u00e1kov\u00e1, kter\u00e1 nevyb\u00edrav\u011b kritizuje vl\u00e1dn\u00ed v\u011brchu\u0161ku a rozjela af\u00e9ru pr\u00e1v v Plzni, za co\u017e ji mafie nen\u00e1vid\u00ed.<strong><\/strong><\/li>\n<li>Magistersk\u00fd titul u\u017e za dva roky, bez nutnosti absolvovat bakal\u00e1\u0159e\u2026<\/li>\n<\/ul>\n<p><a href=\"http:\/\/www.novinky.cz\/veda-skoly\/231641-reformy-ministerstva-skolstvi-vysokoskolsky-titul-za-pouhe-dva-roky.html\">http:\/\/www.novinky.cz\/veda-skoly\/231641-reformy-ministerstva-skolstvi-vysokoskolsky-titul-za-pouhe-dva-roky.html<\/a><\/p>\n<p><strong>Vyignorov\u00e1n\u00ed McKinsey auditu\u00a0<em>\u201e<\/em><\/strong><em>Klesaj\u00edc\u00ed v\u00fdsledky \u010desk\u00e9ho z\u00e1kladn\u00edho a st\u0159edn\u00edho \u0161kolstv\u00ed: fakta a \u0159e\u0161en\u00ed\u201c<\/em><strong><\/strong><\/p>\n<p>Dal\u0161\u00edm p\u0159\u00edkladem neodborn\u011b veden\u00e9 \u0161kolsk\u00e9 politiky, veden\u00e9 ideologi\u00ed a zkratkovit\u00fdm jedn\u00e1n\u00edm, je p\u0159\u00edklad zcela vyignorovan\u00e9ho auditu \u010desk\u00e9ho st\u0159edn\u00edho \u0161kolstv\u00ed. Tuto studii p\u0159ipravila bezplatn\u011b zn\u00e1m\u00e1 auditorsk\u00e1 firma Mc Kinsey. Studie obsahuje p\u0159ibli\u017en\u011b 60 str\u00e1nek velmi depresivn\u00edho \u010dten\u00ed. P\u0159e\u010dt\u011bte si text z\u00a0n\u00ed\u017ee uveden\u00e9ho odkazu a srovnejte si jej se sou\u010dasnou produkc\u00ed ofici\u00e1ln\u00edch materi\u00e1l\u016f M\u0160MT\u2026<\/p>\n<p>Krom\u011b naprosto v\u011bcn\u011b a p\u0159esn\u011b vyj\u00e1d\u0159en\u00fdch probl\u00e9m\u016f, p\u0159in\u00e1\u0161\u00ed studie i n\u00e1vrhy na \u0159e\u0161en\u00ed. \u2013 S\u00a0r\u016fzn\u00fdm dopadem na n\u00e1kladovost.<\/p>\n<p>Jako ob\u010dan\u00e9 bychom \u010dekali, \u017ee M\u0160MT se k\u00a0t\u00e9to studii alespo\u0148 n\u011bjak\u00fdm zp\u016fsobem ofici\u00e1ln\u011b vyj\u00e1d\u0159\u00ed; \u017ee vznikne nad t\u00edmto \u0161okuj\u00edc\u00edm materi\u00e1lem odborn\u00e1 diskuse. V\u00fdsledkem je naprost\u00e9 ml\u010den\u00ed \u2013 materi\u00e1l byl zcela vyignorov\u00e1n, \u017e\u00e1dn\u00e1 n\u00e1pravn\u00e1 \u0159e\u0161en\u00ed nebyla p\u0159ijata.<\/p>\n<p>Text nez\u00e1visl\u00e9ho auditu je mo\u017en\u00e9 si p\u0159e\u010d\u00edst zde. Opravdu doporu\u010dujeme text k\u00a0p\u0159e\u010dten\u00ed. Jedn\u00e1 se o nez\u00e1visl\u00e9 l\u00ed\u010den\u00ed skute\u010dn\u00e9ho stavu, bez p\u0159ikra\u0161lov\u00e1n\u00ed.<\/p>\n<p><a href=\"http:\/\/www.mckinsey.com\/locations\/prague\/work\/probono\/2010_09_02_McKinsey&amp;Company_Klesajici_vysledky_ceskych_zakladnich_a_strednich_skol_fakta_a_reseni.pdf\">http:\/\/www.mckinsey.com\/locations\/prague\/work\/probono\/2010_09_02_McKinsey&amp;Company_Klesajici_vysledky_ceskych_zakladnich_a_strednich_skol_fakta_a_reseni.pdf<\/a><\/p>\n<p><strong>Posledn\u00ed kapkou je \u0161koln\u00e9 a jeho r\u016fzn\u00e9 komer\u010dn\u00ed varianty<\/strong><\/p>\n<p>Nam\u00edsto toho, aby M\u0160MT uva\u017eovalo jak zlep\u0161it \u010desk\u00e9 \u0161kolstv\u00ed, jak je podpo\u0159it, vym\u00fd\u0161l\u00ed, jak vytahat z\u00a0lid\u00ed co nejv\u00edce pen\u011bz, jak ze \u0161kolskou situaci p\u0159etvo\u0159it v\u00a0business case a zapojit do n\u011bj banky a dal\u0161\u00ed finan\u010dn\u00ed instituce:<\/p>\n<p><a href=\"http:\/\/www.novinky.cz\/domaci\/248907-dobes-uroky-za-pujcky-na-skolne-by-mohl-platit-stat-jde-o-miliardy.html\">http:\/\/www.novinky.cz\/domaci\/248907-dobes-uroky-za-pujcky-na-skolne-by-mohl-platit-stat-jde-o-miliardy.html<\/a><\/p>\n<p>Pro banky by to byla pochopiteln\u011b situace sn\u016f: trval\u00fd p\u0159\u00edjem klient\u016f, st\u00e1tn\u00ed z\u00e1ruka, \u00faroky plat\u00ed st\u00e1t. + P\u0159\u00edpadn\u00e9 p\u0159\u00edjmy z exekuce mlad\u00fdch rodin. To jist\u011b t\u00e9\u017e nen\u00ed k zahozen\u00ed. Pochopiteln\u011b finan\u010dn\u00ed n\u00e1klady by byly u tohoto modelu vy\u0161\u0161\u00ed ne\u017e st\u00e1vaj\u00edc\u00ed n\u00e1klady na ve\u0159ejn\u00e9 \u0161kolstv\u00ed.\u00a0 A ve\u0159ejn\u00e9 \u0161kolstv\u00ed by se u tohoto projektu jaksi mimochodem zni\u010dilo\u2026 Tak to ne p\u00e1nov\u00e9, b\u011b\u017ete rozkr\u00e1dat a tunelovat jinam, na \u010desk\u00e9 \u0161kolstv\u00ed se neopova\u017eujte s\u00e1hnout.<\/p>\n<p><strong>\u201eReforma\u201c (rozum\u011bj ru\u0161en\u00ed) venkovsk\u00fdch \u0161kol<\/strong><\/p>\n<p>Dal\u0161\u00edm ministrov\u00fdm n\u00e1vrhem jsou n\u00e1vrhy na \u201ereformu\u201c (rozum\u011bj\u00a0<em>ru\u0161en\u00ed<\/em>) venkovsk\u00fdch \u0161kol. \u0160kolsk\u00e1 s\u00ed\u0165 byla budov\u00e1na v\u00a0obc\u00edch po v\u011bt\u0161inou za Masarykovy prvn\u00ed republiky \u2013 je\u0161t\u011b v\u00a0dob\u011b, kdy politici pl\u00e1novali pro toto \u00fazem\u00ed n\u011bjakou budoucnost. Dnes u\u017e je tato s\u00ed\u0165 ministrovi Dobe\u0161ovi trnem v\u00a0oku\u2026 Reformou a ekonomick\u00fdm p\u0159\u00edstupem M\u0160MT naz\u00fdv\u00e1 kr\u00e1tkodob\u00fd zisk z\u00a0plundru\u2026 Nenech\u00e1me si to l\u00edbit, protestujeme!!!<\/p>\n<p><a href=\"http:\/\/aktualne.centrum.cz\/ekonomika\/penize\/clanek.phtml?id=720674\">http:\/\/aktualne.centrum.cz\/ekonomika\/penize\/clanek.phtml?id=720674<\/a><\/p>\n<p><strong>Petice za odvol\u00e1n\u00ed pana ministra Dobe\u0161e<\/strong><\/p>\n<p>Petici za odvol\u00e1n\u00ed pana ministra Dobe\u0161e m\u016f\u017eete podepsat zde:<\/p>\n<p><a href=\"http:\/\/eduin.cz\/titulka\/sedesat-odborniku-pozadalo-premiera-o-odvolani-ministra-skolstvi-dobese\/\">http:\/\/eduin.cz\/titulka\/sedesat-odborniku-pozadalo-premiera-o-odvolani-ministra-skolstvi-dobese\/<\/a><\/p>\n<p>P\u0159ij\u010fte. P\u0159ipomeneme si i dal\u0161\u00ed kauzy.<\/p>\n<p>Bude i z\u00e1bava. Budeme citovat:<\/p>\n<ul>\n<li>Z\u00a0metodick\u00fdch sm\u011brnic a na\u0159\u00edzen\u00ed M\u0160MT, z\u00a0r\u016fzn\u00fdch doporu\u010den\u00ed pro u\u010ditele (\u0161koda, \u017ee u\u017e ne\u017eije Jaroslav Ha\u0161ek)<\/li>\n<li>Po\u010dteme si ze zad\u00e1vac\u00edch podm\u00ednek v\u00fdb\u011brov\u00fdch \u0159\u00edzen\u00ed M\u0160MT \u2013 na co se vyd\u00e1vaj\u00ed pen\u00edze, ur\u010den\u00e9 p\u016fvodn\u011b na podporu vzd\u011bl\u00e1n\u00ed. A jak\u00fdmi v\u011btami se toto mrh\u00e1n\u00ed zd\u016fvod\u0148uje.<\/li>\n<\/ul>\n<p>V\u0161echno p\u0159ipomeneme!!! Nep\u0159estaneme!!!<\/p>\n<p>&nbsp;<\/p>\n<p>Odezvy:<\/p>\n<p>Aktu\u00e1ln\u011b<\/p>\n<div data-counters='1' data-style='square' data-size='regular' data-url='https:\/\/obcanskymonitoring.cz\/?p=216' data-title='Druh\u00fd protest proti \u0161kolsk\u00e9 politice M\u0160MT' class='linksalpha_container linksalpha_app_3'><a href='\/\/www.linksalpha.com\/share?network='facebook' class='linksalpha_icon_facebook'><\/a><a href='\/\/www.linksalpha.com\/share?network='twitter' class='linksalpha_icon_twitter'><\/a><a href='\/\/www.linksalpha.com\/share?network='googleplus' class='linksalpha_icon_googleplus'><\/a><a href='\/\/www.linksalpha.com\/share?network='mail' class='linksalpha_icon_mail'><\/a><\/div><div data-position='' data-url='https:\/\/obcanskymonitoring.cz\/?p=216' data-title='Druh\u00fd protest proti \u0161kolsk\u00e9 politice M\u0160MT' class='linksalpha_container linksalpha_app_7'><a href='\/\/www.linksalpha.com\/share?network='facebook' class='linksalpha_icon_facebook'><\/a><a href='\/\/www.linksalpha.com\/share?network='twitter' class='linksalpha_icon_twitter'><\/a><a href='\/\/www.linksalpha.com\/share?network='googleplus' class='linksalpha_icon_googleplus'><\/a><a href='\/\/www.linksalpha.com\/share?network='mail' class='linksalpha_icon_mail'><\/a><\/div>","protected":false},"excerpt":{"rendered":"<p>&nbsp;1,998&nbsp;total views Adresa protestu: Karmelitsk\u00e1 7, 118 12, Praha 1 \u2013 P\u0159ed budovou M\u0160MT \u010cas: 18:00-20:00 D\u016fvodem svol\u00e1n\u00ed tohoto protestu je rostouc\u00ed nespokojenost se \u0161kolskou politikou M\u0160MT pod veden\u00edm pana ministra Dobe\u0161e. T\u011bch kauz je u\u017e v\u00a0posledn\u00ed dob\u011b tolik a jsou natolik z\u00e1va\u017en\u00e9, \u017ee u\u017e nen\u00ed mo\u017en\u00e9 reagovat jinak ne\u017e\u00a0aktivn\u00edm protestem p\u0159ed budovou M\u0160MT. &nbsp;<\/p>\n","protected":false},"author":2,"featured_media":223,"comment_status":"open","ping_status":"open","sticky":false,"template":"","format":"standard","meta":[],"categories":[10,26],"tags":[],"_links":{"self":[{"href":"https:\/\/obcanskymonitoring.cz\/index.php?rest_route=\/wp\/v2\/posts\/216"}],"collection":[{"href":"https:\/\/obcanskymonitoring.cz\/index.php?rest_route=\/wp\/v2\/posts"}],"about":[{"href":"https:\/\/obcanskymonitoring.cz\/index.php?rest_route=\/wp\/v2\/types\/post"}],"author":[{"embeddable":true,"href":"https:\/\/obcanskymonitoring.cz\/index.php?rest_route=\/wp\/v2\/users\/2"}],"replies":[{"embeddable":true,"href":"https:\/\/obcanskymonitoring.cz\/index.php?rest_route=%2Fwp%2Fv2%2Fcomments&post=216"}],"version-history":[{"count":0,"href":"https:\/\/obcanskymonitoring.cz\/index.php?rest_route=\/wp\/v2\/posts\/216\/revisions"}],"wp:featuredmedia":[{"embeddable":true,"href":"https:\/\/obcanskymonitoring.cz\/index.php?rest_route=\/wp\/v2\/media\/223"}],"wp:attachment":[{"href":"https:\/\/obcanskymonitoring.cz\/index.php?rest_route=%2Fwp%2Fv2%2Fmedia&parent=216"}],"wp:term":[{"taxonomy":"category","embeddable":true,"href":"https:\/\/obcanskymonitoring.cz\/index.php?rest_route=%2Fwp%2Fv2%2Fcategories&post=216"},{"taxonomy":"post_tag","embeddable":true,"href":"https:\/\/obcanskymonitoring.cz\/index.php?rest_route=%2Fwp%2Fv2%2Ftags&post=216"}],"curies":[{"name":"wp","href":"https:\/\/api.w.org\/{rel}","templated":true}]}}