{"id":2175,"date":"2014-04-24T08:00:13","date_gmt":"2014-04-24T08:00:13","guid":{"rendered":"http:\/\/obcanskymonitoring.cz\/?p=2175"},"modified":"2014-06-25T18:39:16","modified_gmt":"2014-06-25T18:39:16","slug":"petr-jesatko-podekovani-za-hlasovani-o-np-sumava","status":"publish","type":"post","link":"https:\/\/obcanskymonitoring.cz\/?p=2175","title":{"rendered":"Petr Je\u0161\u00e1tko: &#8220;Pod\u011bkov\u00e1n\u00ed&#8221; za hlasov\u00e1n\u00ed o NP \u0160umava"},"content":{"rendered":"<div class=\"pvc_clear\"><\/div>\n<p class=\"pvc_stats total_only \" data-element-id=\"2175\" style=\"\"><i class=\"pvc-stats-icon medium\" aria-hidden=\"true\"><svg xmlns=\"http:\/\/www.w3.org\/2000\/svg\" version=\"1.0\" viewBox=\"0 0 502 315\" preserveAspectRatio=\"xMidYMid meet\"><g transform=\"translate(0,332) scale(0.1,-0.1)\" fill=\"\" stroke=\"none\"><path d=\"M2394 3279 l-29 -30 -3 -207 c-2 -182 0 -211 15 -242 39 -76 157 -76 196 0 15 31 17 60 15 243 l-3 209 -33 29 c-26 23 -41 29 -80 29 -41 0 -53 -5 -78 -31z\"\/><path d=\"M3085 3251 c-45 -19 -58 -50 -96 -229 -47 -217 -49 -260 -13 -295 52 -53 146 -42 177 20 16 31 87 366 87 410 0 70 -86 122 -155 94z\"\/><path d=\"M1751 3234 c-13 -9 -29 -31 -37 -50 -12 -29 -10 -49 21 -204 19 -94 39 -189 45 -210 14 -50 54 -80 110 -80 34 0 48 6 76 34 21 21 34 44 34 59 0 14 -18 113 -40 219 -37 178 -43 195 -70 221 -36 32 -101 37 -139 11z\"\/><path d=\"M1163 3073 c-36 -7 -73 -59 -73 -102 0 -56 133 -378 171 -413 34 -32 83 -37 129 -13 70 36 67 87 -16 290 -86 209 -89 214 -129 231 -35 14 -42 15 -82 7z\"\/><path d=\"M3689 3066 c-15 -9 -33 -30 -42 -48 -48 -103 -147 -355 -147 -375 0 -98 131 -148 192 -74 13 15 57 108 97 206 80 196 84 226 37 273 -30 30 -99 39 -137 18z\"\/><path d=\"M583 2784 c-38 -19 -67 -74 -58 -113 9 -42 211 -354 242 -373 16 -10 45 -18 66 -18 51 0 107 52 107 100 0 39 -1 41 -124 234 -80 126 -108 162 -133 173 -41 17 -61 16 -100 -3z\"\/><path d=\"M4250 2784 c-14 -9 -74 -91 -133 -183 -95 -150 -107 -173 -107 -213 0 -55 33 -94 87 -104 67 -13 90 8 211 198 130 202 137 225 78 284 -27 27 -42 34 -72 34 -22 0 -50 -8 -64 -16z\"\/><path d=\"M2275 2693 c-553 -48 -1095 -270 -1585 -649 -135 -104 -459 -423 -483 -476 -23 -49 -22 -139 2 -186 73 -142 361 -457 571 -626 285 -228 642 -407 990 -497 242 -63 336 -73 660 -74 310 0 370 5 595 52 535 111 1045 392 1455 803 122 121 250 273 275 326 19 41 19 137 0 174 -41 79 -309 363 -465 492 -447 370 -946 591 -1479 653 -113 14 -422 18 -536 8z m395 -428 c171 -34 330 -124 456 -258 112 -119 167 -219 211 -378 27 -96 24 -300 -5 -401 -72 -255 -236 -447 -474 -557 -132 -62 -201 -76 -368 -76 -167 0 -236 14 -368 76 -213 98 -373 271 -451 485 -162 444 86 934 547 1084 153 49 292 57 452 25z m909 -232 c222 -123 408 -262 593 -441 76 -74 138 -139 138 -144 0 -16 -233 -242 -330 -319 -155 -123 -309 -223 -461 -299 l-81 -41 32 46 c18 26 49 83 70 128 143 306 141 649 -6 957 -25 52 -61 116 -79 142 l-34 47 45 -20 c26 -10 76 -36 113 -56z m-2057 25 c-40 -58 -105 -190 -130 -263 -110 -324 -59 -707 132 -981 25 -35 42 -64 37 -64 -19 0 -241 119 -326 174 -188 122 -406 314 -532 468 l-58 71 108 103 c185 178 428 349 672 473 66 33 121 60 123 61 2 0 -10 -19 -26 -42z\"\/><path d=\"M2375 1950 c-198 -44 -350 -190 -395 -379 -18 -76 -8 -221 19 -290 114 -284 457 -406 731 -260 98 52 188 154 231 260 27 69 37 214 19 290 -38 163 -166 304 -326 360 -67 23 -215 33 -279 19z\"\/><\/g><\/svg><\/i> &nbsp;1,120&nbsp;total views<\/p>\n<div class=\"pvc_clear\"><\/div>\n<p>P\u0159etiskujeme dopis\u00a0\u00a0b\u00fdval\u00e9ho vrchn\u00edho lesn\u00edho inspektora N\u00e1rodn\u00edho parku \u0160umava, nyn\u00ed v d\u016fchodu. Z\u00e1kon, kter\u00fd jsme kritizovali v na\u0161em minul\u00e9m \u010dl\u00e1nku:\u00a0<a href=\"http:\/\/obcanskymonitoring.cz\/?p=2163\">Hlubok\u00e9 hrdlo II : N\u00e1vrh z\u00e1kona o \u0160umavsk\u00e9m n\u00e1rodn\u00edm parku<\/a>\u00a0\u00a0pro\u0161el v Poslaneck\u00e9 sn\u011bmovn\u011b\u00a0v prvn\u00edm \u010dten\u00ed. Situace kolem \u0160umavsk\u00e9ho n\u00e1rodn\u00edho parku je aktu\u00e1ln\u011b velmi v\u00e1\u017en\u00e1.<\/p>\n<p><!--more--><\/p>\n<p>Upozor\u0148ujeme tak\u00e9 na rozbor n\u00e1vrhu z\u00e1kona v \u010dl\u00e1nku\u00a0<a href=\"http:\/\/www.parlamentnilisty.cz\/zpravy\/tiskovezpravy\/Senatni-navrh-zakona-o-NP-Sumava-je-plny-skrytych-vyhod-pro-mistni-politiky-a-developery-316191\">Sen\u00e1tn\u00ed n\u00e1vrh z\u00e1kona o NP \u0160umava je pln\u00fd skryt\u00fdch v\u00fdhod pro m\u00edstn\u00ed politiky a developery<\/a>.<\/p>\n<p>V\u00e1\u017een\u00ed p\u00e1ni sen\u00e1to\u0159i,<\/p>\n<p>jako ob\u010dan t\u00e9to republiky v\u00e1m zas\u00edl\u00e1m pod\u011bkov\u00e1n\u00ed t\u011bm sen\u00e1tor\u016fm, kter\u00fdm nen\u00ed pojem pr\u00e1vn\u00ed st\u00e1t, sen\u00e1t, jako pojistka atd., ciz\u00ed. Zvednout ruku pro n\u00e1vrh Z\u00e1kona o NP \u0160umava,p\u0159es varov\u00e1n\u00ed odborn\u00edk\u016f a legislativc\u016f vy\u017eaduje opravdu siln\u00fd \u017ealudek. M\u00e1m \u010dlena rodiny, kter\u00fd soud\u00ed na jednom z nejvy\u0161\u0161\u00edch soud\u016f v t\u00e9to republice. Soud\u00ed sice trestn\u00ed pr\u00e1vo, ale dosv\u011bd\u010duje, \u017ee jedn\u00edm z nejv\u011bt\u0161\u00edch probl\u00e9m\u016f jsou \u010dasto nekvalitn\u00ed z\u00e1kony a zbyte\u010dn\u00e9 zaplevelov\u00e1n\u00ed z\u00e1kon\u016f, kter\u00e9 neslou\u017e\u00ed v\u011bci, ale n\u011bkter\u00fdm skupin\u00e1m s r\u016fzn\u00fdmi z\u00e1jmy. Zar\u00e1\u017e\u00ed mne, kdy\u017e vy,jako pr\u00e1vn\u00ed laici nejste schopni ani uva\u017eovat o n\u00e1zoru b\u00fdval\u00e9 soudkyn\u011b \u00dastavn\u00edho soudu. Po v\u010derej\u0161\u00ed besed\u011b o vstupu do EU se snad ka\u017ed\u00fd mohl p\u0159esv\u011bd\u010dit, jak trapn\u011b a sm\u011b\u0161n\u011b vypad\u00e1 p\u0159edseda strany, kter\u00e1 nerespektovala pr\u00e1vo, odbornost atd. Ano,pr\u00e1v\u011b ODS by m\u011bla b\u00fdt varov\u00e1n\u00edm, \u017ee ob\u010dan\u00e9 ji\u017e maj\u00ed dost politika\u0159en\u00ed za posledn\u00edch dvacet let, od privatizace po\u010desku, opozi\u010dn\u00ed smlouvy a posledn\u00edch ud\u00e1lost\u00ed, kdy si org\u00e1ny \u010dinn\u00e9 v trestn\u00edm \u0159\u00edzen\u00ed kone\u010dn\u011b vyb\u00edraj\u00ed z tepl\u00fdch hn\u00edzd zlod\u011bjsk\u00e9 politiky a jejich kmotry. \u017de je za\u010d\u00ednaj\u00ed vyb\u00edrat i v regionech je dob\u0159e, proto\u017ee i tam se cel\u00e1 opozi\u010dn\u00ed smlouva v kraj\u00edch dostala na dokonalou propracovanost mafie. Ob\u010dan\u016fm se p\u0159edkl\u00e1dalo, \u017ee \u017eijeme na dluh proto\u017ee jsme to projedli. Ne, n\u011bkte\u0159\u00ed politici to rozkradli se sv\u00fdmi podporovateli. \u010casto tam byla propojenost i na org\u00e1ny \u010dinn\u00e9 v trestn\u00edm \u0159\u00edzen\u00ed a ob\u010dan nem\u011bl mo\u017enost se br\u00e1nit. Tohle v\u0161e si budou lid\u00e9,kte\u0159\u00ed p\u016fjdou k volb\u00e1m i t\u011bm evropsk\u00fdm, za m\u011bs\u00edc p\u0159ipom\u00ednat. Budeme to p\u0159ipom\u00ednat i va\u0161im kandid\u00e1t\u016fm, kte\u0159\u00ed budou \u017e\u00e1dat o hlas. K v\u00fdsledku nast\u00e1vaj\u00edc\u00edch voleb v tomto roce jste sv\u00fdm postojem k pr\u00e1vu, tedy i mezin\u00e1rodn\u00edmu p\u0159isp\u011bl i ka\u017ed\u00fd z v\u00e1s. Proto\u017ee n\u011bkter\u00e9 z v\u00e1s zn\u00e1m osobn\u011b a zdr\u017eeli jste se hlasov\u00e1n\u00ed, co\u017e je tak\u00e9 n\u00e1zor i nad t\u00edmto postojem se s p\u0159\u00e1teli pozastavuji&#8230;<\/p>\n<p>Ze \u0160umavy zdrav\u00ed Petr Je\u0161\u00e1tko st.\u00a0\u00a0(Autor je b\u00fdval\u00fd vrchn\u00ed lesn\u00ed inspektor N\u00e1rodn\u00edho parku \u0160umava, nyn\u00ed v d\u016fchodu).<\/p>\n<p><a href=\"http:\/\/www.ceskatelevize.cz\/ivysilani\/1129337346-pridej-se\/209562248410019\/\">Po\u0159ad Petra Je\u0161\u00e1tka pro \u010ceskou televizi<\/a><\/p>\n<div data-counters='1' data-style='square' data-size='regular' data-url='https:\/\/obcanskymonitoring.cz\/?p=2175' data-title='Petr Je\u0161\u00e1tko: &#8220;Pod\u011bkov\u00e1n\u00ed&#8221; za hlasov\u00e1n\u00ed o NP \u0160umava' class='linksalpha_container linksalpha_app_3'><a href='\/\/www.linksalpha.com\/share?network='facebook' class='linksalpha_icon_facebook'><\/a><a href='\/\/www.linksalpha.com\/share?network='twitter' class='linksalpha_icon_twitter'><\/a><a href='\/\/www.linksalpha.com\/share?network='googleplus' class='linksalpha_icon_googleplus'><\/a><a href='\/\/www.linksalpha.com\/share?network='mail' class='linksalpha_icon_mail'><\/a><\/div><div data-position='' data-url='https:\/\/obcanskymonitoring.cz\/?p=2175' data-title='Petr Je\u0161\u00e1tko: &#8220;Pod\u011bkov\u00e1n\u00ed&#8221; za hlasov\u00e1n\u00ed o NP \u0160umava' class='linksalpha_container linksalpha_app_7'><a href='\/\/www.linksalpha.com\/share?network='facebook' class='linksalpha_icon_facebook'><\/a><a href='\/\/www.linksalpha.com\/share?network='twitter' class='linksalpha_icon_twitter'><\/a><a href='\/\/www.linksalpha.com\/share?network='googleplus' class='linksalpha_icon_googleplus'><\/a><a href='\/\/www.linksalpha.com\/share?network='mail' class='linksalpha_icon_mail'><\/a><\/div>","protected":false},"excerpt":{"rendered":"<p>&nbsp;1,120&nbsp;total views P\u0159etiskujeme dopis\u00a0\u00a0b\u00fdval\u00e9ho vrchn\u00edho lesn\u00edho inspektora N\u00e1rodn\u00edho parku \u0160umava, nyn\u00ed v d\u016fchodu. Z\u00e1kon, kter\u00fd jsme kritizovali v na\u0161em minul\u00e9m \u010dl\u00e1nku:\u00a0Hlubok\u00e9 hrdlo II : N\u00e1vrh z\u00e1kona o \u0160umavsk\u00e9m n\u00e1rodn\u00edm parku\u00a0\u00a0pro\u0161el v Poslaneck\u00e9 sn\u011bmovn\u011b\u00a0v prvn\u00edm \u010dten\u00ed. Situace kolem \u0160umavsk\u00e9ho n\u00e1rodn\u00edho parku je aktu\u00e1ln\u011b velmi v\u00e1\u017en\u00e1.<\/p>\n","protected":false},"author":2,"featured_media":0,"comment_status":"open","ping_status":"open","sticky":true,"template":"","format":"standard","meta":[],"categories":[10,21],"tags":[],"_links":{"self":[{"href":"https:\/\/obcanskymonitoring.cz\/index.php?rest_route=\/wp\/v2\/posts\/2175"}],"collection":[{"href":"https:\/\/obcanskymonitoring.cz\/index.php?rest_route=\/wp\/v2\/posts"}],"about":[{"href":"https:\/\/obcanskymonitoring.cz\/index.php?rest_route=\/wp\/v2\/types\/post"}],"author":[{"embeddable":true,"href":"https:\/\/obcanskymonitoring.cz\/index.php?rest_route=\/wp\/v2\/users\/2"}],"replies":[{"embeddable":true,"href":"https:\/\/obcanskymonitoring.cz\/index.php?rest_route=%2Fwp%2Fv2%2Fcomments&post=2175"}],"version-history":[{"count":0,"href":"https:\/\/obcanskymonitoring.cz\/index.php?rest_route=\/wp\/v2\/posts\/2175\/revisions"}],"wp:attachment":[{"href":"https:\/\/obcanskymonitoring.cz\/index.php?rest_route=%2Fwp%2Fv2%2Fmedia&parent=2175"}],"wp:term":[{"taxonomy":"category","embeddable":true,"href":"https:\/\/obcanskymonitoring.cz\/index.php?rest_route=%2Fwp%2Fv2%2Fcategories&post=2175"},{"taxonomy":"post_tag","embeddable":true,"href":"https:\/\/obcanskymonitoring.cz\/index.php?rest_route=%2Fwp%2Fv2%2Ftags&post=2175"}],"curies":[{"name":"wp","href":"https:\/\/api.w.org\/{rel}","templated":true}]}}