{"id":2252,"date":"2014-05-09T07:33:13","date_gmt":"2014-05-09T07:33:13","guid":{"rendered":"http:\/\/obcanskymonitoring.cz\/?p=2252"},"modified":"2014-05-09T07:33:13","modified_gmt":"2014-05-09T07:33:13","slug":"doporucujeme-akce-uklidme-cesko-probehne-v-pulce-kvetna","status":"publish","type":"post","link":"https:\/\/obcanskymonitoring.cz\/?p=2252","title":{"rendered":"Doporu\u010dujeme: Akce Ukli\u010fme \u010cesko prob\u011bhne v p\u016flce kv\u011btna"},"content":{"rendered":"<div class=\"pvc_clear\"><\/div>\n<p class=\"pvc_stats total_only \" data-element-id=\"2252\" style=\"\"><i class=\"pvc-stats-icon medium\" aria-hidden=\"true\"><svg xmlns=\"http:\/\/www.w3.org\/2000\/svg\" version=\"1.0\" viewBox=\"0 0 502 315\" preserveAspectRatio=\"xMidYMid meet\"><g transform=\"translate(0,332) scale(0.1,-0.1)\" fill=\"\" stroke=\"none\"><path d=\"M2394 3279 l-29 -30 -3 -207 c-2 -182 0 -211 15 -242 39 -76 157 -76 196 0 15 31 17 60 15 243 l-3 209 -33 29 c-26 23 -41 29 -80 29 -41 0 -53 -5 -78 -31z\"\/><path d=\"M3085 3251 c-45 -19 -58 -50 -96 -229 -47 -217 -49 -260 -13 -295 52 -53 146 -42 177 20 16 31 87 366 87 410 0 70 -86 122 -155 94z\"\/><path d=\"M1751 3234 c-13 -9 -29 -31 -37 -50 -12 -29 -10 -49 21 -204 19 -94 39 -189 45 -210 14 -50 54 -80 110 -80 34 0 48 6 76 34 21 21 34 44 34 59 0 14 -18 113 -40 219 -37 178 -43 195 -70 221 -36 32 -101 37 -139 11z\"\/><path d=\"M1163 3073 c-36 -7 -73 -59 -73 -102 0 -56 133 -378 171 -413 34 -32 83 -37 129 -13 70 36 67 87 -16 290 -86 209 -89 214 -129 231 -35 14 -42 15 -82 7z\"\/><path d=\"M3689 3066 c-15 -9 -33 -30 -42 -48 -48 -103 -147 -355 -147 -375 0 -98 131 -148 192 -74 13 15 57 108 97 206 80 196 84 226 37 273 -30 30 -99 39 -137 18z\"\/><path d=\"M583 2784 c-38 -19 -67 -74 -58 -113 9 -42 211 -354 242 -373 16 -10 45 -18 66 -18 51 0 107 52 107 100 0 39 -1 41 -124 234 -80 126 -108 162 -133 173 -41 17 -61 16 -100 -3z\"\/><path d=\"M4250 2784 c-14 -9 -74 -91 -133 -183 -95 -150 -107 -173 -107 -213 0 -55 33 -94 87 -104 67 -13 90 8 211 198 130 202 137 225 78 284 -27 27 -42 34 -72 34 -22 0 -50 -8 -64 -16z\"\/><path d=\"M2275 2693 c-553 -48 -1095 -270 -1585 -649 -135 -104 -459 -423 -483 -476 -23 -49 -22 -139 2 -186 73 -142 361 -457 571 -626 285 -228 642 -407 990 -497 242 -63 336 -73 660 -74 310 0 370 5 595 52 535 111 1045 392 1455 803 122 121 250 273 275 326 19 41 19 137 0 174 -41 79 -309 363 -465 492 -447 370 -946 591 -1479 653 -113 14 -422 18 -536 8z m395 -428 c171 -34 330 -124 456 -258 112 -119 167 -219 211 -378 27 -96 24 -300 -5 -401 -72 -255 -236 -447 -474 -557 -132 -62 -201 -76 -368 -76 -167 0 -236 14 -368 76 -213 98 -373 271 -451 485 -162 444 86 934 547 1084 153 49 292 57 452 25z m909 -232 c222 -123 408 -262 593 -441 76 -74 138 -139 138 -144 0 -16 -233 -242 -330 -319 -155 -123 -309 -223 -461 -299 l-81 -41 32 46 c18 26 49 83 70 128 143 306 141 649 -6 957 -25 52 -61 116 -79 142 l-34 47 45 -20 c26 -10 76 -36 113 -56z m-2057 25 c-40 -58 -105 -190 -130 -263 -110 -324 -59 -707 132 -981 25 -35 42 -64 37 -64 -19 0 -241 119 -326 174 -188 122 -406 314 -532 468 l-58 71 108 103 c185 178 428 349 672 473 66 33 121 60 123 61 2 0 -10 -19 -26 -42z\"\/><path d=\"M2375 1950 c-198 -44 -350 -190 -395 -379 -18 -76 -8 -221 19 -290 114 -284 457 -406 731 -260 98 52 188 154 231 260 27 69 37 214 19 290 -38 163 -166 304 -326 360 -67 23 -215 33 -279 19z\"\/><\/g><\/svg><\/i> &nbsp;865&nbsp;total views<\/p>\n<div class=\"pvc_clear\"><\/div>\n<p>V sobotu <strong>17. kv\u011btna<\/strong> prob\u011bhne po cel\u00e9 na\u0161\u00ed\u00a0republice dobrovolnick\u00e1 \u00faklidov\u00e1 akce zam\u011b\u0159en\u00e1 na likvidaci \u010dern\u00fdch\u00a0skl\u00e1dek.\u00a0Jedn\u00e1 se o prvn\u00ed ro\u010dn\u00edk akce, jej\u00edm\u017e c\u00edlem je nejen uklidit na\u0161e\u00a0okol\u00ed, ale tak\u00e9 medi\u00e1ln\u011b zviditelnit dlouhodob\u011b ne\u0159e\u0161enou problematiku\u00a0\u010dern\u00fdch skl\u00e1dek a p\u0159isp\u011bt t\u00edm k prevenci jejich vzniku.<\/p>\n<p><!--more--><\/p>\n<p>Ji\u017e druh\u00fdm rokem prob\u00edh\u00e1 v \u010cR mapov\u00e1n\u00ed \u010dern\u00fdch skl\u00e1dek\u00a0prost\u0159ednictv\u00edm projektu ZmapujTo &#8211; <a href=\"http:\/\/www.zmapujto.cz\">http:\/\/www.zmapujto.cz<\/a>, d\u00edky n\u011bmu\u017e bylo\u00a0nahl\u00e1\u0161eno a do mapy zaneseno ji\u017e v\u00edce ne\u017e 3000 \u010dern\u00fdch skl\u00e1dek. Na\u00a0z\u00e1klad\u011b takto sesb\u00edran\u00fdch dat vznikla my\u0161lenka celost\u00e1tn\u00ed \u00faklidov\u00e9 akce\u00a0pod n\u00e1zvem &#8220;Ukli\u010fme \u010cesko&#8221;, kter\u00e1 vych\u00e1z\u00ed z mezin\u00e1rodn\u011b osv\u011bd\u010den\u00e9ho\u00a0modelu &#8220;Let&#8217;s Do It!&#8221;. Tento typ jednodenn\u00edch \u00faklidov\u00fdch akc\u00ed prob\u011bhl<\/p>\n<p>\u00fasp\u011b\u0161n\u011b ji\u017e ve v\u00edce ne\u017e 100 zem\u00edch za \u00fa\u010dasti 8,5 milionu\u00a0dobrovoln\u00edk\u016f. \u00daklid \u010ceska pak prob\u011bhne pod z\u00e1\u0161titou Ministerstva\u00a0\u017eivotn\u00edho prost\u0159ed\u00ed \u010cR v sobotu 17. 5. 2014.<br \/>\n&#8220;V sou\u010dasn\u00e9 dob\u011b registrujeme p\u0159es 260 organiz\u00e1tor\u016f m\u00edstn\u00edch\u00a0\u00faklidov\u00fdch akc\u00ed prakticky po cel\u00e9 \u010cR, ke kter\u00fdm je mo\u017en\u00e9 se p\u0159ipojit a\u00a0do akce se aktivn\u011b zapojit&#8221;, sd\u011blil n\u00e1m jeden z organiz\u00e1tor\u016f akce <strong>RNDr.\u00a0Miroslav Kub\u00e1sek<\/strong>. &#8220;Dal\u0161\u00ed organiz\u00e1to\u0159i jsou samoz\u0159ejm\u011b tak\u00e9 v\u00edt\u00e1ni.&#8221; K\u00a0registraci organiz\u00e1tor\u016f m\u00edstn\u00edch \u00faklid\u016f, dobrovoln\u00edk\u016f a k vz\u00e1jemn\u00e9<br \/>\nkomunikaci mezi nimi slou\u017e\u00ed interaktivn\u00ed mapa, kterou naleznete na webu akce.\u00a0D\u00edky n\u00ed z\u00e1jemci o \u00fa\u010dast uvid\u00ed p\u0159ehledn\u011b nap\u0159. po\u010det ji\u017e\u00a0p\u0159ihl\u00e1\u0161en\u00fdch dobrovoln\u00edk\u016f, seznam organiz\u00e1tor\u016f, ke kter\u00fdm se mohou ve\u00a0zvolen\u00e9 lokalit\u011b p\u0159ipojit a tak\u00e9 m\u00edsta sraz\u016f jednotliv\u00fdch \u00faklid\u016f. V\u00a0map\u011b se zobrazuj\u00ed i nahl\u00e1\u0161en\u00e9 \u010dern\u00e9 skl\u00e1dky, kter\u00e9 mohou \u00fa\u010dastn\u00edci<br \/>\nb\u011bhem akce ukl\u00edzet &#8211; <a href=\"http:\/\/mapa.uklidmecesko.cz\">http:\/\/mapa.uklidmecesko.cz<\/a>.\u00a0Do projektu je zapojena i \u0159ada firem z oblasti slu\u017eeb v odpadov\u00e9m\u00a0hospod\u00e1\u0159stv\u00ed, kter\u00e9 maj\u00ed k t\u00e9to problematice velmi bl\u00edzko. Ty nab\u00edz\u00ed v\u00a0den akce nejr\u016fzn\u011bj\u0161\u00ed benefity jako odvoz odpadu zdarma, slevy za ulo\u017een\u00ed\u00a0odpad\u016f, prodlou\u017eenou otev\u00edrac\u00ed dobu sb\u011brn\u00fdch st\u0159edisek, pytle a rukavice<br \/>\npro dobrovoln\u00edky.\u00a0I pro m\u011bsta a obce je projekt v\u00fdhodn\u00fd. Velk\u00e1 \u010d\u00e1st jich toti\u017e alespo\u0148\u00a0jedenkr\u00e1t ro\u010dn\u011b na sv\u00e9 n\u00e1klady prov\u00e1d\u00ed \u00faklid sv\u00e9ho katastru od<br \/>\npohozen\u00fdch odpad\u016f (v\u010detn\u011b \u010dern\u00fdch skl\u00e1dek).\u00a0Nyn\u00ed se m\u011bst\u016fm a obc\u00edm nask\u00fdt\u00e1 p\u0159\u00edle\u017eitost uklidit b\u011bhem jednoho\u00a0dne \u010dern\u00e9 skl\u00e1dky na sv\u00e9m katastr\u00e1ln\u00edm \u00fazem\u00ed s vyu\u017eit\u00edm pomoci\u00a0dobrovoln\u00edk\u016f a dal\u0161\u00edch partner\u016f akce, tedy za v\u00fdhodn\u011bj\u0161\u00edch podm\u00ednek,\u00a0ne\u017e kdyby tak \u010dinily samostatn\u011b.\u00a0Nav\u00edc pokud se skl\u00e1dky v\u010das neodstran\u00ed, budou se \u010dasem rozr\u016fstat a\u00a0porostou tak i budouc\u00ed n\u00e1klady na jejich likvidaci.\u00a0Ka\u017edop\u00e1dn\u011b v\u00edt\u00e1ni jsou v\u0161ichni, kter\u00e9 my\u0161lenka &#8220;Ukli\u010fme \u010cesko&#8221;\u00a0oslovila a cht\u011bj\u00ed se do \u00faklidu aktivn\u011b zapojit. Podrobn\u011bj\u0161\u00ed informace a\u00a0mo\u017enosti zapojen\u00ed naleznete na webu akce <a href=\"http:\/\/www.uklidmecesko.cz\">http:\/\/www.uklidmecesko.cz<\/a>.\u00a0A nezapome\u0148te, bez V\u00e1s \u010cesko neuklid\u00edme!<\/p>\n<p>Kontakt:<br \/>\nUkli\u010fme \u010cesko 2014<br \/>\nE-mail: <a href=\"mailto: info@uklidmecesko.cz\">info@uklidmecesko.cz<\/a><br \/>\nTelefon: +420 537 022 314<br \/>\nMobil: +420 737 417 975<br \/>\nFacebook: <a href=\"http:\/\/www.facebook.com\/UklidmeCesko\">http:\/\/www.facebook.com\/UklidmeCesko<\/a><br \/>\nWeb: <a href=\"http:\/\/www.uklidmecesko.cz\">http:\/\/www.uklidmecesko.cz<\/a><\/p>\n<div data-counters='1' data-style='square' data-size='regular' data-url='https:\/\/obcanskymonitoring.cz\/?p=2252' data-title='Doporu\u010dujeme: Akce Ukli\u010fme \u010cesko prob\u011bhne v p\u016flce kv\u011btna' class='linksalpha_container linksalpha_app_3'><a href='\/\/www.linksalpha.com\/share?network='facebook' class='linksalpha_icon_facebook'><\/a><a href='\/\/www.linksalpha.com\/share?network='twitter' class='linksalpha_icon_twitter'><\/a><a href='\/\/www.linksalpha.com\/share?network='googleplus' class='linksalpha_icon_googleplus'><\/a><a href='\/\/www.linksalpha.com\/share?network='mail' class='linksalpha_icon_mail'><\/a><\/div><div data-position='' data-url='https:\/\/obcanskymonitoring.cz\/?p=2252' data-title='Doporu\u010dujeme: Akce Ukli\u010fme \u010cesko prob\u011bhne v p\u016flce kv\u011btna' class='linksalpha_container linksalpha_app_7'><a href='\/\/www.linksalpha.com\/share?network='facebook' class='linksalpha_icon_facebook'><\/a><a href='\/\/www.linksalpha.com\/share?network='twitter' class='linksalpha_icon_twitter'><\/a><a href='\/\/www.linksalpha.com\/share?network='googleplus' class='linksalpha_icon_googleplus'><\/a><a href='\/\/www.linksalpha.com\/share?network='mail' class='linksalpha_icon_mail'><\/a><\/div>","protected":false},"excerpt":{"rendered":"<p>&nbsp;865&nbsp;total views V sobotu 17. kv\u011btna prob\u011bhne po cel\u00e9 na\u0161\u00ed\u00a0republice dobrovolnick\u00e1 \u00faklidov\u00e1 akce zam\u011b\u0159en\u00e1 na likvidaci \u010dern\u00fdch\u00a0skl\u00e1dek.\u00a0Jedn\u00e1 se o prvn\u00ed ro\u010dn\u00edk akce, jej\u00edm\u017e c\u00edlem je nejen uklidit na\u0161e\u00a0okol\u00ed, ale tak\u00e9 medi\u00e1ln\u011b zviditelnit dlouhodob\u011b ne\u0159e\u0161enou problematiku\u00a0\u010dern\u00fdch skl\u00e1dek a p\u0159isp\u011bt t\u00edm k prevenci jejich vzniku.<\/p>\n","protected":false},"author":2,"featured_media":0,"comment_status":"open","ping_status":"open","sticky":true,"template":"","format":"standard","meta":[],"categories":[12,18],"tags":[],"_links":{"self":[{"href":"https:\/\/obcanskymonitoring.cz\/index.php?rest_route=\/wp\/v2\/posts\/2252"}],"collection":[{"href":"https:\/\/obcanskymonitoring.cz\/index.php?rest_route=\/wp\/v2\/posts"}],"about":[{"href":"https:\/\/obcanskymonitoring.cz\/index.php?rest_route=\/wp\/v2\/types\/post"}],"author":[{"embeddable":true,"href":"https:\/\/obcanskymonitoring.cz\/index.php?rest_route=\/wp\/v2\/users\/2"}],"replies":[{"embeddable":true,"href":"https:\/\/obcanskymonitoring.cz\/index.php?rest_route=%2Fwp%2Fv2%2Fcomments&post=2252"}],"version-history":[{"count":0,"href":"https:\/\/obcanskymonitoring.cz\/index.php?rest_route=\/wp\/v2\/posts\/2252\/revisions"}],"wp:attachment":[{"href":"https:\/\/obcanskymonitoring.cz\/index.php?rest_route=%2Fwp%2Fv2%2Fmedia&parent=2252"}],"wp:term":[{"taxonomy":"category","embeddable":true,"href":"https:\/\/obcanskymonitoring.cz\/index.php?rest_route=%2Fwp%2Fv2%2Fcategories&post=2252"},{"taxonomy":"post_tag","embeddable":true,"href":"https:\/\/obcanskymonitoring.cz\/index.php?rest_route=%2Fwp%2Fv2%2Ftags&post=2252"}],"curies":[{"name":"wp","href":"https:\/\/api.w.org\/{rel}","templated":true}]}}