{"id":2281,"date":"2014-05-12T09:23:34","date_gmt":"2014-05-12T09:23:34","guid":{"rendered":"http:\/\/obcanskymonitoring.cz\/?p=2281"},"modified":"2014-05-12T09:28:23","modified_gmt":"2014-05-12T09:28:23","slug":"dokument-konvergencni-program-ceske-republiky-2014","status":"publish","type":"post","link":"https:\/\/obcanskymonitoring.cz\/?p=2281","title":{"rendered":"Dokument: Konvergen\u010dn\u00ed program \u010cesk\u00e9 republiky 2014"},"content":{"rendered":"<div class=\"pvc_clear\"><\/div>\n<p class=\"pvc_stats total_only \" data-element-id=\"2281\" style=\"\"><i class=\"pvc-stats-icon medium\" aria-hidden=\"true\"><svg xmlns=\"http:\/\/www.w3.org\/2000\/svg\" version=\"1.0\" viewBox=\"0 0 502 315\" preserveAspectRatio=\"xMidYMid meet\"><g transform=\"translate(0,332) scale(0.1,-0.1)\" fill=\"\" stroke=\"none\"><path d=\"M2394 3279 l-29 -30 -3 -207 c-2 -182 0 -211 15 -242 39 -76 157 -76 196 0 15 31 17 60 15 243 l-3 209 -33 29 c-26 23 -41 29 -80 29 -41 0 -53 -5 -78 -31z\"\/><path d=\"M3085 3251 c-45 -19 -58 -50 -96 -229 -47 -217 -49 -260 -13 -295 52 -53 146 -42 177 20 16 31 87 366 87 410 0 70 -86 122 -155 94z\"\/><path d=\"M1751 3234 c-13 -9 -29 -31 -37 -50 -12 -29 -10 -49 21 -204 19 -94 39 -189 45 -210 14 -50 54 -80 110 -80 34 0 48 6 76 34 21 21 34 44 34 59 0 14 -18 113 -40 219 -37 178 -43 195 -70 221 -36 32 -101 37 -139 11z\"\/><path d=\"M1163 3073 c-36 -7 -73 -59 -73 -102 0 -56 133 -378 171 -413 34 -32 83 -37 129 -13 70 36 67 87 -16 290 -86 209 -89 214 -129 231 -35 14 -42 15 -82 7z\"\/><path d=\"M3689 3066 c-15 -9 -33 -30 -42 -48 -48 -103 -147 -355 -147 -375 0 -98 131 -148 192 -74 13 15 57 108 97 206 80 196 84 226 37 273 -30 30 -99 39 -137 18z\"\/><path d=\"M583 2784 c-38 -19 -67 -74 -58 -113 9 -42 211 -354 242 -373 16 -10 45 -18 66 -18 51 0 107 52 107 100 0 39 -1 41 -124 234 -80 126 -108 162 -133 173 -41 17 -61 16 -100 -3z\"\/><path d=\"M4250 2784 c-14 -9 -74 -91 -133 -183 -95 -150 -107 -173 -107 -213 0 -55 33 -94 87 -104 67 -13 90 8 211 198 130 202 137 225 78 284 -27 27 -42 34 -72 34 -22 0 -50 -8 -64 -16z\"\/><path d=\"M2275 2693 c-553 -48 -1095 -270 -1585 -649 -135 -104 -459 -423 -483 -476 -23 -49 -22 -139 2 -186 73 -142 361 -457 571 -626 285 -228 642 -407 990 -497 242 -63 336 -73 660 -74 310 0 370 5 595 52 535 111 1045 392 1455 803 122 121 250 273 275 326 19 41 19 137 0 174 -41 79 -309 363 -465 492 -447 370 -946 591 -1479 653 -113 14 -422 18 -536 8z m395 -428 c171 -34 330 -124 456 -258 112 -119 167 -219 211 -378 27 -96 24 -300 -5 -401 -72 -255 -236 -447 -474 -557 -132 -62 -201 -76 -368 -76 -167 0 -236 14 -368 76 -213 98 -373 271 -451 485 -162 444 86 934 547 1084 153 49 292 57 452 25z m909 -232 c222 -123 408 -262 593 -441 76 -74 138 -139 138 -144 0 -16 -233 -242 -330 -319 -155 -123 -309 -223 -461 -299 l-81 -41 32 46 c18 26 49 83 70 128 143 306 141 649 -6 957 -25 52 -61 116 -79 142 l-34 47 45 -20 c26 -10 76 -36 113 -56z m-2057 25 c-40 -58 -105 -190 -130 -263 -110 -324 -59 -707 132 -981 25 -35 42 -64 37 -64 -19 0 -241 119 -326 174 -188 122 -406 314 -532 468 l-58 71 108 103 c185 178 428 349 672 473 66 33 121 60 123 61 2 0 -10 -19 -26 -42z\"\/><path d=\"M2375 1950 c-198 -44 -350 -190 -395 -379 -18 -76 -8 -221 19 -290 114 -284 457 -406 731 -260 98 52 188 154 231 260 27 69 37 214 19 290 -38 163 -166 304 -326 360 -67 23 -215 33 -279 19z\"\/><\/g><\/svg><\/i> &nbsp;979&nbsp;total views<\/p>\n<div class=\"pvc_clear\"><\/div>\n<p>Upozor\u0148uji na zaj\u00edmav\u00fd dokument, kter\u00fd pro\u0161el v\u00a0tomto t\u00fddnu Sen\u00e1tem: Konvergen\u010dn\u00ed program \u010cesk\u00e9 republiky 2014, na str\u00e1nk\u00e1ch Sen\u00e1tu <a href=\"http:\/\/www.senat.cz\/xqw\/webdav\/pssenat\/original\/72117\/60595\">zde<\/a>, z\u00e1loha na str\u00e1nk\u00e1ch \u201eRingu\u201c, <a href=\"http:\/\/obcanskymonitoring.cz\/wp-content\/uploads\/2014\/05\/605951.pdf\">zde<\/a>.<\/p>\n<p><!--more--><\/p>\n<p>Vyj\u00edm\u00e1m z\u00a0textu pas\u00e1\u017ee, kter\u00e9 mne zaujaly, jen k p\u0159e\u010dten\u00ed. \u00a0&#8211; Je dobr\u00e9 je zn\u00e1t.\u00a0K citac\u00edm neuv\u00e1d\u00edm strany, vzhledem k tomu, \u017ee se daj\u00ed v pln\u00e9m textu dokumentu snadno dohledat.<\/p>\n<p><em>\u201eV\u00fdznam tohoto strategick\u00e9ho materi\u00e1lu vl\u00e1dy \u010cR, definuj\u00edc\u00edho sm\u011bry makroekonomick\u00fdch hospod\u00e1\u0159sk\u00fdch politik, spo\u010d\u00edv\u00e1 rovn\u011b\u017e v tom, \u017ee bude slou\u017eit jako podklad pro rozhodov\u00e1n\u00ed Evropsk\u00e9 komise a Rady EU o ukon\u010den\u00ed postupu p\u0159i nadm\u011brn\u00e9m schodku.\u201c<\/em><\/p>\n<p><i>\u201e<\/i><i>Rada EU v prosinci roku 2009 konstatovala, \u017ee by \u010cR m\u011bla do konce roku 2013 sn\u00ed\u017eit nadm\u011brn\u00fd schodek, zp\u016fsoben\u00fd jak voln\u00fdm p\u016fsoben\u00edm automatick\u00fdch stabiliz\u00e1tor\u016f, tak i diskre\u010dn\u00edmi stimuly ekonomiky, pod hodnotu 3 % HDP. Sou\u010dasn\u011b po\u017eadovala, aby pr\u016fm\u011brn\u00e9 ro\u010dn\u00ed fisk\u00e1ln\u00ed \u00fasil\u00ed sektoru vl\u00e1dn\u00edch instituc\u00ed za roky 2010 a\u017e 2013 dos\u00e1hlo alespo\u0148 jednoho procentn\u00edho bodu. Sn\u00ed\u017een\u00ed deficitu m\u011blo prob\u011bhnout na z\u00e1klad\u011b jasn\u011b definovan\u00fdch opat\u0159en\u00ed, kter\u00e1 zajist\u00ed d\u016fv\u011bryhodnou a udr\u017eitelnou n\u00e1pravu nadm\u011brn\u00e9ho schodku.\u201c<\/i><\/p>\n<p><i>\u00a0<\/i><i>\u201e<\/i><i>P\u0159edseda vl\u00e1dy odsouhlasil sv\u00fdm dopisem \u010d.j. 2676\/14-0VA ze 4. b\u0159ezna 2014 zkr\u00e1cen\u00ed term\u00ednu vn\u011bj\u0161\u00edho p\u0159ipom\u00ednkov\u00e9ho \u0159\u00edzen\u00ed na \u010dty\u0159i pracovn\u00ed dny.\u201c<\/i><\/p>\n<p><i>\u201e<\/i><i>Predikce proveden\u00e1 na t\u011bchto podkladech odhaduje deficit vl\u00e1dn\u00edho sektoru ve v\u00fd\u0161i 1,8 % HDP v roce 2014 a d\u00e1le okolo 2,3 % v roce 2015 s n\u00e1sledn\u00fdm poklesem k 1,7 % v\u00a0roce 2017. Dluh sektoru vl\u00e1dn\u00edch instituc\u00ed v relaci k HDP po m\u00edrn\u00e9m poklesu z roku 2013 letos pravd\u011bpodobn\u011b op\u011bt klesne, a to na 44,9 % HDP. D\u016fvodem je zejm\u00e9na zapojen\u00ed dodate\u010dn\u00e9 likvidity v syst\u00e9mu. V roce 2017 by se m\u011bl dluh pohybovat okolo hodnoty 47,1 % HDP.\u201c<\/i><\/p>\n<p><i>\u00a0<\/i><em>\u201eO\u010dek\u00e1van\u00fd r\u016fst inkasa p\u0159\u00edm\u00fdch dan\u00ed o 3,2 % by m\u011bl b\u00fdt ta\u017een dan\u00ed z p\u0159\u00edjm\u016f pr\u00e1vnick\u00fdch osob, kter\u00e1 vzroste\u00a0o 3,7 %, a dan\u00ed z p\u0159\u00edjm\u016f fyzick\u00fdch osob, jej\u00ed\u017e inkaso by m\u011blo vzr\u016fst o 2,7 %. V\u00fdrazn\u011bj\u0161\u00ed diskre\u010dn\u00ed zm\u011bna s\u00a0pozitivn\u00edm efektem ve v\u00fd\u0161i necel\u00fdch 0,1 % HDP nast\u00e1v\u00e1 pouze u dan\u011b z p\u0159\u00edjm\u016f fyzick\u00fdch osob, kde je od tohoto roku omezeno da\u0148ov\u00e9 zv\u00fdhodn\u011bn\u00ed na d\u00edt\u011b pouze pro rezidenty z EU, Norska a Islandu. Ostatn\u00ed zm\u011bny jsou pak fisk\u00e1ln\u011b velmi mal\u00e9. P\u0159\u00edsp\u011bvky na soci\u00e1ln\u00ed zabezpe\u010den\u00ed by m\u011bly vzr\u016fst o 1,6 %, co\u017e je vesm\u011bs autonomn\u00ed v\u00fdvoj kop\u00edruj\u00edc\u00ed o\u010dek\u00e1van\u00fd n\u00e1r\u016fst objemu mezd a plat\u016f v ekonomice.\u201c<\/em><\/p>\n<p><em>&#8220;Pokles o 7,4 % lze o\u010dek\u00e1vat u d\u016fchod\u016f z vlastnictv\u00ed, zejm\u00e9na v d\u016fsledku ni\u017e\u0161\u00edch o\u010dek\u00e1van\u00fdch dividend,\u00a0p\u0159edev\u0161\u00edm b\u00fdval\u00e9ho Fondu n\u00e1rodn\u00edho majetku, ve srovn\u00e1n\u00ed s rokem 2013. O n\u011bco ni\u017e\u0161\u00ed bude i p\u0159evod\u00a0zisk\u016f ze st\u00e1tn\u00edho podniku Lesy \u010cR, klasifikovan\u00fd jako p\u0159\u00edjem vl\u00e1dn\u00edho sektoru. V sou\u010dasn\u00e9 dob\u011b nen\u00ed\u00a0v odhadu zohledn\u011bno nav\u00fd\u0161en\u00ed dividendy z \u010cEZ, kter\u00e1 by zlep\u0161ila deficit vl\u00e1dn\u00edho sektoru. V predikci jsou\u00a0zahrnuty i p\u0159\u00edjmy z prodeje licenc\u00ed mobiln\u00edm oper\u00e1tor\u016fm ve v\u00fd\u0161i 8,5 mld. K\u010d.&#8221;<\/em><\/p>\n<p><em>&#8220;V\u00fddaje vl\u00e1dn\u00edho sektoru by m\u011bly meziro\u010dn\u011b vzr\u016fst o 3,8 %, co\u017e je nejv\u011bt\u0161\u00ed tempo za posledn\u00ed \u010dty\u0159i roky.&#8221;<\/em><\/p>\n<p><b><i>\u201e1.4.5 Energetika a klimatick\u00e1 zm\u011bna<\/i><\/b><\/p>\n<p><i>\u010cR dlouhodob\u011b usiluje o efektivn\u00ed p\u0159echod na konkurenceschopn\u00e9 n\u00edzkouhl\u00edkov\u00e9 hospod\u00e1\u0159stv\u00ed a sn\u00ed\u017een\u00ed\u00a0<\/i><i>z\u00e1vislosti na fosiln\u00edch palivech. Za t\u00edmto \u00fa\u010delem budou aktualizov\u00e1ny St\u00e1tn\u00ed energetick\u00e1 koncepce a N\u00e1rodn\u00ed\u00a0<\/i><i>ak\u010dn\u00ed pl\u00e1n \u010cR pro energii z obnoviteln\u00fdch zdroj\u016f.\u201c<\/i><\/p>\n<p><em><b>&#8220;1.4.6 Dopravn\u00ed infrastruktura<\/b><\/em><\/p>\n<p><em>S c\u00edlem zv\u00fd\u0161en\u00ed kapacity a kvality dopravn\u00ed infrastruktury se vl\u00e1da \u010cR zam\u011b\u0159\u00ed na dobudov\u00e1n\u00ed p\u00e1te\u0159n\u00ed dopravn\u00ed\u00a0<\/em><em>infrastruktury a napojen\u00ed zb\u00fdvaj\u00edc\u00edch region\u016f a d\u016fle\u017eit\u00fdch pr\u016fmyslov\u00fdch center na hlavn\u00ed trasy. Na ji\u017e schv\u00e1len\u00fd strategick\u00fd dokument Dopravn\u00ed politika \u010cR pro obdob\u00ed 2014\u20132020 s v\u00fdhledem do roku 2050 navazuje pro oblast zaji\u0161t\u011bn\u00ed dopravn\u00ed infrastruktury, v\u010detn\u011b jej\u00edho financov\u00e1n\u00ed, schv\u00e1len\u00fd strategick\u00fd dokument Dopravn\u00ed sektorov\u00e9 strategie, 2. f\u00e1ze.&#8221;<\/em><\/p>\n<div data-counters='1' data-style='square' data-size='regular' data-url='https:\/\/obcanskymonitoring.cz\/?p=2281' data-title='Dokument: Konvergen\u010dn\u00ed program \u010cesk\u00e9 republiky 2014' class='linksalpha_container linksalpha_app_3'><a href='\/\/www.linksalpha.com\/share?network='facebook' class='linksalpha_icon_facebook'><\/a><a href='\/\/www.linksalpha.com\/share?network='twitter' class='linksalpha_icon_twitter'><\/a><a href='\/\/www.linksalpha.com\/share?network='googleplus' class='linksalpha_icon_googleplus'><\/a><a href='\/\/www.linksalpha.com\/share?network='mail' class='linksalpha_icon_mail'><\/a><\/div><div data-position='' data-url='https:\/\/obcanskymonitoring.cz\/?p=2281' data-title='Dokument: Konvergen\u010dn\u00ed program \u010cesk\u00e9 republiky 2014' class='linksalpha_container linksalpha_app_7'><a href='\/\/www.linksalpha.com\/share?network='facebook' class='linksalpha_icon_facebook'><\/a><a href='\/\/www.linksalpha.com\/share?network='twitter' class='linksalpha_icon_twitter'><\/a><a href='\/\/www.linksalpha.com\/share?network='googleplus' class='linksalpha_icon_googleplus'><\/a><a href='\/\/www.linksalpha.com\/share?network='mail' class='linksalpha_icon_mail'><\/a><\/div>","protected":false},"excerpt":{"rendered":"<p>&nbsp;979&nbsp;total views Upozor\u0148uji na zaj\u00edmav\u00fd dokument, kter\u00fd pro\u0161el v\u00a0tomto t\u00fddnu Sen\u00e1tem: Konvergen\u010dn\u00ed program \u010cesk\u00e9 republiky 2014, na str\u00e1nk\u00e1ch Sen\u00e1tu zde, z\u00e1loha na str\u00e1nk\u00e1ch \u201eRingu\u201c, zde.<\/p>\n","protected":false},"author":2,"featured_media":0,"comment_status":"open","ping_status":"open","sticky":true,"template":"","format":"standard","meta":[],"categories":[19],"tags":[],"_links":{"self":[{"href":"https:\/\/obcanskymonitoring.cz\/index.php?rest_route=\/wp\/v2\/posts\/2281"}],"collection":[{"href":"https:\/\/obcanskymonitoring.cz\/index.php?rest_route=\/wp\/v2\/posts"}],"about":[{"href":"https:\/\/obcanskymonitoring.cz\/index.php?rest_route=\/wp\/v2\/types\/post"}],"author":[{"embeddable":true,"href":"https:\/\/obcanskymonitoring.cz\/index.php?rest_route=\/wp\/v2\/users\/2"}],"replies":[{"embeddable":true,"href":"https:\/\/obcanskymonitoring.cz\/index.php?rest_route=%2Fwp%2Fv2%2Fcomments&post=2281"}],"version-history":[{"count":0,"href":"https:\/\/obcanskymonitoring.cz\/index.php?rest_route=\/wp\/v2\/posts\/2281\/revisions"}],"wp:attachment":[{"href":"https:\/\/obcanskymonitoring.cz\/index.php?rest_route=%2Fwp%2Fv2%2Fmedia&parent=2281"}],"wp:term":[{"taxonomy":"category","embeddable":true,"href":"https:\/\/obcanskymonitoring.cz\/index.php?rest_route=%2Fwp%2Fv2%2Fcategories&post=2281"},{"taxonomy":"post_tag","embeddable":true,"href":"https:\/\/obcanskymonitoring.cz\/index.php?rest_route=%2Fwp%2Fv2%2Ftags&post=2281"}],"curies":[{"name":"wp","href":"https:\/\/api.w.org\/{rel}","templated":true}]}}