{"id":2312,"date":"2014-05-15T07:42:27","date_gmt":"2014-05-15T07:42:27","guid":{"rendered":"http:\/\/obcanskymonitoring.cz\/?p=2312"},"modified":"2014-05-16T10:10:47","modified_gmt":"2014-05-16T10:10:47","slug":"stanislav-honzik-zapojte-se-spolu-s-nami-do-verejnych-konzultaci-legislativy-eu","status":"publish","type":"post","link":"https:\/\/obcanskymonitoring.cz\/?p=2312","title":{"rendered":"Zapojte se spolu s n\u00e1mi do ve\u0159ejn\u00fdch konzultac\u00ed legislativy EU"},"content":{"rendered":"<div class=\"pvc_clear\"><\/div>\n<p class=\"pvc_stats total_only \" data-element-id=\"2312\" style=\"\"><i class=\"pvc-stats-icon medium\" aria-hidden=\"true\"><svg xmlns=\"http:\/\/www.w3.org\/2000\/svg\" version=\"1.0\" viewBox=\"0 0 502 315\" preserveAspectRatio=\"xMidYMid meet\"><g transform=\"translate(0,332) scale(0.1,-0.1)\" fill=\"\" stroke=\"none\"><path d=\"M2394 3279 l-29 -30 -3 -207 c-2 -182 0 -211 15 -242 39 -76 157 -76 196 0 15 31 17 60 15 243 l-3 209 -33 29 c-26 23 -41 29 -80 29 -41 0 -53 -5 -78 -31z\"\/><path d=\"M3085 3251 c-45 -19 -58 -50 -96 -229 -47 -217 -49 -260 -13 -295 52 -53 146 -42 177 20 16 31 87 366 87 410 0 70 -86 122 -155 94z\"\/><path d=\"M1751 3234 c-13 -9 -29 -31 -37 -50 -12 -29 -10 -49 21 -204 19 -94 39 -189 45 -210 14 -50 54 -80 110 -80 34 0 48 6 76 34 21 21 34 44 34 59 0 14 -18 113 -40 219 -37 178 -43 195 -70 221 -36 32 -101 37 -139 11z\"\/><path d=\"M1163 3073 c-36 -7 -73 -59 -73 -102 0 -56 133 -378 171 -413 34 -32 83 -37 129 -13 70 36 67 87 -16 290 -86 209 -89 214 -129 231 -35 14 -42 15 -82 7z\"\/><path d=\"M3689 3066 c-15 -9 -33 -30 -42 -48 -48 -103 -147 -355 -147 -375 0 -98 131 -148 192 -74 13 15 57 108 97 206 80 196 84 226 37 273 -30 30 -99 39 -137 18z\"\/><path d=\"M583 2784 c-38 -19 -67 -74 -58 -113 9 -42 211 -354 242 -373 16 -10 45 -18 66 -18 51 0 107 52 107 100 0 39 -1 41 -124 234 -80 126 -108 162 -133 173 -41 17 -61 16 -100 -3z\"\/><path d=\"M4250 2784 c-14 -9 -74 -91 -133 -183 -95 -150 -107 -173 -107 -213 0 -55 33 -94 87 -104 67 -13 90 8 211 198 130 202 137 225 78 284 -27 27 -42 34 -72 34 -22 0 -50 -8 -64 -16z\"\/><path d=\"M2275 2693 c-553 -48 -1095 -270 -1585 -649 -135 -104 -459 -423 -483 -476 -23 -49 -22 -139 2 -186 73 -142 361 -457 571 -626 285 -228 642 -407 990 -497 242 -63 336 -73 660 -74 310 0 370 5 595 52 535 111 1045 392 1455 803 122 121 250 273 275 326 19 41 19 137 0 174 -41 79 -309 363 -465 492 -447 370 -946 591 -1479 653 -113 14 -422 18 -536 8z m395 -428 c171 -34 330 -124 456 -258 112 -119 167 -219 211 -378 27 -96 24 -300 -5 -401 -72 -255 -236 -447 -474 -557 -132 -62 -201 -76 -368 -76 -167 0 -236 14 -368 76 -213 98 -373 271 -451 485 -162 444 86 934 547 1084 153 49 292 57 452 25z m909 -232 c222 -123 408 -262 593 -441 76 -74 138 -139 138 -144 0 -16 -233 -242 -330 -319 -155 -123 -309 -223 -461 -299 l-81 -41 32 46 c18 26 49 83 70 128 143 306 141 649 -6 957 -25 52 -61 116 -79 142 l-34 47 45 -20 c26 -10 76 -36 113 -56z m-2057 25 c-40 -58 -105 -190 -130 -263 -110 -324 -59 -707 132 -981 25 -35 42 -64 37 -64 -19 0 -241 119 -326 174 -188 122 -406 314 -532 468 l-58 71 108 103 c185 178 428 349 672 473 66 33 121 60 123 61 2 0 -10 -19 -26 -42z\"\/><path d=\"M2375 1950 c-198 -44 -350 -190 -395 -379 -18 -76 -8 -221 19 -290 114 -284 457 -406 731 -260 98 52 188 154 231 260 27 69 37 214 19 290 -38 163 -166 304 -326 360 -67 23 -215 33 -279 19z\"\/><\/g><\/svg><\/i> &nbsp;999&nbsp;total views<\/p>\n<div class=\"pvc_clear\"><\/div>\n<p>Chceme v\u00e1s v tomto \u010dl\u00e1nku upozornit na mo\u017enost zapojit se do konzultac\u00ed Evropsk\u00e9 komise. Pod\u00edvejte se na str\u00e1nku &#8220;<a href=\"http:\/\/ec.europa.eu\/yourvoice\/consultations\/index_cs.htm\">Prob\u00edhaj\u00edc\u00ed ve\u0159ejn\u00e9 konzultace v EU<\/a>&#8220;. Pokud pracujete v dan\u00e9 oblasti, p\u0159e\u010dt\u011bte si p\u0159\u00edslu\u0161n\u00e9 dokumenty (ostatn\u011b jist\u011b ty informace pom\u016f\u017eou i ve Va\u0161\u00ed pr\u00e1ci) a zva\u017ete p\u0159ipojen\u00ed sv\u00fdch p\u0159\u00edpadn\u00fdch p\u0159ipom\u00ednek, pokud naraz\u00edte na n\u011bco nevyhovuj\u00edc\u00edho. M\u016f\u017eete se obr\u00e1tit i na &#8220;<a href=\"http:\/\/obcanskymonitoring.cz\/\">Ring<\/a>&#8221; a m\u016f\u017eeme sepsat p\u0159ipom\u00ednky spole\u010dn\u011b. Ring nap\u0159\u00edklad v minulosti p\u0159ipravoval p\u0159ipom\u00ednky k n\u00e1vrh\u016fm definice ve\u0159ejn\u00e9 podpory&#8230;<\/p>\n<p><!--more--><\/p>\n<p>M\u016f\u017eete se pod\u00edvat i na <a href=\"http:\/\/ec.europa.eu\/yourvoice\/consultations\/docs\/planned-consultations_en.pdf\">chystan\u00e9 konzultace<\/a>, zda tam nen\u00ed Va\u0161e t\u00e9ma.<\/p>\n<p><strong>V\u00fdhoda ve\u0159ejn\u00fdch konzultac\u00ed pro spole\u010dnost<\/strong><\/p>\n<p>V \u010dem spo\u010d\u00edv\u00e1 v\u00fdhoda ve\u0159ejn\u00fdch konzultac\u00ed? Poslanci, jak v\u00edme, rozhodn\u011b nejsou bohov\u00e9, neznaj\u00ed v\u0161echno a \u010f\u00e1bel je skryt p\u0159edev\u0161\u00edm v detailech. Nen\u00ed-li p\u0159ipravovan\u00e1 legislativa diskutov\u00e1na ve\u0159ejn\u011b, s ob\u010dany, kter\u00fdch se bude t\u00fdkat\u00a0(a p\u0159\u00edkladem je \u010cesk\u00e1 republika, kde ve\u0159ejn\u00e1 diskuse nad p\u0159ipravenou legislativou, snad vyjma &#8220;<a href=\"http:\/\/obcanskymonitoring.cz\/\">Ringu<\/a>&#8220;, neexistuje.), nen\u00ed kvalitn\u00ed.\u00a0Konkr\u00e9tn\u00ed d\u016fsledek neproveden\u00ed ve\u0159ejn\u00e9 konzultace je t\u0159eba tento z\u00e1kon o regulaci lihu:\u00a0<a href=\"http:\/\/zpravy.aktualne.cz\/domaci\/kapky-na-kasel-dostanou-kolky-stejne-jako-slivovice\/r~e8614b34cc1611e38f5c0025900fea04\">Kapky na ka\u0161el dostanou kolky. Stejn\u011b jako slivovice.<\/a>\u00a0O lihov\u00e9 af\u00e9\u0159e jsme ostatn\u011b v &#8220;Ringu&#8221; psali n\u011bkolikr\u00e1t, naposledy v \u010dl\u00e1nku: \u00a0<a href=\"http:\/\/obcanskymonitoring.cz\/?p=920\">Konec metanolov\u00e9 af\u00e9ry: Vl\u00e1da sv\u00e9 sliby nesplnila.<\/a><\/p>\n<p><strong>Ve\u0159ejn\u00e9 konzultace v EU<\/strong><\/p>\n<p>\u010casto naz\u00fdv\u00e1me EU byrokratickou a odtr\u017eenou od samotn\u00fdch ob\u010dan\u016f, ale v EU \u00fasp\u011b\u0161n\u011b funguje mo\u017enost ve\u0159ejn\u00e9 konzultace. Evropsk\u00e1 komise vyd\u00e1v\u00e1 tzv. Zelen\u00e9 knihy, kter\u00e9 po ur\u010ditou omezenou dobu p\u0159edkl\u00e1d\u00e1 k\u00a0ve\u0159ejn\u00e9 konzultaci. Ze Zelen\u00fdch knih se pak mohou st\u00e1t na\u0159\u00edzen\u00ed a sm\u011brnice, pokud jsou schv\u00e1leny Evropsk\u00fdm parlamentem a Radou ministr\u016f \u010dlensk\u00fdch zem\u00ed. Sami ob\u010dan\u00e9 si mohou navrhnout tzv. <a href=\"http:\/\/cs.wikipedia.org\/wiki\/Evropsk%C3%A1_ob%C4%8Dansk%C3%A1_iniciativa\">Evropskou ob\u010danskou iniciativu<\/a>, kterou se mus\u00ed zab\u00fdvat Evropsk\u00e1 komise. Evropsk\u00e1 Komise je v\u00a0tomto sm\u011bru k\u00a0ob\u010dan\u016fm otev\u0159en\u00e1. Mo\u017enost p\u0159ipom\u00ednkovat novou legislativu maj\u00ed ob\u010dan\u00e9 ve skandin\u00e1vsk\u00fdch zem\u00edch (Norsko, D\u00e1nsko, \u0160v\u00e9dsko). \u00a0Funguje to takto: Ka\u017ed\u00fd nov\u00fd z\u00e1kon je zve\u0159ejn\u011bn a ob\u010dan\u00e9 maj\u00ed cca 14 dn\u016f mo\u017enost jej p\u0159ipom\u00ednkovat. Ve\u0161ker\u00e9 p\u0159ipom\u00ednky jsou vypo\u0159\u00e1d\u00e1ny. (Ne v\u0161echny p\u0159ipom\u00ednky jsou konstruktivn\u00ed a ne v\u0161echny jsou zohledn\u011bny). Ka\u017edop\u00e1dn\u011b, v\u00fdsledkem tohoto nepatrn\u00e9ho prodlou\u017een\u00ed legislativn\u00edho procesu je v\u00fdrazn\u00e9 zv\u00fd\u0161en\u00ed kvality. Do\u010dk\u00e1me se jednou zm\u011bny i v\u00a0\u010cR?<\/p>\n<p><strong>P\u0159ipom\u00ednkujme zat\u00edm \u010deskou legislativu p\u0159es EU \ud83d\ude42<\/strong><\/p>\n<p>Vzhledem k tomu, \u017ee \u010de\u0161t\u00ed politici, narozd\u00edl od sv\u00fdch zahrani\u010dn\u00edch koleg\u016f, se sv\u00fdmi ob\u010dany o n\u00e1vrz\u00edch legislativy nekomunikuj\u00ed, nab\u00edz\u00ed se \u010cech\u016fm mo\u017enost diskusi realizovat prost\u0159ednictv\u00edm v\u00fd\u0161e uveden\u00fdch konzultac\u00ed p\u0159es Brusel. Je to sm\u011b\u0161n\u00e9, ale z\u0159ejm\u011b je to aktu\u00e1ln\u011b cesta, kter\u00e1 skute\u010dn\u011b funguje. \ud83d\ude42<\/p>\n<p><strong>Ot\u00e1zky pro \u010cesko<\/strong><\/p>\n<p>Cht\u011bli byste se k\u00a0z\u00e1kon\u016fm vyj\u00e1d\u0159it a p\u0159ipom\u00ednkovat je? Nem\u011bly by n\u00e1vrhy z\u00e1kon\u016f proj\u00edt ve\u0159ejnou diskuz\u00ed a jej\u00ed v\u00fdsledky by nem\u011bly b\u00fdt do z\u00e1kon\u016f prom\u00edtnuty? Pro\u010d ob\u010dan\u00e9 sm\u011bj\u00ed vstoupit do legislativn\u00edho procesu pouze nep\u0159\u00edmo p\u0159es tlak na volen\u00e9 z\u00e1stupce a st\u00e1tn\u00ed \u00fa\u0159edn\u00edky? Je legislativn\u00ed proces v\u00a0\u010cR opravdu odrazem modern\u00ed demokracie? Pro\u010d v \u010desk\u00e9m pr\u00e1vu chyb\u00ed mo\u017enost, aby ob\u010dan\u00e9 (s dostate\u010dnou podporou) sami navrhli vl\u00e1d\u011b z\u00e1kon a ona se j\u00edm musela zab\u00fdvat?<\/p>\n<p>&nbsp;<\/p>\n<p><strong>Zdroje<\/strong><\/p>\n<p><a href=\"http:\/\/ec.europa.eu\/citizens-initiative\/public\/welcome?lg=cs\">Evropsk\u00e1 ob\u010dansk\u00e1 iniciativa<\/a><\/p>\n<p><a href=\"http:\/\/ec.europa.eu\/yourvoice\/consultations\/index_cs.htm\">Prob\u00edhaj\u00edc\u00edch konzultace k\u00a0politik\u00e1m EU<\/a><\/p>\n<p><a href=\"http:\/\/www.psp.cz\/sqw\/hp.sqw?k=331\">Legislativn\u00ed proces v\u00a0\u010cR<\/a><\/p>\n<p>&nbsp;<\/p>\n<p><strong>Auto\u0159i<\/strong><\/p>\n<p>Stanislav Honz\u00edk. Autor je technologick\u00fd konzultant a b\u00e1sn\u00edk p\u016fsob\u00edc\u00ed pod pseudonymem Jan Stanislav.<\/p>\n<p>V\u00edt\u011bzslav Praks: Re(d)aktor <a href=\"http:\/\/obcanskymonitoring.cz\/\">Ob\u010dansk\u00e9ho monitoringu<\/a><\/p>\n<div data-counters='1' data-style='square' data-size='regular' data-url='https:\/\/obcanskymonitoring.cz\/?p=2312' data-title='Zapojte se spolu s n\u00e1mi do ve\u0159ejn\u00fdch konzultac\u00ed legislativy EU' class='linksalpha_container linksalpha_app_3'><a href='\/\/www.linksalpha.com\/share?network='facebook' class='linksalpha_icon_facebook'><\/a><a href='\/\/www.linksalpha.com\/share?network='twitter' class='linksalpha_icon_twitter'><\/a><a href='\/\/www.linksalpha.com\/share?network='googleplus' class='linksalpha_icon_googleplus'><\/a><a href='\/\/www.linksalpha.com\/share?network='mail' class='linksalpha_icon_mail'><\/a><\/div><div data-position='' data-url='https:\/\/obcanskymonitoring.cz\/?p=2312' data-title='Zapojte se spolu s n\u00e1mi do ve\u0159ejn\u00fdch konzultac\u00ed legislativy EU' class='linksalpha_container linksalpha_app_7'><a href='\/\/www.linksalpha.com\/share?network='facebook' class='linksalpha_icon_facebook'><\/a><a href='\/\/www.linksalpha.com\/share?network='twitter' class='linksalpha_icon_twitter'><\/a><a href='\/\/www.linksalpha.com\/share?network='googleplus' class='linksalpha_icon_googleplus'><\/a><a href='\/\/www.linksalpha.com\/share?network='mail' class='linksalpha_icon_mail'><\/a><\/div>","protected":false},"excerpt":{"rendered":"<p>&nbsp;999&nbsp;total views Chceme v\u00e1s v tomto \u010dl\u00e1nku upozornit na mo\u017enost zapojit se do konzultac\u00ed Evropsk\u00e9 komise. Pod\u00edvejte se na str\u00e1nku &#8220;Prob\u00edhaj\u00edc\u00ed ve\u0159ejn\u00e9 konzultace v EU&#8220;. Pokud pracujete v dan\u00e9 oblasti, p\u0159e\u010dt\u011bte si p\u0159\u00edslu\u0161n\u00e9 dokumenty (ostatn\u011b jist\u011b ty informace pom\u016f\u017eou i ve Va\u0161\u00ed pr\u00e1ci) a zva\u017ete p\u0159ipojen\u00ed sv\u00fdch p\u0159\u00edpadn\u00fdch p\u0159ipom\u00ednek, pokud naraz\u00edte na n\u011bco nevyhovuj\u00edc\u00edho. M\u016f\u017eete [&hellip;]<\/p>\n","protected":false},"author":2,"featured_media":0,"comment_status":"open","ping_status":"open","sticky":true,"template":"","format":"standard","meta":[],"categories":[7,12,9],"tags":[],"_links":{"self":[{"href":"https:\/\/obcanskymonitoring.cz\/index.php?rest_route=\/wp\/v2\/posts\/2312"}],"collection":[{"href":"https:\/\/obcanskymonitoring.cz\/index.php?rest_route=\/wp\/v2\/posts"}],"about":[{"href":"https:\/\/obcanskymonitoring.cz\/index.php?rest_route=\/wp\/v2\/types\/post"}],"author":[{"embeddable":true,"href":"https:\/\/obcanskymonitoring.cz\/index.php?rest_route=\/wp\/v2\/users\/2"}],"replies":[{"embeddable":true,"href":"https:\/\/obcanskymonitoring.cz\/index.php?rest_route=%2Fwp%2Fv2%2Fcomments&post=2312"}],"version-history":[{"count":0,"href":"https:\/\/obcanskymonitoring.cz\/index.php?rest_route=\/wp\/v2\/posts\/2312\/revisions"}],"wp:attachment":[{"href":"https:\/\/obcanskymonitoring.cz\/index.php?rest_route=%2Fwp%2Fv2%2Fmedia&parent=2312"}],"wp:term":[{"taxonomy":"category","embeddable":true,"href":"https:\/\/obcanskymonitoring.cz\/index.php?rest_route=%2Fwp%2Fv2%2Fcategories&post=2312"},{"taxonomy":"post_tag","embeddable":true,"href":"https:\/\/obcanskymonitoring.cz\/index.php?rest_route=%2Fwp%2Fv2%2Ftags&post=2312"}],"curies":[{"name":"wp","href":"https:\/\/api.w.org\/{rel}","templated":true}]}}