{"id":2575,"date":"2014-06-25T19:00:20","date_gmt":"2014-06-25T19:00:20","guid":{"rendered":"http:\/\/obcanskymonitoring.cz\/?p=2575"},"modified":"2014-06-25T19:32:03","modified_gmt":"2014-06-25T19:32:03","slug":"narodni-park-sumava-zaplatil-za-nelegalni-zasah-pres-8-milionu-korun","status":"publish","type":"post","link":"https:\/\/obcanskymonitoring.cz\/?p=2575","title":{"rendered":"N\u00e1rodn\u00ed park \u0160umava zaplatil za neleg\u00e1ln\u00ed z\u00e1sah p\u0159es 8 milion\u016f korun"},"content":{"rendered":"<div class=\"pvc_clear\"><\/div>\n<p class=\"pvc_stats total_only \" data-element-id=\"2575\" style=\"\"><i class=\"pvc-stats-icon medium\" aria-hidden=\"true\"><svg xmlns=\"http:\/\/www.w3.org\/2000\/svg\" version=\"1.0\" viewBox=\"0 0 502 315\" preserveAspectRatio=\"xMidYMid meet\"><g transform=\"translate(0,332) scale(0.1,-0.1)\" fill=\"\" stroke=\"none\"><path d=\"M2394 3279 l-29 -30 -3 -207 c-2 -182 0 -211 15 -242 39 -76 157 -76 196 0 15 31 17 60 15 243 l-3 209 -33 29 c-26 23 -41 29 -80 29 -41 0 -53 -5 -78 -31z\"\/><path d=\"M3085 3251 c-45 -19 -58 -50 -96 -229 -47 -217 -49 -260 -13 -295 52 -53 146 -42 177 20 16 31 87 366 87 410 0 70 -86 122 -155 94z\"\/><path d=\"M1751 3234 c-13 -9 -29 -31 -37 -50 -12 -29 -10 -49 21 -204 19 -94 39 -189 45 -210 14 -50 54 -80 110 -80 34 0 48 6 76 34 21 21 34 44 34 59 0 14 -18 113 -40 219 -37 178 -43 195 -70 221 -36 32 -101 37 -139 11z\"\/><path d=\"M1163 3073 c-36 -7 -73 -59 -73 -102 0 -56 133 -378 171 -413 34 -32 83 -37 129 -13 70 36 67 87 -16 290 -86 209 -89 214 -129 231 -35 14 -42 15 -82 7z\"\/><path d=\"M3689 3066 c-15 -9 -33 -30 -42 -48 -48 -103 -147 -355 -147 -375 0 -98 131 -148 192 -74 13 15 57 108 97 206 80 196 84 226 37 273 -30 30 -99 39 -137 18z\"\/><path d=\"M583 2784 c-38 -19 -67 -74 -58 -113 9 -42 211 -354 242 -373 16 -10 45 -18 66 -18 51 0 107 52 107 100 0 39 -1 41 -124 234 -80 126 -108 162 -133 173 -41 17 -61 16 -100 -3z\"\/><path d=\"M4250 2784 c-14 -9 -74 -91 -133 -183 -95 -150 -107 -173 -107 -213 0 -55 33 -94 87 -104 67 -13 90 8 211 198 130 202 137 225 78 284 -27 27 -42 34 -72 34 -22 0 -50 -8 -64 -16z\"\/><path d=\"M2275 2693 c-553 -48 -1095 -270 -1585 -649 -135 -104 -459 -423 -483 -476 -23 -49 -22 -139 2 -186 73 -142 361 -457 571 -626 285 -228 642 -407 990 -497 242 -63 336 -73 660 -74 310 0 370 5 595 52 535 111 1045 392 1455 803 122 121 250 273 275 326 19 41 19 137 0 174 -41 79 -309 363 -465 492 -447 370 -946 591 -1479 653 -113 14 -422 18 -536 8z m395 -428 c171 -34 330 -124 456 -258 112 -119 167 -219 211 -378 27 -96 24 -300 -5 -401 -72 -255 -236 -447 -474 -557 -132 -62 -201 -76 -368 -76 -167 0 -236 14 -368 76 -213 98 -373 271 -451 485 -162 444 86 934 547 1084 153 49 292 57 452 25z m909 -232 c222 -123 408 -262 593 -441 76 -74 138 -139 138 -144 0 -16 -233 -242 -330 -319 -155 -123 -309 -223 -461 -299 l-81 -41 32 46 c18 26 49 83 70 128 143 306 141 649 -6 957 -25 52 -61 116 -79 142 l-34 47 45 -20 c26 -10 76 -36 113 -56z m-2057 25 c-40 -58 -105 -190 -130 -263 -110 -324 -59 -707 132 -981 25 -35 42 -64 37 -64 -19 0 -241 119 -326 174 -188 122 -406 314 -532 468 l-58 71 108 103 c185 178 428 349 672 473 66 33 121 60 123 61 2 0 -10 -19 -26 -42z\"\/><path d=\"M2375 1950 c-198 -44 -350 -190 -395 -379 -18 -76 -8 -221 19 -290 114 -284 457 -406 731 -260 98 52 188 154 231 260 27 69 37 214 19 290 -38 163 -166 304 -326 360 -67 23 -215 33 -279 19z\"\/><\/g><\/svg><\/i> &nbsp;1,453&nbsp;total views<\/p>\n<div class=\"pvc_clear\"><\/div>\n<p>Rozhodnut\u00ed N\u00e1rodn\u00edho parku \u0160umava k\u00e1cet v chr\u00e1n\u011bn\u00fdch z\u00f3n\u00e1ch bylo neleg\u00e1ln\u00ed, potvrdil Krajsk\u00fd soud v Plzni, viz n\u00e1\u0161\u00a0<a href=\"http:\/\/obcanskymonitoring.cz\/?p=2071\">\u010dl\u00e1nek zde<\/a>. P\u0159ivolan\u00e1 policie m\u011bla zas\u00e1hnout proti k\u00e1cej\u00edc\u00edm, nikoliv proti protestuj\u00edc\u00edm blok\u00e1dn\u00edk\u016fm &#8211; v\u011bdc\u016fm a aktivist\u016fm.\u00a0V r\u00e1mci &#8220;<a href=\"http:\/\/obcanskymonitoring.cz\/\">Ringu<\/a>&#8221; jsme podali \u017e\u00e1dost na <a href=\"http:\/\/www.npsumava.cz\/cz\/\">N\u00e1rodn\u00ed park \u0160umava<\/a>, o informace, kolik cel\u00fd tento nez\u00e1konn\u00fd postup st\u00e1l. Odpov\u011b\u010f n\u00e1s \u0161okovala: <strong>p\u0159es osm milion\u016f korun<\/strong>. V t\u00e9to \u010d\u00e1stce nejsou zapo\u010dteny n\u00e1klady za rovn\u011b\u017e masivn\u00ed a\u00a0neleg\u00e1ln\u00ed z\u00e1sah policie. Nejsou zde zapo\u010d\u00edt\u00e1ny n\u00e1klady na <a href=\"http:\/\/obcanskymonitoring.cz\/?p=2425\">P.R. agenturu Bison and Rose<\/a>, kter\u00e1 m\u011bla za pen\u00edze da\u0148ov\u00fdch poplatn\u00edk\u016f vylep\u0161ovat obraz \u0159editele parku M\u00e1nka a Str\u00e1sk\u00e9ho (oba ODS) na ve\u0159ejnosti.<\/p>\n<p><!--more--><\/p>\n<p>P\u0159ipom\u00edn\u00e1m, \u017ee b\u00fdval\u00fd \u0159editel M\u00e1nek (ODS) i b\u00fdval\u00fd \u0159editel Str\u00e1sk\u00fd (ODS) p\u0159i n\u00e1stupu do funkce ve\u0159ejn\u011b deklarovali, \u017ee z\u00e1kon o ochran\u011b p\u0159\u00edrody a krajiny budou v p\u0159\u00edpad\u011b \u0160umavy v r\u00e1mci akce &#8220;boj s k\u016frovcem&#8221;, poru\u0161ovat.<\/p>\n<p>Jejich nez\u00e1konn\u00fd postup PR kampan\u011bmi kryla za dal\u0161\u00ed miliony korun da\u0148ov\u00fdch poplatn\u00edk\u016f <a href=\"http:\/\/obcanskymonitoring.cz\/?p=2425\">PR agentura Bison and Rose<\/a>.<\/p>\n<p><strong>Kompletn\u00ed informace o n\u00e1kladech za neleg\u00e1ln\u00ed t\u011b\u017ebu na Pta\u010d\u00edm potoce, si m\u016f\u017eete <a href=\"http:\/\/obcanskymonitoring.cz\/wp-content\/uploads\/2014\/06\/Ring_\u017e\u00e1dost.xlsx\">p\u0159e\u010d\u00edst zde<\/a>.<\/strong><\/p>\n<p>Koment\u00e1\u0159 k tomuto dokumentu pod\u00e1v\u00e1 \u00fazk\u00fd spolupracovn\u00edk &#8220;Ringu&#8221; Petr Je\u0161\u00e1tko, st.\u00a0(b\u00fdval\u00fd vrchn\u00ed lesn\u00ed inspektor N\u00e1rodn\u00edho parku \u0160umava, nyn\u00ed v d\u016fchodu).\u00a0<a href=\"http:\/\/www.ceskatelevize.cz\/ivysilani\/1129337346-pridej-se\/209562248410019\/\">Po\u0159ad Petra Je\u0161\u00e1tka pro \u010ceskou televizi<\/a>. N\u00ed\u017ee p\u0159etiskujeme koment\u00e1\u0159 Petra Je\u0161\u00e1tka k z\u00edskan\u00e9mu dokumentu:<\/p>\n<p>V t\u00e9to bezz\u00e1sahov\u00e9 zon\u011b,kterou br\u00e1nila blok\u00e1da ob\u010dan\u016fv r.2011 proti nez\u00e1konn\u00e9mu t\u011b\u017eebn\u00edmu z\u00e1sahu bylo protiz\u00e1konn\u011b\/<a href=\"http:\/\/obcanskymonitoring.cz\/wp-content\/uploads\/2014\/03\/140120_rozsudek_KS_PLzen.pdf\">Jak rozhodl Krajsk\u00fd soud v Plzni<\/a>\/ vyt\u011b\u017eeno <strong>4 322 m3<\/strong> d\u0159eva za <strong>830 925<\/strong> K\u010d, z\u00e1rove\u0148 zde bylo provedeno jeho odkorn\u011bn\u00ed za <strong>1 634 614 K\u010d<\/strong> a dal\u0161\u00ed odkorn\u011bn\u00ed <strong>3776<\/strong> stoj\u00edc\u00edch strom\u016f lezci, za \u010d\u00e1stku <strong>6 061 847<\/strong> K\u010d. Tedy na uveden\u00e9 poru\u0161en\u00ed z\u00e1kona bylo b\u00fdval\u00fdm veden\u00edm \u0159editele Str\u00e1sk\u00e9ho, jeho n\u00e1m\u011bstk\u016f M\u00e1nka a Faita vyplaceno jenom v t\u011bchto n\u011bkolika porostech ze st\u00e1tn\u00edch finan\u010dn\u00edch prost\u0159edk\u016f <strong>8 257 386 K\u010d. <\/strong>To v\u0161e i p\u0159es skute\u010dnost, \u017ee na nez\u00e1konnost jejich po\u010d\u00edn\u00e1n\u00ed upozor\u0148ovali ob\u010dan\u00e9, v\u011bdeck\u00e1 obec atd. ODS dosazen\u00fd \u0159editel Str\u00e1sk\u00fd ve\u0159ejn\u011b p\u0159i sv\u00e9m n\u00e1stupu prohl\u00e1sil, \u017ee bude poru\u0161ovat n\u011bkter\u00e9 z\u00e1kony a to v\u0161e za ml\u010den\u00ed M\u017dP \u010cR, ministra Chalupy, st\u00e1tn\u00ed spr\u00e1vy i org\u00e1nu \u010dinn\u00fdch v trestn\u00edm \u0159\u00edzen\u00ed. Tedy st\u00e1tn\u00ed \u00fa\u0159edn\u00edk, \u0159\u00edd\u00edc\u00ed st\u00e1tn\u00ed organizaci, jej\u00edm\u017e posl\u00e1n\u00edm je v prv\u00e9 \u0159ad\u011b ochrana \u00fazem\u00ed ze z\u00e1kona s nejvy\u0161\u0161\u00ed ochranou p\u0159\u00edrody, co\u017e jsou n\u00e1rodn\u00ed parky a zejm\u00e9na jejich bezz\u00e1sahov\u00e1 \u00fazem\u00ed, nastupoval s \u00famyslem z\u00e1kon poru\u0161it.<\/p>\n<p>Je paradoxem, \u017ee na ochranu st\u00e1tn\u00edch \u00fa\u0159edn\u00edk\u016f poru\u0161uj\u00edc\u00edch z\u00e1kon byla nasazena Policie \u010cR jej\u00ed\u017e z\u00e1sah proti ob\u010dan\u016fm br\u00e1n\u00edc\u00edm dodr\u017eov\u00e1n\u00ed z\u00e1kona st\u00e1l da\u0148ov\u00e9 poplatn\u00edky v\u00edce ne\u017e 1 mil. K\u010d, jak uvedl jej\u00ed krajsk\u00fd \u0159editel v Plzni.<br \/>\nDal\u0161\u00edm paradoxem je,\u017ee na z\u00e1sahu proti lidem br\u00e1n\u00edc\u00edm z\u00e1kon se pod\u00edlela i Str\u00e1\u017en\u00ed a informa\u010dn\u00ed slu\u017eba NP \u0160umava, kter\u00e1 je ze <a href=\"http:\/\/www.mzp.cz\/www\/platnalegislativa.nsf\/d79c09c54250df0dc1256e8900296e32\/58170589e7dc0591c125654b004e91c1?OpenDocument\">Z\u00e1kona \u010d.114\/92 Sb.<\/a> a p\u0159edpis\u016f souvisej\u00edc\u00edch povinna zas\u00e1hnout proti poru\u0161ov\u00e1n\u00ed tohoto z\u00e1kona a ihned zastavit uvedenou \u010dinnost. Na to, \u017ee se jedn\u00e1 o \u00famyslnn\u00e9 po\u0161kozov\u00e1n\u00ed t\u00e9to lokality N\u00e1rodn\u00edho parku \u0160umava upozor\u0148ovali i n\u011bkte\u0159\u00ed zam\u011bstnanci NP \u0160umava. N\u011bkte\u0159\u00ed byli n\u00e1sledn\u011b vyhozeni z pr\u00e1ce.<\/p>\n<p><strong>Co d\u00e1l?<\/strong><\/p>\n<p>Na z\u00e1klad\u011b z\u00edskan\u00fdch informac\u00ed od Spr\u00e1vy NP \u0160umava o vyplacen\u00fdch st\u00e1tn\u00edch finan\u010dn\u00edch prost\u0159edk\u016f touto organizac\u00ed na nez\u00e1konn\u00fd z\u00e1sah v r.2011 v bezz\u00e1sahov\u00e9m \u00fazem\u00ed na \u00dazemn\u00edm pracovi\u0161ti Modrava\/ Lesn\u00ed hospod\u00e1\u0159sk\u00fd celek Modrava\/ ve v\u00fd\u0161i <strong>8 527 386 K\u010d<\/strong> doporu\u010duji:<\/p>\n<ul>\n<li>po\u017e\u00e1dat ministra \u017dP prost\u0159ed\u00ed o informaci,jak je uveden\u00e9 vyplacen\u00ed st\u00e1tn\u00edch finan\u010dn\u00edch \u0159e\u0161eno ze strany z\u0159izovatele\/ zda nedo\u0161lo p\u0159i vyplacen\u00ed <strong>8 527 386 K\u010d<\/strong> na \u010dinnost odporuj\u00edc\u00ed z\u00e1konu k poru\u0161ov\u00e1n\u00ed povinnost\u00ed p\u0159i spr\u00e1v\u011b ciz\u00edho majetku, p\u0159\u00edpadn\u011b k poru\u0161ov\u00e1n\u00ed povinnost\u00ed p\u0159i hospoda\u0159en\u00ed s majetkem st\u00e1tu.<\/li>\n<li>po\u017e\u00e1dat ministra \u017dP o informaci, jak byla \u0159e\u0161ena aktivn\u00ed \u00fa\u010dast Str\u00e1\u017en\u00ed a informa\u010dn\u00ed slu\u017eby NP \u0160umava\/ Z\u00e1kon \u010d.<a href=\"http:\/\/www.nppodyji.cz\/zakon-o-ochrane-prirody-a-krajiny\">114\/92 Sb. <\/a>a p\u0159edpis\u016f souvisej\u00edc\u00edch\/ p\u0159i protiz\u00e1konn\u00e9m z\u00e1sahu P\u010cR proti \u00fa\u010dastn\u00edk\u016fm blok\u00e1dy v t\u00e9to lokalit\u011b. Tedy poru\u0161en\u00ed povinnosti vypl\u00fdvaj\u00edc\u00ed z tohoto z\u00e1kona.<\/li>\n<li>d\u00e1le doporu\u010duji podat trestn\u00ed ozn\u00e1men\u00ed na nezn\u00e1m\u00e9ho pachatele, kter\u00fd zap\u0159\u00ed\u010dinil vyplacen\u00ed \u010d\u00e1stky <strong>8 527 386 K\u010d<\/strong> na nez\u00e1konnou \u010dinnost v roce 2011 v odd\u011blen\u00edch 44 a 45 Lesn\u00edho hospod\u00e1\u0159sk\u00e9ho celku Modrava\/ \u00dazemn\u00ed pracovi\u0161t\u011b Modrava v organizac\u00ed Spr\u00e1va N\u00e1rodn\u00edho parku a CHr\u00e1n\u011bn\u00e9 krajinn\u00e9 oblasti \u0160umava. Trestn\u00ed ozn\u00e1men\u00ed doporu\u010duji podat P\u010cR a p\u0159\u00edslu\u0161n\u00e9mu Okresn\u00edmu st\u00e1tn\u00edmu zastupitelstv\u00ed. Z\u00e1rove\u0148 doporu\u010duji d\u00e1t na v\u011bdom\u00ed nov\u00e9mu Krajsk\u00e9mu \u0159editeli P\u010cR v \u010cesk\u00fdch Bud\u011bjovic\u00edch a Vrchn\u00edmu st\u00e1tn\u00edmu \u017ealobci, vzhledem k obav\u00e1m a zku\u0161enostem z minul\u00fdch 13 let.<\/li>\n<li>Sou\u010dasn\u011b doporu\u010duji d\u00e1t v\u0161em t\u011bmto instituc\u00edm k dispozici celou zaslanou dokumentaci, proto\u017ee je to perfektn\u011b dokladov\u00e1no, v\u010detn\u011b jednotliv\u00fdch faktur. Proto\u017ee se jedn\u00e1 o poskytnut\u00e9 \u00fadaje t\u00e9to organizace nelze je dodate\u010dn\u011b u org\u00e1n\u016f \u010dinn\u00fdch v trestn\u00edm \u0159\u00edzen\u00ed zpochyb\u0148ovat.<\/li>\n<li>Z\u00e1rove\u0148 doporu\u010duji,aby t\u011bmto instituc\u00edm byly p\u0159ed\u00e1ny n\u00e1sleduj\u00edc\u00ed : <a href=\"https:\/\/www.google.cz\/url?sa=t&amp;rct=j&amp;q=&amp;esrc=s&amp;source=web&amp;cd=1&amp;ved=0CCEQFjAA&amp;url=http%3A%2F%2Fllp.cz%2Fwp-content%2Fuploads%2FMZP_rozhodnuti_SNP.pdf&amp;ei=dB2rU-O0CaHe7AaWoIGYCw&amp;usg=AFQjCNFQVwXw5PTA-UA5vqSuBbmzSiooWA&amp;sig2=9WitsOGI3MKR6n8YWEfPFQ&amp;bvm=bv.69620078,d.ZGU&amp;cad=rja\">Rozhodnut\u00ed M\u017dP ze dne 5.3.2007 \u010d.j.18517\/ENV\/06-972\/620\/06<\/a>, Rozhodnut\u00ed ministra \u017dP ze dne <a href=\"https:\/\/www.google.cz\/url?sa=t&amp;rct=j&amp;q=&amp;esrc=s&amp;source=web&amp;cd=1&amp;cad=rja&amp;uact=8&amp;ved=0CCEQFjAA&amp;url=http%3A%2F%2Fkraken.slv.cz%2F3As51%2F2012&amp;ei=gx6rU-u_OuTb7AbCm4G4CQ&amp;usg=AFQjCNESVUIW97WpcfPqXEGhwvHcSrn0Lg&amp;sig2=OySRS3PWEmLQJm-mVVMRGw&amp;bvm=bv.69620078,d.ZGU\">8.4.2008 \u010d.j.1799\/N\/08,26038\/ENV\/08 sp.zn R\/2062<\/a>, <a href=\"http:\/\/obcanskymonitoring.cz\/wp-content\/uploads\/2014\/06\/rozsudek.pdf\">Rozsudek m\u011bstsk\u00e9ho soudu v Praze<\/a>, <a href=\"http:\/\/obcanskymonitoring.cz\/wp-content\/uploads\/2014\/03\/140120_rozsudek_KS_PLzen.pdf\">Rozhodnut\u00ed Krajsk\u00e9ho soudu v Plzni<\/a>.<\/li>\n<\/ul>\n<p>&nbsp;<\/p>\n<p><strong>Dal\u0161\u00ed odkazy<\/strong><\/p>\n<p><a href=\"http:\/\/kutal.blog.idnes.cz\/c\/204462\/Ma-smysl-kacet-u-Ptaciho-potoka.html\">Miroslav Kutal: M\u00e1 smysl k\u00e1cet u Pta\u010d\u00edho potoka?<\/a><\/p>\n<p><a href=\"http:\/\/ekolist.cz\/cz\/publicistika\/nazory-a-komentare\/karel-matejka-posouzeni-aktualni-situace-v-oblasti-ptaciho-potoka-v-np-sumava\">Karel Mat\u011bjka: Z\u00e1sah na Pta\u010d\u00edm potoce povede k tot\u00e1ln\u00edmu rozpadu stromov\u00e9ho patra<\/a><\/p>\n<p><a href=\"http:\/\/www.ceskatelevize.cz\/porady\/1095913550-nedej-se\/214562248420007-elegie-za-les\/\">\u010cesk\u00e1 televize: Nedej se, elegie za les &#8211; z\u00e1sah na \u0160umav\u011b na Pta\u010d\u00edm potoce<\/a><\/p>\n<div data-counters='1' data-style='square' data-size='regular' data-url='https:\/\/obcanskymonitoring.cz\/?p=2575' data-title='N\u00e1rodn\u00ed park \u0160umava zaplatil za neleg\u00e1ln\u00ed z\u00e1sah p\u0159es 8 milion\u016f korun' class='linksalpha_container linksalpha_app_3'><a href='\/\/www.linksalpha.com\/share?network='facebook' class='linksalpha_icon_facebook'><\/a><a href='\/\/www.linksalpha.com\/share?network='twitter' class='linksalpha_icon_twitter'><\/a><a href='\/\/www.linksalpha.com\/share?network='googleplus' class='linksalpha_icon_googleplus'><\/a><a href='\/\/www.linksalpha.com\/share?network='mail' class='linksalpha_icon_mail'><\/a><\/div><div data-position='' data-url='https:\/\/obcanskymonitoring.cz\/?p=2575' data-title='N\u00e1rodn\u00ed park \u0160umava zaplatil za neleg\u00e1ln\u00ed z\u00e1sah p\u0159es 8 milion\u016f korun' class='linksalpha_container linksalpha_app_7'><a href='\/\/www.linksalpha.com\/share?network='facebook' class='linksalpha_icon_facebook'><\/a><a href='\/\/www.linksalpha.com\/share?network='twitter' class='linksalpha_icon_twitter'><\/a><a href='\/\/www.linksalpha.com\/share?network='googleplus' class='linksalpha_icon_googleplus'><\/a><a href='\/\/www.linksalpha.com\/share?network='mail' class='linksalpha_icon_mail'><\/a><\/div>","protected":false},"excerpt":{"rendered":"<p>&nbsp;1,453&nbsp;total views Rozhodnut\u00ed N\u00e1rodn\u00edho parku \u0160umava k\u00e1cet v chr\u00e1n\u011bn\u00fdch z\u00f3n\u00e1ch bylo neleg\u00e1ln\u00ed, potvrdil Krajsk\u00fd soud v Plzni, viz n\u00e1\u0161\u00a0\u010dl\u00e1nek zde. P\u0159ivolan\u00e1 policie m\u011bla zas\u00e1hnout proti k\u00e1cej\u00edc\u00edm, nikoliv proti protestuj\u00edc\u00edm blok\u00e1dn\u00edk\u016fm &#8211; v\u011bdc\u016fm a aktivist\u016fm.\u00a0V r\u00e1mci &#8220;Ringu&#8221; jsme podali \u017e\u00e1dost na N\u00e1rodn\u00ed park \u0160umava, o informace, kolik cel\u00fd tento nez\u00e1konn\u00fd postup st\u00e1l. Odpov\u011b\u010f n\u00e1s \u0161okovala: p\u0159es [&hellip;]<\/p>\n","protected":false},"author":2,"featured_media":0,"comment_status":"open","ping_status":"open","sticky":true,"template":"","format":"standard","meta":[],"categories":[19,21],"tags":[],"_links":{"self":[{"href":"https:\/\/obcanskymonitoring.cz\/index.php?rest_route=\/wp\/v2\/posts\/2575"}],"collection":[{"href":"https:\/\/obcanskymonitoring.cz\/index.php?rest_route=\/wp\/v2\/posts"}],"about":[{"href":"https:\/\/obcanskymonitoring.cz\/index.php?rest_route=\/wp\/v2\/types\/post"}],"author":[{"embeddable":true,"href":"https:\/\/obcanskymonitoring.cz\/index.php?rest_route=\/wp\/v2\/users\/2"}],"replies":[{"embeddable":true,"href":"https:\/\/obcanskymonitoring.cz\/index.php?rest_route=%2Fwp%2Fv2%2Fcomments&post=2575"}],"version-history":[{"count":0,"href":"https:\/\/obcanskymonitoring.cz\/index.php?rest_route=\/wp\/v2\/posts\/2575\/revisions"}],"wp:attachment":[{"href":"https:\/\/obcanskymonitoring.cz\/index.php?rest_route=%2Fwp%2Fv2%2Fmedia&parent=2575"}],"wp:term":[{"taxonomy":"category","embeddable":true,"href":"https:\/\/obcanskymonitoring.cz\/index.php?rest_route=%2Fwp%2Fv2%2Fcategories&post=2575"},{"taxonomy":"post_tag","embeddable":true,"href":"https:\/\/obcanskymonitoring.cz\/index.php?rest_route=%2Fwp%2Fv2%2Ftags&post=2575"}],"curies":[{"name":"wp","href":"https:\/\/api.w.org\/{rel}","templated":true}]}}