{"id":2776,"date":"2014-07-24T09:58:37","date_gmt":"2014-07-24T09:58:37","guid":{"rendered":"http:\/\/obcanskymonitoring.cz\/?p=2776"},"modified":"2014-07-25T06:17:33","modified_gmt":"2014-07-25T06:17:33","slug":"karel-matejka-jak-funguji-medialni-aktivity-ve-vztahu-k-narodnimu-parku-sumava","status":"publish","type":"post","link":"https:\/\/obcanskymonitoring.cz\/?p=2776","title":{"rendered":"Karel Mat\u011bjka: Jak funguj\u00ed medi\u00e1ln\u00ed aktivity ve vztahu k N\u00e1rodn\u00edmu parku \u0160umava"},"content":{"rendered":"<div class=\"pvc_clear\"><\/div>\n<p class=\"pvc_stats total_only \" data-element-id=\"2776\" style=\"\"><i class=\"pvc-stats-icon medium\" aria-hidden=\"true\"><svg xmlns=\"http:\/\/www.w3.org\/2000\/svg\" version=\"1.0\" viewBox=\"0 0 502 315\" preserveAspectRatio=\"xMidYMid meet\"><g transform=\"translate(0,332) scale(0.1,-0.1)\" fill=\"\" stroke=\"none\"><path d=\"M2394 3279 l-29 -30 -3 -207 c-2 -182 0 -211 15 -242 39 -76 157 -76 196 0 15 31 17 60 15 243 l-3 209 -33 29 c-26 23 -41 29 -80 29 -41 0 -53 -5 -78 -31z\"\/><path d=\"M3085 3251 c-45 -19 -58 -50 -96 -229 -47 -217 -49 -260 -13 -295 52 -53 146 -42 177 20 16 31 87 366 87 410 0 70 -86 122 -155 94z\"\/><path d=\"M1751 3234 c-13 -9 -29 -31 -37 -50 -12 -29 -10 -49 21 -204 19 -94 39 -189 45 -210 14 -50 54 -80 110 -80 34 0 48 6 76 34 21 21 34 44 34 59 0 14 -18 113 -40 219 -37 178 -43 195 -70 221 -36 32 -101 37 -139 11z\"\/><path d=\"M1163 3073 c-36 -7 -73 -59 -73 -102 0 -56 133 -378 171 -413 34 -32 83 -37 129 -13 70 36 67 87 -16 290 -86 209 -89 214 -129 231 -35 14 -42 15 -82 7z\"\/><path d=\"M3689 3066 c-15 -9 -33 -30 -42 -48 -48 -103 -147 -355 -147 -375 0 -98 131 -148 192 -74 13 15 57 108 97 206 80 196 84 226 37 273 -30 30 -99 39 -137 18z\"\/><path d=\"M583 2784 c-38 -19 -67 -74 -58 -113 9 -42 211 -354 242 -373 16 -10 45 -18 66 -18 51 0 107 52 107 100 0 39 -1 41 -124 234 -80 126 -108 162 -133 173 -41 17 -61 16 -100 -3z\"\/><path d=\"M4250 2784 c-14 -9 -74 -91 -133 -183 -95 -150 -107 -173 -107 -213 0 -55 33 -94 87 -104 67 -13 90 8 211 198 130 202 137 225 78 284 -27 27 -42 34 -72 34 -22 0 -50 -8 -64 -16z\"\/><path d=\"M2275 2693 c-553 -48 -1095 -270 -1585 -649 -135 -104 -459 -423 -483 -476 -23 -49 -22 -139 2 -186 73 -142 361 -457 571 -626 285 -228 642 -407 990 -497 242 -63 336 -73 660 -74 310 0 370 5 595 52 535 111 1045 392 1455 803 122 121 250 273 275 326 19 41 19 137 0 174 -41 79 -309 363 -465 492 -447 370 -946 591 -1479 653 -113 14 -422 18 -536 8z m395 -428 c171 -34 330 -124 456 -258 112 -119 167 -219 211 -378 27 -96 24 -300 -5 -401 -72 -255 -236 -447 -474 -557 -132 -62 -201 -76 -368 -76 -167 0 -236 14 -368 76 -213 98 -373 271 -451 485 -162 444 86 934 547 1084 153 49 292 57 452 25z m909 -232 c222 -123 408 -262 593 -441 76 -74 138 -139 138 -144 0 -16 -233 -242 -330 -319 -155 -123 -309 -223 -461 -299 l-81 -41 32 46 c18 26 49 83 70 128 143 306 141 649 -6 957 -25 52 -61 116 -79 142 l-34 47 45 -20 c26 -10 76 -36 113 -56z m-2057 25 c-40 -58 -105 -190 -130 -263 -110 -324 -59 -707 132 -981 25 -35 42 -64 37 -64 -19 0 -241 119 -326 174 -188 122 -406 314 -532 468 l-58 71 108 103 c185 178 428 349 672 473 66 33 121 60 123 61 2 0 -10 -19 -26 -42z\"\/><path d=\"M2375 1950 c-198 -44 -350 -190 -395 -379 -18 -76 -8 -221 19 -290 114 -284 457 -406 731 -260 98 52 188 154 231 260 27 69 37 214 19 290 -38 163 -166 304 -326 360 -67 23 -215 33 -279 19z\"\/><\/g><\/svg><\/i> &nbsp;1,378&nbsp;total views<\/p>\n<div class=\"pvc_clear\"><\/div>\n<p>p\u0159etiskujeme \u010dl\u00e1nek Karla Mat\u011bjky,\u00a0\u010dlena St\u00ednov\u00e9 v\u011bdeck\u00e9 rady NP \u0160umava.<\/p>\n<p>Doneslo se n\u00e1m, \u017ee \u010dl\u00e1nek m\u00e1 ve standardn\u00edch publika\u010dn\u00ed probl\u00e9my. Na &#8220;Ringu&#8221; nikoliv&#8230; P\u0159etiskujeme jej samoz\u0159ejm\u011b v pln\u00e9m textu&#8230;<\/p>\n<p><!--more--><\/p>\n<p>Od za\u010d\u00e1tku roku 2011 pozorujeme gradaci medi\u00e1ln\u00ed aktivity vztahuj\u00edc\u00ed se k problematice N\u00e1rodn\u00edho parku \u0160umava (NP\u0160) a k ochran\u011b p\u0159\u00edrody, kter\u00e1 za\u010dala po rozpadu \u0159ady lesn\u00edch porost\u016f NP\u0160 v n\u00e1sledku ork\u00e1nu Kyrill z roku 2007. Jsou tu dv\u011b skupiny autor\u016f, kter\u00e9 jsou rozd\u011bleny podle toho, co je pro n\u011b z\u00e1sadn\u00ed \u2013 je-li to modern\u00ed ochrana p\u0159\u00edrody uplat\u0148ovan\u00e1 v rozs\u00e1hl\u00e9m \u00fazem\u00ed \u0160umavy jedine\u010dn\u00e9m v celoevropsk\u00e9m m\u011b\u0159\u00edtku, tedy ochrana p\u0159\u00edrody pro ni samotnou nebo je-li to ekonomick\u00fd profit men\u0161\u00ed \u010di v\u011bt\u0161\u00ed skupiny obyvatelstva, kter\u00fd v\u0161ak m\u016f\u017ee b\u00fdt maskov\u00e1n takzvan\u011b &#8220;skute\u010dnou&#8221; ochranou p\u0159\u00edrody. Do prvn\u00ed skupiny pat\u0159\u00ed p\u0159edev\u0161\u00edm biologicky a ekologicky vzd\u011blan\u00ed auto\u0159i, v\u010detn\u011b modern\u011b sm\u00fd\u0161lej\u00edc\u00edch lesn\u00edk\u016f, jejich\u017e typick\u00fdmi p\u0159edstaviteli jsou \u010dlenov\u00e9 St\u00ednov\u00e9 v\u011bdeck\u00e9 rady NP\u0160, ale t\u00e9\u017e n\u011bkte\u0159\u00ed politici. V sou\u010dasnosti v\u011bdecky pracuj\u00edc\u00ed zast\u00e1nci tohoto postoje, kter\u00fd je typick\u00fd vyzdvihov\u00e1n\u00edm ochrany p\u0159irozen\u00fdch proces\u016f, uplat\u0148ov\u00e1n\u00edm bezz\u00e1sahov\u00e9ho re\u017eimu v p\u0159esn\u011b vymezen\u00e9 \u010d\u00e1sti les\u016f a optimalizac\u00ed ochrany \u00fazem\u00ed, \u010dasto publikuj\u00ed sv\u00e9 pr\u00e1ce v mezin\u00e1rodn\u011b presti\u017en\u00edch \u010dasopisech (v\u011bt\u0161ina z nich m\u00e1 i n\u011bkolik des\u00edtek a\u017e stovek \u010dl\u00e1nk\u016f v zahrani\u010dn\u00edch periodik\u00e1ch) a jejich my\u0161lenky jsou v souladu s p\u0159eva\u017euj\u00edc\u00edm trendem ochrany p\u0159\u00edrody ve vysp\u011bl\u00e9m sv\u011bt\u011b.<br \/>\nB\u011b\u017en\u00e9 ve\u0159ejn\u00e9 m\u00edn\u011bn\u00ed je v\u0161ak v\u00edce ovliv\u0148ov\u00e1no autory z druh\u00e9 skupiny. Ti jsou \u010dasto podporov\u00e1ni ekonomicky siln\u011b aktivn\u00edmi osobami \u2013 podnikateli a s nimi spojen\u00fdmi politiky. Mohou to b\u00fdt nap\u0159\u00edklad p\u00e1ni Tali\u00e1n, \u0160imek, Dlouh\u00fd a jin\u00ed, kte\u0159\u00ed disponuj\u00ed zna\u010dn\u00fdmi finan\u010dn\u00edmi prost\u0159edky. V\u011bt\u0161inou vlastn\u00ed \u0159adu pozemk\u016f, jejich\u017e cena by mohla mnohon\u00e1sobn\u011b vzr\u016fst p\u0159i vyu\u017eit\u00ed k v\u00fdstavb\u011b. Jsou to i n\u011bkter\u00e9 pozemky v trase \u010di v okol\u00ed pl\u00e1novan\u00e9 sporn\u00e9 lanovky Kl\u00e1pa-Hrani\u010dn\u00edk v katastru obce Nov\u00e1 Pec. Na tuto skupinu je v\u00edce \u010di m\u00e9n\u011b z\u0159eteln\u011b napojena skupina dal\u0161\u00edch autor\u016f. Poj\u010fme se tedy pod\u00edvat na n\u011bkter\u00e9 z nich a jejich v\u00fdroky, pro kter\u00e9 je typick\u00fd fakt, \u017ee se neop\u00edraj\u00ed o v\u011bdecky ov\u011b\u0159iteln\u00e1 fakta, ale v\u011bt\u0161inou pracuj\u00ed s tenden\u010dn\u00edmi v\u00fdroky a s r\u016fzn\u00fdmi polopravdami, kter\u00e9 se objevuj\u00ed opakovan\u011b.<br \/>\nNap\u0159\u00edklad MUDr. Jitka Markov\u00e1 n\u011bkolikr\u00e1t uv\u00e1d\u011bla ve vztahu k v\u00fdzkumu na \u0160umav\u011b v\u00fdroky typu \u201eNezn\u00e1m \u017e\u00e1dn\u00fd jin\u00fd vysoko\u0161kolsk\u00fd obor, jen\u017e by z\u00edsk\u00e1val tak obrovsk\u00e9 dotace na postdoktorandsk\u00e1 studia, osv\u011btu a z\u00e1kladn\u00ed v\u00fdzkum.\u201c P\u0159itom jmenovala n\u011bkolik grant\u016f pracovi\u0161\u0165 a jednotliv\u00fdch osob anga\u017euj\u00edc\u00edch se v odborn\u00e9 ochran\u011b p\u0159\u00edrody na \u0160umav\u011b. Nav\u00edc opakovan\u011b zneu\u017eila fakt, \u017ee \u0159e\u0161itel\u00e9 \u0161umavsk\u00fdch v\u00fdzkum\u016f byli z\u00e1rove\u0148 \u0159e\u0161iteli mnohalet\u00fdch \u00fastavn\u00edch \u010di fakultn\u00edch v\u00fdzkumn\u00fdch z\u00e1m\u011br\u016f, kter\u00e9 se prakticky v\u016fbec net\u00fdkaly \u0160umavy (podrobn\u011bji Prof. \u0160atr\u016f\u010dkov\u00e11). Celkov\u00fdmi \u010d\u00e1stkami se sna\u017eila manipulovat ve\u0159ejn\u00e9 m\u00edn\u011bn\u00ed a vyvol\u00e1vat dojem, \u017ee to byly prost\u0159edky k obohacen\u00ed \u0159e\u0161itel\u016f. Nic pro ni neznamenala skute\u010dnost, \u017ee v\u011bt\u0161ina z j\u00ed vyjmenov\u00e1van\u00fdch grant\u016f nem\u011bla ani \u017e\u00e1dn\u00fd vztah k \u0160umav\u011b. To toti\u017e nen\u00ed d\u016fle\u017eit\u00e9! Podstatn\u00e9 je, \u017ee form\u00e1ln\u011b m\u011bla pravdu \u2013 tyto granty skute\u010dn\u011b existovaly \u010di existuj\u00ed (sice se jedn\u00e1 t\u0159eba o v\u00fdzkum na Sibi\u0159i nebo se zkoumaj\u00ed m\u0161ice v poln\u00edch ekosyst\u00e9mech, ale to nen\u00ed na prvn\u00ed pohled pro nezasv\u011bcen\u00e9 z\u0159ejm\u00e9), tedy jej\u00ed v\u00fdroky nejsou v tomto sm\u011bru ani \u017ealovateln\u00e9, p\u0159esto zna\u010dn\u011b v\u011bdce \u2013 p\u0159\u00edjemce dotac\u00ed dehonestuj\u00ed. Je to n\u011bco podobn\u00e9ho, jako pokud bych se opakovan\u011b sna\u017eil v m\u00e9di\u00edch prosazovat n\u00e1zor, \u017ee pan\u00ed doktorka v oblasti medic\u00edny asi nic moc neum\u00ed, proto\u017ee ka\u017ed\u00fd si o n\u00ed m\u016f\u017ee nap\u0159\u00edklad na webu www.znamylekar.cz zjistit informace jako \u201eVelmi nep\u0159\u00edjemn\u00fd p\u0159\u00edstup, nez\u00e1jem \u0159e\u0161it probl\u00e9m nevyhovuj\u00edc\u00ed l\u00e9\u010dba mi p\u0159inesla mnoho ne\u017e\u00e1douc\u00edch \u00fa\u010dink\u016f, co\u017e zp\u016fsobilo trval\u00e9 n\u00e1sledky. Pan\u00ed doktorka \u010dasto p\u0159edepisuje ne\u00fam\u011brn\u00e9 mno\u017estv\u00ed l\u00e9k\u016f &#8230;\u201c<br \/>\n1 http:\/\/www.infodatasys.cz\/sumava\/dokumenty\/Projekty-Sumava.pdf<br \/>\nAgr\u00e1rn\u00ed komoru doned\u00e1vna vedl sen\u00e1tor Jan Veleba. Kdy\u017e zmi\u0148uji tyto dv\u011b osoby z Hlubok\u00e9, nelze ne\u017e vzpomenout, \u017ee oba p\u00e1nov\u00e9 jsou zapojeni minim\u00e1ln\u011b do jednoho podnikatelsk\u00e9ho subjektu, j\u00edm\u017e je akciov\u00e1 spole\u010dnost RERA (Region\u00e1ln\u00ed rozvojov\u00e1 agentura), co\u017e je mo\u017eno ov\u011b\u0159it nap\u0159\u00edklad na ve\u0159ejn\u011b dostupn\u00e9m webu www.podnikani.cz. Co je je\u0161t\u011b zaj\u00edmav\u011bj\u0161\u00ed \u2013 na stejnou spole\u010dnost jsou napojeny i dal\u0161\u00ed zn\u00e1m\u00e9 osoby, kter\u00e9 se vyjad\u0159uj\u00ed nebo soustavn\u011b vykon\u00e1vaj\u00ed r\u016fzn\u00e9 aktivity proti ochran\u011b p\u0159\u00edrody na \u0160umav\u011b. Jsou jimi nap\u0159\u00edklad RNDr. Jan Zahradn\u00edk, PhDr. Ji\u0159\u00ed Vlach a kone\u010dn\u011b i PhDr. Jan Str\u00e1sk\u00fd, b\u00fdval\u00fd kontroverzn\u00ed \u0159editel Spr\u00e1vy NP a CHKO \u0160umava, kter\u00fd proslul i v\u00fdrokem, \u017ee (parafr\u00e1zuji) \u201ez\u00e1kony budu dodr\u017eovat t\u00edm, \u017ee je budu poru\u0161ovat\u201c, co\u017e dok\u00e1zal sv\u00fdmi n\u00e1sledn\u00fdmi skutky, kdy pou\u017eil chemick\u00e9 prost\u0159edky bez toho, aby na jejich pou\u017eit\u00ed m\u011bl povolen\u00ed, k\u00e1cel bez povolen\u00ed v m\u00edstech, kde v\u00fdrazn\u011b naru\u0161il lesn\u00ed ekosyst\u00e9my. N\u00e1sledn\u011b skute\u010dnost, \u017ee se jednalo o nez\u00e1konn\u00e9 jedn\u00e1n\u00ed potvrdila \u010cesk\u00e1 inspekce \u017eivotn\u00edho prost\u0159ed\u00ed.<br \/>\nTo mne p\u0159iv\u00e1d\u00ed k dal\u0161\u00ed osob\u011b, kter\u00e1 se \u010dasto medi\u00e1ln\u011b projevuje, k panu starostovi Modravy, Anton\u00ednu \u0160ubrtovi. Ten nap\u0159\u00edklad ozna\u010dil biology, ekology a ochr\u00e1nce p\u0159\u00edrody za \u010dleny zlo\u010dinn\u00e9ho spol\u010den\u00ed. Kdo je v\u0161ak skute\u010dn\u00fdm \u010dlenem zlo\u010dinn\u00e9ho spol\u010den\u00ed \u2013 je j\u00edm osoba, kter\u00e1 dodr\u017euje z\u00e1kony o ochran\u011b p\u0159\u00edrody nebo ten, kdo je poru\u0161uje, co\u017e potvrd\u00ed st\u00e1tn\u00ed kontroln\u00ed org\u00e1ny a n\u00e1sledn\u00e9 rozhodnut\u00ed soud\u016f (viz nez\u00e1konn\u00e9 postupy Spr\u00e1vy NP a CHKO \u0160umava pod veden\u00edm Str\u00e1sk\u00e9ho a n\u00e1sledn\u011b M\u00e1nka)?<br \/>\nNen\u00ed se tedy co se divit, \u017ee Mgr. Ji\u0159\u00ed M\u00e1nek byl ze sv\u00e9 funkce odvol\u00e1n nad\u0159\u00edzen\u00fdm ministrem, proto\u017ee nedbal z\u00e1sadn\u00edch z\u00e1konn\u00fdch norem a princip\u016f ochrany p\u0159\u00edrody v n\u00e1rodn\u00edch parc\u00edch. Pouze je pro mne z\u00e1hadou, \u017ee starosta, kter\u00fd otev\u0159en\u011b podporuje nez\u00e1konn\u00e9 jedn\u00e1n\u00ed, se t\u0159eba dobrovoln\u011b nevzd\u00e1 sv\u00e9 funkce.<br \/>\nStarosta \u0160ubrt r\u00e1d mluv\u00ed za (v\u0161echny) obyvatele \u0160umavy a za\u0161ti\u0165uje veden\u00ed \u0161umavsk\u00fdch obc\u00ed. Ve skute\u010dnosti tomu tak nen\u00ed, proto\u017ee existuje rozs\u00e1hl\u00e1 skupina obyvatel, kter\u00e1 podporuje sou\u010dasn\u00e9 veden\u00ed NP\u0160. Ti 22. 5. 2014 vydali prohl\u00e1\u0161en\u00ed, v n\u011bm\u017e se p\u00ed\u0161e: &#8220;Shrom\u00e1\u017ed\u011bn\u00ed n\u00e1s, obyvatel \u0160umavy, vyprovokovan\u00e9 l\u017eivou a zav\u00e1d\u011bj\u00edc\u00ed kampan\u00ed o N\u00e1rodn\u00edm parku \u0160umava, vyjad\u0159uje podporu sou\u010dasn\u00e9mu veden\u00ed N\u00e1rodn\u00edho parku a Chr\u00e1n\u011bn\u00e9 krajinn\u00e9 oblasti \u0160umava a Ministerstva \u017eivotn\u00edho prost\u0159ed\u00ed \u010cR. Jsme toti\u017e p\u0159esv\u011bd\u010deni, \u017ee po dlouh\u00e9 dob\u011b tyto instituce za\u010d\u00ednaj\u00ed jednat v souladu s jejich skute\u010dn\u00fdm posl\u00e1n\u00edm. V\u00edt\u00e1me tak jejich snahu zastavit pl\u00ed\u017eivou, le\u010d faktickou likvidaci NP \u0160umava.<br \/>\nVn\u00edm\u00e1me pozitivn\u00ed p\u0159\u00ednos existence NP \u0160umava jak pro p\u0159\u00edrodu, tak i pro na\u0161e \u017eivoty. Jsme d\u00e1le p\u0159esv\u011bd\u010deni, \u017ee v\u011bt\u0161\u00ed dlouhodobou prosperitu regionu p\u0159inese d\u016fsledn\u00e1 ochrana p\u0159\u00edrody sp\u00ed\u0161e, ne\u017e otev\u0159en\u00ed NP nekontrolovateln\u00e9 z\u00e1stavb\u011b. V\u00edme, \u017ee podobn\u00e9 n\u00e1zory sd\u00edl\u00ed daleko v\u00edce obyvatel \u0160umavy, ne\u017e je prezentov\u00e1no v m\u00e9di\u00edch.<br \/>\nNesouhlas\u00edme s p\u0159edlo\u017een\u00fdm sen\u00e1tn\u00edm n\u00e1vrhem z\u00e1kona o NP \u0160umava a jsme toho n\u00e1zoru, \u017ee z\u00e1kon o ochran\u011b p\u0159\u00edrody dosta\u010duje.<br \/>\nDomluvili jsme se na vytvo\u0159en\u00ed spole\u010dn\u00e9 ob\u010dansk\u00e9 platformy \u0161umavsk\u00fdch spolk\u016f a jednotlivc\u016f, kte\u0159\u00ed budou d\u00e1le pracovat na projektech a \u010dinnostech k podpo\u0159e n\u00e1rodn\u00edho parku, na kter\u00fd budeme moci b\u00fdt skute\u010dn\u011b hrdi.&#8221; K tomu nen\u00ed co dodat.<br \/>\nStarosta \u0160ubrt je \u010dlenem Svazu obc\u00ed \u0160umavy, kter\u00fd dlouhodob\u011b vystupuje proti NP\u0160. B\u00fdval\u00fdm p\u0159edsedou tohoto svazu je Franti\u0161ek Nykles, kter\u00fd stoj\u00ed t\u00e9\u017e za kr\u00e1tk\u00fd odstavec.<br \/>\n2 http:\/\/www.senat.cz\/xqw\/webdav\/pssenat\/original\/71640\/60223<br \/>\nR\u00e1doby \u010dtiv\u011b p\u00ed\u0161e (nap\u0159\u00edklad web Neviditeln\u00fd pes, 13. 5. 2014 3) o tom, jak jsou r\u016fzn\u00e9 v\u011bci na \u0160umav\u011b \u0161patn\u011b, jak se n\u00e1m na n\u00e1\u0161 dom\u00e1c\u00ed p\u00edse\u010dek, pr\u00fd neopr\u00e1vn\u011bn\u011b, dob\u00edraj\u00ed mezin\u00e1rodn\u00ed organizace, jako Mezin\u00e1rodn\u00ed svaz ochrany p\u0159\u00edrody, IUCN. Tedy podle pana Nyklese UICN. Ten p\u00e1n toti\u017e ani nev\u00ed, jak se zkratka t\u00e9to organizace spr\u00e1vn\u011b p\u00ed\u0161e! M\u016f\u017ee tedy n\u011bco zn\u00e1t o podstat\u011b t\u00e9to organizace?<br \/>\nA aby toho nebylo dost, tak r\u016fzn\u00ed lid\u00e9 bojuj\u00edc\u00ed &#8220;za pr\u00e1va obyvatel proti ekoterorist\u016fm, zelen\u00fdm fanatik\u016fm a ekologist\u016fm&#8221; jsou za\u0161t\u00edt\u011bni sen\u00e1torem Janem Velebou, sou\u010dasn\u00fdm p\u0159edsedou Strany pr\u00e1v ob\u010dan\u016f (doned\u00e1vna Zemanovci). Nen\u00ed se tedy co divit, \u017ee maj\u00ed zast\u00e1n\u00ed u prezidenta Milo\u0161e Zemana, kter\u00fd by nejrad\u011bji zru\u0161il i vlastn\u00ed n\u00e1rodn\u00ed park. V\u0161ichni jsou to lid\u00e9, kte\u0159\u00ed ze sv\u00fdch funkc\u00ed maj\u00ed medi\u00e1ln\u00ed dve\u0159e pln\u011b otev\u0159en\u00e9, jejich l\u017ei polopravdy a zkreslen\u00ed fakt\u016f tedy mohou n\u00e1zory b\u011b\u017en\u00e9ho ob\u010dana opakovan\u011b a \u0161iroce ovliv\u0148ovat. T\u0159eba p\u0159ed lo\u0148sk\u00fdmi parlamentn\u00edmi volbami si SPO(Z) mohla dovolit opakovan\u011b publikovat v placen\u00e9 inzerci celostr\u00e1nkov\u00e1 prohl\u00e1\u0161en\u00ed v p\u00e1te\u010dn\u00edch vyd\u00e1n\u00edch v\u0161ech jiho\u010desk\u00fdch mutac\u00ed Den\u00edku \u2013 dle cen\u00edku stoj\u00ed jeden takov\u00fd inzer\u00e1t zhruba milion.<br \/>\nP\u0159\u00edrodo, dr\u017e\u00edm ti palce, a\u0165 se ubr\u00e1n\u00ed\u0161. N\u00e1s n\u011bkolik se bude sna\u017eit ti v tom pomoci, p\u0159esto\u017ee si nem\u016f\u017eeme dovolit naj\u00edmat medi\u00e1ln\u00ed agentury za statis\u00edce, jak tomu bylo u Spr\u00e1vy NP a CHKO \u0160umava za veden\u00ed Str\u00e1sk\u00e9ho a M\u00e1nka.<br \/>\nKarel Mat\u011bjka<br \/>\n\u010dlen St\u00ednov\u00e9 v\u011bdeck\u00e9 rady NP \u0160umava<br \/>\n3 http:\/\/neviditelnypes.lidovky.cz\/sumava-s-problemy-opet-na-zacatku-dld-\/p_spolecnost.aspx?c=A140512_204919_p_spolecnost_wag<\/p>\n<div data-counters='1' data-style='square' data-size='regular' data-url='https:\/\/obcanskymonitoring.cz\/?p=2776' data-title='Karel Mat\u011bjka: Jak funguj\u00ed medi\u00e1ln\u00ed aktivity ve vztahu k N\u00e1rodn\u00edmu parku \u0160umava' class='linksalpha_container linksalpha_app_3'><a href='\/\/www.linksalpha.com\/share?network='facebook' class='linksalpha_icon_facebook'><\/a><a href='\/\/www.linksalpha.com\/share?network='twitter' class='linksalpha_icon_twitter'><\/a><a href='\/\/www.linksalpha.com\/share?network='googleplus' class='linksalpha_icon_googleplus'><\/a><a href='\/\/www.linksalpha.com\/share?network='mail' class='linksalpha_icon_mail'><\/a><\/div><div data-position='' data-url='https:\/\/obcanskymonitoring.cz\/?p=2776' data-title='Karel Mat\u011bjka: Jak funguj\u00ed medi\u00e1ln\u00ed aktivity ve vztahu k N\u00e1rodn\u00edmu parku \u0160umava' class='linksalpha_container linksalpha_app_7'><a href='\/\/www.linksalpha.com\/share?network='facebook' class='linksalpha_icon_facebook'><\/a><a href='\/\/www.linksalpha.com\/share?network='twitter' class='linksalpha_icon_twitter'><\/a><a href='\/\/www.linksalpha.com\/share?network='googleplus' class='linksalpha_icon_googleplus'><\/a><a href='\/\/www.linksalpha.com\/share?network='mail' class='linksalpha_icon_mail'><\/a><\/div>","protected":false},"excerpt":{"rendered":"<p>&nbsp;1,378&nbsp;total views p\u0159etiskujeme \u010dl\u00e1nek Karla Mat\u011bjky,\u00a0\u010dlena St\u00ednov\u00e9 v\u011bdeck\u00e9 rady NP \u0160umava. Doneslo se n\u00e1m, \u017ee \u010dl\u00e1nek m\u00e1 ve standardn\u00edch publika\u010dn\u00ed probl\u00e9my. Na &#8220;Ringu&#8221; nikoliv&#8230; P\u0159etiskujeme jej samoz\u0159ejm\u011b v pln\u00e9m textu&#8230;<\/p>\n","protected":false},"author":2,"featured_media":0,"comment_status":"open","ping_status":"open","sticky":true,"template":"","format":"standard","meta":[],"categories":[18,21],"tags":[],"_links":{"self":[{"href":"https:\/\/obcanskymonitoring.cz\/index.php?rest_route=\/wp\/v2\/posts\/2776"}],"collection":[{"href":"https:\/\/obcanskymonitoring.cz\/index.php?rest_route=\/wp\/v2\/posts"}],"about":[{"href":"https:\/\/obcanskymonitoring.cz\/index.php?rest_route=\/wp\/v2\/types\/post"}],"author":[{"embeddable":true,"href":"https:\/\/obcanskymonitoring.cz\/index.php?rest_route=\/wp\/v2\/users\/2"}],"replies":[{"embeddable":true,"href":"https:\/\/obcanskymonitoring.cz\/index.php?rest_route=%2Fwp%2Fv2%2Fcomments&post=2776"}],"version-history":[{"count":0,"href":"https:\/\/obcanskymonitoring.cz\/index.php?rest_route=\/wp\/v2\/posts\/2776\/revisions"}],"wp:attachment":[{"href":"https:\/\/obcanskymonitoring.cz\/index.php?rest_route=%2Fwp%2Fv2%2Fmedia&parent=2776"}],"wp:term":[{"taxonomy":"category","embeddable":true,"href":"https:\/\/obcanskymonitoring.cz\/index.php?rest_route=%2Fwp%2Fv2%2Fcategories&post=2776"},{"taxonomy":"post_tag","embeddable":true,"href":"https:\/\/obcanskymonitoring.cz\/index.php?rest_route=%2Fwp%2Fv2%2Ftags&post=2776"}],"curies":[{"name":"wp","href":"https:\/\/api.w.org\/{rel}","templated":true}]}}