{"id":2849,"date":"2014-08-03T05:51:50","date_gmt":"2014-08-03T05:51:50","guid":{"rendered":"http:\/\/obcanskymonitoring.cz\/?p=2849"},"modified":"2014-08-04T22:30:33","modified_gmt":"2014-08-04T22:30:33","slug":"pozvanka-na-kozi-mejdan-standy-pence","status":"publish","type":"post","link":"https:\/\/obcanskymonitoring.cz\/?p=2849","title":{"rendered":"Pozv\u00e1nka na Koz\u00ed mejdan (spoluorganizuje Stanislav Penc)"},"content":{"rendered":"<div class=\"pvc_clear\"><\/div>\n<p class=\"pvc_stats total_only \" data-element-id=\"2849\" style=\"\"><i class=\"pvc-stats-icon medium\" aria-hidden=\"true\"><svg xmlns=\"http:\/\/www.w3.org\/2000\/svg\" version=\"1.0\" viewBox=\"0 0 502 315\" preserveAspectRatio=\"xMidYMid meet\"><g transform=\"translate(0,332) scale(0.1,-0.1)\" fill=\"\" stroke=\"none\"><path d=\"M2394 3279 l-29 -30 -3 -207 c-2 -182 0 -211 15 -242 39 -76 157 -76 196 0 15 31 17 60 15 243 l-3 209 -33 29 c-26 23 -41 29 -80 29 -41 0 -53 -5 -78 -31z\"\/><path d=\"M3085 3251 c-45 -19 -58 -50 -96 -229 -47 -217 -49 -260 -13 -295 52 -53 146 -42 177 20 16 31 87 366 87 410 0 70 -86 122 -155 94z\"\/><path d=\"M1751 3234 c-13 -9 -29 -31 -37 -50 -12 -29 -10 -49 21 -204 19 -94 39 -189 45 -210 14 -50 54 -80 110 -80 34 0 48 6 76 34 21 21 34 44 34 59 0 14 -18 113 -40 219 -37 178 -43 195 -70 221 -36 32 -101 37 -139 11z\"\/><path d=\"M1163 3073 c-36 -7 -73 -59 -73 -102 0 -56 133 -378 171 -413 34 -32 83 -37 129 -13 70 36 67 87 -16 290 -86 209 -89 214 -129 231 -35 14 -42 15 -82 7z\"\/><path d=\"M3689 3066 c-15 -9 -33 -30 -42 -48 -48 -103 -147 -355 -147 -375 0 -98 131 -148 192 -74 13 15 57 108 97 206 80 196 84 226 37 273 -30 30 -99 39 -137 18z\"\/><path d=\"M583 2784 c-38 -19 -67 -74 -58 -113 9 -42 211 -354 242 -373 16 -10 45 -18 66 -18 51 0 107 52 107 100 0 39 -1 41 -124 234 -80 126 -108 162 -133 173 -41 17 -61 16 -100 -3z\"\/><path d=\"M4250 2784 c-14 -9 -74 -91 -133 -183 -95 -150 -107 -173 -107 -213 0 -55 33 -94 87 -104 67 -13 90 8 211 198 130 202 137 225 78 284 -27 27 -42 34 -72 34 -22 0 -50 -8 -64 -16z\"\/><path d=\"M2275 2693 c-553 -48 -1095 -270 -1585 -649 -135 -104 -459 -423 -483 -476 -23 -49 -22 -139 2 -186 73 -142 361 -457 571 -626 285 -228 642 -407 990 -497 242 -63 336 -73 660 -74 310 0 370 5 595 52 535 111 1045 392 1455 803 122 121 250 273 275 326 19 41 19 137 0 174 -41 79 -309 363 -465 492 -447 370 -946 591 -1479 653 -113 14 -422 18 -536 8z m395 -428 c171 -34 330 -124 456 -258 112 -119 167 -219 211 -378 27 -96 24 -300 -5 -401 -72 -255 -236 -447 -474 -557 -132 -62 -201 -76 -368 -76 -167 0 -236 14 -368 76 -213 98 -373 271 -451 485 -162 444 86 934 547 1084 153 49 292 57 452 25z m909 -232 c222 -123 408 -262 593 -441 76 -74 138 -139 138 -144 0 -16 -233 -242 -330 -319 -155 -123 -309 -223 -461 -299 l-81 -41 32 46 c18 26 49 83 70 128 143 306 141 649 -6 957 -25 52 -61 116 -79 142 l-34 47 45 -20 c26 -10 76 -36 113 -56z m-2057 25 c-40 -58 -105 -190 -130 -263 -110 -324 -59 -707 132 -981 25 -35 42 -64 37 -64 -19 0 -241 119 -326 174 -188 122 -406 314 -532 468 l-58 71 108 103 c185 178 428 349 672 473 66 33 121 60 123 61 2 0 -10 -19 -26 -42z\"\/><path d=\"M2375 1950 c-198 -44 -350 -190 -395 -379 -18 -76 -8 -221 19 -290 114 -284 457 -406 731 -260 98 52 188 154 231 260 27 69 37 214 19 290 -38 163 -166 304 -326 360 -67 23 -215 33 -279 19z\"\/><\/g><\/svg><\/i> &nbsp;907&nbsp;total views<\/p>\n<div class=\"pvc_clear\"><\/div>\n<p>&nbsp;<\/p>\n<p><a href=\"http:\/\/obcanskymonitoring.cz\/wp-content\/uploads\/2014\/08\/mejdan.jpg\"><img loading=\"lazy\" class=\"alignnone size-medium wp-image-2850\" alt=\"mejdan\" src=\"http:\/\/obcanskymonitoring.cz\/wp-content\/uploads\/2014\/08\/mejdan-300x181.jpg\" width=\"300\" height=\"181\" srcset=\"https:\/\/obcanskymonitoring.cz\/wp-content\/uploads\/2014\/08\/mejdan-300x181.jpg 300w, https:\/\/obcanskymonitoring.cz\/wp-content\/uploads\/2014\/08\/mejdan.jpg 829w\" sizes=\"(max-width: 300px) 100vw, 300px\" \/><\/a><\/p>\n<p><!--more--><\/p>\n<p><a href=\"http:\/\/cs.wikipedia.org\/wiki\/Stanislav_Penc\">Stanislav Penc<\/a> organizuje i letos undergroundov\u00fd festival <a href=\"http:\/\/kozy.cz\/\">Koz\u00ed mejdan<\/a>. \u00a0Akce je zalo\u017eena na neziskovosti a komer\u010dn\u00edch aktivit\u00e1ch. Program zahrnuje koncerty, divadla a dal\u0161\u00ed vystoupen\u00ed.<\/p>\n<p>Bl\u00ed\u017ee na str\u00e1nce <a href=\"http:\/\/kozy.cz\/\">sdru\u017een\u00ed Standy Pence<\/a>.<\/p>\n<p><a href=\"https:\/\/www.facebook.com\/events\/308703469208611\/\">Facebookov\u00e1 ud\u00e1lost Koz\u00ed mejdan<\/a><\/p>\n<p>&nbsp;<\/p>\n<p>Stanislav Penc ud\u00e1lost komentuje takto:<\/p>\n<p><em>P\u0159\u00e1tel\u00e9, <\/em><br \/>\n<em>ji\u017e skoro 15 let na samot\u011b Milkovice v \u010cesk\u00e9m r\u00e1ji chov\u00e1me kozy a osly pro radost, nikoliv na maso, poskytujeme rozs\u00e1hl\u00fd prostor v r\u00e1mci ekologick\u00e9 v\u00fdchovy \u0161koln\u00edm v\u00fdlet\u016fm, lidem dobr\u00e9 v\u016fle mo\u017enost p\u0159ijet si odpo\u010dinout od tlaku velkom\u011bst nebo v\u0161edn\u00edho \u017eivota a pomoci p\u0159i prac\u00edch na statku a v neposledn\u00ed \u0159ad\u011b po\u0159\u00e1d\u00e1me b\u011bhem srpnov\u00e9ho \u00fapl\u0148ku kulturn\u011b-spole\u010denskou slavnost v\u011bnovanou koz\u00e1m a svobodomysln\u00e9mu zp\u016fsobu \u017eivota s n\u00e1zvem Koz\u00ed mejdan.<\/em><br \/>\n<em>Leto\u0161n\u00ed Koz\u00ed mejdan prob\u011bhne od \u010dtvrtka 7. do pond\u011bln\u00edho r\u00e1na 11. srpna 2014. Milkovice jsou u m\u011bsta Lib\u00e1\u0148 v okrese Ji\u010d\u00edn, a to mezi Kopidlnem a Sobotkou a z\u00e1mky D\u011btenice a Star\u00e9 Hrady.<\/em><\/p>\n<div data-counters='1' data-style='square' data-size='regular' data-url='https:\/\/obcanskymonitoring.cz\/?p=2849' data-title='Pozv\u00e1nka na Koz\u00ed mejdan (spoluorganizuje Stanislav Penc)' class='linksalpha_container linksalpha_app_3'><a href='\/\/www.linksalpha.com\/share?network='facebook' class='linksalpha_icon_facebook'><\/a><a href='\/\/www.linksalpha.com\/share?network='twitter' class='linksalpha_icon_twitter'><\/a><a href='\/\/www.linksalpha.com\/share?network='googleplus' class='linksalpha_icon_googleplus'><\/a><a href='\/\/www.linksalpha.com\/share?network='mail' class='linksalpha_icon_mail'><\/a><\/div><div data-position='' data-url='https:\/\/obcanskymonitoring.cz\/?p=2849' data-title='Pozv\u00e1nka na Koz\u00ed mejdan (spoluorganizuje Stanislav Penc)' class='linksalpha_container linksalpha_app_7'><a href='\/\/www.linksalpha.com\/share?network='facebook' class='linksalpha_icon_facebook'><\/a><a href='\/\/www.linksalpha.com\/share?network='twitter' class='linksalpha_icon_twitter'><\/a><a href='\/\/www.linksalpha.com\/share?network='googleplus' class='linksalpha_icon_googleplus'><\/a><a href='\/\/www.linksalpha.com\/share?network='mail' class='linksalpha_icon_mail'><\/a><\/div>","protected":false},"excerpt":{"rendered":"<p>&nbsp;907&nbsp;total views &nbsp;<\/p>\n","protected":false},"author":2,"featured_media":0,"comment_status":"open","ping_status":"open","sticky":true,"template":"","format":"standard","meta":[],"categories":[12],"tags":[],"_links":{"self":[{"href":"https:\/\/obcanskymonitoring.cz\/index.php?rest_route=\/wp\/v2\/posts\/2849"}],"collection":[{"href":"https:\/\/obcanskymonitoring.cz\/index.php?rest_route=\/wp\/v2\/posts"}],"about":[{"href":"https:\/\/obcanskymonitoring.cz\/index.php?rest_route=\/wp\/v2\/types\/post"}],"author":[{"embeddable":true,"href":"https:\/\/obcanskymonitoring.cz\/index.php?rest_route=\/wp\/v2\/users\/2"}],"replies":[{"embeddable":true,"href":"https:\/\/obcanskymonitoring.cz\/index.php?rest_route=%2Fwp%2Fv2%2Fcomments&post=2849"}],"version-history":[{"count":0,"href":"https:\/\/obcanskymonitoring.cz\/index.php?rest_route=\/wp\/v2\/posts\/2849\/revisions"}],"wp:attachment":[{"href":"https:\/\/obcanskymonitoring.cz\/index.php?rest_route=%2Fwp%2Fv2%2Fmedia&parent=2849"}],"wp:term":[{"taxonomy":"category","embeddable":true,"href":"https:\/\/obcanskymonitoring.cz\/index.php?rest_route=%2Fwp%2Fv2%2Fcategories&post=2849"},{"taxonomy":"post_tag","embeddable":true,"href":"https:\/\/obcanskymonitoring.cz\/index.php?rest_route=%2Fwp%2Fv2%2Ftags&post=2849"}],"curies":[{"name":"wp","href":"https:\/\/api.w.org\/{rel}","templated":true}]}}