{"id":2889,"date":"2014-08-06T20:29:59","date_gmt":"2014-08-06T20:29:59","guid":{"rendered":"http:\/\/obcanskymonitoring.cz\/?p=2889"},"modified":"2014-09-04T05:23:10","modified_gmt":"2014-09-04T05:23:10","slug":"vaclav-bruzek-protestujeme-proti-odposlouchavani-novinaru","status":"publish","type":"post","link":"https:\/\/obcanskymonitoring.cz\/?p=2889","title":{"rendered":"V\u00e1clav Br\u016f\u017eek: Protestujeme proti odposlouch\u00e1v\u00e1n\u00ed novin\u00e1\u0159\u016f"},"content":{"rendered":"<div class=\"pvc_clear\"><\/div>\n<p class=\"pvc_stats total_only \" data-element-id=\"2889\" style=\"\"><i class=\"pvc-stats-icon medium\" aria-hidden=\"true\"><svg xmlns=\"http:\/\/www.w3.org\/2000\/svg\" version=\"1.0\" viewBox=\"0 0 502 315\" preserveAspectRatio=\"xMidYMid meet\"><g transform=\"translate(0,332) scale(0.1,-0.1)\" fill=\"\" stroke=\"none\"><path d=\"M2394 3279 l-29 -30 -3 -207 c-2 -182 0 -211 15 -242 39 -76 157 -76 196 0 15 31 17 60 15 243 l-3 209 -33 29 c-26 23 -41 29 -80 29 -41 0 -53 -5 -78 -31z\"\/><path d=\"M3085 3251 c-45 -19 -58 -50 -96 -229 -47 -217 -49 -260 -13 -295 52 -53 146 -42 177 20 16 31 87 366 87 410 0 70 -86 122 -155 94z\"\/><path d=\"M1751 3234 c-13 -9 -29 -31 -37 -50 -12 -29 -10 -49 21 -204 19 -94 39 -189 45 -210 14 -50 54 -80 110 -80 34 0 48 6 76 34 21 21 34 44 34 59 0 14 -18 113 -40 219 -37 178 -43 195 -70 221 -36 32 -101 37 -139 11z\"\/><path d=\"M1163 3073 c-36 -7 -73 -59 -73 -102 0 -56 133 -378 171 -413 34 -32 83 -37 129 -13 70 36 67 87 -16 290 -86 209 -89 214 -129 231 -35 14 -42 15 -82 7z\"\/><path d=\"M3689 3066 c-15 -9 -33 -30 -42 -48 -48 -103 -147 -355 -147 -375 0 -98 131 -148 192 -74 13 15 57 108 97 206 80 196 84 226 37 273 -30 30 -99 39 -137 18z\"\/><path d=\"M583 2784 c-38 -19 -67 -74 -58 -113 9 -42 211 -354 242 -373 16 -10 45 -18 66 -18 51 0 107 52 107 100 0 39 -1 41 -124 234 -80 126 -108 162 -133 173 -41 17 -61 16 -100 -3z\"\/><path d=\"M4250 2784 c-14 -9 -74 -91 -133 -183 -95 -150 -107 -173 -107 -213 0 -55 33 -94 87 -104 67 -13 90 8 211 198 130 202 137 225 78 284 -27 27 -42 34 -72 34 -22 0 -50 -8 -64 -16z\"\/><path d=\"M2275 2693 c-553 -48 -1095 -270 -1585 -649 -135 -104 -459 -423 -483 -476 -23 -49 -22 -139 2 -186 73 -142 361 -457 571 -626 285 -228 642 -407 990 -497 242 -63 336 -73 660 -74 310 0 370 5 595 52 535 111 1045 392 1455 803 122 121 250 273 275 326 19 41 19 137 0 174 -41 79 -309 363 -465 492 -447 370 -946 591 -1479 653 -113 14 -422 18 -536 8z m395 -428 c171 -34 330 -124 456 -258 112 -119 167 -219 211 -378 27 -96 24 -300 -5 -401 -72 -255 -236 -447 -474 -557 -132 -62 -201 -76 -368 -76 -167 0 -236 14 -368 76 -213 98 -373 271 -451 485 -162 444 86 934 547 1084 153 49 292 57 452 25z m909 -232 c222 -123 408 -262 593 -441 76 -74 138 -139 138 -144 0 -16 -233 -242 -330 -319 -155 -123 -309 -223 -461 -299 l-81 -41 32 46 c18 26 49 83 70 128 143 306 141 649 -6 957 -25 52 -61 116 -79 142 l-34 47 45 -20 c26 -10 76 -36 113 -56z m-2057 25 c-40 -58 -105 -190 -130 -263 -110 -324 -59 -707 132 -981 25 -35 42 -64 37 -64 -19 0 -241 119 -326 174 -188 122 -406 314 -532 468 l-58 71 108 103 c185 178 428 349 672 473 66 33 121 60 123 61 2 0 -10 -19 -26 -42z\"\/><path d=\"M2375 1950 c-198 -44 -350 -190 -395 -379 -18 -76 -8 -221 19 -290 114 -284 457 -406 731 -260 98 52 188 154 231 260 27 69 37 214 19 290 -38 163 -166 304 -326 360 -67 23 -215 33 -279 19z\"\/><\/g><\/svg><\/i> &nbsp;972&nbsp;total views<\/p>\n<div class=\"pvc_clear\"><\/div>\n<p>P\u0159etiskujeme \u010dl\u00e1nek <a href=\"http:\/\/obcanskymonitoring.cz\/?p=1694\">V\u00e1clava Br\u016f\u017eka<\/a>, voln\u00e9ho novin\u00e1\u0159e\u00a0<a href=\"http:\/\/www.odborovysvaznovinaru.cz\/\">Odborov\u00e9ho svazu novin\u00e1\u0159\u016f a pracovn\u00edk\u016f m\u00e9di\u00ed<\/a> a spolupracovn\u00edka <a href=\"http:\/\/obcanskymonitoring.cz\/\">Ringu<\/a>. Ke stanovisku se za <a href=\"http:\/\/obcanskymonitoring.cz\/\">Ring<\/a> pln\u011b p\u0159ipojujeme.<\/p>\n<p><!--more--><\/p>\n<p>S\u00a0velk\u00fdm p\u0159ekvapen\u00edm jsme p\u0159ijali zpr\u00e1vu o odposle\u0161\u00edch novin\u00e1\u0159\u016f, kter\u00e1 byla publikov\u00e1na <a href=\"http:\/\/zpravy.idnes.cz\/novinar-kroupa-se-ohrazuje-proti-odposlouchavani-fs5-\/krimi.aspx?c=A140726_101455_krimi_jp\">v minul\u00fdch dnech v dom\u00e1c\u00edch sd\u011blovac\u00edch prost\u0159edc\u00edch<\/a>. Je\u0161t\u011b v\u00edce jsme v\u0161ak konsternov\u00e1ni dal\u0161\u00edm v\u00fdvojem, kdy \u2013 jak se zd\u00e1 \u2013 je vysv\u011btlen\u00ed, \u010di p\u0159\u00edpadn\u00e9 vyvozen\u00ed d\u016fsledk\u016f, minim\u00e1ln\u011b v\u0161ak omluva vrcholn\u00fdch legislativc\u016f i dozorov\u00fdch justi\u010dn\u00edch org\u00e1n\u016f (Policii \u010cR nevyj\u00edmaje), v\u00a0nedohlednu. Pova\u017eujeme tento akt za z\u00e1sadn\u00ed \u00fatok na svobodu m\u00e9di\u00ed, kter\u00e1 jsou z\u0159ejm\u011b \u0159ad\u011b politik\u016f proti srsti.<\/p>\n<p>Pt\u00e1me se \u2013 kde m\u00e1me jistotu, \u017ee v\u00a0sou\u010dasn\u00e9 dob\u011b, v\u00a0t\u011bchto dnech \u010di hodin\u00e1ch, se neprov\u00e1d\u00ed dal\u0161\u00ed operativn\u00ed akce a nejsou odposlouch\u00e1na m\u00e9dia mo\u017en\u00e1 i plo\u0161n\u011bji, ne\u017e si v\u016fbec dovedeme p\u0159edstavit. Metody \u0161piclov\u00e1n\u00ed a hrani\u010dn\u00ed zji\u0161\u0165ov\u00e1n\u00ed informac\u00ed, zd\u00e1 se, pronikaj\u00ed do v\u0161edn\u00edho \u017eivota b\u011b\u017en\u00fdch ob\u010dan\u016f, kte\u0159\u00ed se s\u00a0 touto situac\u00ed sna\u017e\u00ed n\u011bjak \u201epopasovat\u201c, p\u0159\u00edpadn\u011b ji odevzdan\u011b berou na v\u011bdom\u00ed. Skute\u010dnost, \u017ee se \u0161m\u00edruj\u00ed ji\u017e i m\u00e9dia, \u201ehl\u00eddac\u00ed psi demokracie\u201c, sv\u011bd\u010d\u00ed, \u017ee v\u00a0t\u00e9to republice nen\u00ed n\u011bco v\u00a0po\u0159\u00e1dku. Ostatn\u011b, to se uk\u00e1zalo ji\u017e p\u0159ed n\u011bkolika lety, kdy\u017e v\u00a0\u010cesk\u00e9 televizi zasahovali arm\u00e1dn\u00ed zakuklenci a NIKDO za\u00a0tuto af\u00e9ru nebyl exempl\u00e1rn\u011b potrest\u00e1n.<\/p>\n<p>Jako nez\u00e1visl\u00e1 odborov\u00e1 organizace, zastupuj\u00edc\u00ed z\u00e1jmy pracovn\u00edk\u016f sd\u011blovac\u00edch prost\u0159edk\u016f, \u017e\u00e1d\u00e1me kompetentn\u00ed org\u00e1ny, ministerstva vnitra a spravedlnosti a tak\u00e9 Parlament \u010cesk\u00e9 republiky, v n\u011bm\u017e zasedli i b\u00fdval\u00ed novin\u00e1\u0159\u0161t\u00ed kolegov\u00e9, aby neprodlen\u011b konaly a zastavily tyto nechutn\u00e9 justi\u010dn\u00ed a policejn\u00ed avant\u00fdry, kter\u00e9 ve vysp\u011bl\u00e9 demokracii nemaj\u00ed m\u00edsto. Pouze konkr\u00e9tn\u00ed vyvozen\u00ed odpov\u011bdnosti m\u016f\u017ee b\u00fdt d\u016fkazem toho, \u017ee n\u00e1\u0161 st\u00e1t nesm\u011b\u0159uje zp\u011bt k\u00a0totalit\u011b. Tak z\u00e1va\u017en\u00e9 poru\u0161en\u00ed tiskov\u00e9ho z\u00e1kona, \u00fatok na svobodu m\u00e9di\u00ed, kter\u00e9 maj\u00ed zaru\u010denou ochranu sv\u00fdch zdroj\u016f, mus\u00ed b\u00fdt jednozna\u010dn\u011b odsouzeno, aby nedoch\u00e1zelo k\u00a0dal\u0161\u00edm podobn\u00fdm exces\u016fm.<\/p>\n<p>Kdo se v\u00a0t\u00e9to republice sna\u017e\u00ed d\u00e1t novin\u00e1\u0159\u016fm n\u00e1hubek? Kdo stoj\u00ed za \u0161piclov\u00e1n\u00edm a komu slou\u017e\u00ed? Jestli\u017ee samotn\u00fd st\u00e1t sv\u00e1 m\u00e9dia a sv\u00e9 ob\u010dany takto dehonestuje, jakpak by reagoval v\u00a0p\u0159\u00edpad\u011b, \u017ee dnes ji\u017e relativn\u011b dostupn\u00e1 \u0161pion\u00e1\u017en\u00ed technika by byla vyu\u017e\u00edvan\u00e1 soukromou sf\u00e9rou, mafi\u00e1nsk\u00fdmi strukturami nebo \u201eprostou\u201c galerkou, a to nejen proti novin\u00e1\u0159\u016fm?<i><\/i><\/p>\n<p><i>Odborov\u00fd svaz novin\u00e1\u0159\u016f a pracovn\u00edk\u016f m\u00e9di\u00ed,\u00a0<\/i>\u00a0Praha, 28. 7. 2014<\/p>\n<div data-counters='1' data-style='square' data-size='regular' data-url='https:\/\/obcanskymonitoring.cz\/?p=2889' data-title='V\u00e1clav Br\u016f\u017eek: Protestujeme proti odposlouch\u00e1v\u00e1n\u00ed novin\u00e1\u0159\u016f' class='linksalpha_container linksalpha_app_3'><a href='\/\/www.linksalpha.com\/share?network='facebook' class='linksalpha_icon_facebook'><\/a><a href='\/\/www.linksalpha.com\/share?network='twitter' class='linksalpha_icon_twitter'><\/a><a href='\/\/www.linksalpha.com\/share?network='googleplus' class='linksalpha_icon_googleplus'><\/a><a href='\/\/www.linksalpha.com\/share?network='mail' class='linksalpha_icon_mail'><\/a><\/div><div data-position='' data-url='https:\/\/obcanskymonitoring.cz\/?p=2889' data-title='V\u00e1clav Br\u016f\u017eek: Protestujeme proti odposlouch\u00e1v\u00e1n\u00ed novin\u00e1\u0159\u016f' class='linksalpha_container linksalpha_app_7'><a href='\/\/www.linksalpha.com\/share?network='facebook' class='linksalpha_icon_facebook'><\/a><a href='\/\/www.linksalpha.com\/share?network='twitter' class='linksalpha_icon_twitter'><\/a><a href='\/\/www.linksalpha.com\/share?network='googleplus' class='linksalpha_icon_googleplus'><\/a><a href='\/\/www.linksalpha.com\/share?network='mail' class='linksalpha_icon_mail'><\/a><\/div>","protected":false},"excerpt":{"rendered":"<p>&nbsp;972&nbsp;total views P\u0159etiskujeme \u010dl\u00e1nek V\u00e1clava Br\u016f\u017eka, voln\u00e9ho novin\u00e1\u0159e\u00a0Odborov\u00e9ho svazu novin\u00e1\u0159\u016f a pracovn\u00edk\u016f m\u00e9di\u00ed a spolupracovn\u00edka Ringu. Ke stanovisku se za Ring pln\u011b p\u0159ipojujeme.<\/p>\n","protected":false},"author":2,"featured_media":0,"comment_status":"open","ping_status":"open","sticky":true,"template":"","format":"standard","meta":[],"categories":[10,9],"tags":[],"_links":{"self":[{"href":"https:\/\/obcanskymonitoring.cz\/index.php?rest_route=\/wp\/v2\/posts\/2889"}],"collection":[{"href":"https:\/\/obcanskymonitoring.cz\/index.php?rest_route=\/wp\/v2\/posts"}],"about":[{"href":"https:\/\/obcanskymonitoring.cz\/index.php?rest_route=\/wp\/v2\/types\/post"}],"author":[{"embeddable":true,"href":"https:\/\/obcanskymonitoring.cz\/index.php?rest_route=\/wp\/v2\/users\/2"}],"replies":[{"embeddable":true,"href":"https:\/\/obcanskymonitoring.cz\/index.php?rest_route=%2Fwp%2Fv2%2Fcomments&post=2889"}],"version-history":[{"count":0,"href":"https:\/\/obcanskymonitoring.cz\/index.php?rest_route=\/wp\/v2\/posts\/2889\/revisions"}],"wp:attachment":[{"href":"https:\/\/obcanskymonitoring.cz\/index.php?rest_route=%2Fwp%2Fv2%2Fmedia&parent=2889"}],"wp:term":[{"taxonomy":"category","embeddable":true,"href":"https:\/\/obcanskymonitoring.cz\/index.php?rest_route=%2Fwp%2Fv2%2Fcategories&post=2889"},{"taxonomy":"post_tag","embeddable":true,"href":"https:\/\/obcanskymonitoring.cz\/index.php?rest_route=%2Fwp%2Fv2%2Ftags&post=2889"}],"curies":[{"name":"wp","href":"https:\/\/api.w.org\/{rel}","templated":true}]}}