{"id":2896,"date":"2014-08-07T19:15:08","date_gmt":"2014-08-07T19:15:08","guid":{"rendered":"http:\/\/obcanskymonitoring.cz\/?p=2896"},"modified":"2014-08-07T19:17:06","modified_gmt":"2014-08-07T19:17:06","slug":"posledni-prilezitost-pro-narodni-park","status":"publish","type":"post","link":"https:\/\/obcanskymonitoring.cz\/?p=2896","title":{"rendered":"prof. Julius Kom\u00e1rek: Posledn\u00ed p\u0159\u00edle\u017eitost pro [\u0160umavsk\u00fd] n\u00e1rodn\u00ed park"},"content":{"rendered":"<div class=\"pvc_clear\"><\/div>\n<p class=\"pvc_stats total_only \" data-element-id=\"2896\" style=\"\"><i class=\"pvc-stats-icon medium\" aria-hidden=\"true\"><svg xmlns=\"http:\/\/www.w3.org\/2000\/svg\" version=\"1.0\" viewBox=\"0 0 502 315\" preserveAspectRatio=\"xMidYMid meet\"><g transform=\"translate(0,332) scale(0.1,-0.1)\" fill=\"\" stroke=\"none\"><path d=\"M2394 3279 l-29 -30 -3 -207 c-2 -182 0 -211 15 -242 39 -76 157 -76 196 0 15 31 17 60 15 243 l-3 209 -33 29 c-26 23 -41 29 -80 29 -41 0 -53 -5 -78 -31z\"\/><path d=\"M3085 3251 c-45 -19 -58 -50 -96 -229 -47 -217 -49 -260 -13 -295 52 -53 146 -42 177 20 16 31 87 366 87 410 0 70 -86 122 -155 94z\"\/><path d=\"M1751 3234 c-13 -9 -29 -31 -37 -50 -12 -29 -10 -49 21 -204 19 -94 39 -189 45 -210 14 -50 54 -80 110 -80 34 0 48 6 76 34 21 21 34 44 34 59 0 14 -18 113 -40 219 -37 178 -43 195 -70 221 -36 32 -101 37 -139 11z\"\/><path d=\"M1163 3073 c-36 -7 -73 -59 -73 -102 0 -56 133 -378 171 -413 34 -32 83 -37 129 -13 70 36 67 87 -16 290 -86 209 -89 214 -129 231 -35 14 -42 15 -82 7z\"\/><path d=\"M3689 3066 c-15 -9 -33 -30 -42 -48 -48 -103 -147 -355 -147 -375 0 -98 131 -148 192 -74 13 15 57 108 97 206 80 196 84 226 37 273 -30 30 -99 39 -137 18z\"\/><path d=\"M583 2784 c-38 -19 -67 -74 -58 -113 9 -42 211 -354 242 -373 16 -10 45 -18 66 -18 51 0 107 52 107 100 0 39 -1 41 -124 234 -80 126 -108 162 -133 173 -41 17 -61 16 -100 -3z\"\/><path d=\"M4250 2784 c-14 -9 -74 -91 -133 -183 -95 -150 -107 -173 -107 -213 0 -55 33 -94 87 -104 67 -13 90 8 211 198 130 202 137 225 78 284 -27 27 -42 34 -72 34 -22 0 -50 -8 -64 -16z\"\/><path d=\"M2275 2693 c-553 -48 -1095 -270 -1585 -649 -135 -104 -459 -423 -483 -476 -23 -49 -22 -139 2 -186 73 -142 361 -457 571 -626 285 -228 642 -407 990 -497 242 -63 336 -73 660 -74 310 0 370 5 595 52 535 111 1045 392 1455 803 122 121 250 273 275 326 19 41 19 137 0 174 -41 79 -309 363 -465 492 -447 370 -946 591 -1479 653 -113 14 -422 18 -536 8z m395 -428 c171 -34 330 -124 456 -258 112 -119 167 -219 211 -378 27 -96 24 -300 -5 -401 -72 -255 -236 -447 -474 -557 -132 -62 -201 -76 -368 -76 -167 0 -236 14 -368 76 -213 98 -373 271 -451 485 -162 444 86 934 547 1084 153 49 292 57 452 25z m909 -232 c222 -123 408 -262 593 -441 76 -74 138 -139 138 -144 0 -16 -233 -242 -330 -319 -155 -123 -309 -223 -461 -299 l-81 -41 32 46 c18 26 49 83 70 128 143 306 141 649 -6 957 -25 52 -61 116 -79 142 l-34 47 45 -20 c26 -10 76 -36 113 -56z m-2057 25 c-40 -58 -105 -190 -130 -263 -110 -324 -59 -707 132 -981 25 -35 42 -64 37 -64 -19 0 -241 119 -326 174 -188 122 -406 314 -532 468 l-58 71 108 103 c185 178 428 349 672 473 66 33 121 60 123 61 2 0 -10 -19 -26 -42z\"\/><path d=\"M2375 1950 c-198 -44 -350 -190 -395 -379 -18 -76 -8 -221 19 -290 114 -284 457 -406 731 -260 98 52 188 154 231 260 27 69 37 214 19 290 -38 163 -166 304 -326 360 -67 23 -215 33 -279 19z\"\/><\/g><\/svg><\/i> &nbsp;1,087&nbsp;total views<\/p>\n<div class=\"pvc_clear\"><\/div>\n<p><a href=\"http:\/\/obcanskymonitoring.cz\/wp-content\/uploads\/2014\/08\/Komarek.jpg\"><img loading=\"lazy\" class=\"alignnone size-medium wp-image-2897\" alt=\"Komarek\" src=\"http:\/\/obcanskymonitoring.cz\/wp-content\/uploads\/2014\/08\/Komarek-171x300.jpg\" width=\"171\" height=\"300\" srcset=\"https:\/\/obcanskymonitoring.cz\/wp-content\/uploads\/2014\/08\/Komarek-171x300.jpg 171w, https:\/\/obcanskymonitoring.cz\/wp-content\/uploads\/2014\/08\/Komarek.jpg 371w\" sizes=\"(max-width: 171px) 100vw, 171px\" \/><\/a><\/p>\n<p>Zp\u00e1tky ke ko\u0159en\u016fm&#8230; P\u0159etiskujeme kompletn\u00ed \u010dl\u00e1nek entomologa a zoologa prof. Julia Kom\u00e1rka, kter\u00fd byl inspirac\u00ed pro zalo\u017een\u00ed \u0160umavsk\u00e9ho n\u00e1rodn\u00edho parku. Se stanoviskem se za Ring pln\u011b ztoto\u017e\u0148ujeme. D\u016fvody vzniku \u0160umavsk\u00e9ho n\u00e1rodn\u00edho parku je d\u016fle\u017eit\u00e9 p\u0159ipom\u00ednat zvl\u00e1\u0161t\u011b nyn\u00ed, kdy s\u00edl\u00ed (v kruz\u00edch kolem minul\u00e9ho a sou\u010dasn\u00e9ho prezidenta) snahy prosadit zru\u0161en\u00ed \u0160umavsk\u00e9ho n\u00e1rodn\u00edho parku.<\/p>\n<p><!--more--><\/p>\n<p>\u010cesk\u00e9 zem\u011b se v\u00edc a v\u00edce urbanizuj\u00ed, p\u0159\u00edrodn\u00ed r\u00e1z venkova nab\u00fdv\u00e1 tv\u00e1\u0159nosti jin\u00e9 ne\u017e tomu b\u00fdvalo, lesy jsou tov\u00e1rny na d\u0159evo a naj\u00edt bohem opu\u0161t\u011bn\u00e9 kouty, kde p\u016fvodn\u00ed divok\u00e1 p\u0159\u00edroda je zachov\u00e1na, bylo ji\u017e p\u0159ed v\u00e1lkou v \u010desk\u00fdch zem\u00edch t\u00e9m\u011b\u0159 nemo\u017en\u00e9. V\u011bt\u0161ina evropsk\u00fdch st\u00e1t\u016f si proto z\u0159\u00eddila p\u0159\u00edrodn\u00ed parky, kde \u010dlov\u011bk m\u011bl nechat p\u0159\u00edrodu, aby tu sama hospoda\u0159ila po sv\u00e9m, jako dokument pro budouc\u00ed generace, pro v\u011bdu a rekreaci. Zn\u00e1m\u00fdm m\u00edstem byl na p\u0159\u00edklad bielov\u011b\u017esk\u00fd hvozd, italsk\u00e9 p\u0159\u00edrodn\u00ed parky v Apenin\u00e1ch, Hortob\u00e1gy puszta v Uhr\u00e1ch a jin\u00e1 m\u00edsta. V \u010cesk\u00fdch zem\u00edch se na n\u00e1rodn\u00ed park zapomn\u011blo. Z p\u016fvodn\u00edch \u0161umavsk\u00fdch les\u016f zbyl mal\u00fd kousek na Boub\u00edn\u011b. V\u0161ude jinde se stav\u011bj\u00ed pr\u00e1zdninov\u00e9 chaty hore\u010dn\u00fdm tempem, \u0159eky se reguluj\u00ed, lesy p\u0159em\u011b\u0148uj\u00ed a zv\u00ed\u0159ata jsou hubena a vyh\u00e1n\u011bna.<\/p>\n<p>Dnes by byla velik\u00e1 a snad posledn\u00ed p\u0159\u00edle\u017eitost, kdy by se mohl z\u0159\u00eddit rozs\u00e1hl\u00fd p\u0159\u00edrodn\u00ed park v \u010desk\u00fdch zem\u00edch. Mal\u00e9 rezervace o n\u011bkolika hektarech p\u016fdy, jak se to u n\u00e1s dosud d\u011bl\u00e1valo (viz na p\u0159. Karl\u0161tejn), nemaj\u00ed \u017e\u00e1dnou cenu. M\u00e1m na mysli \u0160umavu a sice jej\u00ed nejopu\u0161t\u011bn\u011bj\u0161\u00ed \u010d\u00e1st, prost\u00edraj\u00edc\u00ed se p\u0159ibli\u017en\u011b na pramenech dvou n\u00e1dhern\u00fdch \u0159ek Vydry a K\u0159emeln\u00e9 a zahrnuj\u00edc\u00ed cel\u00fd velik\u00fd blok Roklanu a Poledn\u00edku. Jsou to obrovsk\u00e9, t\u011b\u017ece p\u0159\u00edstupn\u00e9 lesy s mo\u010d\u00e1ly, slatinami a jez\u00edrky. Domorod\u00e9 n\u011bmeck\u00e9 obyvatelstvo, kter\u00e9 tu \u017eilo po stalet\u00ed zcela primitivn\u00edm, chudobn\u00fdm \u017eivotem, ale p\u0159esto tu p\u0159edstavovalo nutnou pracovn\u00ed s\u00edlu, kter\u00e1 mohla pracovat na lesn\u00edm hospod\u00e1\u0159stv\u00ed a udr\u017eovala tu svoje roztrou\u0161en\u00e1 s\u00eddli\u0161t\u011b, ode\u0161lo. Je zcela naivn\u00ed domn\u011bnka, \u017ee \u010ce\u0161i, lid\u00e9 z kraje, zvykl\u00ed na zcela jin\u00fd \u017eivotn\u00ed standard, lid\u00e9 z \u017eiv\u00fdch \u010desk\u00fdch vesnic s pom\u011brn\u011b vysokou soci\u00e1ln\u00ed \u00farovn\u00ed, by byli schopni nastoupit do smutn\u00fdch a pust\u00fdch lesn\u00edch samot, vyt\u00e1hnout do odlehl\u00fdch horsk\u00fdch chatek, bez n\u00e1le\u017eit\u00fdch komunikac\u00ed a bez jak\u00e9hokoliv spole\u010densk\u00e9ho styku s ostatn\u00edm evropsk\u00fdm sv\u011btem.<\/p>\n<p>Je jist\u00e9, \u017ee jsme si nikdy n\u00e1le\u017eit\u011b neuv\u011bdomili, za jak\u00fdch podm\u00ednek se na \u0160umav\u011b \u017eilo. To nebyly zmodernizovan\u00e9, turisticky zaplavovan\u00e9 Krkono\u0161e nebo pr\u016fmyslov\u00e9 Rudoho\u0159\u00ed. \u0160umava byla tvrd\u00e1 lesn\u00ed chudoba, s n\u00ed\u017e mohla v p\u0159edv\u00e1le\u010dn\u00e9m \u010ceskoslovensku konkurovat jedin\u011b Karpatsk\u00e1 Rus. Ta v\u011bc zmizela, os\u00eddlen\u00ed bylo odstran\u011bno a nikdy se ji\u017e nevr\u00e1t\u00ed. Nikdo ji\u017e nikdy z vnit\u0159n\u00ed zem\u011b nep\u016fjde, aby bydlel na Somberku nebo na Javo\u0159\u00ed pile. P\u0159ijde-li dnes, ute\u010de z\u00edtra, proto\u017ee by tam zem\u0159el stezkem a t\u00edhou opu\u0161t\u011bnosti, nemluv\u011b o bez\u00fat\u011b\u0161n\u00e9 d\u0159in\u011b a b\u00edd\u011b. Cel\u00e1 n\u00e1rodn\u00ed povaha \u010desk\u00fdch lid\u00ed je jin\u00e1 a nehod\u00ed se pro tyto kraje. Za n\u011bkolik let zpustnou dne\u0161n\u00ed s\u00eddli\u0161t\u011b docela a os\u00eddlovac\u00ed \u00fa\u0159ady si sami maluj\u00ed straky na vrb\u011b, mysl\u00ed-li, \u017ee sem n\u011bkoho na trvalo dostanou. Snad se poda\u0159\u00ed n\u00e1siln\u011b, za st\u00e1l\u00fdch subvenc\u00ed udr\u017eet na okraj\u00edch tohoto \u00fazem\u00ed n\u011bjak\u00e9 pastvin\u00e1\u0159stv\u00ed, to v\u0161ak nebude pracovn\u00ed kolonisace, kter\u00e1 by nahradila \u010dasy minul\u00e9.<\/p>\n<p>A\u017e za n\u011bkolik let sami zmoud\u0159\u00edme a a\u017e vyvanou v\u0161elijak\u00e9 pr\u00e1zdn\u00e9 politick\u00e9 fr\u00e1ze, jimi\u017e se dnes hem\u017e\u00ed \u00fasta politick\u00fdch neodborn\u00edk\u016f, pozn\u00e1me, \u017ee se tu ujala p\u0159\u00edroda zase sama sv\u00e9 vl\u00e1dy. Cht\u011b necht\u011b tu vznikne pust\u00fd kraj, divok\u00e1 \u0161umavsk\u00e1 Kanada, kde lid\u00e9 budou mal\u00fdmi p\u00e1ny.<\/p>\n<p>Bylo by proto moudr\u00e9 \u0159\u00edci si tuto pravdu hned. Prohl\u00e1s\u00edme-li ji\u017e dnes cel\u00e9 opu\u0161t\u011bn\u00e9 \u00fazem\u00ed za nast\u00e1vaj\u00edc\u00ed n\u00e1rodn\u00ed park, bude situace mnohem jasn\u011bj\u0161\u00ed a \u00fap\u0159\u00edmn\u011bj\u0161\u00ed. Uspo\u0159\u00edme si tak zbyte\u010dn\u00e9 n\u00e1silnosti, kter\u00e9 nikam nepovedou, leda hluboko do na\u0161\u00ed chud\u00e9 kapsy.<\/p>\n<p>P\u0159\u00edle\u017eitost z\u0159\u00eddit tu n\u00e1rodn\u00ed p\u0159\u00edrodn\u00ed park je dnes jedine\u010dn\u00e1 a okolnosti n\u00e1m ji samy pod\u00e1vaj\u00ed. Bude to unikum v st\u0159edn\u00ed Evrop\u011b hodn\u00e9 pozoru cel\u00e9ho sv\u011bta. Mysl\u00edm, \u017ee n\u00e1m ani nic jin\u00e9ho zb\u00fdvat nebude. Lid\u00e9 tu nebudou a p\u0159\u00edroda bude hospoda\u0159it po sv\u00e9m. Lesn\u00ed bohatstv\u00ed nebude stejn\u011b mo\u017eno t\u011b\u017eit, proto\u017ee komunikace postupn\u011b zpustnou a odlehl\u00e9 partie se stanou nep\u0159\u00edstupn\u00e9. Lesy porostou po sv\u00e9m pro pou\u010den\u00ed lesnick\u00e9 v\u011bdy, jeleni a srnci se sami budou proch\u00e1zet, lososi a pstruzi se budou voln\u011b t\u0159\u00edt v K\u0159emeln\u00e9 a n\u011bkolik lesn\u00edch str\u00e1\u017e\u00ed posta\u010d\u00ed hl\u00eddat nov\u00fd n\u00e1rodn\u00ed skvost. Na\u0161e p\u0159\u00ed\u0161t\u00ed generace n\u00e1m budou vd\u011b\u010dny a \u0159eknou o n\u00e1s, \u017ee jsme jednali dob\u0159e. M\u016f\u017eeme m\u00edt sv\u016fj yellowstonsk\u00fd park na pam\u00e1tku v\u00e1lky.<\/p>\n<p>Vyz\u00fdv\u00e1m v\u0161echny instituce, mysl\u00edc\u00ed na ochranu p\u0159\u00edrodn\u00edch pam\u00e1tek, aby se tohoto n\u00e1vrhu ujaly.<\/p>\n<p>\u010cl\u00e1nek byl oti\u0161t\u011bn v t\u00fdden\u00edku pro politiku, hospod\u00e1\u0159stv\u00ed a kulturu \u010ceskoslovensk\u00e9 strany n\u00e1rodn\u011b socialistick\u00e9, \u00a0Svobodn\u00fd z\u00edt\u0159ek, \u010d. 44, dne 31.10.1946, vydavatelstv\u00ed Melantrich.<\/p>\n<div data-counters='1' data-style='square' data-size='regular' data-url='https:\/\/obcanskymonitoring.cz\/?p=2896' data-title='prof. Julius Kom\u00e1rek: Posledn\u00ed p\u0159\u00edle\u017eitost pro [\u0160umavsk\u00fd] n\u00e1rodn\u00ed park' class='linksalpha_container linksalpha_app_3'><a href='\/\/www.linksalpha.com\/share?network='facebook' class='linksalpha_icon_facebook'><\/a><a href='\/\/www.linksalpha.com\/share?network='twitter' class='linksalpha_icon_twitter'><\/a><a href='\/\/www.linksalpha.com\/share?network='googleplus' class='linksalpha_icon_googleplus'><\/a><a href='\/\/www.linksalpha.com\/share?network='mail' class='linksalpha_icon_mail'><\/a><\/div><div data-position='' data-url='https:\/\/obcanskymonitoring.cz\/?p=2896' data-title='prof. Julius Kom\u00e1rek: Posledn\u00ed p\u0159\u00edle\u017eitost pro [\u0160umavsk\u00fd] n\u00e1rodn\u00ed park' class='linksalpha_container linksalpha_app_7'><a href='\/\/www.linksalpha.com\/share?network='facebook' class='linksalpha_icon_facebook'><\/a><a href='\/\/www.linksalpha.com\/share?network='twitter' class='linksalpha_icon_twitter'><\/a><a href='\/\/www.linksalpha.com\/share?network='googleplus' class='linksalpha_icon_googleplus'><\/a><a href='\/\/www.linksalpha.com\/share?network='mail' class='linksalpha_icon_mail'><\/a><\/div>","protected":false},"excerpt":{"rendered":"<p>&nbsp;1,087&nbsp;total views Zp\u00e1tky ke ko\u0159en\u016fm&#8230; P\u0159etiskujeme kompletn\u00ed \u010dl\u00e1nek entomologa a zoologa prof. Julia Kom\u00e1rka, kter\u00fd byl inspirac\u00ed pro zalo\u017een\u00ed \u0160umavsk\u00e9ho n\u00e1rodn\u00edho parku. Se stanoviskem se za Ring pln\u011b ztoto\u017e\u0148ujeme. D\u016fvody vzniku \u0160umavsk\u00e9ho n\u00e1rodn\u00edho parku je d\u016fle\u017eit\u00e9 p\u0159ipom\u00ednat zvl\u00e1\u0161t\u011b nyn\u00ed, kdy s\u00edl\u00ed (v kruz\u00edch kolem minul\u00e9ho a sou\u010dasn\u00e9ho prezidenta) snahy prosadit zru\u0161en\u00ed \u0160umavsk\u00e9ho n\u00e1rodn\u00edho parku.<\/p>\n","protected":false},"author":2,"featured_media":0,"comment_status":"open","ping_status":"open","sticky":true,"template":"","format":"standard","meta":[],"categories":[18,21],"tags":[],"_links":{"self":[{"href":"https:\/\/obcanskymonitoring.cz\/index.php?rest_route=\/wp\/v2\/posts\/2896"}],"collection":[{"href":"https:\/\/obcanskymonitoring.cz\/index.php?rest_route=\/wp\/v2\/posts"}],"about":[{"href":"https:\/\/obcanskymonitoring.cz\/index.php?rest_route=\/wp\/v2\/types\/post"}],"author":[{"embeddable":true,"href":"https:\/\/obcanskymonitoring.cz\/index.php?rest_route=\/wp\/v2\/users\/2"}],"replies":[{"embeddable":true,"href":"https:\/\/obcanskymonitoring.cz\/index.php?rest_route=%2Fwp%2Fv2%2Fcomments&post=2896"}],"version-history":[{"count":0,"href":"https:\/\/obcanskymonitoring.cz\/index.php?rest_route=\/wp\/v2\/posts\/2896\/revisions"}],"wp:attachment":[{"href":"https:\/\/obcanskymonitoring.cz\/index.php?rest_route=%2Fwp%2Fv2%2Fmedia&parent=2896"}],"wp:term":[{"taxonomy":"category","embeddable":true,"href":"https:\/\/obcanskymonitoring.cz\/index.php?rest_route=%2Fwp%2Fv2%2Fcategories&post=2896"},{"taxonomy":"post_tag","embeddable":true,"href":"https:\/\/obcanskymonitoring.cz\/index.php?rest_route=%2Fwp%2Fv2%2Ftags&post=2896"}],"curies":[{"name":"wp","href":"https:\/\/api.w.org\/{rel}","templated":true}]}}