{"id":3044,"date":"2014-09-11T19:06:26","date_gmt":"2014-09-11T19:06:26","guid":{"rendered":"http:\/\/obcanskymonitoring.cz\/?p=3044"},"modified":"2014-09-11T19:06:26","modified_gmt":"2014-09-11T19:06:26","slug":"jiri-gebert-blanka-je-investicni-rozbuska","status":"publish","type":"post","link":"https:\/\/obcanskymonitoring.cz\/?p=3044","title":{"rendered":"Ji\u0159\u00ed Gebert: Blanka je investi\u010dn\u00ed rozbu\u0161ka"},"content":{"rendered":"<div class=\"pvc_clear\"><\/div>\n<p class=\"pvc_stats total_only \" data-element-id=\"3044\" style=\"\"><i class=\"pvc-stats-icon medium\" aria-hidden=\"true\"><svg xmlns=\"http:\/\/www.w3.org\/2000\/svg\" version=\"1.0\" viewBox=\"0 0 502 315\" preserveAspectRatio=\"xMidYMid meet\"><g transform=\"translate(0,332) scale(0.1,-0.1)\" fill=\"\" stroke=\"none\"><path d=\"M2394 3279 l-29 -30 -3 -207 c-2 -182 0 -211 15 -242 39 -76 157 -76 196 0 15 31 17 60 15 243 l-3 209 -33 29 c-26 23 -41 29 -80 29 -41 0 -53 -5 -78 -31z\"\/><path d=\"M3085 3251 c-45 -19 -58 -50 -96 -229 -47 -217 -49 -260 -13 -295 52 -53 146 -42 177 20 16 31 87 366 87 410 0 70 -86 122 -155 94z\"\/><path d=\"M1751 3234 c-13 -9 -29 -31 -37 -50 -12 -29 -10 -49 21 -204 19 -94 39 -189 45 -210 14 -50 54 -80 110 -80 34 0 48 6 76 34 21 21 34 44 34 59 0 14 -18 113 -40 219 -37 178 -43 195 -70 221 -36 32 -101 37 -139 11z\"\/><path d=\"M1163 3073 c-36 -7 -73 -59 -73 -102 0 -56 133 -378 171 -413 34 -32 83 -37 129 -13 70 36 67 87 -16 290 -86 209 -89 214 -129 231 -35 14 -42 15 -82 7z\"\/><path d=\"M3689 3066 c-15 -9 -33 -30 -42 -48 -48 -103 -147 -355 -147 -375 0 -98 131 -148 192 -74 13 15 57 108 97 206 80 196 84 226 37 273 -30 30 -99 39 -137 18z\"\/><path d=\"M583 2784 c-38 -19 -67 -74 -58 -113 9 -42 211 -354 242 -373 16 -10 45 -18 66 -18 51 0 107 52 107 100 0 39 -1 41 -124 234 -80 126 -108 162 -133 173 -41 17 -61 16 -100 -3z\"\/><path d=\"M4250 2784 c-14 -9 -74 -91 -133 -183 -95 -150 -107 -173 -107 -213 0 -55 33 -94 87 -104 67 -13 90 8 211 198 130 202 137 225 78 284 -27 27 -42 34 -72 34 -22 0 -50 -8 -64 -16z\"\/><path d=\"M2275 2693 c-553 -48 -1095 -270 -1585 -649 -135 -104 -459 -423 -483 -476 -23 -49 -22 -139 2 -186 73 -142 361 -457 571 -626 285 -228 642 -407 990 -497 242 -63 336 -73 660 -74 310 0 370 5 595 52 535 111 1045 392 1455 803 122 121 250 273 275 326 19 41 19 137 0 174 -41 79 -309 363 -465 492 -447 370 -946 591 -1479 653 -113 14 -422 18 -536 8z m395 -428 c171 -34 330 -124 456 -258 112 -119 167 -219 211 -378 27 -96 24 -300 -5 -401 -72 -255 -236 -447 -474 -557 -132 -62 -201 -76 -368 -76 -167 0 -236 14 -368 76 -213 98 -373 271 -451 485 -162 444 86 934 547 1084 153 49 292 57 452 25z m909 -232 c222 -123 408 -262 593 -441 76 -74 138 -139 138 -144 0 -16 -233 -242 -330 -319 -155 -123 -309 -223 -461 -299 l-81 -41 32 46 c18 26 49 83 70 128 143 306 141 649 -6 957 -25 52 -61 116 -79 142 l-34 47 45 -20 c26 -10 76 -36 113 -56z m-2057 25 c-40 -58 -105 -190 -130 -263 -110 -324 -59 -707 132 -981 25 -35 42 -64 37 -64 -19 0 -241 119 -326 174 -188 122 -406 314 -532 468 l-58 71 108 103 c185 178 428 349 672 473 66 33 121 60 123 61 2 0 -10 -19 -26 -42z\"\/><path d=\"M2375 1950 c-198 -44 -350 -190 -395 -379 -18 -76 -8 -221 19 -290 114 -284 457 -406 731 -260 98 52 188 154 231 260 27 69 37 214 19 290 -38 163 -166 304 -326 360 -67 23 -215 33 -279 19z\"\/><\/g><\/svg><\/i> &nbsp;1,122&nbsp;total views<\/p>\n<div class=\"pvc_clear\"><\/div>\n<p>v\u00a0<a href=\"http:\/\/obcanskymonitoring.cz\/\">Ringu<\/a>\u00a0za\u010d\u00edn\u00e1me na pokra\u010dov\u00e1n\u00ed publikovat s\u00e9rii \u00favah architekta\u00a0<a href=\"http:\/\/jirigebert.blog.idnes.cz\/\">Ji\u0159\u00edho Geberta<\/a>\u00a0SLA-BI-K\u00c1\u0158 SPEKULATIVN\u00cdHO \u00a0URBANIZMU. Pan architekt Gebert se v n\u00ed zam\u00fd\u0161l\u00ed nad urbanismem Prahy. \u0158adu my\u0161lenek a podn\u011bt\u016f je mo\u017en\u00e9 zobecnit, v\u011b\u0159\u00edme, \u017ee budou inspirativn\u00ed i pro jin\u00e1 m\u011bsta.<\/p>\n<p><a href=\"http:\/\/obcanskymonitoring.cz\/wp-content\/uploads\/2014\/09\/Jiri_GEBERT.jpg\"><img loading=\"lazy\" alt=\"Jiri_GEBERT\" src=\"http:\/\/obcanskymonitoring.cz\/wp-content\/uploads\/2014\/09\/Jiri_GEBERT-205x300.jpg\" width=\"205\" height=\"300\" \/><\/a><\/p>\n<p>&nbsp;<\/p>\n<p><!--more--><\/p>\n<p>Modelov\u00fdm p\u0159\u00edkladem spekulativn\u00edho urbanizmu je i nejdel\u0161\u00ed evropsk\u00fd m\u011bstsk\u00fd tunel Blanka, kter\u00fd je ve\u0159ejnosti prezentov\u00e1n jako z\u00e1sadn\u00ed \u0159e\u0161en\u00ed pra\u017esk\u00e9 dopravy, p\u0159esto\u017ee na Letnou p\u0159ivede desetitis\u00edce aut nav\u00edc a u\u017e dnes klade ot\u00e1zky, pro\u010d nebo pro koho se postavily velkokapacitn\u00ed gar\u00e1\u017ee na Letensk\u00e9 pl\u00e1ni a na Pra\u0161n\u00e9m most\u011b.<\/p>\n<p>Jde ale je\u0161t\u011b o n\u011bco docela jin\u00e9ho.<\/p>\n<p>Pro plynul\u00fd provoz dopravn\u00edho komplexu Blanka se toti\u017e pl\u00e1novaly dal\u0161\u00ed tunely &#8211; napojen\u00ed na pl\u00e1novan\u00fd m\u011bstsk\u00fd obchvat a nov\u00fd tunel z\u00a0Podbaby. Ten m\u011bl \u0159e\u0161it o\u010dek\u00e1van\u00fd dopravn\u00ed kolaps na V\u00edt\u011bzn\u00e9m n\u00e1m\u011bst\u00ed, kter\u00fd vznikne p\u0159\u00edlivem aut z\u00a0tunelu Blanka. Praha si ale vinou rozma\u0159il\u00e9 \u201eBlanky\u201c dnes u\u017e \u017e\u00e1dn\u00e9 dal\u0161\u00ed tunely nem\u016f\u017ee dovolit.<\/p>\n<p>Podobn\u011b problematick\u00fdm dopl\u0148kem Blanky je i nov\u00fd Trojsk\u00fd most, unik\u00e1tn\u00ed jedine\u010dn\u00fdm zato staticky diletantsk\u00fdm\u00a0 ploch\u00fdm nosn\u00fdm obloukem, kter\u00fd u\u017e takhle zbyte\u010dnou komunika\u010dn\u00ed stavbu je\u0161t\u011b po\u0159\u00e1dn\u011b prodra\u017eil. Aby se automobilista dostal tunelem do Hole\u0161ovic, mus\u00ed pod zem\u00ed nejd\u0159\u00edv podjet cel\u00e9 hole\u0161ovick\u00e9 \u00fazem\u00ed i \u0159eku Vltavu a pak si nav\u00edc \u00a0u\u017e\u00edt luxus cesty po onom v\u00a0prav\u00e9m smyslu \u201etrojsk\u00e9m most\u011b\u201c zp\u00e1tky do uli\u010dek star\u00fdch Hole\u0161ovic, to v\u0161e 350 m od mostu\u00a0 Barik\u00e1dn\u00edk\u016f.<\/p>\n<p>&nbsp;<\/p>\n<p>Blanka je ale p\u0159edev\u0161\u00edm darem n\u00e1s ob\u010dan\u016f budouc\u00edm developer\u016fm Letn\u00e9 a Hole\u0161ovic. Pro\u010d? Hlavn\u00edm z\u00e1m\u011brem stavby tunelu je toti\u017e realizace p\u0159\u00edm\u00e9ho dopravn\u00edho napojen\u00ed jedine\u010dn\u00e9ho prostoru Letensk\u00e9 pl\u00e1n\u011b vyjezdy na \u0160pejcha\u0159e, pro mo\u017enou komer\u010dn\u00ed z\u00e1stavbu a tak\u00e9 realitn\u00ed zhodnocen\u00ed \u00fazem\u00ed Hole\u0161ovic v\u00a0troj\u00faheln\u00edku Blanky a Magistr\u00e1ly. Sou\u010dasn\u011b se pl\u00e1novaly i stavby, kter\u00e9 by bez Blanky nemohly mo\u017en\u00e9 nebo v\u00fdnosn\u00e9, jako Business Park Letn\u00e1, a\u00a0 dv\u011b n\u00e1kupn\u00ed centra na Spart\u011b a v\u00a0ulici Veletr\u017en\u00ed. Sv\u011bd\u010d\u00ed o tom i zpr\u00e1va radn\u00edho Gebousk\u00e9ho z veden\u00ed M\u010c Praha 6 o magistr\u00e1tem p\u0159ipravovan\u00e9m komplexn\u00edm urbanistick\u00e9m \u0159e\u0161en\u00ed Letensk\u00e9 pl\u00e1n\u011b, kter\u00e9 zde umo\u017en\u00ed um\u00edstit \u201ev\u00fdjime\u010dn\u00e9\u201c stavby, rozum\u011bj i n\u00e1kupn\u00ed a administrativn\u00ed centra, a to v\u0161e p\u0159es vehementn\u00ed protesty ob\u010dan\u016f i odborn\u00e9 ve\u0159ejnosti .<\/p>\n<p><em>Pokra\u010dov\u00e1n\u00ed v dal\u0161\u00edm \u010dl\u00e1nku, kter\u00fd bude publikov\u00e1n na \u201e<a href=\"http:\/\/obcanskymonitoring.cz\/\">Ringu<\/a>\u201c v \u0159\u00e1du dn\u00ed.<\/em><\/p>\n<p><a href=\"http:\/\/obcanskymonitoring.cz\/?page_id=3014\">Profil Ji\u0159\u00edho Geberta na Ringu.<\/a><\/p>\n<div data-counters='1' data-style='square' data-size='regular' data-url='https:\/\/obcanskymonitoring.cz\/?p=3044' data-title='Ji\u0159\u00ed Gebert: Blanka je investi\u010dn\u00ed rozbu\u0161ka' class='linksalpha_container linksalpha_app_3'><a href='\/\/www.linksalpha.com\/share?network='facebook' class='linksalpha_icon_facebook'><\/a><a href='\/\/www.linksalpha.com\/share?network='twitter' class='linksalpha_icon_twitter'><\/a><a href='\/\/www.linksalpha.com\/share?network='googleplus' class='linksalpha_icon_googleplus'><\/a><a href='\/\/www.linksalpha.com\/share?network='mail' class='linksalpha_icon_mail'><\/a><\/div><div data-position='' data-url='https:\/\/obcanskymonitoring.cz\/?p=3044' data-title='Ji\u0159\u00ed Gebert: Blanka je investi\u010dn\u00ed rozbu\u0161ka' class='linksalpha_container linksalpha_app_7'><a href='\/\/www.linksalpha.com\/share?network='facebook' class='linksalpha_icon_facebook'><\/a><a href='\/\/www.linksalpha.com\/share?network='twitter' class='linksalpha_icon_twitter'><\/a><a href='\/\/www.linksalpha.com\/share?network='googleplus' class='linksalpha_icon_googleplus'><\/a><a href='\/\/www.linksalpha.com\/share?network='mail' class='linksalpha_icon_mail'><\/a><\/div>","protected":false},"excerpt":{"rendered":"<p>&nbsp;1,122&nbsp;total views v\u00a0Ringu\u00a0za\u010d\u00edn\u00e1me na pokra\u010dov\u00e1n\u00ed publikovat s\u00e9rii \u00favah architekta\u00a0Ji\u0159\u00edho Geberta\u00a0SLA-BI-K\u00c1\u0158 SPEKULATIVN\u00cdHO \u00a0URBANIZMU. Pan architekt Gebert se v n\u00ed zam\u00fd\u0161l\u00ed nad urbanismem Prahy. \u0158adu my\u0161lenek a podn\u011bt\u016f je mo\u017en\u00e9 zobecnit, v\u011b\u0159\u00edme, \u017ee budou inspirativn\u00ed i pro jin\u00e1 m\u011bsta. &nbsp;<\/p>\n","protected":false},"author":2,"featured_media":0,"comment_status":"open","ping_status":"open","sticky":true,"template":"","format":"standard","meta":[],"categories":[23],"tags":[],"_links":{"self":[{"href":"https:\/\/obcanskymonitoring.cz\/index.php?rest_route=\/wp\/v2\/posts\/3044"}],"collection":[{"href":"https:\/\/obcanskymonitoring.cz\/index.php?rest_route=\/wp\/v2\/posts"}],"about":[{"href":"https:\/\/obcanskymonitoring.cz\/index.php?rest_route=\/wp\/v2\/types\/post"}],"author":[{"embeddable":true,"href":"https:\/\/obcanskymonitoring.cz\/index.php?rest_route=\/wp\/v2\/users\/2"}],"replies":[{"embeddable":true,"href":"https:\/\/obcanskymonitoring.cz\/index.php?rest_route=%2Fwp%2Fv2%2Fcomments&post=3044"}],"version-history":[{"count":0,"href":"https:\/\/obcanskymonitoring.cz\/index.php?rest_route=\/wp\/v2\/posts\/3044\/revisions"}],"wp:attachment":[{"href":"https:\/\/obcanskymonitoring.cz\/index.php?rest_route=%2Fwp%2Fv2%2Fmedia&parent=3044"}],"wp:term":[{"taxonomy":"category","embeddable":true,"href":"https:\/\/obcanskymonitoring.cz\/index.php?rest_route=%2Fwp%2Fv2%2Fcategories&post=3044"},{"taxonomy":"post_tag","embeddable":true,"href":"https:\/\/obcanskymonitoring.cz\/index.php?rest_route=%2Fwp%2Fv2%2Ftags&post=3044"}],"curies":[{"name":"wp","href":"https:\/\/api.w.org\/{rel}","templated":true}]}}