{"id":3241,"date":"2014-10-10T07:28:45","date_gmt":"2014-10-10T07:28:45","guid":{"rendered":"http:\/\/obcanskymonitoring.cz\/?p=3241"},"modified":"2014-10-10T07:28:45","modified_gmt":"2014-10-10T07:28:45","slug":"jiri-gebert-institut-spekulativniho-urbanizmu","status":"publish","type":"post","link":"https:\/\/obcanskymonitoring.cz\/?p=3241","title":{"rendered":"Ji\u0159\u00ed Gebert: Institut spekulativn\u00edho urbanizmu"},"content":{"rendered":"<div class=\"pvc_clear\"><\/div>\n<p class=\"pvc_stats total_only \" data-element-id=\"3241\" style=\"\"><i class=\"pvc-stats-icon medium\" aria-hidden=\"true\"><svg xmlns=\"http:\/\/www.w3.org\/2000\/svg\" version=\"1.0\" viewBox=\"0 0 502 315\" preserveAspectRatio=\"xMidYMid meet\"><g transform=\"translate(0,332) scale(0.1,-0.1)\" fill=\"\" stroke=\"none\"><path d=\"M2394 3279 l-29 -30 -3 -207 c-2 -182 0 -211 15 -242 39 -76 157 -76 196 0 15 31 17 60 15 243 l-3 209 -33 29 c-26 23 -41 29 -80 29 -41 0 -53 -5 -78 -31z\"\/><path d=\"M3085 3251 c-45 -19 -58 -50 -96 -229 -47 -217 -49 -260 -13 -295 52 -53 146 -42 177 20 16 31 87 366 87 410 0 70 -86 122 -155 94z\"\/><path d=\"M1751 3234 c-13 -9 -29 -31 -37 -50 -12 -29 -10 -49 21 -204 19 -94 39 -189 45 -210 14 -50 54 -80 110 -80 34 0 48 6 76 34 21 21 34 44 34 59 0 14 -18 113 -40 219 -37 178 -43 195 -70 221 -36 32 -101 37 -139 11z\"\/><path d=\"M1163 3073 c-36 -7 -73 -59 -73 -102 0 -56 133 -378 171 -413 34 -32 83 -37 129 -13 70 36 67 87 -16 290 -86 209 -89 214 -129 231 -35 14 -42 15 -82 7z\"\/><path d=\"M3689 3066 c-15 -9 -33 -30 -42 -48 -48 -103 -147 -355 -147 -375 0 -98 131 -148 192 -74 13 15 57 108 97 206 80 196 84 226 37 273 -30 30 -99 39 -137 18z\"\/><path d=\"M583 2784 c-38 -19 -67 -74 -58 -113 9 -42 211 -354 242 -373 16 -10 45 -18 66 -18 51 0 107 52 107 100 0 39 -1 41 -124 234 -80 126 -108 162 -133 173 -41 17 -61 16 -100 -3z\"\/><path d=\"M4250 2784 c-14 -9 -74 -91 -133 -183 -95 -150 -107 -173 -107 -213 0 -55 33 -94 87 -104 67 -13 90 8 211 198 130 202 137 225 78 284 -27 27 -42 34 -72 34 -22 0 -50 -8 -64 -16z\"\/><path d=\"M2275 2693 c-553 -48 -1095 -270 -1585 -649 -135 -104 -459 -423 -483 -476 -23 -49 -22 -139 2 -186 73 -142 361 -457 571 -626 285 -228 642 -407 990 -497 242 -63 336 -73 660 -74 310 0 370 5 595 52 535 111 1045 392 1455 803 122 121 250 273 275 326 19 41 19 137 0 174 -41 79 -309 363 -465 492 -447 370 -946 591 -1479 653 -113 14 -422 18 -536 8z m395 -428 c171 -34 330 -124 456 -258 112 -119 167 -219 211 -378 27 -96 24 -300 -5 -401 -72 -255 -236 -447 -474 -557 -132 -62 -201 -76 -368 -76 -167 0 -236 14 -368 76 -213 98 -373 271 -451 485 -162 444 86 934 547 1084 153 49 292 57 452 25z m909 -232 c222 -123 408 -262 593 -441 76 -74 138 -139 138 -144 0 -16 -233 -242 -330 -319 -155 -123 -309 -223 -461 -299 l-81 -41 32 46 c18 26 49 83 70 128 143 306 141 649 -6 957 -25 52 -61 116 -79 142 l-34 47 45 -20 c26 -10 76 -36 113 -56z m-2057 25 c-40 -58 -105 -190 -130 -263 -110 -324 -59 -707 132 -981 25 -35 42 -64 37 -64 -19 0 -241 119 -326 174 -188 122 -406 314 -532 468 l-58 71 108 103 c185 178 428 349 672 473 66 33 121 60 123 61 2 0 -10 -19 -26 -42z\"\/><path d=\"M2375 1950 c-198 -44 -350 -190 -395 -379 -18 -76 -8 -221 19 -290 114 -284 457 -406 731 -260 98 52 188 154 231 260 27 69 37 214 19 290 -38 163 -166 304 -326 360 -67 23 -215 33 -279 19z\"\/><\/g><\/svg><\/i> &nbsp;991&nbsp;total views<\/p>\n<div class=\"pvc_clear\"><\/div>\n<p>v\u00a0<a href=\"http:\/\/obcanskymonitoring.cz\/\">Ringu<\/a>\u00a0p\u0159etiskujeme na pokra\u010dov\u00e1n\u00ed s\u00e9rii \u00favah architekta\u00a0<a href=\"http:\/\/jirigebert.blog.idnes.cz\/\">Ji\u0159\u00edho Geberta<\/a>\u00a0SLA-BI-K\u00c1\u0158 SPEKULATIVN\u00cdHO \u00a0URBANIZMU. Pan architekt Gebert se v n\u00ed zam\u00fd\u0161l\u00ed nad urbanismem Prahy. \u0158adu my\u0161lenek a podn\u011bt\u016f je mo\u017en\u00e9 zobecnit, v\u011b\u0159\u00edme, \u017ee budou inspirativn\u00ed i pro jin\u00e1 m\u011bsta.<\/p>\n<p><a href=\"http:\/\/obcanskymonitoring.cz\/wp-content\/uploads\/2014\/09\/Jiri_GEBERT.jpg\"><img loading=\"lazy\" alt=\"Jiri_GEBERT\" src=\"http:\/\/obcanskymonitoring.cz\/wp-content\/uploads\/2014\/09\/Jiri_GEBERT-205x300.jpg\" width=\"205\" height=\"300\" \/><\/a><\/p>\n<p><strong>Institut spekulativn\u00edho urbanizmu<\/strong><\/p>\n<p><!--more--><\/p>\n<p>Tehdy v srpnu, za rachotu tank\u016f \u201ep\u0159\u00e1telsk\u00e9 pomoci\u201c \u017ditnou ulic\u00ed , jsem dostal \u0161\u00e9fovu dobrou radu: \u201c<em>Architektura existuje v ka\u017ed\u00e9m re\u017eimu!<\/em>\u201c Je to jen schizma mezi profes\u00ed a ob\u010danstv\u00edm, nebo obludn\u00e1 pravda o tom jak ideologick\u00e9 alibi umrtv\u00ed kritickou reflexi, lidskou d\u016fstojnost a harmonii ob\u010dansk\u00e9ho sou\u017eit\u00ed?<\/p>\n<p>Ten trefn\u00fd v\u00fdrok \u0159\u00edk\u00e1 , \u017ee budeme \u017e\u00edt v takov\u00e9m m\u011bst\u011b jak\u00e9 n\u00e1m, jednou tac\u00ed, jindy onac\u00ed bosov\u00e9 naordinuj\u00ed. V\u00fdstavba m\u011bst je obrazem kulturn\u00edho a spole\u010densk\u00e9ho pov\u011bdom\u00ed. \u010c\u00e1sti Prahy jsou skute\u010dn\u011b takov\u00fd kadlub dobov\u00e9ho spole\u010densk\u00e9ho systemu. S\u00eddli\u0161t\u011b byla pl\u00e1novan\u00e1 jako n\u00e1pravn\u00e1 za\u0159\u00edzen\u00ed soci\u00e1ln\u00edho in\u017een\u00fdrstv\u00ed ale v ulic\u00edch historick\u00e9 Prahy, t\u00e9 surre\u00e1ln\u00ed sc\u00e9ny ov\u011b\u0161ovan\u00e9 pravideln\u011b transparenty,vlajkami a praporky sov\u011btsk\u00e9 moci, p\u0159e\u017e\u00edval duch \u0160vejka,Kafky a vzdor V\u00e1clava Havla. V dne\u0161n\u00ed historick\u00e9 Praze jsme sv\u011bdky silov\u00e9 konfrontace podnikatelsk\u00e9ho profitu se stavebn\u00edm d\u011bdictv\u00edm.<\/p>\n<p><strong>Zlatokopeck\u00fd urbanizmus<\/strong><\/p>\n<p>Od prvn\u00edch staveb po roce 1992, za prim\u00e1torov\u00e1n\u00ed Dr. Koukala u\u017e vid\u00edme jasn\u00fd trend. V Pal\u00e1ci Myslbek se prosadil nejv\u011bt\u0161\u00ed objem na mist\u011b d\u0159\u00edve voln\u00e9 parkov\u00e9 plochy, vysok\u00fd hotel, d\u0159\u00edve \u201eMovenpick\u201c ,bezohledn\u011b zakr\u00fdv\u00e1 pohled na kopec Mr\u00e1zovku na Sm\u00edchov\u011b a ur\u010duje hladinu z\u00e1stavby Nov\u00e9ho Sm\u00edchova. V obou p\u0159\u00edpadech je v\u00fdt\u011b\u017enost prim\u00e1rn\u00ed urbanistick\u00fd (politick\u00fd) z\u00e1jem. Praha vl\u00e1du nad obrazem m\u011bsta ponechala trhu. Od stavby Stalinova pomn\u00edku nebyla v Praze podobn\u00e1 vst\u0159\u00edcnost ideologii na \u00fakor m\u011bstsk\u00e9 kvality. Kde d\u0159\u00edve korumpovala moc korumpuje dnes profit. Stavebn\u00edk jde za lukrativn\u00edmi pozemky do stabilizovan\u00e9ho \u00fazem\u00ed \u0161irok\u00e9ho vltavsk\u00e9ho udol\u00ed, proto\u017ee veden\u00ed m\u011bsta m\u00e1 nedostatek v\u016fle kultivovat mlad\u0161\u00ed a sou\u010dasn\u00e9 okraje m\u011bsta. A to je \u0161patn\u011b, proto\u017ee m\u011bsto nen\u00ed zbo\u017e\u00ed, ale kulturn\u00ed entita. Neuv\u00e1\u017een\u00fd precedent je i \u201eTan\u010d\u00edc\u00ed d\u016fm\u201c kter\u00fd p\u0159ekra\u010duje uli\u010dn\u00ed \u010d\u00e1ry a omluvou pro \u201ezlat\u00fd zub\u201c v jednotn\u00e9m a jedine\u010dn\u00e9m eklektick\u00e9m souboru vltavsk\u00e9ho n\u00e1b\u0159e\u017e\u00ed m\u00e1 b\u00fdt \u201esv\u011btovost\u201c zaj\u00edmav\u00e9 stavby. Dnes je to ji\u017e b\u011b\u017en\u00fd argumet pro ka\u017edou jinou, v\u011bt\u0161inou nadm\u011brnou stavbu bez kontextu k sv\u00e9mu okol\u00ed, kter\u00e1 se oh\u00e1n\u00ed vlastn\u00ed \u201esv\u011btovost\u00ed\u201c a vyu\u017e\u00edv\u00e1 pro zviditeln\u011bn\u00ed konflikt s historickou z\u00e1stavbou. Pro\u010d mohl Gehry stav\u011bt v Bilbao sv\u00e9 Muzeum na brownfieldu a v Praze jen a jen s kontextem pra\u017esk\u00e9ho panorama?<\/p>\n<p>Jak jinak jsme navrhovali s Ameri\u010dany hotel Intercontinental! Kter\u00e1 stavba od t\u00e9 doby vytvo\u0159ila v Praze nov\u00e9 n\u00e1m\u011bst\u00ed v uli\u010dn\u00ed front\u011b, jako je otev\u0159en\u00ed Pa\u0159\u00ed\u017esk\u00e9 proti Staronov\u00e9 synagoze. Princip, kter\u00fd vid\u00edme na Kings Road v Lond\u00fdn\u011b nebo v historick\u00e9m Muenstru. Pro\u010d ne Myslbek? Proto\u017ee u\u017e architektonick\u00e1 sout\u011b\u017e p\u0159edepisovala nadm\u011brn\u00fd objem.<\/p>\n<p><strong>Jak se urbanizmus vejde do administrativy<\/strong><\/p>\n<p>Rozvoj Prahy ovl\u00e1dal prim\u00e1tor B\u00e9m syst\u00e9mem \u201e\u00fazemn\u00ed samoobsluhy\u201c, kdy byl \u00fazemn\u00ed pl\u00e1n upravov\u00e1n bud p\u0159\u00edmo v \u201e\u00datvaru rozvoje\u201c nebo rozhodnut\u00edm zastupitelstva o \u201ecelom\u011bstsky v\u00fdznamn\u00fdch zm\u011bn\u00e1ch\u201c v po\u010dtu n\u011bkolika tis\u00edc ro\u010dn\u011b. \u010c\u00e1st t\u011bchto zm\u011bn legalizovala dohody sp\u0159\u00edzn\u011bn\u00fdch politick\u00fdch podnikatel\u016f.<\/p>\n<p><strong>Zlatokopeck\u00fd urbanizmus upgraduje na Spekulativn\u00ed urbanizmus<\/strong><\/p>\n<p>Geni\u00e1ln\u00edm tahem cti\u017e\u00e1dostiv\u00e9ho politika je ale ovl\u00e1dat nejen jednotliv\u00e1 rozhodnut\u00ed, ale pod\u0159\u00eddit si cel\u00fd syst\u00e9m \u00fazemn\u00edho pl\u00e1nov\u00e1n\u00ed tak, aby mu zajistil podporu radnic m\u011bstsk\u00fdch \u010d\u00e1st\u00ed, developer\u016f a ve\u0159ejnosti. To se dnes revolu\u010dn\u00edm zalo\u017een\u00edm <a href=\"http:\/\/www.iprpraha.cz\/\">Institutu pra\u017esk\u00e9ho rozvoje<\/a> \u2013 IPR, prim\u00e1toru Hude\u010dkovi poda\u0159ilo. Dr. Hude\u010dek je\u0161t\u011b jako radn\u00ed pro rozvoj nab\u00eddl reformu \u00fazemn\u00edho pl\u00e1nov\u00e1n\u00ed a argumentoval pr\u00e1v\u011b nezvl\u00e1dnuteln\u00fdm po\u010dtem on\u011bch \u201ecelom\u011bstsky v\u00fdznamn\u00fdch zm\u011bn.\u201c Nov\u011b za\u010dal pe\u010dovat o kontakty s ob\u010dany a ve\u0159ejnost\u00ed .<\/p>\n<p>Podle logiky ka\u017ed\u00e9 reformy je chyby t\u0159eba pojmenovat a analyzovat a korigovat. V Praze to byl evidentn\u011b nedostatek kontroly nad dodr\u017eov\u00e1n\u00edm regulace vystavby, ohebnost \u00fazemn\u00edho pl\u00e1nu a nerespektov\u00e1n\u00ed z\u00e1vazn\u00e9ho ale nevymahateln\u00e9ho Strategick\u00e9ho pl\u00e1nu Prahy.<\/p>\n<p>Kdy\u017e za\u010dnete s \u010dist\u00fdm stolem, s nov\u00fdm \u201eInstitutem rozvoje\u201c- IPR, s novou formou komunikace s ve\u0159ejnost\u00ed, odst\u0159ihnete se vizu\u00e1ln\u011b od minulosti. Misto pe\u010dliv\u00e9 reformy , kter\u00e1 definuje chyby s c\u00edlem je eliminovat , tak um\u00ed v \u010cesku zafungovat obl\u00edben\u00fd politick\u00fd p\u0159evrat, kter\u00fd se vyd\u00e1v\u00e1 za nov\u00fd za\u010d\u00e1tek.<\/p>\n<p>Ob\u010dansk\u00e1 ve\u0159ejnost jakkoli zral\u00e1 pro zm\u011bnu, ale nem\u016f\u017ee p\u0159ehl\u00e9dnout , \u017ee se nov\u00fdm Metropolitn\u00edm pl\u00e1nem \u201espekulativn\u00ed urbanizmus\u201c institucionalizoval a pr\u00e1vn\u011b zakotvil.<\/p>\n<p>Pro\u010d osoby spojen\u00e9 s dosavadn\u00edm systemem p\u0159evzaly roli poradc\u016f ve sm\u011brov\u00e1n\u00ed Metropolitn\u00edho pl\u00e1nu? Arch. Kouck\u00fd , autor p\u0159edra\u017een\u00e9ho Trojsk\u00e9ho mostu z B\u00e9movy ery, v roli \u00fa\u0159edn\u00edho tv\u016frce , arch. Ctibor se zku\u0161enostmi z developmentu v Dubaji, b\u00fdval\u00fd prim\u00e1tor a architekt Jan Kasl a arch. Hubi\u010dka autor tzv. Ledn\u00edho Medv\u011bda Dejvic\u00edch.<\/p>\n<p><strong>Jak\u00e9 c\u00edle m\u00e1 tedy Institut rozvoje Prahy?<\/strong><\/p>\n<p>Jede se d\u00e1l jako dosud.<\/p>\n<p>Metropolitn\u00ed pl\u00e1n by by pak mohl vstoupit v platnost od roku 2017. Na schvalov\u00e1n\u00ed kontroverzn\u00edch projekt\u016f formou \u201ecelom\u011bstsky v\u00fdznamn\u00fdch zm\u011bn\u201c se tedy do t\u00e9 doby nic nem\u011bn\u00ed. Proces zm\u011bn bude fungovat d\u00e1le do doby, kdy budou obslou\u017eeny v\u0161echny klienteln\u00ed projekty , v\u011bt\u0161inou v re\u017eii m\u011bstsk\u00fdch \u010d\u00e1st\u00ed.<\/p>\n<p>Deregulace od roku 2017<\/p>\n<p>V architektu\u0159e plat\u00ed \u00faslov\u00ed <em>\u201eB\u016fh je v detailu\u201c<\/em> a architekti v\u011bd\u00ed, \u017ee v tom chyb\u011bj\u00edc\u00edm detailu se skr\u00fdv\u00e1 naopak onen pov\u011bstn\u00fd \u010f\u00e1bel. Metropolitn\u00ed pl\u00e1n zjednodu\u0161il d\u011blen\u00ed \u00fazem\u00ed do 4 z\u00e1kladn\u00edch funkc\u00ed m\u00edsto ca 50ti, jak bylo a je dosud je v jin\u00fdch m\u011bstech Evropy obvykl\u00e9. M\u00edsto kontroly tradi\u010dn\u011b problematick\u00e9ho rozhodov\u00e1n\u00ed v\u011bt\u0161iny m\u011bstsk\u00fdch \u010d\u00e1st\u00ed se prim\u00e1tor radnic\u00edm m\u011bstsk\u00fdch \u010d\u00e1st\u00ed podb\u00edz\u00ed minim\u00e1ln\u00edm dohledem, minim\u00e1ln\u00ed regulac\u00ed a nab\u00edz\u00ed jim dosud nev\u00eddanou volnost v rozhodov\u00e1n\u00ed a tvorb\u011b vlastn\u00edch regula\u010dn\u00edch pl\u00e1n\u016f. I ve \u0160v\u00e9dsku, N\u011bmecku nebo Britanii, kde se p\u0159edpokl\u00e1d\u00e1 kompetence a integrita ve veden\u00ed radnic, by takov\u00fd system koordinaci p\u0159es hranice \u010dtvrt\u00ed velice zt\u011b\u017eoval.<\/p>\n<p><strong>Zahu\u0161ov\u00e1n\u00ed z\u00e1stavby, nab\u00eddka pro rakovinu m\u011bsta<\/strong><\/p>\n<p>Metropolitn\u00ed pl\u00e1n je uzav\u0159en do hranic m\u011bsta. Evropsk\u00e1 metropole se ale nem\u016f\u017ee rozv\u00edjet jen v r\u00e1mci sv\u00fdch hranic. Jsou tu vazby s okol\u00edm a s celou republikou. Za takto nastaven\u00fdch limituj\u00edc\u00edch koordin\u00e1t je naordinov\u00e1n jedin\u00fd zp\u016fsob rozvoje: zahu\u0161ov\u00e1n\u00ed z\u00e1stavby. To znamen\u00e1 zhor\u0161ov\u00e1n\u00ed nejen ovzdu\u0161\u00ed, ale cel\u00e9ho \u017eivotn\u00edho prost\u0159ed\u00ed . Pot\u00e9 co bude v roce 2017 Praha vybrakovan\u00e1, bez velk\u00fdch i mal\u00fdch stavebn\u00edch pozemk\u016f, dostanou novou \u0161anci naddimenzovan\u00e9 stavby bez kontextu s okol\u00edm, jako dnes \u201eLine\u201c na V\u00edt\u011bzn\u00e9m n\u00e1m\u011bst\u00ed , dal\u0161\u00ed demolice vil, nov\u00e1 z\u00e1stavba i mal\u00e9 zelen\u00e9 plochy a n\u00e1stavby do v\u00fd\u0161e osmi pater. V sou\u010dtu jde o likvidaci kvality prost\u0159ed\u00ed a jedine\u010dn\u00fdch krajinn\u00fdch hodnot Prahy. Zahu\u0161\u0165ov\u00e1n\u00ed z\u00e1stavby, plo\u0161n\u00e9 a objemov\u00e9 teoreticky vych\u00e1z\u00ed z n\u00edzk\u00e9ho po\u010dtu obyvatel na Km2. To je ale vzhledem k velk\u00fdm ploch\u00e1m chr\u00e1n\u011bn\u00fdch \u00fazem\u00ed jako \u0160\u00e1rka, Prokopsk\u00e9 udol\u00ed, Kunratick\u00fd les, \u00a0Pet\u0159\u00edna, Strahova, Letensk\u00fdch teras, velmi o\u0161idn\u00fd argument. Zvedne-li se pr\u016fm\u011brn\u00e1 hladina zastavby o dv\u011b patra, Vltavsk\u00e9 udol\u00ed se napln\u00ed a p\u0159estane vizu\u00e1ln\u011b existovat. Jsou to parky a n\u00e1m\u011bst\u00ed, pr\u016fhledy a voln\u00e9 plochy, kter\u00e9 d\u011blaj\u00ed \u010diteln\u00e9 a obyvateln\u00e9 m\u011bsto. M\u00edsto tlaku na lukrativn\u00ed centrum, kter\u00e9 zab\u00edr\u00e1 ca 7% plochy, mus\u00ed p\u0159ij\u00edt \u0159e\u0161en\u00ed, kdy m\u011bstsk\u00e9 \u010d\u00e1sti budou m\u00edt vlastn\u00ed loaj\u00e1ln\u00ed centra. Sem se mus\u00ed soust\u0159edit pozornost urbanist\u016f a prost\u0159edky developer\u016f. Zahu\u0161\u0165ov\u00e1n\u00ed historick\u00e9 Prahy vede ke ztr\u00e1t\u011b jej\u00ed autenticity a hodnoty jak pam\u00e1tkov\u00e9, tak ekonomick\u00e9.<\/p>\n<p>Pra\u017esk\u00e9 stavebn\u00ed p\u0159edpisy klasifikuj\u00ed pra\u017esk\u00e9 lokality. V Praze jde ale o integritu a zachov\u00e1n\u00ed krajinn\u00e9ho r\u00e1mce vltavsk\u00e9ho udol\u00ed, s historickou z\u00e1stavbou ale i s brownfieldy, kter\u00e9 z\u00e1stavba teprve \u010dek\u00e1. Pro posuzov\u00e1n\u00ed urbanistick\u00fdch z\u00e1m\u011br\u016f zde chyb\u00ed odborn\u011b zpracovan\u00e1 anal\u00fdza obrazu m\u011bsta.<\/p>\n<p><strong>Nov\u00e1 nomenklatura , m\u00edsto participace ve\u0159ejnosti.<\/strong><\/p>\n<p>Z\u00e1m\u011bry <em>\u201eIPR\u201c<\/em> vysv\u011btluj\u00ed semin\u00e1\u0159e <em>\u201eOzvu\u010dn\u00e9 desky\u201c<\/em>, klasickou promoakc\u00ed bez v\u011bcn\u00e9 reflexe. Bro\u017eura s portrety st\u00e1l\u00fdch \u00fa\u010dastn\u00edk\u016f nab\u00edz\u00ed exkluzivn\u00edmu v\u00fdb\u011bru status VIP nomenklatury. P\u0159esto mnoh\u00fdm z nich vad\u00ed, \u017ee jejich n\u00e1m\u011bty a kritick\u00e9 p\u0159ipom\u00ednky se do jedn\u00e1n\u00ed IPR neprom\u00edtnou. Propaga\u010dn\u00ed \u201esupport\u201c \u010dinnosti IPR, takto jen p\u0159edst\u00edr\u00e1 participaci i t\u00e9 z\u00e1jmov\u00e9 ve\u0159ejnosti.<\/p>\n<p>Ned\u00e1vn\u00e9 jmenov\u00e1n\u00ed <em>\u201eGremi\u00e1ln\u00ed rady\u201c<\/em> ze zam\u011bstnanc\u016f Institutu a n\u011bkolika p\u0159izvan\u00fdch prominentn\u00edch architekt\u016f, jako fin\u00e1ln\u00ed rozhodovac\u00ed autority velk\u00fdch rozvojov\u00fdch projekt\u016f, je dal\u0161\u00edm syst\u00e9mov\u00fdm krokem k hegemonizaci \u00fazemn\u00edho rozvoje prim\u00e1torem. Je to n\u00e1vrat nomenklaturn\u00edch praktik, kter\u00e9 vy\u0159azuj\u00ed aktivn\u00ed odbornou ob\u010danskou ve\u0159ejnost ze spolu\u00fa\u010dasti na tvorb\u011b sv\u00e9ho m\u011bsta. Z \u010d\u00ed odpov\u011bdnosti a na z\u00e1klad\u011b jak\u00fdch rozhodnut\u00ed IPR Gremi\u00e1ln\u00ed radu vytvo\u0159il? Z\u00e1vazn\u00e9 rozhodov\u00e1n\u00ed jak\u00e9hokoliv org\u00e1nu (tedy i Gremi\u00e1ln\u00ed rady) bez odpov\u011bdnosti konkr\u00e9tn\u00edch osob bude v\u017edy ob\u010dan\u016fm a pr\u00e1vnick\u00fdm osob\u00e1m zt\u011b\u017eovat vymahatelnost jejich pr\u00e1v v p\u0159\u00edpad\u011b nesouhlasu s obsahem rozhodnut\u00ed. Jak\u00fd to m\u00e1 tedy smysl? Tvorba m\u011bsta podle ideologick\u00fdch recept\u016f architekt\u016f je od \u0161edes\u00e1t\u00fdch let minul\u00e9ho stolet\u00ed ve sv\u011bt\u011b pova\u017eov\u00e1n za p\u0159e\u017eit\u00fd koncept. V Praze se ale piln\u011b praktikuje. Idea architekta jako \u201e\u00fa\u0159edn\u00edho tv\u016frce\u201c, je pr\u00e1v\u011b d\u00edlem sou\u010dasn\u00e9ho \u201eodborn\u00e9ho\u201c veden\u00ed IPR, a je z\u00e1rove\u0148 opakem komplexn\u00edho a demokratick\u00e9ho \u00fazemn\u00edho rozhodov\u00e1n\u00ed se spolu\u00fa\u010dast\u00ed ob\u010dan\u016f, jak se ji\u017e funguje od Bogoty p\u0159es New York, k Lond\u00fdnu, Mnichovu a V\u00eddni.<\/p>\n<div data-counters='1' data-style='square' data-size='regular' data-url='https:\/\/obcanskymonitoring.cz\/?p=3241' data-title='Ji\u0159\u00ed Gebert: Institut spekulativn\u00edho urbanizmu' class='linksalpha_container linksalpha_app_3'><a href='\/\/www.linksalpha.com\/share?network='facebook' class='linksalpha_icon_facebook'><\/a><a href='\/\/www.linksalpha.com\/share?network='twitter' class='linksalpha_icon_twitter'><\/a><a href='\/\/www.linksalpha.com\/share?network='googleplus' class='linksalpha_icon_googleplus'><\/a><a href='\/\/www.linksalpha.com\/share?network='mail' class='linksalpha_icon_mail'><\/a><\/div><div data-position='' data-url='https:\/\/obcanskymonitoring.cz\/?p=3241' data-title='Ji\u0159\u00ed Gebert: Institut spekulativn\u00edho urbanizmu' class='linksalpha_container linksalpha_app_7'><a href='\/\/www.linksalpha.com\/share?network='facebook' class='linksalpha_icon_facebook'><\/a><a href='\/\/www.linksalpha.com\/share?network='twitter' class='linksalpha_icon_twitter'><\/a><a href='\/\/www.linksalpha.com\/share?network='googleplus' class='linksalpha_icon_googleplus'><\/a><a href='\/\/www.linksalpha.com\/share?network='mail' class='linksalpha_icon_mail'><\/a><\/div>","protected":false},"excerpt":{"rendered":"<p>&nbsp;991&nbsp;total views v\u00a0Ringu\u00a0p\u0159etiskujeme na pokra\u010dov\u00e1n\u00ed s\u00e9rii \u00favah architekta\u00a0Ji\u0159\u00edho Geberta\u00a0SLA-BI-K\u00c1\u0158 SPEKULATIVN\u00cdHO \u00a0URBANIZMU. Pan architekt Gebert se v n\u00ed zam\u00fd\u0161l\u00ed nad urbanismem Prahy. \u0158adu my\u0161lenek a podn\u011bt\u016f je mo\u017en\u00e9 zobecnit, v\u011b\u0159\u00edme, \u017ee budou inspirativn\u00ed i pro jin\u00e1 m\u011bsta. Institut spekulativn\u00edho urbanizmu<\/p>\n","protected":false},"author":2,"featured_media":0,"comment_status":"open","ping_status":"open","sticky":true,"template":"","format":"standard","meta":[],"categories":[23],"tags":[],"_links":{"self":[{"href":"https:\/\/obcanskymonitoring.cz\/index.php?rest_route=\/wp\/v2\/posts\/3241"}],"collection":[{"href":"https:\/\/obcanskymonitoring.cz\/index.php?rest_route=\/wp\/v2\/posts"}],"about":[{"href":"https:\/\/obcanskymonitoring.cz\/index.php?rest_route=\/wp\/v2\/types\/post"}],"author":[{"embeddable":true,"href":"https:\/\/obcanskymonitoring.cz\/index.php?rest_route=\/wp\/v2\/users\/2"}],"replies":[{"embeddable":true,"href":"https:\/\/obcanskymonitoring.cz\/index.php?rest_route=%2Fwp%2Fv2%2Fcomments&post=3241"}],"version-history":[{"count":0,"href":"https:\/\/obcanskymonitoring.cz\/index.php?rest_route=\/wp\/v2\/posts\/3241\/revisions"}],"wp:attachment":[{"href":"https:\/\/obcanskymonitoring.cz\/index.php?rest_route=%2Fwp%2Fv2%2Fmedia&parent=3241"}],"wp:term":[{"taxonomy":"category","embeddable":true,"href":"https:\/\/obcanskymonitoring.cz\/index.php?rest_route=%2Fwp%2Fv2%2Fcategories&post=3241"},{"taxonomy":"post_tag","embeddable":true,"href":"https:\/\/obcanskymonitoring.cz\/index.php?rest_route=%2Fwp%2Fv2%2Ftags&post=3241"}],"curies":[{"name":"wp","href":"https:\/\/api.w.org\/{rel}","templated":true}]}}