{"id":3249,"date":"2014-10-14T05:45:34","date_gmt":"2014-10-14T05:45:34","guid":{"rendered":"http:\/\/obcanskymonitoring.cz\/?p=3249"},"modified":"2014-10-14T05:45:34","modified_gmt":"2014-10-14T05:45:34","slug":"arch-svabova-budoucnost-prazskeho-centra-v-predstavach-primatorskych-kandidatu","status":"publish","type":"post","link":"https:\/\/obcanskymonitoring.cz\/?p=3249","title":{"rendered":"arch. \u0160v\u00e1bov\u00e1: Budoucnost pra\u017esk\u00e9ho centra v p\u0159edstav\u00e1ch prim\u00e1torsk\u00fdch kandid\u00e1t\u016f"},"content":{"rendered":"<div class=\"pvc_clear\"><\/div>\n<p class=\"pvc_stats total_only \" data-element-id=\"3249\" style=\"\"><i class=\"pvc-stats-icon medium\" aria-hidden=\"true\"><svg xmlns=\"http:\/\/www.w3.org\/2000\/svg\" version=\"1.0\" viewBox=\"0 0 502 315\" preserveAspectRatio=\"xMidYMid meet\"><g transform=\"translate(0,332) scale(0.1,-0.1)\" fill=\"\" stroke=\"none\"><path d=\"M2394 3279 l-29 -30 -3 -207 c-2 -182 0 -211 15 -242 39 -76 157 -76 196 0 15 31 17 60 15 243 l-3 209 -33 29 c-26 23 -41 29 -80 29 -41 0 -53 -5 -78 -31z\"\/><path d=\"M3085 3251 c-45 -19 -58 -50 -96 -229 -47 -217 -49 -260 -13 -295 52 -53 146 -42 177 20 16 31 87 366 87 410 0 70 -86 122 -155 94z\"\/><path d=\"M1751 3234 c-13 -9 -29 -31 -37 -50 -12 -29 -10 -49 21 -204 19 -94 39 -189 45 -210 14 -50 54 -80 110 -80 34 0 48 6 76 34 21 21 34 44 34 59 0 14 -18 113 -40 219 -37 178 -43 195 -70 221 -36 32 -101 37 -139 11z\"\/><path d=\"M1163 3073 c-36 -7 -73 -59 -73 -102 0 -56 133 -378 171 -413 34 -32 83 -37 129 -13 70 36 67 87 -16 290 -86 209 -89 214 -129 231 -35 14 -42 15 -82 7z\"\/><path d=\"M3689 3066 c-15 -9 -33 -30 -42 -48 -48 -103 -147 -355 -147 -375 0 -98 131 -148 192 -74 13 15 57 108 97 206 80 196 84 226 37 273 -30 30 -99 39 -137 18z\"\/><path d=\"M583 2784 c-38 -19 -67 -74 -58 -113 9 -42 211 -354 242 -373 16 -10 45 -18 66 -18 51 0 107 52 107 100 0 39 -1 41 -124 234 -80 126 -108 162 -133 173 -41 17 -61 16 -100 -3z\"\/><path d=\"M4250 2784 c-14 -9 -74 -91 -133 -183 -95 -150 -107 -173 -107 -213 0 -55 33 -94 87 -104 67 -13 90 8 211 198 130 202 137 225 78 284 -27 27 -42 34 -72 34 -22 0 -50 -8 -64 -16z\"\/><path d=\"M2275 2693 c-553 -48 -1095 -270 -1585 -649 -135 -104 -459 -423 -483 -476 -23 -49 -22 -139 2 -186 73 -142 361 -457 571 -626 285 -228 642 -407 990 -497 242 -63 336 -73 660 -74 310 0 370 5 595 52 535 111 1045 392 1455 803 122 121 250 273 275 326 19 41 19 137 0 174 -41 79 -309 363 -465 492 -447 370 -946 591 -1479 653 -113 14 -422 18 -536 8z m395 -428 c171 -34 330 -124 456 -258 112 -119 167 -219 211 -378 27 -96 24 -300 -5 -401 -72 -255 -236 -447 -474 -557 -132 -62 -201 -76 -368 -76 -167 0 -236 14 -368 76 -213 98 -373 271 -451 485 -162 444 86 934 547 1084 153 49 292 57 452 25z m909 -232 c222 -123 408 -262 593 -441 76 -74 138 -139 138 -144 0 -16 -233 -242 -330 -319 -155 -123 -309 -223 -461 -299 l-81 -41 32 46 c18 26 49 83 70 128 143 306 141 649 -6 957 -25 52 -61 116 -79 142 l-34 47 45 -20 c26 -10 76 -36 113 -56z m-2057 25 c-40 -58 -105 -190 -130 -263 -110 -324 -59 -707 132 -981 25 -35 42 -64 37 -64 -19 0 -241 119 -326 174 -188 122 -406 314 -532 468 l-58 71 108 103 c185 178 428 349 672 473 66 33 121 60 123 61 2 0 -10 -19 -26 -42z\"\/><path d=\"M2375 1950 c-198 -44 -350 -190 -395 -379 -18 -76 -8 -221 19 -290 114 -284 457 -406 731 -260 98 52 188 154 231 260 27 69 37 214 19 290 -38 163 -166 304 -326 360 -67 23 -215 33 -279 19z\"\/><\/g><\/svg><\/i> &nbsp;949&nbsp;total views<\/p>\n<div class=\"pvc_clear\"><\/div>\n<p>p\u0159etiskujeme recenzi pan\u00ed architekty \u0160v\u00e1bov\u00e9 z diskusn\u00edho panelu kandid\u00e1t\u016f na prim\u00e1tora.<\/p>\n<p><!--more--><\/p>\n<p>V\u00a0\u00fater\u00fd 30. z\u00e1\u0159\u00ed po\u0159\u00e1dalo od 17:00 Sdru\u017een\u00ed Nov\u00e9ho m\u011bsta Pra\u017esk\u00e9ho v\u00a0kav\u00e1rn\u011b divadla ABC diskusn\u00ed panel \u2013 na t\u00e9ma co politici pl\u00e1nuj\u00ed s\u00a0centrem Prahy. Panelisty byli p\u0159edstavitel\u00e9 pozvan\u00fdch politick\u00fdch stran \u2013 kandid\u00e1ti na k\u0159eslo prim\u00e1tora hlavn\u00edho m\u011bsta. Sl\u00edbena byla rozprava o V\u00e1clavsk\u00e9m n\u00e1m\u011bst\u00ed. Ten, kdo si sem p\u0159i\u0161el poslechnout kvalifikovanou diskusi o koncepci n\u00e1m\u011bst\u00ed, byl ho\u0159ce zklam\u00e1n. Jednotliv\u00ed kandid\u00e1ti slibovali p\u0159edev\u0161\u00edm odstranit \u0161p\u00ednu, drogy, prostituci \u2013 zajistit bezpe\u010dnost a osadit lavi\u010dky. C\u00edle vesm\u011bs chv\u00e1lyhodn\u00e9, ale \u0159e\u0161iteln\u00e9 \u2013 st\u00e1le pevn\u011b v\u011b\u0159\u00edm \u2013 na jin\u00e9 ne\u017e prim\u00e1torsk\u00e9 \u00farovni.<\/p>\n<p>Na citliv\u00fd koncep\u010dn\u00ed p\u0159\u00edstup k sou\u010dasn\u00e9mu\u00a0nejv\u00fdznamn\u011bj\u0161\u00edmu ve\u0159ejn\u00e9mu prostoru na\u0161eho st\u00e1tu, kter\u00e9mu d\u011bjiny daly v\u00fdznam kultovn\u00ed, jaksi nedo\u0161lo. Nej\u017ehav\u011bj\u0161\u00edm t\u00e9matem byla realizace z\u00e1stavby vnitrobloku na rohu V\u00e1clavsk\u00e9ho n\u00e1m\u011bst\u00ed a P\u0159\u00edkop\u016f podle n\u00e1vrhu Cigler \u2013 Marani architects. Podle n\u00e1zor\u016f obh\u00e1jc\u016f tohoto projektu nejd\u016fle\u017eit\u011bj\u0161\u00ed pro lokalitu\u00a0 jsou jeho gar\u00e1\u017ee s\u00a0problematick\u00fdm vjezdem i v\u00fdjezdem, kv\u016fli kter\u00e9mu pam\u00e1tk\u00e1\u0159i projedn\u00e1v\u00e1n\u00ed projektu zcela opr\u00e1vn\u011bn\u011b zastavili. \u0160koda, \u017ee si nev\u0161imli dopadu p\u0159edimenzovan\u00e9 vestavby na panorama novom\u011bstsk\u00e9ho svahu \u2013 dopravn\u00ed dispe\u010dink Na Boji\u0161ti je dosud k\u00a0sebereflexi neprobudil. P\u0159ev\u00fd\u0161en\u00e1 vestavba nad domy bloku bude z\u0159ejm\u011b patrn\u00e1 i z\u00a0vy\u0161\u0161\u00edch poloh V\u00e1clavsk\u00e9ho n\u00e1m\u011bst\u00ed. O tom, jestli je zam\u00fd\u0161len\u00e1 z\u00e1t\u011b\u017e vestavbou do bloku pro P\u0159\u00edkopy a V\u00e1clavsk\u00e9 n\u00e1m\u011bst\u00ed \u00fanosn\u00e1, z\u0159ejm\u011b nikdo z\u00a0p\u0159\u00edtomn\u00fdch neuva\u017euje.<\/p>\n<p>Develop\u0159i vn\u00edmaj\u00ed mimo\u0159\u00e1dnou atraktivitu m\u011bsta jako pen\u00edze na jeho chodn\u00edc\u00edch. Neuv\u011bdomuj\u00ed si, \u017ee sv\u00fdmi p\u0159edimenzovan\u00fdmi projekty tuto atraktivitu likviduj\u00ed. Jejich vina vzhledem k\u00a0jejich posl\u00e1n\u00ed ve m\u011bst\u011b je ale a\u017e druho\u0159ad\u00e1. Hlavn\u00edmi vin\u00edky jsou m\u011bstsk\u00e9 schvalovac\u00ed \u00fa\u0159ady, hlavn\u00ed zodpov\u011bdnost m\u00e1 N\u00e1rodn\u00ed pam\u00e1tkov\u00fd \u00fastav, jeho\u017e posl\u00e1n\u00edm je identitu m\u011bsta chr\u00e1nit. Kdy\u017e jsem sly\u0161ela hlasitou agitaci z\u00e1stupce ODS ve prosp\u011bch realizace projektu Cigler \u2013 Marani, t\u00f3n a s\u00edla jeho hlasu p\u0159ivolaly vzpom\u00ednku na stavbu magistr\u00e1ly p\u0159ed Muzeem. Stejn\u00fdm zp\u016fsobem tehdy likvidovali soudruzi protesty odborn\u00e9 ve\u0159ejnosti proti absurdn\u00ed trase magistr\u00e1ly centrem. Te\u010f magistr\u00e1la p\u0159edstavuje obt\u00ed\u017en\u011b odstraniteln\u00fd omyl. Vzhledem k\u00a0neut\u011b\u0161en\u00e9 hospod\u00e1\u0159sk\u00e9 situaci se jen tak p\u0159elo\u017een\u00ed nedo\u010dk\u00e1me \u2013 pokud k\u00a0tomu v\u016fbec kdy dojde. Pouze Ing. Sv\u011btlana N\u00e1lepkov\u00e1 se ve sv\u00e9m projevu zm\u00ednila zb\u011b\u017en\u011b o nezbytnosti navr\u00e1tit Museum V\u00e1clavsk\u00e9mu n\u00e1m\u011bst\u00ed.<\/p>\n<p>O nejv\u011bt\u0161\u00edm sou\u010dasn\u00e9m probl\u00e9mu pra\u017esk\u00e9ho centra \u2013 statutu Pra\u017esk\u00e9 pam\u00e1tkov\u00e9 rezervace a ochrany jej\u00ed toto\u017enosti \u2013 nepadlo ani slovo. Jako by nikdo z\u00a0panelist\u016f nev\u011bd\u011bl, \u017ee jde o m\u011bsto dosud zapsan\u00e9 do registru sv\u011btov\u00e9ho d\u011bdictv\u00ed, kter\u00e9 pod tlakem nenasytn\u00fdch developer\u016f a v\u00a0d\u016fsledku trval\u00e9ho selh\u00e1v\u00e1n\u00ed org\u00e1n\u016f pam\u00e1tkov\u00e9 p\u00e9\u010de ztr\u00e1c\u00ed svou tv\u00e1\u0159. Dotaz z\u00a0publika, t\u00fdkaj\u00edc\u00ed se budoucnosti PPR, byl z\u00a0t\u011bch, na n\u011b\u017e se odpov\u00eddalo, vy\u0159azen. Nikdo z\u00a0p\u0159\u00edtomn\u00fdch kandid\u00e1t\u016f si ze 40 pra\u017esk\u00fdch ob\u010dansk\u00fdch sdru\u017een\u00ed, kter\u00e9 h\u00e1j\u00ed toto\u017enost sv\u00e9ho m\u011bsta, z\u0159ejm\u011b hlavu ned\u011bl\u00e1.<\/p>\n<div data-counters='1' data-style='square' data-size='regular' data-url='https:\/\/obcanskymonitoring.cz\/?p=3249' data-title='arch. \u0160v\u00e1bov\u00e1: Budoucnost pra\u017esk\u00e9ho centra v p\u0159edstav\u00e1ch prim\u00e1torsk\u00fdch kandid\u00e1t\u016f' class='linksalpha_container linksalpha_app_3'><a href='\/\/www.linksalpha.com\/share?network='facebook' class='linksalpha_icon_facebook'><\/a><a href='\/\/www.linksalpha.com\/share?network='twitter' class='linksalpha_icon_twitter'><\/a><a href='\/\/www.linksalpha.com\/share?network='googleplus' class='linksalpha_icon_googleplus'><\/a><a href='\/\/www.linksalpha.com\/share?network='mail' class='linksalpha_icon_mail'><\/a><\/div><div data-position='' data-url='https:\/\/obcanskymonitoring.cz\/?p=3249' data-title='arch. \u0160v\u00e1bov\u00e1: Budoucnost pra\u017esk\u00e9ho centra v p\u0159edstav\u00e1ch prim\u00e1torsk\u00fdch kandid\u00e1t\u016f' class='linksalpha_container linksalpha_app_7'><a href='\/\/www.linksalpha.com\/share?network='facebook' class='linksalpha_icon_facebook'><\/a><a href='\/\/www.linksalpha.com\/share?network='twitter' class='linksalpha_icon_twitter'><\/a><a href='\/\/www.linksalpha.com\/share?network='googleplus' class='linksalpha_icon_googleplus'><\/a><a href='\/\/www.linksalpha.com\/share?network='mail' class='linksalpha_icon_mail'><\/a><\/div>","protected":false},"excerpt":{"rendered":"<p>&nbsp;949&nbsp;total views p\u0159etiskujeme recenzi pan\u00ed architekty \u0160v\u00e1bov\u00e9 z diskusn\u00edho panelu kandid\u00e1t\u016f na prim\u00e1tora.<\/p>\n","protected":false},"author":2,"featured_media":0,"comment_status":"open","ping_status":"open","sticky":true,"template":"","format":"standard","meta":[],"categories":[8,23],"tags":[],"_links":{"self":[{"href":"https:\/\/obcanskymonitoring.cz\/index.php?rest_route=\/wp\/v2\/posts\/3249"}],"collection":[{"href":"https:\/\/obcanskymonitoring.cz\/index.php?rest_route=\/wp\/v2\/posts"}],"about":[{"href":"https:\/\/obcanskymonitoring.cz\/index.php?rest_route=\/wp\/v2\/types\/post"}],"author":[{"embeddable":true,"href":"https:\/\/obcanskymonitoring.cz\/index.php?rest_route=\/wp\/v2\/users\/2"}],"replies":[{"embeddable":true,"href":"https:\/\/obcanskymonitoring.cz\/index.php?rest_route=%2Fwp%2Fv2%2Fcomments&post=3249"}],"version-history":[{"count":0,"href":"https:\/\/obcanskymonitoring.cz\/index.php?rest_route=\/wp\/v2\/posts\/3249\/revisions"}],"wp:attachment":[{"href":"https:\/\/obcanskymonitoring.cz\/index.php?rest_route=%2Fwp%2Fv2%2Fmedia&parent=3249"}],"wp:term":[{"taxonomy":"category","embeddable":true,"href":"https:\/\/obcanskymonitoring.cz\/index.php?rest_route=%2Fwp%2Fv2%2Fcategories&post=3249"},{"taxonomy":"post_tag","embeddable":true,"href":"https:\/\/obcanskymonitoring.cz\/index.php?rest_route=%2Fwp%2Fv2%2Ftags&post=3249"}],"curies":[{"name":"wp","href":"https:\/\/api.w.org\/{rel}","templated":true}]}}