{"id":3378,"date":"2014-11-12T06:30:01","date_gmt":"2014-11-12T06:30:01","guid":{"rendered":"http:\/\/obcanskymonitoring.cz\/?p=3378"},"modified":"2014-11-13T07:37:39","modified_gmt":"2014-11-13T07:37:39","slug":"sumava-pripomenuti-boje-o-trojmezsky-prales","status":"publish","type":"post","link":"https:\/\/obcanskymonitoring.cz\/?p=3378","title":{"rendered":"\u0160umava: P\u0159ipomenut\u00ed boje o Trojmezensk\u00fd prales"},"content":{"rendered":"<div class=\"pvc_clear\"><\/div>\n<p class=\"pvc_stats total_only \" data-element-id=\"3378\" style=\"\"><i class=\"pvc-stats-icon medium\" aria-hidden=\"true\"><svg xmlns=\"http:\/\/www.w3.org\/2000\/svg\" version=\"1.0\" viewBox=\"0 0 502 315\" preserveAspectRatio=\"xMidYMid meet\"><g transform=\"translate(0,332) scale(0.1,-0.1)\" fill=\"\" stroke=\"none\"><path d=\"M2394 3279 l-29 -30 -3 -207 c-2 -182 0 -211 15 -242 39 -76 157 -76 196 0 15 31 17 60 15 243 l-3 209 -33 29 c-26 23 -41 29 -80 29 -41 0 -53 -5 -78 -31z\"\/><path d=\"M3085 3251 c-45 -19 -58 -50 -96 -229 -47 -217 -49 -260 -13 -295 52 -53 146 -42 177 20 16 31 87 366 87 410 0 70 -86 122 -155 94z\"\/><path d=\"M1751 3234 c-13 -9 -29 -31 -37 -50 -12 -29 -10 -49 21 -204 19 -94 39 -189 45 -210 14 -50 54 -80 110 -80 34 0 48 6 76 34 21 21 34 44 34 59 0 14 -18 113 -40 219 -37 178 -43 195 -70 221 -36 32 -101 37 -139 11z\"\/><path d=\"M1163 3073 c-36 -7 -73 -59 -73 -102 0 -56 133 -378 171 -413 34 -32 83 -37 129 -13 70 36 67 87 -16 290 -86 209 -89 214 -129 231 -35 14 -42 15 -82 7z\"\/><path d=\"M3689 3066 c-15 -9 -33 -30 -42 -48 -48 -103 -147 -355 -147 -375 0 -98 131 -148 192 -74 13 15 57 108 97 206 80 196 84 226 37 273 -30 30 -99 39 -137 18z\"\/><path d=\"M583 2784 c-38 -19 -67 -74 -58 -113 9 -42 211 -354 242 -373 16 -10 45 -18 66 -18 51 0 107 52 107 100 0 39 -1 41 -124 234 -80 126 -108 162 -133 173 -41 17 -61 16 -100 -3z\"\/><path d=\"M4250 2784 c-14 -9 -74 -91 -133 -183 -95 -150 -107 -173 -107 -213 0 -55 33 -94 87 -104 67 -13 90 8 211 198 130 202 137 225 78 284 -27 27 -42 34 -72 34 -22 0 -50 -8 -64 -16z\"\/><path d=\"M2275 2693 c-553 -48 -1095 -270 -1585 -649 -135 -104 -459 -423 -483 -476 -23 -49 -22 -139 2 -186 73 -142 361 -457 571 -626 285 -228 642 -407 990 -497 242 -63 336 -73 660 -74 310 0 370 5 595 52 535 111 1045 392 1455 803 122 121 250 273 275 326 19 41 19 137 0 174 -41 79 -309 363 -465 492 -447 370 -946 591 -1479 653 -113 14 -422 18 -536 8z m395 -428 c171 -34 330 -124 456 -258 112 -119 167 -219 211 -378 27 -96 24 -300 -5 -401 -72 -255 -236 -447 -474 -557 -132 -62 -201 -76 -368 -76 -167 0 -236 14 -368 76 -213 98 -373 271 -451 485 -162 444 86 934 547 1084 153 49 292 57 452 25z m909 -232 c222 -123 408 -262 593 -441 76 -74 138 -139 138 -144 0 -16 -233 -242 -330 -319 -155 -123 -309 -223 -461 -299 l-81 -41 32 46 c18 26 49 83 70 128 143 306 141 649 -6 957 -25 52 -61 116 -79 142 l-34 47 45 -20 c26 -10 76 -36 113 -56z m-2057 25 c-40 -58 -105 -190 -130 -263 -110 -324 -59 -707 132 -981 25 -35 42 -64 37 -64 -19 0 -241 119 -326 174 -188 122 -406 314 -532 468 l-58 71 108 103 c185 178 428 349 672 473 66 33 121 60 123 61 2 0 -10 -19 -26 -42z\"\/><path d=\"M2375 1950 c-198 -44 -350 -190 -395 -379 -18 -76 -8 -221 19 -290 114 -284 457 -406 731 -260 98 52 188 154 231 260 27 69 37 214 19 290 -38 163 -166 304 -326 360 -67 23 -215 33 -279 19z\"\/><\/g><\/svg><\/i> &nbsp;1,045&nbsp;total views<\/p>\n<div class=\"pvc_clear\"><\/div>\n<p>Srde\u010dn\u011b zdrav\u00edm a pos\u00edl\u00e1m jen tak k p\u0159ipomenut\u00ed boj o <a href=\"http:\/\/industry.biomed.cas.cz\/kamil\/sumava\/journ\/nika.php\">Trojmezensk\u00fd prales<\/a>. V t\u00e9 dob\u011b organizovali tito zam\u011bstnanci NP \u0160umava (tedy <a href=\"http:\/\/budejovice.idnes.cz\/ve-hre-o-sefa-sumavskeho-narodniho-parku-zustava-deset-jmen-p4b-\/budejovice-zpravy.aspx?c=A101220_185531_budejovice-zpravy_sou\">Juha<\/a>, n\u00e1m\u011bstek He\u0159man, <a href=\"http:\/\/www.agris.cz\/clanek\/101758\/kryje-milos-kuzvart-miliardovy-tunel\">b\u00fdval\u00fd major STB Borovka<\/a>, <a href=\"http:\/\/www.ropak.detizeme.cz\/tz\/76-stane-se-ropakem-ivan-zlabek-nebo-miroslav-binder.html\">\u0159editel \u017dl\u00e1bek<\/a> za ministra Ku\u017evarta, za vl\u00e1dy Milo\u0161e Zemana), mimo jin\u00e9 i likvidaci <a href=\"http:\/\/cestovani.idnes.cz\/foto.aspx?r=po-cesku&amp;c=A130318_110911_po-cesku_tom&amp;foto=TOM49ee8f_P8270016.JPG\">Trojmezensk\u00e9ho pralesa<\/a> vyzna\u010dov\u00e1n\u00edm a n\u00e1slednou t\u011b\u017ebou v\u00edce ne\u017e 200 let star\u00fdch strom\u016f . Odm\u00edtl jsem uveden\u00e9 zv\u011brstvo a podpo\u0159il mne v t\u00e9 dob\u011b i ji\u017e dnes zesnul\u00fd lesn\u00edky uzn\u00e1van\u00fd ekolog ing. <a href=\"http:\/\/ekolist.cz\/cz\/zpravodajstvi\/zpravy\/po-dlouhe-a-tezke-nemoci-zemrel-ekolog-igor-michal\">Igor M\u00edchal<\/a>. Nevyzna\u010dil jsem jedinn\u00fd strom a n\u00e1sledn\u011b jsem v r. 2000 ode\u0161el, sice s odstupn\u00fdm z NP \u0160umava, kam jsem se za n\u011bkolik let op\u011bt vr\u00e1til. Trojmezensk\u00fd prales zachr\u00e1nilily nevl\u00e1dn\u00ed organizace a zejm\u00e9na <a href=\"http:\/\/www.hnutiduha.cz\/\">Hnut\u00ed Duha<\/a> svoji blok\u00e1dou. Paradoxem je, \u017ee v sou\u010dasn\u00e9m veden\u00ed je n\u00e1m\u011bstkem pan Juha, kter\u00fd byl doslova fanatick\u00fdm zast\u00e1ncem k\u00e1cen\u00ed v Trojmezensk\u00e9m pralese. Mo\u017eno shl\u00e9dnout vystoupen\u00ed v\u0161ech v archivu \u010cesk\u00e9 televize.<\/p>\n<p><a href=\"http:\/\/obcanskymonitoring.cz\/?page_id=3014\">Petr Je\u0161\u00e1tko st.<\/a><\/p>\n<p><!--more--><\/p>\n<p><strong>Koment\u00e1\u0159 Zde\u0148ka Hude\u010dka, p\u0159ezd\u00edvan\u00e9ho \u0160umavsk\u00fd d\u011bda<\/strong><\/p>\n<p>Dobr\u00fd den, pos\u00edl\u00e1m fotky z proch\u00e1zky po sv\u00e1\u017enici, prv\u00fd je v\u00fd\u0161 a soused\u00ed s \u00a0 t\u011bmi dal\u0161\u00edmi \u010dty\u0159mi dal\u0161\u00ed t\u0159i jsou po\u0159\u00edzeny v\u00fd\u0161,v pozad\u00ed je vid\u011bt, \u017ee ani po 11 letech se po vyt\u011b\u017een\u00ed nic ned\u011bje z hlediska obnovy lesa. Vyt\u011b\u017een\u00e1 Trojmezn\u00e1 je nad\u00e1le &#8211; ne such\u00fd les, ale chudobn\u00e1 holina&#8230; Naopak, pod tou suchou \u010d\u00e1st\u00ed se to zelen\u00e1.<\/p>\n<p>&nbsp;<\/p>\n<p><a href=\"http:\/\/obcanskymonitoring.cz\/wp-content\/uploads\/2014\/11\/Sn\u00edmek-002-1.jpg\"><img loading=\"lazy\" class=\"alignnone size-medium wp-image-3388\" alt=\"Sn\u00edmek 002 (1)\" src=\"http:\/\/obcanskymonitoring.cz\/wp-content\/uploads\/2014\/11\/Sn\u00edmek-002-1-300x225.jpg\" width=\"300\" height=\"225\" srcset=\"https:\/\/obcanskymonitoring.cz\/wp-content\/uploads\/2014\/11\/Sn\u00edmek-002-1-300x225.jpg 300w, https:\/\/obcanskymonitoring.cz\/wp-content\/uploads\/2014\/11\/Sn\u00edmek-002-1.jpg 1024w\" sizes=\"(max-width: 300px) 100vw, 300px\" \/><\/a> <a href=\"http:\/\/obcanskymonitoring.cz\/wp-content\/uploads\/2014\/11\/Sn\u00edmek-003-1.jpg\"><img loading=\"lazy\" class=\"alignnone size-medium wp-image-3389\" alt=\"Sn\u00edmek 003 (1)\" src=\"http:\/\/obcanskymonitoring.cz\/wp-content\/uploads\/2014\/11\/Sn\u00edmek-003-1-300x225.jpg\" width=\"300\" height=\"225\" srcset=\"https:\/\/obcanskymonitoring.cz\/wp-content\/uploads\/2014\/11\/Sn\u00edmek-003-1-300x225.jpg 300w, https:\/\/obcanskymonitoring.cz\/wp-content\/uploads\/2014\/11\/Sn\u00edmek-003-1.jpg 1024w\" sizes=\"(max-width: 300px) 100vw, 300px\" \/><\/a> <a href=\"http:\/\/obcanskymonitoring.cz\/wp-content\/uploads\/2014\/11\/Sn\u00edmek-004-1.jpg\"><img loading=\"lazy\" class=\"alignnone size-medium wp-image-3390\" alt=\"Sn\u00edmek 004 (1)\" src=\"http:\/\/obcanskymonitoring.cz\/wp-content\/uploads\/2014\/11\/Sn\u00edmek-004-1-300x225.jpg\" width=\"300\" height=\"225\" srcset=\"https:\/\/obcanskymonitoring.cz\/wp-content\/uploads\/2014\/11\/Sn\u00edmek-004-1-300x225.jpg 300w, https:\/\/obcanskymonitoring.cz\/wp-content\/uploads\/2014\/11\/Sn\u00edmek-004-1.jpg 1024w\" sizes=\"(max-width: 300px) 100vw, 300px\" \/><\/a> <a href=\"http:\/\/obcanskymonitoring.cz\/wp-content\/uploads\/2014\/11\/Sn\u00edmek-005-1.jpg\"><img loading=\"lazy\" class=\"alignnone size-medium wp-image-3391\" alt=\"Sn\u00edmek 005 (1)\" src=\"http:\/\/obcanskymonitoring.cz\/wp-content\/uploads\/2014\/11\/Sn\u00edmek-005-1-300x225.jpg\" width=\"300\" height=\"225\" srcset=\"https:\/\/obcanskymonitoring.cz\/wp-content\/uploads\/2014\/11\/Sn\u00edmek-005-1-300x225.jpg 300w, https:\/\/obcanskymonitoring.cz\/wp-content\/uploads\/2014\/11\/Sn\u00edmek-005-1.jpg 1024w\" sizes=\"(max-width: 300px) 100vw, 300px\" \/><\/a> <a href=\"http:\/\/obcanskymonitoring.cz\/wp-content\/uploads\/2014\/11\/Sn\u00edmek-006-1.jpg\"><img loading=\"lazy\" class=\"alignnone size-medium wp-image-3392\" alt=\"Sn\u00edmek 006 (1)\" src=\"http:\/\/obcanskymonitoring.cz\/wp-content\/uploads\/2014\/11\/Sn\u00edmek-006-1-300x225.jpg\" width=\"300\" height=\"225\" srcset=\"https:\/\/obcanskymonitoring.cz\/wp-content\/uploads\/2014\/11\/Sn\u00edmek-006-1-300x225.jpg 300w, https:\/\/obcanskymonitoring.cz\/wp-content\/uploads\/2014\/11\/Sn\u00edmek-006-1.jpg 1024w\" sizes=\"(max-width: 300px) 100vw, 300px\" \/><\/a> <a href=\"http:\/\/obcanskymonitoring.cz\/wp-content\/uploads\/2014\/11\/Sn\u00edmek-013.jpg\"><img loading=\"lazy\" class=\"alignnone size-medium wp-image-3393\" alt=\"Sn\u00edmek 013\" src=\"http:\/\/obcanskymonitoring.cz\/wp-content\/uploads\/2014\/11\/Sn\u00edmek-013-300x225.jpg\" width=\"300\" height=\"225\" srcset=\"https:\/\/obcanskymonitoring.cz\/wp-content\/uploads\/2014\/11\/Sn\u00edmek-013-300x225.jpg 300w, https:\/\/obcanskymonitoring.cz\/wp-content\/uploads\/2014\/11\/Sn\u00edmek-013.jpg 1024w\" sizes=\"(max-width: 300px) 100vw, 300px\" \/><\/a> <a href=\"http:\/\/obcanskymonitoring.cz\/wp-content\/uploads\/2014\/11\/Sn\u00edmek-015.jpg\"><img loading=\"lazy\" class=\"alignnone size-medium wp-image-3394\" alt=\"Sn\u00edmek 015\" src=\"http:\/\/obcanskymonitoring.cz\/wp-content\/uploads\/2014\/11\/Sn\u00edmek-015-300x225.jpg\" width=\"300\" height=\"225\" srcset=\"https:\/\/obcanskymonitoring.cz\/wp-content\/uploads\/2014\/11\/Sn\u00edmek-015-300x225.jpg 300w, https:\/\/obcanskymonitoring.cz\/wp-content\/uploads\/2014\/11\/Sn\u00edmek-015.jpg 1024w\" sizes=\"(max-width: 300px) 100vw, 300px\" \/><\/a> <a href=\"http:\/\/obcanskymonitoring.cz\/wp-content\/uploads\/2014\/11\/Sn\u00edmek-018.jpg\"><img loading=\"lazy\" class=\"alignnone size-medium wp-image-3395\" alt=\"Sn\u00edmek 018\" src=\"http:\/\/obcanskymonitoring.cz\/wp-content\/uploads\/2014\/11\/Sn\u00edmek-018-300x225.jpg\" width=\"300\" height=\"225\" srcset=\"https:\/\/obcanskymonitoring.cz\/wp-content\/uploads\/2014\/11\/Sn\u00edmek-018-300x225.jpg 300w, https:\/\/obcanskymonitoring.cz\/wp-content\/uploads\/2014\/11\/Sn\u00edmek-018.jpg 1024w\" sizes=\"(max-width: 300px) 100vw, 300px\" \/><\/a><\/p>\n<p>&nbsp;<\/p>\n<p>Na fotk\u00e1ch je v pozad\u00ed Trojmezn\u00e1. Foceno s maxim\u00e1ln\u00edm p\u0159ibl\u00ed\u017een\u00edm co fo\u0165\u00e1k umo\u017e\u0148uje \u00a0z \u010derven\u00e9 cestou na T\u0159\u00edstoli\u010dn\u00edk z Nov\u00e9ho \u00dadol\u00ed \u00a02009 tedy 10 let po \u017dl\u00e1bkovi. [b\u00fdval\u00fd \u0159editel N\u00e1rodn\u00edho parku \u0160umava]<\/p>\n<p><a href=\"http:\/\/obcanskymonitoring.cz\/wp-content\/uploads\/2014\/11\/100_5683.jpg\"><img loading=\"lazy\" class=\"alignnone size-medium wp-image-3399\" alt=\"100_5683\" src=\"http:\/\/obcanskymonitoring.cz\/wp-content\/uploads\/2014\/11\/100_5683-300x199.jpg\" width=\"300\" height=\"199\" srcset=\"https:\/\/obcanskymonitoring.cz\/wp-content\/uploads\/2014\/11\/100_5683-300x199.jpg 300w, https:\/\/obcanskymonitoring.cz\/wp-content\/uploads\/2014\/11\/100_5683.jpg 1024w\" sizes=\"(max-width: 300px) 100vw, 300px\" \/><\/a> <a href=\"http:\/\/obcanskymonitoring.cz\/wp-content\/uploads\/2014\/11\/100_5684.jpg\"><img loading=\"lazy\" class=\"alignnone size-medium wp-image-3400\" alt=\"100_5684\" src=\"http:\/\/obcanskymonitoring.cz\/wp-content\/uploads\/2014\/11\/100_5684-300x199.jpg\" width=\"300\" height=\"199\" srcset=\"https:\/\/obcanskymonitoring.cz\/wp-content\/uploads\/2014\/11\/100_5684-300x199.jpg 300w, https:\/\/obcanskymonitoring.cz\/wp-content\/uploads\/2014\/11\/100_5684.jpg 1024w\" sizes=\"(max-width: 300px) 100vw, 300px\" \/><\/a> <a href=\"http:\/\/obcanskymonitoring.cz\/wp-content\/uploads\/2014\/11\/100_5685.jpg\"><img loading=\"lazy\" class=\"alignnone size-medium wp-image-3401\" alt=\"100_5685\" src=\"http:\/\/obcanskymonitoring.cz\/wp-content\/uploads\/2014\/11\/100_5685-300x199.jpg\" width=\"300\" height=\"199\" srcset=\"https:\/\/obcanskymonitoring.cz\/wp-content\/uploads\/2014\/11\/100_5685-300x199.jpg 300w, https:\/\/obcanskymonitoring.cz\/wp-content\/uploads\/2014\/11\/100_5685.jpg 1024w\" sizes=\"(max-width: 300px) 100vw, 300px\" \/><\/a> <a href=\"http:\/\/obcanskymonitoring.cz\/wp-content\/uploads\/2014\/11\/100_5686.jpg\"><img loading=\"lazy\" class=\"alignnone size-medium wp-image-3402\" alt=\"100_5686\" src=\"http:\/\/obcanskymonitoring.cz\/wp-content\/uploads\/2014\/11\/100_5686-300x199.jpg\" width=\"300\" height=\"199\" srcset=\"https:\/\/obcanskymonitoring.cz\/wp-content\/uploads\/2014\/11\/100_5686-300x199.jpg 300w, https:\/\/obcanskymonitoring.cz\/wp-content\/uploads\/2014\/11\/100_5686.jpg 1024w\" sizes=\"(max-width: 300px) 100vw, 300px\" \/><\/a> <a href=\"http:\/\/obcanskymonitoring.cz\/wp-content\/uploads\/2014\/11\/100_5687.jpg\"><img loading=\"lazy\" class=\"alignnone size-medium wp-image-3403\" alt=\"100_5687\" src=\"http:\/\/obcanskymonitoring.cz\/wp-content\/uploads\/2014\/11\/100_5687-300x199.jpg\" width=\"300\" height=\"199\" srcset=\"https:\/\/obcanskymonitoring.cz\/wp-content\/uploads\/2014\/11\/100_5687-300x199.jpg 300w, https:\/\/obcanskymonitoring.cz\/wp-content\/uploads\/2014\/11\/100_5687.jpg 1024w\" sizes=\"(max-width: 300px) 100vw, 300px\" \/><\/a> <a href=\"http:\/\/obcanskymonitoring.cz\/wp-content\/uploads\/2014\/11\/100_5688.jpg\"><img loading=\"lazy\" class=\"alignnone size-medium wp-image-3404\" alt=\"100_5688\" src=\"http:\/\/obcanskymonitoring.cz\/wp-content\/uploads\/2014\/11\/100_5688-300x199.jpg\" width=\"300\" height=\"199\" srcset=\"https:\/\/obcanskymonitoring.cz\/wp-content\/uploads\/2014\/11\/100_5688-300x199.jpg 300w, https:\/\/obcanskymonitoring.cz\/wp-content\/uploads\/2014\/11\/100_5688.jpg 1024w\" sizes=\"(max-width: 300px) 100vw, 300px\" \/><\/a> <a href=\"http:\/\/obcanskymonitoring.cz\/wp-content\/uploads\/2014\/11\/100_5689.jpg\"><img loading=\"lazy\" class=\"alignnone size-medium wp-image-3405\" alt=\"100_5689\" src=\"http:\/\/obcanskymonitoring.cz\/wp-content\/uploads\/2014\/11\/100_5689-300x199.jpg\" width=\"300\" height=\"199\" srcset=\"https:\/\/obcanskymonitoring.cz\/wp-content\/uploads\/2014\/11\/100_5689-300x199.jpg 300w, https:\/\/obcanskymonitoring.cz\/wp-content\/uploads\/2014\/11\/100_5689.jpg 1024w\" sizes=\"(max-width: 300px) 100vw, 300px\" \/><\/a> <a href=\"http:\/\/obcanskymonitoring.cz\/wp-content\/uploads\/2014\/11\/100_5690.jpg\"><img loading=\"lazy\" class=\"alignnone size-medium wp-image-3406\" alt=\"100_5690\" src=\"http:\/\/obcanskymonitoring.cz\/wp-content\/uploads\/2014\/11\/100_5690-300x199.jpg\" width=\"300\" height=\"199\" srcset=\"https:\/\/obcanskymonitoring.cz\/wp-content\/uploads\/2014\/11\/100_5690-300x199.jpg 300w, https:\/\/obcanskymonitoring.cz\/wp-content\/uploads\/2014\/11\/100_5690.jpg 1024w\" sizes=\"(max-width: 300px) 100vw, 300px\" \/><\/a> <a href=\"http:\/\/obcanskymonitoring.cz\/wp-content\/uploads\/2014\/11\/100_5691.jpg\"><img loading=\"lazy\" class=\"alignnone size-medium wp-image-3407\" alt=\"100_5691\" src=\"http:\/\/obcanskymonitoring.cz\/wp-content\/uploads\/2014\/11\/100_5691-300x199.jpg\" width=\"300\" height=\"199\" srcset=\"https:\/\/obcanskymonitoring.cz\/wp-content\/uploads\/2014\/11\/100_5691-300x199.jpg 300w, https:\/\/obcanskymonitoring.cz\/wp-content\/uploads\/2014\/11\/100_5691.jpg 1024w\" sizes=\"(max-width: 300px) 100vw, 300px\" \/><\/a><\/p>\n<div data-counters='1' data-style='square' data-size='regular' data-url='https:\/\/obcanskymonitoring.cz\/?p=3378' data-title='\u0160umava: P\u0159ipomenut\u00ed boje o Trojmezensk\u00fd prales' class='linksalpha_container linksalpha_app_3'><a href='\/\/www.linksalpha.com\/share?network='facebook' class='linksalpha_icon_facebook'><\/a><a href='\/\/www.linksalpha.com\/share?network='twitter' class='linksalpha_icon_twitter'><\/a><a href='\/\/www.linksalpha.com\/share?network='googleplus' class='linksalpha_icon_googleplus'><\/a><a href='\/\/www.linksalpha.com\/share?network='mail' class='linksalpha_icon_mail'><\/a><\/div><div data-position='' data-url='https:\/\/obcanskymonitoring.cz\/?p=3378' data-title='\u0160umava: P\u0159ipomenut\u00ed boje o Trojmezensk\u00fd prales' class='linksalpha_container linksalpha_app_7'><a href='\/\/www.linksalpha.com\/share?network='facebook' class='linksalpha_icon_facebook'><\/a><a href='\/\/www.linksalpha.com\/share?network='twitter' class='linksalpha_icon_twitter'><\/a><a href='\/\/www.linksalpha.com\/share?network='googleplus' class='linksalpha_icon_googleplus'><\/a><a href='\/\/www.linksalpha.com\/share?network='mail' class='linksalpha_icon_mail'><\/a><\/div>","protected":false},"excerpt":{"rendered":"<p>&nbsp;1,045&nbsp;total views Srde\u010dn\u011b zdrav\u00edm a pos\u00edl\u00e1m jen tak k p\u0159ipomenut\u00ed boj o Trojmezensk\u00fd prales. V t\u00e9 dob\u011b organizovali tito zam\u011bstnanci NP \u0160umava (tedy Juha, n\u00e1m\u011bstek He\u0159man, b\u00fdval\u00fd major STB Borovka, \u0159editel \u017dl\u00e1bek za ministra Ku\u017evarta, za vl\u00e1dy Milo\u0161e Zemana), mimo jin\u00e9 i likvidaci Trojmezensk\u00e9ho pralesa vyzna\u010dov\u00e1n\u00edm a n\u00e1slednou t\u011b\u017ebou v\u00edce ne\u017e 200 let star\u00fdch strom\u016f [&hellip;]<\/p>\n","protected":false},"author":2,"featured_media":0,"comment_status":"open","ping_status":"open","sticky":true,"template":"","format":"standard","meta":[],"categories":[21],"tags":[],"_links":{"self":[{"href":"https:\/\/obcanskymonitoring.cz\/index.php?rest_route=\/wp\/v2\/posts\/3378"}],"collection":[{"href":"https:\/\/obcanskymonitoring.cz\/index.php?rest_route=\/wp\/v2\/posts"}],"about":[{"href":"https:\/\/obcanskymonitoring.cz\/index.php?rest_route=\/wp\/v2\/types\/post"}],"author":[{"embeddable":true,"href":"https:\/\/obcanskymonitoring.cz\/index.php?rest_route=\/wp\/v2\/users\/2"}],"replies":[{"embeddable":true,"href":"https:\/\/obcanskymonitoring.cz\/index.php?rest_route=%2Fwp%2Fv2%2Fcomments&post=3378"}],"version-history":[{"count":0,"href":"https:\/\/obcanskymonitoring.cz\/index.php?rest_route=\/wp\/v2\/posts\/3378\/revisions"}],"wp:attachment":[{"href":"https:\/\/obcanskymonitoring.cz\/index.php?rest_route=%2Fwp%2Fv2%2Fmedia&parent=3378"}],"wp:term":[{"taxonomy":"category","embeddable":true,"href":"https:\/\/obcanskymonitoring.cz\/index.php?rest_route=%2Fwp%2Fv2%2Fcategories&post=3378"},{"taxonomy":"post_tag","embeddable":true,"href":"https:\/\/obcanskymonitoring.cz\/index.php?rest_route=%2Fwp%2Fv2%2Ftags&post=3378"}],"curies":[{"name":"wp","href":"https:\/\/api.w.org\/{rel}","templated":true}]}}