{"id":3579,"date":"2015-02-21T18:04:04","date_gmt":"2015-02-21T18:04:04","guid":{"rendered":"http:\/\/obcanskymonitoring.cz\/?p=3579"},"modified":"2015-02-23T05:46:51","modified_gmt":"2015-02-23T05:46:51","slug":"jiri-gebert-smichov-vize-nebo-iluze","status":"publish","type":"post","link":"https:\/\/obcanskymonitoring.cz\/?p=3579","title":{"rendered":"Ji\u0159\u00ed Gebert: Hust\u00fd Sm\u00edchov &#8211; vize nebo iluze"},"content":{"rendered":"<div class=\"pvc_clear\"><\/div>\n<p class=\"pvc_stats total_only \" data-element-id=\"3579\" style=\"\"><i class=\"pvc-stats-icon medium\" aria-hidden=\"true\"><svg xmlns=\"http:\/\/www.w3.org\/2000\/svg\" version=\"1.0\" viewBox=\"0 0 502 315\" preserveAspectRatio=\"xMidYMid meet\"><g transform=\"translate(0,332) scale(0.1,-0.1)\" fill=\"\" stroke=\"none\"><path d=\"M2394 3279 l-29 -30 -3 -207 c-2 -182 0 -211 15 -242 39 -76 157 -76 196 0 15 31 17 60 15 243 l-3 209 -33 29 c-26 23 -41 29 -80 29 -41 0 -53 -5 -78 -31z\"\/><path d=\"M3085 3251 c-45 -19 -58 -50 -96 -229 -47 -217 -49 -260 -13 -295 52 -53 146 -42 177 20 16 31 87 366 87 410 0 70 -86 122 -155 94z\"\/><path d=\"M1751 3234 c-13 -9 -29 -31 -37 -50 -12 -29 -10 -49 21 -204 19 -94 39 -189 45 -210 14 -50 54 -80 110 -80 34 0 48 6 76 34 21 21 34 44 34 59 0 14 -18 113 -40 219 -37 178 -43 195 -70 221 -36 32 -101 37 -139 11z\"\/><path d=\"M1163 3073 c-36 -7 -73 -59 -73 -102 0 -56 133 -378 171 -413 34 -32 83 -37 129 -13 70 36 67 87 -16 290 -86 209 -89 214 -129 231 -35 14 -42 15 -82 7z\"\/><path d=\"M3689 3066 c-15 -9 -33 -30 -42 -48 -48 -103 -147 -355 -147 -375 0 -98 131 -148 192 -74 13 15 57 108 97 206 80 196 84 226 37 273 -30 30 -99 39 -137 18z\"\/><path d=\"M583 2784 c-38 -19 -67 -74 -58 -113 9 -42 211 -354 242 -373 16 -10 45 -18 66 -18 51 0 107 52 107 100 0 39 -1 41 -124 234 -80 126 -108 162 -133 173 -41 17 -61 16 -100 -3z\"\/><path d=\"M4250 2784 c-14 -9 -74 -91 -133 -183 -95 -150 -107 -173 -107 -213 0 -55 33 -94 87 -104 67 -13 90 8 211 198 130 202 137 225 78 284 -27 27 -42 34 -72 34 -22 0 -50 -8 -64 -16z\"\/><path d=\"M2275 2693 c-553 -48 -1095 -270 -1585 -649 -135 -104 -459 -423 -483 -476 -23 -49 -22 -139 2 -186 73 -142 361 -457 571 -626 285 -228 642 -407 990 -497 242 -63 336 -73 660 -74 310 0 370 5 595 52 535 111 1045 392 1455 803 122 121 250 273 275 326 19 41 19 137 0 174 -41 79 -309 363 -465 492 -447 370 -946 591 -1479 653 -113 14 -422 18 -536 8z m395 -428 c171 -34 330 -124 456 -258 112 -119 167 -219 211 -378 27 -96 24 -300 -5 -401 -72 -255 -236 -447 -474 -557 -132 -62 -201 -76 -368 -76 -167 0 -236 14 -368 76 -213 98 -373 271 -451 485 -162 444 86 934 547 1084 153 49 292 57 452 25z m909 -232 c222 -123 408 -262 593 -441 76 -74 138 -139 138 -144 0 -16 -233 -242 -330 -319 -155 -123 -309 -223 -461 -299 l-81 -41 32 46 c18 26 49 83 70 128 143 306 141 649 -6 957 -25 52 -61 116 -79 142 l-34 47 45 -20 c26 -10 76 -36 113 -56z m-2057 25 c-40 -58 -105 -190 -130 -263 -110 -324 -59 -707 132 -981 25 -35 42 -64 37 -64 -19 0 -241 119 -326 174 -188 122 -406 314 -532 468 l-58 71 108 103 c185 178 428 349 672 473 66 33 121 60 123 61 2 0 -10 -19 -26 -42z\"\/><path d=\"M2375 1950 c-198 -44 -350 -190 -395 -379 -18 -76 -8 -221 19 -290 114 -284 457 -406 731 -260 98 52 188 154 231 260 27 69 37 214 19 290 -38 163 -166 304 -326 360 -67 23 -215 33 -279 19z\"\/><\/g><\/svg><\/i> &nbsp;1,202&nbsp;total views<\/p>\n<div class=\"pvc_clear\"><\/div>\n<p>P\u0159etiskujeme \u00favahu architekta <a href=\"http:\/\/obcanskymonitoring.cz\/?page_id=3014\">Ji\u0159\u00edho Geberta<\/a> o nov\u00e9m pl\u00e1nu pro Sm\u00edchov, kter\u00fd byl vypracov\u00e1n <a href=\"http:\/\/www.iprpraha.cz\/\">Institutem pl\u00e1nov\u00e1n\u00ed a rozvoje Prahy<\/a>.<\/p>\n<p><!--more--><\/p>\n<p>Kdy\u017e jedete tramvaj\u00ed po terase sm\u00edchovsk\u00e9 Radlick\u00e9 ulice a vid\u00edte svrchu a na brownfield b\u00fdval\u00e9ho se\u0159a\u010fovac\u00edho n\u00e1dra\u017e\u00ed, napadne v\u00e1s: Odtud jednou uvid\u00edm nov\u00e9 kr\u00e1sn\u00e9, modern\u00ed m\u011bsto.<\/p>\n<p>Chyba l\u00e1vky. M\u011bsto neuvid\u00edte. N\u00e1vrh z\u00e1stavby podle v\u00edt\u011bzn\u00e9 architektonick\u00e9 sout\u011b\u017ee v\u00e1m do v\u00fdhledu postav\u00ed osmi a v\u00edce podla\u017en\u00ed nep\u0159eru\u0161ovanou fas\u00e1du, kter\u00e1 podle fikce architekt\u016f vytvo\u0159\u00ed nov\u00fd m\u011bstsk\u00fd bulv\u00e1r. O tom, jak vypad\u00e1 skute\u010dn\u00fd bulv\u00e1r a \u017eiv\u00e9 m\u011bsto, se d\u00e1 t\u011b\u017eko diskutovat s \u201eInstitutem Pl\u00e1nov\u00e1n\u00ed a Rozvoje Prahy\u201c &#8211; IPR, kter\u00fd v\u00a0konceptu Metropolitn\u00edho pl\u00e1nu postavil jako nejvy\u0161\u0161\u00ed ve\u0159ejn\u00fd z\u00e1jem \u201eArchitekturu\u201c a koncept zahu\u0161\u0165ov\u00e1n\u00ed m\u011bsta. A tenhle koktejl je i nov\u00fd recept na novou Prahu, poskl\u00e1danou z vysout\u011b\u017een\u00fdch prefabrik\u00e1t\u016f cel\u00fdch \u010dtvrt\u00ed v\u00a0duchu architektonicko-developersk\u00fdch p\u0159edstav t\u00e9to instituce.<\/p>\n<p>Na sv\u00fdch webov\u00fdch str\u00e1nk\u00e1ch d\u00e1v\u00e1 IPR nahl\u00e9dnout do nov\u00e9ho Sm\u00edchova na jih od \u017densk\u00fdch domov\u016f. M\u00e1me do detailu vymodelovan\u00e9 m\u011bsto, jen nev\u00edme, co v\u00a0domech m\u00e1 b\u00fdt, jak\u00fd objem z\u00e1stavby p\u0159edepisovalo zad\u00e1n\u00ed a jak \u00fazem\u00ed \u0159e\u0161ily ostatn\u00ed n\u00e1vrhy. Informace na webu IPR je ve v\u0161ech sm\u011brech nedostate\u010dn\u00e1.<\/p>\n<p><b>Pochybnosti ob\u010dana<\/b><\/p>\n<p>Developer Lud\u011bk Sekyra p\u0159ibli\u017euje tyto pl\u00e1ny: \u201ePro novou sm\u00edchovskou \u010dtvr\u0165 bude charakteristick\u00e9 spojen\u00ed ru\u0161n\u00e9ho centra s klidem okoln\u00ed zelen\u011b. Tomu by se m\u011bla pod\u0159\u00eddit tv\u00e1\u0159 cel\u00e9ho projektu, kter\u00fd vzejde ze sout\u011b\u017ee.\u201c Kde je ale ta slibovan\u00e1 zele\u0148, kde jsou \u0161kolky, jesle a d\u011btsk\u00e1 h\u0159i\u0161t\u011b? Jak\u00e9 kouzlo vy\u010daruje bulv\u00e1r pln\u00fd kav\u00e1ren a mal\u00fdch prodejen. Jak\u00e9 p\u0159edpoklady m\u00e1 t\u011bsn\u00e1 struktura pro to, aby vzniklo \u017eiv\u00e9 obytn\u00e9 m\u011bsto? Podle stejn\u00e9ho mustru je ji\u017e postaven Nov\u00fd Sm\u00edchov za And\u011blem. Vytvo\u0159ily snad zde superbloky \u0161pi\u010dkov\u00e9 architektury ono \u017eiv\u00e9 obytn\u00e9 prost\u0159ed\u00ed, onen idealizovan\u00fd m\u011bstsk\u00fd bulv\u00e1r s obytnou pohodou?<\/p>\n<p>Kdy\u017e Jane Jakobs, prvn\u00ed kriti\u010dka s\u00eddli\u0161tn\u00ed z\u00e1stavby v\u00a0roce 1964, p\u0159i\u0161la s\u00a0pojmem \u201edensity\u201c, \u010desky hustota, nemyslela po\u010det obyvatel na hektar. Smyslem je kone\u010dn\u011b pestrost a koncentrace aktivit a nab\u00eddka \u010dinnost\u00ed, to jsou ty nejlep\u0161\u00ed p\u0159edpoklady obytn\u00e9ho m\u011bsta. T\u0159eba i v\u00a0\u010dty\u0159podla\u017en\u00ed z\u00e1stavb\u011b jako tehdy m\u00f3dn\u00ed Greenwich Village. Po 40 letech jsme z\u00a0jej\u00edho pragmatick\u00e9ho my\u0161len\u00ed vypreparovali nov\u00e9 jednoduch\u00e9 dogma. Pravo\u00fahlou zahu\u0161t\u011bnou uli\u010dn\u00ed z\u00e1stavbu. V\u00a0centru se kone\u010dn\u011b prod\u00e1 v\u0161ecko.<\/p>\n<p>Aby m\u011bsto opravdu \u017eilo, mus\u00ed se sej\u00edt mnoho n\u00e1pad\u016f a mnoho hlav a p\u0159ij\u00edt s n\u011b\u010d\u00edm zaj\u00edmav\u00fdm a v\u00fdjime\u010dn\u00fdm&#8230; Kulisu t\u00e9to ji\u017en\u00ed br\u00e1ny Prahy tvo\u0159\u00ed kopce a parky a chr\u00e1n\u011bn\u00e1 \u00fazem\u00ed D\u00edv\u010d\u00ed hrady, Pav\u00ed vrch a park Na Skalce. To jsou v\u00fdzvy k\u00a0\u0159e\u0161en\u00ed a n\u00e1pad\u016fm pro tuto jedine\u010dnou lokalitu.<\/p>\n<p>&nbsp;<\/p>\n<p><b>Heslo kontext &#8211; Architekturu nebo \u017eivot !<\/b><b> <\/b><\/p>\n<p>Zad\u00e1n\u00ed urbanistick\u00e1 sout\u011b\u017ee, by nejd\u0159\u00edve m\u011blo vz\u00edt v\u00a0potaz kontext lokality, to co je v\u00a0lokalit\u011b ur\u010duj\u00edc\u00ed a pro\u010d se nepodob\u00e1 \u017e\u00e1dn\u00e9 jin\u00e9.<\/p>\n<p>M\u00e1me tu v\u00fdjezd z\u00a0tunelu Mr\u00e1zovka, kter\u00fd po otev\u0159en\u00ed Blanky otv\u00edr\u00e1 p\u0159\u00edm\u00e9 spojen\u00ed v\u0161emi\u00a0sm\u011bry i na leti\u0161t\u011b. Dopravn\u00ed uzel Sm\u00edchovsk\u00e9 n\u00e1dra\u017e\u00ed a autobusov\u00e9 n\u00e1dra\u017e\u00ed Klamovka\u00a0nejsou ide\u00e1ln\u00ed m\u00edsto pro bytovou z\u00e1stavbu, sp\u00ed\u0161e pro hotely a administrativn\u00ed stavby.\u00a0Modernizovan\u00e9 Sm\u00edchovsk\u00e9 n\u00e1dra\u017e\u00ed s\u00a0parkingem by mohlo uleh\u010dit doprav\u011b v\u00a0centru\u00a0Prahy a zastavit brut\u00e1ln\u00ed \u00favahy o nov\u00e9m dvoupatrov\u00e9m V\u00fdto\u0148sk\u00e9m most\u011b vedle mostu\u00a0\u017eelezni\u010dn\u00edho. Bydlen\u00ed sem p\u0159irozen\u011b tak\u00e9 pat\u0159\u00ed, ale\u00a0jin\u00e9 ne\u017e zardou\u0161en\u00e9 vlastn\u00ed\u00a0hustotou. Megabloky ulic jsou pro bydlen\u00ed t\u011bsn\u00e9 s\u00a0utopen\u00fdmi minidvory nebo\u00a0atrii kam slunce nedos\u00e1hne. Vet\u0161inou ani nelze o klasick\u00e9 blokov\u00e9 z\u00e1stavb\u011b mluvit, ale\u00a0o hranolech s\u00a0atriem jako \u00falitb\u011b nov\u00e9 doktrin\u011b zahu\u0161t\u011bn\u00e9 z\u00e1stavby.<\/p>\n<p>Koncept nelze je v\u016fbec srovn\u00e1vat s rostlou z\u00e1stavbou Vinohrad nebo Sm\u00edchova s\u00a0jejich prostorn\u00fdmi dvory a model ukazuje, jak se n\u00e1vrh m\u011b\u0159\u00edtkem li\u0161\u00ed od sou\u010dasn\u00e9 z\u00e1stavby.\u00a0Tak\u00e9 ulice p\u0159ece nemus\u00ed b\u00fdt, jako kdy\u017e st\u0159el\u00ed, ale mohou se tu a onde roz\u0161\u00ed\u0159it o meandr\u00a0par\u010d\u00edku nebo mal\u00e9 n\u00e1m\u011bst\u00ed. A co plochy pro sport? Jen srovnejme kolik n\u00e1m\u011bst\u00ed m\u00e1\u00a0klasick\u00fd star\u00fd Sm\u00edchov. Nevyu\u017e\u00edvat plochy na maximum je na \u00fakor v\u00fdt\u011b\u017enosti- \u010dti-\u00a0profitu z\u00a0\u00fazem\u00ed. Proto ulice nov\u00e9ho Sm\u00edchova vypadaj\u00ed jako z\u00a0pok\u00e1cen\u00fdch mrakodrap\u016f.\u00a0Nov\u00fd autistick\u00fd ostrov z\u00e1stavby se vymezil od Sm\u00edchova barierami staveb mezi dv\u011bma\u00a0trasami tramvaje a dne\u0161n\u00edm Autobusov\u00fdm n\u00e1dra\u017e\u00edm. Bohu\u017eel se tu nena\u0161lo m\u00edsto pro\u00a0v\u011bt\u0161\u00ed souvisl\u00fd park, takov\u00fd, kter\u00fd by navazoval na park Na Skalce.\u00a0Funkce a \u010dinnosti jsou v\u011bc vedlej\u0161\u00ed a tak se n\u00e1zor na m\u011bsto vrac\u00ed do form\u00e1ln\u00edho vid\u011bn\u00ed m\u011bsta z\u00a018. a 19.stolet\u00ed, ov\u0161em bez hled\u00e1n\u00ed harmonie, bez kulturn\u00edch staveb a park\u016f, kter\u00e9 do klasicistn\u00edho m\u011bsta zasazen\u00e9ho do krajiny nezbytn\u011b pat\u0159ily. Nezn\u00e1me n\u00e1hled t\u0159eba z podolsk\u00e9ho n\u00e1b\u0159e\u017e\u00ed nebo z Vy\u0161ehradu k posouzen\u00ed nov\u00e9ho Sm\u00edchova a kulisy Pav\u00edho vrchu a D\u00edv\u010d\u00edch hrad\u016f, kter\u00e9 ztrat\u00ed sv\u016fj dominantn\u00ed charakter.<b>\u00a0<\/b><\/p>\n<p><b>\u017div\u00e1 m\u011bsta rostla, s\u00eddli\u0161t\u011b jsou hotov\u00fd produkt. <\/b><\/p>\n<p>Proto je nov\u00fd Sm\u00edchov zase jen s\u00eddli\u0161t\u011b, tentokr\u00e1t velmi zahu\u0161t\u011bn\u00e9 blokov\u00e9 s\u00eddli\u0161t\u011b.<\/p>\n<p>Rozvoj m\u011bsta je nekone\u010dn\u00fd proces. Podm\u00ednky sout\u011b\u017ee ale jsou hotov\u00e1 rozhodnut\u00ed a jde jen o jejich architektonickou sko\u0159\u00e1pku. Autorsk\u00e9 m\u011bsto je na p\u0159ek\u00e1\u017eku rozvoje, kter\u00fd mus\u00ed p\u0159edpokl\u00e1dat budouc\u00ed zm\u011bnu a m\u00edt \u201eotev\u0159en\u00fd konec\u201c.<\/p>\n<p>Pra\u017esk\u00e1 s\u00eddli\u0161t\u011b se pl\u00e1novala v\u00a0zeleni, ale v\u00a0realit\u011b se a\u017e na vyj\u00edmky nepovedla, proto\u017ee narazila na monopoln\u00ed stavebn\u00ed v\u00fdrobce panel\u00e1k\u016f o\u00a0osmi a dvan\u00e1cti patrech a stejn\u011b jako dnes i na v\u00fdt\u011b\u017enost \u00fazem\u00ed. Aby jak\u00fdkoli z\u00e1m\u011br dopadl dob\u0159e, mus\u00ed st\u00e1t na mnoha p\u0159\u00edzniv\u00fdch okolnostech a ne na jedin\u00e9 doktrin\u011b. A tady m\u00e1me zase jinou doktr\u00ednu \u201eBulv\u00e1r a blokov\u00e1 z\u00e1stavba\u201c. To je kadlub do kter\u00e9ho se mus\u00ed vej\u00edt posuzov\u00e1n\u00ed a rozhodov\u00e1n\u00ed o budouc\u00ed podob\u011b m\u011bsta. V\u00a0re\u00e1lu levn\u00fd architektonick\u00fd sebeklam.<\/p>\n<p>Urbanista nem\u00e1 co navrhovat domy a jich architekturu a IPR nem\u00e1 m\u011bsta skl\u00e1dat z\u00a0vysout\u011b\u017een\u00fdch prefabrikovan\u00fdch \u010dtvrt\u00ed. Tak vznikla u\u017e d\u0159\u00edve v\u011bt\u0161ina architekty ocen\u011bn\u00fdch, ale v\u00a0realit\u011b bohu\u017eel deficitn\u00edch s\u00eddli\u0161\u0165.<\/p>\n<p><b>Jak hustit m\u011bsto. <\/b><\/p>\n<p>Roli garanta koncep\u010dn\u00edho a architektonick\u00e9ho \u0159e\u0161en\u00ed rozvoje hlavn\u00edho m\u011bsta Prahy pln\u00ed Institut pl\u00e1nov\u00e1n\u00ed a rozvoje jednodu\u0161e \u201edikt\u00e1tem architektury\u201c.\u00a0N\u00e1vod je jednoduch\u00fd: Abyste sout\u011b\u017e vyhr\u00e1li mus\u00edte se zal\u00edbit sout\u011b\u017en\u00ed porot\u011b a \u201eo\u0161et\u0159it\u201c\u00a0z\u00e1jmy developera. K\u00a0tomu pom\u016f\u017ee doktrina zahu\u0161t\u011bn\u00e9 z\u00e1stavby: Vezmete\u00a0monument\u00e1ln\u00ed bloky, ulici mezi nimi, kter\u00e1 nikam nevede nazveme \u201eBulv\u00e1r\u201c, opentl\u00edme\u00a0realistickou vizualizac\u00ed a m\u00e1me vizi budoucnosti nad kterou s\u00a0rozch\u00e1zej\u00ed architekti a ob\u010dan\u00e9.\u00a0Radlick\u00e1\u00a0ulice a\u00a0cel\u00e9 \u201eblokov\u00e9 s\u00eddli\u0161t\u011b\u201c bude pokra\u010dovat ve v\u00fd\u0161ce \u201e\u017densk\u00fdch domov\u016f\u201c a\u00a0opravdu nep\u0159ekro\u010d\u00ed v\u00fd\u0161ku dne\u0161n\u00ed z\u00e1stavby, ale p\u0159ekro\u010d\u00ed\u00a0masivn\u00ed z\u00e1stavbou m\u00edru\u00a0\u00fanosnost \u00fazem\u00ed sm\u00edchovsk\u00e9 strany vltavsk\u00e9ho \u00fadol\u00ed.<\/p>\n<p>N\u00e1vrh Sm\u00edchova je v ostr\u00e9m protikladu k velkoryse navr\u017een\u00e9 otev\u0159en\u00e9 podolsk\u00e9\u00a0stran\u011b Vltavy, realizovan\u00e9 teprve za totality, podle p\u0159edv\u00e1le\u010dn\u00e9ho n\u00e1vrhu arch. Engela.\u00a0Sout\u011b\u017en\u00ed zad\u00e1n\u00ed Sm\u00edchova nebere na v\u011bdom\u00ed, \u017ee Sm\u00edchov je jedine\u010dn\u00e1 ji\u017en\u00ed br\u00e1na\u00a0Prahy\u00a0a otev\u00edr\u00e1 pohled na panorama a Hrad z\u00a0vltavsk\u00e9ho \u00fadol\u00ed.<\/p>\n<p><b>Dikt\u00e1t bez alternativy:<\/b><\/p>\n<p>Je tak snadn\u00e9\u00a0d\u011blat si architektonick\u00e9 sout\u011b\u017ee bez \u201eparticipace\u201c, bez \u00fa\u010dasti m\u011bstsk\u00e9 \u010d\u00e1sti a ob\u010dan\u016f. Nest\u011b\u017eujme si pak, kdy\u017e naraz\u00ed na nesouhlas ob\u010dansk\u00fdch sdru\u017een\u00ed. Nemysl\u00edm participac\u00ed z\u00e1stupce stavebniho odboru radnice, ale rozvahu provedenou na politick\u00e9 \u00farovni a ve spolupr\u00e1ci s ob\u010dany. Sout\u011b\u017een\u00ed v\u00a0re\u017eiji IPR a Komory architekt\u016f nenab\u00edz\u00ed alternativy pro udr\u017eiteln\u00fd rozvoj. Ty pak p\u0159ich\u00e1zej\u00ed dodate\u010dn\u011b od ob\u010dansk\u00fdch spolk\u016f a sdru\u017een\u00ed, kter\u00e9 je d\u011blaj\u00ed zdarma, proto\u017ee v\u011bt\u0161ina m\u011bstsk\u00fdch \u010d\u00e1st\u00ed nem\u00e1 prost\u0159edky a odborn\u00edky, aby mohla vystupovat proti magistr\u00e1tn\u00edmu \u00fatvaru IPR.<\/p>\n<p>Propojen\u00ed obou instituc\u00ed je aliance proti ve\u0159ejn\u00e9mu z\u00e1jmu v\u00a0z\u00e1pase o kompetence, kontakty s\u00a0investory a kontrolu investic. Podle Metropolitn\u00edho pl\u00e1nu je cituji: \u201cnejvy\u0161\u0161\u00edm ve\u0159ejn\u00fdm z\u00e1jmem architektura\u201c.<\/p>\n<p>Jak si IPR, odpov\u011bdn\u00fd za sout\u011b\u017ee p\u0159edstavuje participaci, ukazuje postoj k\u00a0ob\u010dansk\u00e9 ideov\u00e9 sout\u011b\u017ei, na Letenskou pl\u00e1\u0148, kterou si vyhl\u00e1sila p\u0159ed rokem radnice Prahy 7. \u201eTakov\u00e1 sout\u011b\u017e nem\u016f\u017ee p\u0159in\u00e9st dobr\u00fd v\u00fdsledek,\u201c \u0159\u00edk\u00e1 architekt Jan \u0160\u00e9pka, vedouc\u00ed Kancel\u00e1\u0159e projekt\u016f a sout\u011b\u017e\u00ed IPR. M\u00edstop\u0159edseda \u010cesk\u00e9 komory architekt\u016f Pavel Hnili\u010dka dod\u00e1v\u00e1, \u017ee aktivita radnice odporuje smyslu urbanistick\u00fdch sout\u011b\u017e\u00ed. \u201eJe v ostr\u00e9m rozporu se sout\u011b\u017en\u00edm \u0159\u00e1dem hlavn\u011b z d\u016fvodu, \u017ee nen\u00ed odborn\u00e1 porota a nejsou p\u0159esn\u011b stanoven\u00e1 krit\u00e9ria v\u00fdb\u011bru nejlep\u0161\u00edho n\u00e1vrhu\u201c. O tom kdo m\u00e1 monopol na krit\u00e9ria, nenech\u00e1v\u00e1 Hnili\u010dka nikoho na pochyb\u00e1ch. Vy\u0161kolen\u00e9 porotce m\u00e1 na sklad\u011b komora architekt\u016f. Jen jak\u00e9pak \u0161kolen\u00ed m\u011bl bavorsk\u00fd ministersk\u00fd p\u0159edseda Franz Josef Strauss, kdy\u017e jako p\u0159\u00edsed\u00edc\u00ed poroty prosadil \u00fa\u017easn\u00e9 modern\u00ed zast\u0159e\u0161en\u00ed mnichovsk\u00e9ho Olympijsk\u00e9ho stadionu proti n\u00e1zor\u016fm z\u00a0architektonick\u00e9 bran\u017ee? Jsou to osobnosti ve\u0159ejn\u00e9ho \u017eivota s\u00a0nadhledem a rozhledem, kter\u00fd v\u00a0prov\u00e1zan\u00e9 v\u011brchu\u0161ce stavebn\u00ed lobby chyb\u00ed.<\/p>\n<p>\u201eZad\u00e1n\u00ed kritizovan\u00e9 sout\u011b\u017ee nevypov\u00edd\u00e1 o tom, \u017ee prob\u011bhla pot\u0159ebn\u00e1 diskuze a prov\u011b\u0159ov\u00e1n\u00ed oblasti a podm\u00ednek sout\u011b\u017ee,\u201c p\u0159id\u00e1v\u00e1 dal\u0161\u00ed bod kritiky \u0160\u00e9pka,\u201cproto\u017ee radnice nekonzultovala zad\u00e1n\u00ed sout\u011b\u017ee s odborn\u00edky z IPR ani s \u010ceskou komorou architekt\u016f\u201c. Podle \u0160\u00e9pky bylo ve 20. stolet\u00ed na Letenskou pl\u00e1\u0148 vyhl\u00e1\u0161eno n\u011bkolik sout\u011b\u017e\u00ed, v\u0161em ale, na rozd\u00edl od sou\u010dasn\u00e9 sout\u011b\u017ee Prahy 7, p\u0159edch\u00e1zela d\u016fkladn\u00e1 diskuze nad zad\u00e1n\u00edm. Tady se jedn\u00e1 o hrubou mystifikaci. Jak\u00e1pak p\u0159edch\u00e1zela diskuze sout\u011b\u017ei na sochu Stalina, sjezdov\u00fd pal\u00e1c KS\u010c v\u00a0roce 63 nebo N\u00e1rodn\u00ed knihovnu p\u0159ed vyhl\u00e1\u0161en\u00edm. Nebyla \u017e\u00e1dn\u00e1. \u201eParticipace\u201c je tedy spolupr\u00e1ce uvnit\u0159 aliance IPR a \u010cKA.<\/p>\n<p><b>Aliance IPR a Komory architekt\u016f.<\/b><\/p>\n<p>M\u00edsto legitimn\u00edho demokratick\u00e9ho hled\u00e1n\u00ed a rozhodov\u00e1n\u00ed o c\u00edlech rozvoje Prahy, h\u00e1j\u00ed IPR a Komora architekt\u016f vrchnostenskou profesn\u00ed autoritu. Ve\u0159ejnost, ani jej\u00ed politick\u00e1 reprezentace v\u00a0m\u011bstsk\u00fdch \u010d\u00e1stech nejsou pro n\u011b partnery. Oponentura a alternativy nejsou, nebo nejsou br\u00e1ny v\u00a0potaz. Pl\u00e1nov\u00e1n\u00ed m\u011bsta dodnes realizuje dopravn\u00ed sch\u00e9mata star\u00e1 50 let a nyn\u00ed se vr\u00e1tila i totalitn\u00ed praxe p\u0159id\u011blov\u00e1n\u00ed zak\u00e1zek. IPR si s\u00e1m dal kompetence delegovat zpracov\u00e1n\u00ed \u00fazem\u00ed sp\u0159\u00edzn\u011bn\u00fdm architekt\u016fm. V\u00fdsledky \u010desk\u00fdch sout\u011b\u017e\u00ed nebyly v\u017edy bez otazn\u00edk\u016f. V\u00a0architektonick\u00e9 bran\u017ei plat\u00ed ideologie v\u00edce ne\u017e selsk\u00fd rozum a to je jist\u011b d\u011bdictv\u00ed komunizmu. M\u011bsto z\u00a0ulic nen\u00ed nutn\u011b samosp\u00e1sn\u00e1 my\u0161lenka, abychom zapom\u011bli, \u017ee d\u00e1bel je v\u00a0detailu &#8211; v\u00a0rozumn\u00e9 m\u00ed\u0159e toho, co a jak stav\u011bt.<\/p>\n<p>Kdy\u017e se sout\u011b\u017e\u00ed v Hamburku, tak nejprve o koncept lokality a pokud je schv\u00e1len, \u00fazem\u00ed se rozd\u011bl\u00ed na \u010d\u00e1sti, podle funkc\u00ed nebo postupu v\u00fdstavby a ka\u017ed\u00e1 se op\u011bt sout\u011b\u017e\u00ed. Bloky se skl\u00e1daj\u00ed z\u00a0dom\u016f a tady je zase p\u0159\u00edle\u017eitost vybrat ze sout\u011b\u017en\u00edch n\u00e1vrh\u016f na jednotliv\u00e9 domy. Pestr\u00e9 prost\u0159ed\u00ed sotva m\u016f\u017ee vznikat jinak. Tak alespo\u0148 v Hafenstadtu v\u00a0Hamburku.<\/p>\n<p>&nbsp;<\/p>\n<p>Praha mus\u00ed naj\u00edt prostor pro alternativu, nebo oponenturu. Zpochybnit praxi IPR mohou jen m\u011bstsk\u00e9 \u010d\u00e1sti. P\u0159es nesouhlas Komory architekt\u016f by m\u011bly st\u00e1t u p\u0159\u00edpravy \u00fazem\u00ed v\u00a0zad\u00e1ni \u00fazemn\u00edch pl\u00e1n\u016f u p\u0159\u00edpravy podm\u00ednek sout\u011b\u017e\u00ed. Sout\u011b\u017en\u00ed porotce by m\u011bla vyb\u00edrat obec, pro kterou se sout\u011b\u017e\u00ed. Rozvoj je odpov\u011bdn\u00e1 \u00faloha politick\u00e1 a ne architektonick\u00e1.<\/p>\n<p>Zapouzd\u0159en\u00fd syst\u00e9m vz\u00e1jemn\u00fdch vazeb architekt\u016f, developer\u016f a politik\u016f um\u00ed vyt\u011bsnit v\u0161echny kritick\u00e9 alternativy a chytrou publicitu \u201enov\u00e1torstv\u00ed\u201c ba\u0161t\u00ed media \u201e i s\u00a0navij\u00e1kem\u201c. Monopoln\u00ed metoda p\u0159\u00edpravy \u00fazem\u00ed Institutem pl\u00e1nov\u00e1n\u00ed a rozvoje je Ideologizovan\u00e1 retro-avatgardn\u00ed hra, kter\u00e1 je pro 21. stolet\u00ed a pro udr\u017eiteln\u00fd rozvoj m\u011bsta d\u00e1vno p\u0159ekonan\u00e1. Jako ka\u017ed\u00e9 dogma, m\u011bn\u00ed dobr\u00e9 \u00famysly v\u00a0re\u00e1ln\u00e9 \u0161kody.<\/p>\n<p>Za co ob\u011btujeme, pro kr\u00e1tkodob\u00fd prosp\u011bch, sv\u011btovou pov\u011bst jedine\u010dn\u00e9 malebn\u00e9 Prahy, zna\u010dku, kter\u00e1 je dosud z\u00e1rukou investorsk\u00e9ho z\u00e1jmu? M\u00e1me st\u00e1le p\u0159\u00edle\u017eitost \u017e\u00edt v\u00a0obytn\u00e9m a kr\u00e1sn\u00e9m m\u011bst\u011b.<\/p>\n<p>&nbsp;<\/p>\n<p><a href=\"http:\/\/obcanskymonitoring.cz\/wp-content\/uploads\/2015\/02\/103.jpg\"><img loading=\"lazy\" class=\"alignnone size-medium wp-image-3585\" alt=\"103\" src=\"http:\/\/obcanskymonitoring.cz\/wp-content\/uploads\/2015\/02\/103-300x225.jpg\" width=\"300\" height=\"225\" srcset=\"https:\/\/obcanskymonitoring.cz\/wp-content\/uploads\/2015\/02\/103-300x225.jpg 300w, https:\/\/obcanskymonitoring.cz\/wp-content\/uploads\/2015\/02\/103.jpg 800w\" sizes=\"(max-width: 300px) 100vw, 300px\" \/><\/a> <a href=\"http:\/\/obcanskymonitoring.cz\/wp-content\/uploads\/2015\/02\/106.jpg\"><img loading=\"lazy\" class=\"alignnone size-medium wp-image-3586\" alt=\"106\" src=\"http:\/\/obcanskymonitoring.cz\/wp-content\/uploads\/2015\/02\/106-300x225.jpg\" width=\"300\" height=\"225\" srcset=\"https:\/\/obcanskymonitoring.cz\/wp-content\/uploads\/2015\/02\/106-300x225.jpg 300w, https:\/\/obcanskymonitoring.cz\/wp-content\/uploads\/2015\/02\/106.jpg 800w\" sizes=\"(max-width: 300px) 100vw, 300px\" \/><\/a> <a href=\"http:\/\/obcanskymonitoring.cz\/wp-content\/uploads\/2015\/02\/107.jpg\"><img loading=\"lazy\" class=\"alignnone size-medium wp-image-3587\" alt=\"107\" src=\"http:\/\/obcanskymonitoring.cz\/wp-content\/uploads\/2015\/02\/107-300x225.jpg\" width=\"300\" height=\"225\" srcset=\"https:\/\/obcanskymonitoring.cz\/wp-content\/uploads\/2015\/02\/107-300x225.jpg 300w, https:\/\/obcanskymonitoring.cz\/wp-content\/uploads\/2015\/02\/107.jpg 800w\" sizes=\"(max-width: 300px) 100vw, 300px\" \/><\/a><\/p>\n<div data-counters='1' data-style='square' data-size='regular' data-url='https:\/\/obcanskymonitoring.cz\/?p=3579' data-title='Ji\u0159\u00ed Gebert: Hust\u00fd Sm\u00edchov &#8211; vize nebo iluze' class='linksalpha_container linksalpha_app_3'><a href='\/\/www.linksalpha.com\/share?network='facebook' class='linksalpha_icon_facebook'><\/a><a href='\/\/www.linksalpha.com\/share?network='twitter' class='linksalpha_icon_twitter'><\/a><a href='\/\/www.linksalpha.com\/share?network='googleplus' class='linksalpha_icon_googleplus'><\/a><a href='\/\/www.linksalpha.com\/share?network='mail' class='linksalpha_icon_mail'><\/a><\/div><div data-position='' data-url='https:\/\/obcanskymonitoring.cz\/?p=3579' data-title='Ji\u0159\u00ed Gebert: Hust\u00fd Sm\u00edchov &#8211; vize nebo iluze' class='linksalpha_container linksalpha_app_7'><a href='\/\/www.linksalpha.com\/share?network='facebook' class='linksalpha_icon_facebook'><\/a><a href='\/\/www.linksalpha.com\/share?network='twitter' class='linksalpha_icon_twitter'><\/a><a href='\/\/www.linksalpha.com\/share?network='googleplus' class='linksalpha_icon_googleplus'><\/a><a href='\/\/www.linksalpha.com\/share?network='mail' class='linksalpha_icon_mail'><\/a><\/div>","protected":false},"excerpt":{"rendered":"<p>&nbsp;1,202&nbsp;total views P\u0159etiskujeme \u00favahu architekta Ji\u0159\u00edho Geberta o nov\u00e9m pl\u00e1nu pro Sm\u00edchov, kter\u00fd byl vypracov\u00e1n Institutem pl\u00e1nov\u00e1n\u00ed a rozvoje Prahy.<\/p>\n","protected":false},"author":2,"featured_media":0,"comment_status":"open","ping_status":"open","sticky":true,"template":"","format":"standard","meta":[],"categories":[23],"tags":[],"_links":{"self":[{"href":"https:\/\/obcanskymonitoring.cz\/index.php?rest_route=\/wp\/v2\/posts\/3579"}],"collection":[{"href":"https:\/\/obcanskymonitoring.cz\/index.php?rest_route=\/wp\/v2\/posts"}],"about":[{"href":"https:\/\/obcanskymonitoring.cz\/index.php?rest_route=\/wp\/v2\/types\/post"}],"author":[{"embeddable":true,"href":"https:\/\/obcanskymonitoring.cz\/index.php?rest_route=\/wp\/v2\/users\/2"}],"replies":[{"embeddable":true,"href":"https:\/\/obcanskymonitoring.cz\/index.php?rest_route=%2Fwp%2Fv2%2Fcomments&post=3579"}],"version-history":[{"count":0,"href":"https:\/\/obcanskymonitoring.cz\/index.php?rest_route=\/wp\/v2\/posts\/3579\/revisions"}],"wp:attachment":[{"href":"https:\/\/obcanskymonitoring.cz\/index.php?rest_route=%2Fwp%2Fv2%2Fmedia&parent=3579"}],"wp:term":[{"taxonomy":"category","embeddable":true,"href":"https:\/\/obcanskymonitoring.cz\/index.php?rest_route=%2Fwp%2Fv2%2Fcategories&post=3579"},{"taxonomy":"post_tag","embeddable":true,"href":"https:\/\/obcanskymonitoring.cz\/index.php?rest_route=%2Fwp%2Fv2%2Ftags&post=3579"}],"curies":[{"name":"wp","href":"https:\/\/api.w.org\/{rel}","templated":true}]}}