{"id":3699,"date":"2015-04-02T17:32:44","date_gmt":"2015-04-02T17:32:44","guid":{"rendered":"http:\/\/obcanskymonitoring.cz\/?p=3699"},"modified":"2015-04-12T10:17:01","modified_gmt":"2015-04-12T10:17:01","slug":"anezsky-klaster-versus-marsmeloun-popis-kauzy","status":"publish","type":"post","link":"https:\/\/obcanskymonitoring.cz\/?p=3699","title":{"rendered":"Mar\u0161meloun versus Ane\u017esk\u00fd kl\u00e1\u0161ter (popis kauzy)"},"content":{"rendered":"<div class=\"pvc_clear\"><\/div>\n<p class=\"pvc_stats total_only \" data-element-id=\"3699\" style=\"\"><i class=\"pvc-stats-icon medium\" aria-hidden=\"true\"><svg xmlns=\"http:\/\/www.w3.org\/2000\/svg\" version=\"1.0\" viewBox=\"0 0 502 315\" preserveAspectRatio=\"xMidYMid meet\"><g transform=\"translate(0,332) scale(0.1,-0.1)\" fill=\"\" stroke=\"none\"><path d=\"M2394 3279 l-29 -30 -3 -207 c-2 -182 0 -211 15 -242 39 -76 157 -76 196 0 15 31 17 60 15 243 l-3 209 -33 29 c-26 23 -41 29 -80 29 -41 0 -53 -5 -78 -31z\"\/><path d=\"M3085 3251 c-45 -19 -58 -50 -96 -229 -47 -217 -49 -260 -13 -295 52 -53 146 -42 177 20 16 31 87 366 87 410 0 70 -86 122 -155 94z\"\/><path d=\"M1751 3234 c-13 -9 -29 -31 -37 -50 -12 -29 -10 -49 21 -204 19 -94 39 -189 45 -210 14 -50 54 -80 110 -80 34 0 48 6 76 34 21 21 34 44 34 59 0 14 -18 113 -40 219 -37 178 -43 195 -70 221 -36 32 -101 37 -139 11z\"\/><path d=\"M1163 3073 c-36 -7 -73 -59 -73 -102 0 -56 133 -378 171 -413 34 -32 83 -37 129 -13 70 36 67 87 -16 290 -86 209 -89 214 -129 231 -35 14 -42 15 -82 7z\"\/><path d=\"M3689 3066 c-15 -9 -33 -30 -42 -48 -48 -103 -147 -355 -147 -375 0 -98 131 -148 192 -74 13 15 57 108 97 206 80 196 84 226 37 273 -30 30 -99 39 -137 18z\"\/><path d=\"M583 2784 c-38 -19 -67 -74 -58 -113 9 -42 211 -354 242 -373 16 -10 45 -18 66 -18 51 0 107 52 107 100 0 39 -1 41 -124 234 -80 126 -108 162 -133 173 -41 17 -61 16 -100 -3z\"\/><path d=\"M4250 2784 c-14 -9 -74 -91 -133 -183 -95 -150 -107 -173 -107 -213 0 -55 33 -94 87 -104 67 -13 90 8 211 198 130 202 137 225 78 284 -27 27 -42 34 -72 34 -22 0 -50 -8 -64 -16z\"\/><path d=\"M2275 2693 c-553 -48 -1095 -270 -1585 -649 -135 -104 -459 -423 -483 -476 -23 -49 -22 -139 2 -186 73 -142 361 -457 571 -626 285 -228 642 -407 990 -497 242 -63 336 -73 660 -74 310 0 370 5 595 52 535 111 1045 392 1455 803 122 121 250 273 275 326 19 41 19 137 0 174 -41 79 -309 363 -465 492 -447 370 -946 591 -1479 653 -113 14 -422 18 -536 8z m395 -428 c171 -34 330 -124 456 -258 112 -119 167 -219 211 -378 27 -96 24 -300 -5 -401 -72 -255 -236 -447 -474 -557 -132 -62 -201 -76 -368 -76 -167 0 -236 14 -368 76 -213 98 -373 271 -451 485 -162 444 86 934 547 1084 153 49 292 57 452 25z m909 -232 c222 -123 408 -262 593 -441 76 -74 138 -139 138 -144 0 -16 -233 -242 -330 -319 -155 -123 -309 -223 -461 -299 l-81 -41 32 46 c18 26 49 83 70 128 143 306 141 649 -6 957 -25 52 -61 116 -79 142 l-34 47 45 -20 c26 -10 76 -36 113 -56z m-2057 25 c-40 -58 -105 -190 -130 -263 -110 -324 -59 -707 132 -981 25 -35 42 -64 37 -64 -19 0 -241 119 -326 174 -188 122 -406 314 -532 468 l-58 71 108 103 c185 178 428 349 672 473 66 33 121 60 123 61 2 0 -10 -19 -26 -42z\"\/><path d=\"M2375 1950 c-198 -44 -350 -190 -395 -379 -18 -76 -8 -221 19 -290 114 -284 457 -406 731 -260 98 52 188 154 231 260 27 69 37 214 19 290 -38 163 -166 304 -326 360 -67 23 -215 33 -279 19z\"\/><\/g><\/svg><\/i> &nbsp;4,885&nbsp;total views<\/p>\n<div class=\"pvc_clear\"><\/div>\n<p><strong><a href=\"http:\/\/obcanskymonitoring.cz\/wp-content\/uploads\/2015\/03\/kolaz.jpg\"><img loading=\"lazy\" alt=\"kolaz\" src=\"http:\/\/obcanskymonitoring.cz\/wp-content\/uploads\/2015\/03\/kolaz-300x110.jpg\" width=\"300\" height=\"110\" \/><\/a><\/strong><\/p>\n<p>Vedle Ane\u017esk\u00e9ho kl\u00e1\u0161tera z prvn\u00ed poloviny 13. stolet\u00ed cht\u011bj\u00ed develope\u0159i\u00a0v Pra\u017esk\u00e9 pam\u00e1tkov\u00e9 rezervaci na Star\u00e9m M\u011bst\u011b postavit obrovskou antropomorfn\u00ed budovu bytov\u00e9ho domu, m\u011b\u0159\u00edtkem, ani objemem z\u00e1stavby nerespektuj\u00edc\u00ed sv\u00e9\u00a0okol\u00ed. Pra\u017ean\u00e9 protestuj\u00ed. O kauze informovala \u010cesk\u00e1 televize v p\u0159\u00edsp\u011bvku\u00a0<a href=\"http:\/\/www.ceskatelevize.cz\/ivysilani\/10118379000-udalosti-v-regionech-praha\/215411000140325-udalosti-v-regionech\/obsah\/389966-za-zdmi-anezskeho-klastera-ma-vyrust-sestipodlazni-novostavba\" data-cke-saved-href=\"http:\/\/www.ceskatelevize.cz\/ivysilani\/10118379000-udalosti-v-regionech-praha\/215411000140325-udalosti-v-regionech\/obsah\/389966-za-zdmi-anezskeho-klastera-ma-vyrust-sestipodlazni-novostavba\">Za zdmi Ane\u017esk\u00e9ho kl\u00e1\u0161tera m\u00e1 vyr\u016fst \u0161estipodla\u017en\u00ed budova<\/a>, noviny Pr\u00e1vo vydaly p\u0159\u00edsp\u011bvek\u00a0<a href=\"http:\/\/obcanskymonitoring.cz\/?p=3657\" data-cke-saved-href=\"http:\/\/obcanskymonitoring.cz\/?p=3657\">Za zd\u00ed Ane\u017esk\u00e9ho kl\u00e1\u0161tera se m\u00e1 za\u010d\u00edt stav\u011bt<\/a>, \u010dasopis Echo publikoval \u010dl\u00e1nek\u00a0<a href=\"http:\/\/echo24.cz\/a\/wKNmy\/facka-stare-praze-u-anezskeho-klastera-vyroste-bytovka\" data-cke-saved-href=\"http:\/\/echo24.cz\/a\/wKNmy\/facka-stare-praze-u-anezskeho-klastera-vyroste-bytovka\">Facka star\u00e9 Praze? U Ane\u017esk\u00e9ho kl\u00e1\u0161tera vyroste bytovka<\/a>.<\/p>\n<p><!--more--><\/p>\n<p><strong>Ane\u017eka P\u0159emyslovna by se divila&#8230;<\/strong><\/p>\n<p>Ane\u017eka P\u0159emyslovna byla dcerou \u010desk\u00e9ho kr\u00e1le P\u0159emysla Otakara I. Dostala nab\u00eddky k s\u0148atku od anglick\u00e9ho kr\u00e1le i od c\u00edsa\u0159e Fridricha II. Odm\u00edtla a\u00a0roku 1231 zalo\u017eila\u00a0<a href=\"http:\/\/cs.wikipedia.org\/wiki\/Ane%C5%BEsk%C3%BD_kl%C3%A1%C5%A1ter\" data-cke-saved-href=\"http:\/\/cs.wikipedia.org\/wiki\/Ane%C5%BEsk%C3%BD_kl%C3%A1%C5%A1ter\">Ane\u017esk\u00fd kl\u00e1\u0161ter<\/a>\u00a0a stala se jeho abaty\u0161\u00ed (matkou p\u0159edstavenou). \u017divot do\u017eila v chudob\u011b, kter\u00e1 byla sou\u010d\u00e1st\u00ed pravidel \u0159\u00e1du,\u00a0ve slu\u017eb\u011b nemocn\u00fdm a trp\u00edc\u00edm. (Kl\u00e1\u0161ter slou\u017eil jako \u0161pit\u00e1l).<\/p>\n<p><strong>Z\u00e1m\u011br investora<\/strong><\/p>\n<p>Napravo od sn\u00edmku Ane\u017esk\u00e9ho kl\u00e1\u0161tera je\u00a0budova s \u0161esti nadzemn\u00edmi podla\u017e\u00edmi, plochou st\u0159echou a podzemn\u00edmi gar\u00e1\u017eemi. A kde\u017ee m\u00e1\u00a0st\u00e1t? Hned vedle Ane\u017esk\u00e9ho kl\u00e1\u0161tera. Dokonce kv\u016fli n\u00ed padne i podstatn\u00e1 \u010d\u00e1st kl\u00e1\u0161tern\u00ed zdi, proto\u017ee navr\u017een\u00e1 budova bezosty\u0161n\u011b pronik\u00e1 do tohoto mystick\u00e9ho are\u00e1lu, o 10 metr\u016f p\u0159ekra\u010duje jeho ohradn\u00ed ze\u010f a dost\u00e1v\u00e1 se tak do bezprost\u0159edn\u00ed bl\u00edzkosti kostela sv. Franti\u0161ka.<\/p>\n<p>Na p\u0159\u00edkladu Ane\u017esk\u00e9ho kl\u00e1\u0161tera je mo\u017en\u00e9 uk\u00e1zat, jak je mo\u017en\u00e9 zni\u010dit pam\u00e1tku, bez fyzick\u00e9 demolice. Prost\u011b jen t\u00edm, kdy\u017e vedle j\u00ed postav\u00edte v\u00fd\u0161kovou budovu.<\/p>\n<p><strong>Stanovisko pam\u00e1tk\u00e1\u0159\u016f<\/strong><\/p>\n<p>Bohu\u017eel lid\u00e9, kte\u0159\u00ed jsou z na\u0161ich pen\u011bz placeni za to, aby reprezentovali ve\u0159ejn\u00fd z\u00e1jem, chr\u00e1nili Pra\u017eskou pam\u00e1tkovou rezervaci, na tento n\u00e1vrh k\u00fdvli. Zde cituji jejich ofici\u00e1ln\u00ed stanovisko:<\/p>\n<div tabindex=\"-1\" data-cke-widget-wrapper=\"1\" data-cke-filter=\"off\" data-cke-display-name=\"div\" data-cke-widget-id=\"3\">\n<div title=\"\" data-cke-widget-data=\"{&quot;selectedteamplate&quot;:&quot;single&quot;,&quot;imagesingle_id&quot;:&quot;94957&quot;,&quot;imagesingle_desc&quot;:&quot;&quot;,&quot;imagesingle_source&quot;:&quot;&quot;,&quot;imagesingle_sirka&quot;:&quot;600&quot;,&quot;imagesingle_vyska&quot;:&quot;293&quot;,&quot;imagesingle_align&quot;:&quot;center&quot;,&quot;imagesingle_showtext&quot;:true,&quot;imagesingle_size&quot;:&quot;big&quot;,&quot;imagesingle_makelink&quot;:false,&quot;imagesingle_url&quot;:&quot;&quot;,&quot;imagesingle_src&quot;:&quot;http:\/\/u.smedata.sk\/blogidnes\/article\/7\/45\/456557\/456557_article_photo_mIvLKEG0_900x.jpeg?r=05a&quot;,&quot;idarticle&quot;:456557}\" data-cke-widget-keep-attr=\"0\" data-widget=\"gallerybox\"><img loading=\"lazy\" alt=\"\" src=\"http:\/\/u.smedata.sk\/blogidnes\/article\/7\/45\/456557\/456557_article_photo_mIvLKEG0_900x.jpeg?r=05a\" width=\"480\" height=\"234\" align=\"center\" \/><small><\/small><\/div>\n<p><img loading=\"lazy\" title=\"Klepn\u011bte a t\u00e1hn\u011bte pro p\u0159esunut\u00ed\" alt=\"\" src=\"data:image\/gif;base64,R0lGODlhAQABAPABAP\/\/\/wAAACH5BAEKAAAALAAAAAABAAEAAAICRAEAOw%3D%3D\" width=\"15\" height=\"15\" data-cke-widget-drag-handler=\"1\" \/><\/p>\n<\/div>\n<p>Dev\u011bt pro! Nikdo proti! Pouze jeden se zdr\u017eel. Sic! Jestli\u017ee takto jednaj\u00ed lid\u00e9, jejich\u017e profes\u00ed je chr\u00e1nit Pra\u017eskou rezervaci, brzy n\u00e1m z n\u00ed nic nezbude!\u00a0Cel\u00fd z\u00e1pis z jedn\u00e1n\u00ed &#8220;Sboru expert\u016f&#8221; je mo\u017en\u00e9 si p\u0159e\u010d\u00edst\u00a0<a href=\"http:\/\/obcanskymonitoring.cz\/wp-content\/uploads\/2015\/04\/1326943_219784_Zapis_123__jed.pdf\" data-cke-saved-href=\"http:\/\/obcanskymonitoring.cz\/wp-content\/uploads\/2015\/04\/1326943_219784_Zapis_123__jed.pdf\">zde<\/a>.<\/p>\n<p><strong>Jsou za investic\u00ed pen\u00edze z hazardu?<\/strong><\/p>\n<p>Investorem stavby je developer\u00a0Francesco Augusto Razetto.\u00a0D\u00e1te-li si jeho jm\u00e9no do googlu, objev\u00edte \u010dl\u00e1nek \u010dasopisu T\u00fdden\u00a0<a href=\"http:\/\/www.tyden.cz\/rubriky\/domaci\/hazardni-penezovod-tece-pres-prazsky-magistrat_66574.html#.VR1fjJ2UfbM\" data-cke-saved-href=\"http:\/\/www.tyden.cz\/rubriky\/domaci\/hazardni-penezovod-tece-pres-prazsky-magistrat_66574.html#.VR1fjJ2UfbM\">Hazardn\u00ed pen\u011bzovod te\u010de p\u0159es pra\u017esk\u00fd magistr\u00e1t<\/a>. Hmmmm.<\/p>\n<p><strong>Jak je to v\u016fbec mo\u017en\u00e9?<\/strong><\/p>\n<p>Zah\u00e1j\u00edme-li p\u00e1tr\u00e1n\u00ed, kde vlastn\u011b investor pozemek z\u00edskal, zjist\u00edme, \u017ee investor pozemek z velk\u00e9 \u010d\u00e1sti v\u016fbec nevlastn\u00ed, jak dokl\u00e1d\u00e1 n\u00e1sleduj\u00edc\u00ed obr\u00e1zek. Developer vlastn\u00ed jen ten mal\u00fd sv\u011btle zelen\u00fd kousek, zbytek pat\u0159\u00ed m\u011bstu.<\/p>\n<div tabindex=\"-1\" data-cke-widget-wrapper=\"1\" data-cke-filter=\"off\" data-cke-display-name=\"div\" data-cke-widget-id=\"2\">\n<div title=\"\" data-cke-widget-data=\"{&quot;selectedteamplate&quot;:&quot;single&quot;,&quot;imagesingle_id&quot;:&quot;94959&quot;,&quot;imagesingle_desc&quot;:&quot;&quot;,&quot;imagesingle_source&quot;:&quot;&quot;,&quot;imagesingle_sirka&quot;:&quot;undefined&quot;,&quot;imagesingle_vyska&quot;:&quot;undefined&quot;,&quot;imagesingle_align&quot;:&quot;center&quot;,&quot;imagesingle_showtext&quot;:true,&quot;imagesingle_size&quot;:&quot;big&quot;,&quot;imagesingle_makelink&quot;:false,&quot;imagesingle_url&quot;:&quot;&quot;,&quot;imagesingle_src&quot;:&quot;http:\/\/u.smedata.sk\/blogidnes\/article\/7\/45\/456557\/456557_article_photo_M62nTzs0_900x.jpeg?r=05a&quot;,&quot;idarticle&quot;:456557}\" data-cke-widget-keep-attr=\"0\" data-widget=\"gallerybox\"><img loading=\"lazy\" alt=\"\" src=\"http:\/\/u.smedata.sk\/blogidnes\/article\/7\/45\/456557\/456557_article_photo_M62nTzs0_900x.jpeg?r=05a\" width=\"NaN\" height=\"NaN\" align=\"center\" \/><small><\/small><\/div>\n<p><img loading=\"lazy\" title=\"Klepn\u011bte a t\u00e1hn\u011bte pro p\u0159esunut\u00ed\" alt=\"\" src=\"data:image\/gif;base64,R0lGODlhAQABAPABAP\/\/\/wAAACH5BAEKAAAALAAAAAABAAEAAAICRAEAOw%3D%3D\" width=\"15\" height=\"15\" data-cke-widget-drag-handler=\"1\" \/><\/p>\n<\/div>\n<p>A tady na obr\u00e1zku vid\u00edte, jak developer chce stav\u011bt p\u0159\u00edmo do plochy kl\u00e1\u0161tera. Investor m\u00e1 z B\u00e9movy doby uzav\u0159enou smlouvu o smlouv\u011b budouc\u00ed o odkupu pozemku od m\u011bsta (za jakou cenu?). Praha m\u00e1 podle t\u00e9to smlouvy pozemek investorovi odprodat, jakmile bude stavba dokon\u010dena.<\/p>\n<div tabindex=\"-1\" data-cke-widget-wrapper=\"1\" data-cke-filter=\"off\" data-cke-display-name=\"div\" data-cke-widget-id=\"1\">\n<div title=\"\" data-cke-widget-data=\"{&quot;selectedteamplate&quot;:&quot;single&quot;,&quot;imagesingle_id&quot;:&quot;94960&quot;,&quot;imagesingle_desc&quot;:&quot;&quot;,&quot;imagesingle_source&quot;:&quot;&quot;,&quot;imagesingle_sirka&quot;:&quot;undefined&quot;,&quot;imagesingle_vyska&quot;:&quot;undefined&quot;,&quot;imagesingle_align&quot;:&quot;center&quot;,&quot;imagesingle_showtext&quot;:true,&quot;imagesingle_size&quot;:&quot;big&quot;,&quot;imagesingle_makelink&quot;:false,&quot;imagesingle_url&quot;:&quot;&quot;,&quot;imagesingle_src&quot;:&quot;http:\/\/u.smedata.sk\/blogidnes\/article\/7\/45\/456557\/456557_article_photo_AT769Jm0_900x.jpeg?r=05a&quot;,&quot;idarticle&quot;:456557}\" data-cke-widget-keep-attr=\"0\" data-widget=\"gallerybox\"><img loading=\"lazy\" alt=\"\" src=\"http:\/\/u.smedata.sk\/blogidnes\/article\/7\/45\/456557\/456557_article_photo_AT769Jm0_900x.jpeg?r=05a\" width=\"NaN\" height=\"NaN\" align=\"center\" \/><small><\/small><\/div>\n<p><img loading=\"lazy\" title=\"Klepn\u011bte a t\u00e1hn\u011bte pro p\u0159esunut\u00ed\" alt=\"\" src=\"data:image\/gif;base64,R0lGODlhAQABAPABAP\/\/\/wAAACH5BAEKAAAALAAAAAABAAEAAAICRAEAOw%3D%3D\" width=\"15\" height=\"15\" data-cke-widget-drag-handler=\"1\" \/><\/p>\n<\/div>\n<p><strong>Jak\u00e9 jsou po\u017eadavky protestuj\u00edc\u00edch?<\/strong><\/p>\n<p>Protestuj\u00edc\u00ed ob\u010dan\u00e9 zve\u0159ejnili tyto po\u017eadavky:<\/p>\n<ul>\n<li>Zabr\u00e1nit zastav\u011bn\u00ed pozemku z\u0159ejm\u011b u\u017e nen\u00ed mo\u017en\u00e9, je v\u0161ak mo\u017en\u00e9 zabr\u00e1nit stavb\u011b budovy, kter\u00e1 sv\u00fdm charakterem likviduje pam\u00e1tkov\u00fd charakter \u00fazem\u00ed a omezit rozsah t\u00e9to z\u00e1stavby.<\/li>\n<li>Ob\u010dansk\u00e9 sdru\u017een\u00ed \u017e\u00e1d\u00e1 o nahl\u00e9dnut\u00ed na smlouvu o smlouv\u011b budouc\u00ed o prodeji pozemku mezi MHMP a investorem. Lze se d\u016fvodn\u011b domn\u00edvat, \u017ee tato smlouva bude pro Prahu nev\u00fdhodn\u00e1. Protestuj\u00edc\u00ed \u017e\u00e1daj\u00ed, aby smlouvu pro\u0161et\u0159il kontroln\u00ed v\u00fdbor Prahy 1 a kontroln\u00ed v\u00fdbor MHMP a v p\u0159\u00edpad\u011b zji\u0161t\u011bn\u00ed nesrovnalost\u00ed smlouvu vypov\u011bd\u011bla.<\/li>\n<li>Zabr\u00e1nit zastav\u011bn\u00ed pozemku, kter\u00fd je st\u00e1le majetkem m\u011bsta budovou, devastuj\u00edc\u00ed Pra\u017eskou pam\u00e1tkovou rezervaci.<\/li>\n<li>Zabr\u00e1nit zastav\u011bn\u00ed \u00fazem\u00ed Ane\u017esk\u00e9ho kl\u00e1\u0161tera.<\/li>\n<li>Protestuj\u00edc\u00ed se obracen\u00ed na zastupitelstvo Prahy 1, aby, jako\u017eto \u00fa\u010dastn\u00edk \u0159\u00edzen\u00ed cel\u00fd projekt znovu projednalo a p\u0159ijalo v t\u00e9to kauze usnesen\u00ed,\u00a0chr\u00e1n\u00edc\u00ed z\u00e1jmy Prahy.<\/li>\n<li>Ob\u010dansk\u00e9 sdru\u017een\u00ed ASORKD i Ob\u010dansk\u00fd monitoring ji\u017e podali p\u0159ipom\u00ednky jako\u017eto \u00fa\u010dastn\u00edci \u0159\u00edzen\u00ed, viz \u010dl\u00e1nek\u00a0<a href=\"http:\/\/obcanskymonitoring.cz\/?p=1596\" data-cke-saved-href=\"http:\/\/obcanskymonitoring.cz\/?p=1596\">zde<\/a>.<\/li>\n<\/ul>\n<p>Pozv\u00e1nka na protestn\u00ed setk\u00e1n\u00ed je zde:\u00a0<a href=\"http:\/\/obcanskymonitoring.cz\/?p=3665\" data-cke-saved-href=\"http:\/\/obcanskymonitoring.cz\/?p=3665\">Ob\u010dansk\u00fd monitoring:\u00a0Demonstrace: Ane\u017esk\u00fd kl\u00e1\u0161ter versus Mar\u0161meloun.<\/a><\/p>\n<p>Protestn\u00ed let\u00e1k je zde:<\/p>\n<div tabindex=\"-1\" data-cke-widget-wrapper=\"1\" data-cke-filter=\"off\" data-cke-display-name=\"div\" data-cke-widget-id=\"0\">\n<div title=\"\" data-cke-widget-data=\"{&quot;selectedteamplate&quot;:&quot;single&quot;,&quot;imagesingle_id&quot;:&quot;94961&quot;,&quot;imagesingle_desc&quot;:&quot;&quot;,&quot;imagesingle_source&quot;:&quot;&quot;,&quot;imagesingle_sirka&quot;:&quot;600&quot;,&quot;imagesingle_vyska&quot;:&quot;783&quot;,&quot;imagesingle_align&quot;:&quot;center&quot;,&quot;imagesingle_showtext&quot;:true,&quot;imagesingle_size&quot;:&quot;big&quot;,&quot;imagesingle_makelink&quot;:false,&quot;imagesingle_url&quot;:&quot;&quot;,&quot;imagesingle_src&quot;:&quot;http:\/\/u.smedata.sk\/blogidnes\/article\/7\/45\/456557\/456557_article_photo_jZo0W6v0_900x.jpeg?r=05a&quot;,&quot;idarticle&quot;:456557}\" data-cke-widget-keep-attr=\"0\" data-widget=\"gallerybox\"><img loading=\"lazy\" alt=\"\" src=\"http:\/\/u.smedata.sk\/blogidnes\/article\/7\/45\/456557\/456557_article_photo_jZo0W6v0_900x.jpeg?r=05a\" width=\"600\" height=\"783\" align=\"center\" \/><small><\/small><\/div>\n<p><img loading=\"lazy\" title=\"Klepn\u011bte a t\u00e1hn\u011bte pro p\u0159esunut\u00ed\" alt=\"\" src=\"data:image\/gif;base64,R0lGODlhAQABAPABAP\/\/\/wAAACH5BAEKAAAALAAAAAABAAEAAAICRAEAOw%3D%3D\" width=\"15\" height=\"15\" data-cke-widget-drag-handler=\"1\" \/><\/p>\n<\/div>\n<p>Facebookov\u00e1 ud\u00e1lost protestu je zde:\u00a0\u00a0<a href=\"https:\/\/www.facebook.com\/events\/990898514263439\/\" data-cke-saved-href=\"https:\/\/www.facebook.com\/events\/990898514263439\/\">Demonstrace Ane\u017esk\u00fd kl\u00e1\u0161ter versus Mar\u0161meloun<\/a>.<\/p>\n<p><a href=\"http:\/\/www.petice24.com\/petice_marmeloun_versus_anesky_klater\">Online petice Mar\u0161meloun versus Ane\u017esk\u00fd kl\u00e1\u0161ter.<\/a> &#8211; D\u011bkuji za podpis, sd\u00edlen\u00ed, p\u0159epos\u00edl\u00e1n\u00ed.<\/p>\n<div data-counters='1' data-style='square' data-size='regular' data-url='https:\/\/obcanskymonitoring.cz\/?p=3699' data-title='Mar\u0161meloun versus Ane\u017esk\u00fd kl\u00e1\u0161ter (popis kauzy)' class='linksalpha_container linksalpha_app_3'><a href='\/\/www.linksalpha.com\/share?network='facebook' class='linksalpha_icon_facebook'><\/a><a href='\/\/www.linksalpha.com\/share?network='twitter' class='linksalpha_icon_twitter'><\/a><a href='\/\/www.linksalpha.com\/share?network='googleplus' class='linksalpha_icon_googleplus'><\/a><a href='\/\/www.linksalpha.com\/share?network='mail' class='linksalpha_icon_mail'><\/a><\/div><div data-position='' data-url='https:\/\/obcanskymonitoring.cz\/?p=3699' data-title='Mar\u0161meloun versus Ane\u017esk\u00fd kl\u00e1\u0161ter (popis kauzy)' class='linksalpha_container linksalpha_app_7'><a href='\/\/www.linksalpha.com\/share?network='facebook' class='linksalpha_icon_facebook'><\/a><a href='\/\/www.linksalpha.com\/share?network='twitter' class='linksalpha_icon_twitter'><\/a><a href='\/\/www.linksalpha.com\/share?network='googleplus' class='linksalpha_icon_googleplus'><\/a><a href='\/\/www.linksalpha.com\/share?network='mail' class='linksalpha_icon_mail'><\/a><\/div>","protected":false},"excerpt":{"rendered":"<p>&nbsp;4,885&nbsp;total views Vedle Ane\u017esk\u00e9ho kl\u00e1\u0161tera z prvn\u00ed poloviny 13. stolet\u00ed cht\u011bj\u00ed develope\u0159i\u00a0v Pra\u017esk\u00e9 pam\u00e1tkov\u00e9 rezervaci na Star\u00e9m M\u011bst\u011b postavit obrovskou antropomorfn\u00ed budovu bytov\u00e9ho domu, m\u011b\u0159\u00edtkem, ani objemem z\u00e1stavby nerespektuj\u00edc\u00ed sv\u00e9\u00a0okol\u00ed. Pra\u017ean\u00e9 protestuj\u00ed. O kauze informovala \u010cesk\u00e1 televize v p\u0159\u00edsp\u011bvku\u00a0Za zdmi Ane\u017esk\u00e9ho kl\u00e1\u0161tera m\u00e1 vyr\u016fst \u0161estipodla\u017en\u00ed budova, noviny Pr\u00e1vo vydaly p\u0159\u00edsp\u011bvek\u00a0Za zd\u00ed Ane\u017esk\u00e9ho kl\u00e1\u0161tera se m\u00e1 [&hellip;]<\/p>\n","protected":false},"author":2,"featured_media":0,"comment_status":"open","ping_status":"open","sticky":true,"template":"","format":"standard","meta":[],"categories":[12,23,10],"tags":[],"_links":{"self":[{"href":"https:\/\/obcanskymonitoring.cz\/index.php?rest_route=\/wp\/v2\/posts\/3699"}],"collection":[{"href":"https:\/\/obcanskymonitoring.cz\/index.php?rest_route=\/wp\/v2\/posts"}],"about":[{"href":"https:\/\/obcanskymonitoring.cz\/index.php?rest_route=\/wp\/v2\/types\/post"}],"author":[{"embeddable":true,"href":"https:\/\/obcanskymonitoring.cz\/index.php?rest_route=\/wp\/v2\/users\/2"}],"replies":[{"embeddable":true,"href":"https:\/\/obcanskymonitoring.cz\/index.php?rest_route=%2Fwp%2Fv2%2Fcomments&post=3699"}],"version-history":[{"count":0,"href":"https:\/\/obcanskymonitoring.cz\/index.php?rest_route=\/wp\/v2\/posts\/3699\/revisions"}],"wp:attachment":[{"href":"https:\/\/obcanskymonitoring.cz\/index.php?rest_route=%2Fwp%2Fv2%2Fmedia&parent=3699"}],"wp:term":[{"taxonomy":"category","embeddable":true,"href":"https:\/\/obcanskymonitoring.cz\/index.php?rest_route=%2Fwp%2Fv2%2Fcategories&post=3699"},{"taxonomy":"post_tag","embeddable":true,"href":"https:\/\/obcanskymonitoring.cz\/index.php?rest_route=%2Fwp%2Fv2%2Ftags&post=3699"}],"curies":[{"name":"wp","href":"https:\/\/api.w.org\/{rel}","templated":true}]}}