{"id":3766,"date":"2015-04-11T09:57:44","date_gmt":"2015-04-11T09:57:44","guid":{"rendered":"http:\/\/obcanskymonitoring.cz\/?p=3766"},"modified":"2015-04-19T19:42:14","modified_gmt":"2015-04-19T19:42:14","slug":"kauza-marsmeloun-versus-anezsky-klaster","status":"publish","type":"post","link":"https:\/\/obcanskymonitoring.cz\/?p=3766","title":{"rendered":"Podn\u011bt Ringu pro zastupitelstvo Prahy 1: Kauza Mar\u0161meloun versus Ane\u017esk\u00fd kl\u00e1\u0161ter"},"content":{"rendered":"<div class=\"pvc_clear\"><\/div>\n<p class=\"pvc_stats total_only \" data-element-id=\"3766\" style=\"\"><i class=\"pvc-stats-icon medium\" aria-hidden=\"true\"><svg xmlns=\"http:\/\/www.w3.org\/2000\/svg\" version=\"1.0\" viewBox=\"0 0 502 315\" preserveAspectRatio=\"xMidYMid meet\"><g transform=\"translate(0,332) scale(0.1,-0.1)\" fill=\"\" stroke=\"none\"><path d=\"M2394 3279 l-29 -30 -3 -207 c-2 -182 0 -211 15 -242 39 -76 157 -76 196 0 15 31 17 60 15 243 l-3 209 -33 29 c-26 23 -41 29 -80 29 -41 0 -53 -5 -78 -31z\"\/><path d=\"M3085 3251 c-45 -19 -58 -50 -96 -229 -47 -217 -49 -260 -13 -295 52 -53 146 -42 177 20 16 31 87 366 87 410 0 70 -86 122 -155 94z\"\/><path d=\"M1751 3234 c-13 -9 -29 -31 -37 -50 -12 -29 -10 -49 21 -204 19 -94 39 -189 45 -210 14 -50 54 -80 110 -80 34 0 48 6 76 34 21 21 34 44 34 59 0 14 -18 113 -40 219 -37 178 -43 195 -70 221 -36 32 -101 37 -139 11z\"\/><path d=\"M1163 3073 c-36 -7 -73 -59 -73 -102 0 -56 133 -378 171 -413 34 -32 83 -37 129 -13 70 36 67 87 -16 290 -86 209 -89 214 -129 231 -35 14 -42 15 -82 7z\"\/><path d=\"M3689 3066 c-15 -9 -33 -30 -42 -48 -48 -103 -147 -355 -147 -375 0 -98 131 -148 192 -74 13 15 57 108 97 206 80 196 84 226 37 273 -30 30 -99 39 -137 18z\"\/><path d=\"M583 2784 c-38 -19 -67 -74 -58 -113 9 -42 211 -354 242 -373 16 -10 45 -18 66 -18 51 0 107 52 107 100 0 39 -1 41 -124 234 -80 126 -108 162 -133 173 -41 17 -61 16 -100 -3z\"\/><path d=\"M4250 2784 c-14 -9 -74 -91 -133 -183 -95 -150 -107 -173 -107 -213 0 -55 33 -94 87 -104 67 -13 90 8 211 198 130 202 137 225 78 284 -27 27 -42 34 -72 34 -22 0 -50 -8 -64 -16z\"\/><path d=\"M2275 2693 c-553 -48 -1095 -270 -1585 -649 -135 -104 -459 -423 -483 -476 -23 -49 -22 -139 2 -186 73 -142 361 -457 571 -626 285 -228 642 -407 990 -497 242 -63 336 -73 660 -74 310 0 370 5 595 52 535 111 1045 392 1455 803 122 121 250 273 275 326 19 41 19 137 0 174 -41 79 -309 363 -465 492 -447 370 -946 591 -1479 653 -113 14 -422 18 -536 8z m395 -428 c171 -34 330 -124 456 -258 112 -119 167 -219 211 -378 27 -96 24 -300 -5 -401 -72 -255 -236 -447 -474 -557 -132 -62 -201 -76 -368 -76 -167 0 -236 14 -368 76 -213 98 -373 271 -451 485 -162 444 86 934 547 1084 153 49 292 57 452 25z m909 -232 c222 -123 408 -262 593 -441 76 -74 138 -139 138 -144 0 -16 -233 -242 -330 -319 -155 -123 -309 -223 -461 -299 l-81 -41 32 46 c18 26 49 83 70 128 143 306 141 649 -6 957 -25 52 -61 116 -79 142 l-34 47 45 -20 c26 -10 76 -36 113 -56z m-2057 25 c-40 -58 -105 -190 -130 -263 -110 -324 -59 -707 132 -981 25 -35 42 -64 37 -64 -19 0 -241 119 -326 174 -188 122 -406 314 -532 468 l-58 71 108 103 c185 178 428 349 672 473 66 33 121 60 123 61 2 0 -10 -19 -26 -42z\"\/><path d=\"M2375 1950 c-198 -44 -350 -190 -395 -379 -18 -76 -8 -221 19 -290 114 -284 457 -406 731 -260 98 52 188 154 231 260 27 69 37 214 19 290 -38 163 -166 304 -326 360 -67 23 -215 33 -279 19z\"\/><\/g><\/svg><\/i> &nbsp;992&nbsp;total views<\/p>\n<div class=\"pvc_clear\"><\/div>\n<p>V kauze Mar\u0161meloun versus\u00a0Ane\u017esk\u00fd kl\u00e1\u0161ter, pod\u00e1v\u00e1me podn\u011bt na zastupitelstvo Prahy 1, kter\u00e9 se kon\u00e1 den p\u0159ed na\u0161\u00edm protestem, tzn. kon\u00e1 se 22.4.2015<\/p>\n<p>Cel\u00fd podn\u011bt, v\u010detn\u011b p\u0159\u00edloh je <a href=\"http:\/\/obcanskymonitoring.cz\/wp-content\/uploads\/2015\/04\/zast1.zip\">zde<\/a>.<\/p>\n<p><!--more--><\/p>\n<p><b>Kauza Mar\u0161meloun versus Ane\u017esk\u00fd kl\u00e1\u0161ter<\/b><\/p>\n<p>V\u011bc: Podn\u011bt pro zastupitelstvo Prahy 1, aktualizovan\u00e1 a dopln\u011bn\u00e1 verze, nahrazuje p\u0159ede\u0161l\u00e9 pod\u00e1n\u00ed.<\/p>\n<p>Datum pod\u00e1n\u00ed: 11.4.2015<\/p>\n<p><b>\u00davod<\/b><\/p>\n<p>Zastupitelstvo je dle z\u00e1kona o obc\u00edch povinno pe\u010dovat o sv\u011b\u0159en\u00fd majetek s p\u00e9\u010d\u00ed \u0159\u00e1dn\u00e9ho hospod\u00e1\u0159e. Jedn\u00edm z druh\u016f aktiv, kter\u00fdmi je nad\u00e1na Praha, je jej\u00ed kulturn\u00ed d\u011bdictv\u00ed. Praha m\u00e1 ze v\u0161ech \u010desk\u00fdch m\u011bst nejv\u011bt\u0161\u00ed mno\u017estv\u00ed historick\u00fdch pam\u00e1tek. P\u0159i\u010dem\u017e v\u016fbec nejv\u011bt\u0161\u00ed koncentrace t\u011bchto pam\u00e1tek je na Star\u00e9 Praze. N\u00e1v\u0161t\u011bvn\u00edci ze zahrani\u010d\u00ed p\u0159ij\u00ed\u017ed\u011bj\u00ed prohl\u00e9dnout si starou Prahu, nikoliv \u00a0nov\u00e1 s\u00eddli\u0161t\u011b a shopping parky (jejich\u017e d\u016fle\u017eitost pro Prahu nicm\u00e9n\u011b nepop\u00edr\u00e1m). \u00a0A nejde jen o turisty. Je jist\u00e9, \u017ee Pra\u017esk\u00e1 pam\u00e1tkov\u00e1 rezervace se velkou m\u011brou pod\u00edl\u00ed na atraktivit\u011b a magii Prahy, kter\u00e1 z Prahy u\u010dinila p\u00e1t\u00fd nejbohat\u0161\u00ed region Evropsk\u00e9 unie. Je v\u00a0z\u00e1jmu v\u0161ech pra\u017ean\u016f, aby si Praha tento v\u00fdjime\u010dn\u00fd status zachovala. \u017d\u00e1d\u00e1m o projedn\u00e1n\u00ed n\u00e1sleduj\u00edc\u00edho podn\u011btu na nejbli\u017e\u0161\u00edm mo\u017en\u00e9m jedn\u00e1n\u00ed zastupitelstva Prahy 1.<\/p>\n<p><b>Popis kauzy<\/b><\/p>\n<p>Investor, firma\u00a0 Praga Progetti e Investment, s.r.o. I\u010c: 25126172 \u017e\u00e1d\u00e1 o povolen\u00ed v\u00fdstavby modernistick\u00e9ho antropomorfn\u00edho bytov\u00e9ho domu (\u201eMar\u0161melounu\u201c) v\u00a0t\u011bsn\u00e9m sousedstv\u00ed pam\u00e1tky z\u00a0prvn\u00ed poloviny 13. stolet\u00ed, Ane\u017esk\u00e9ho kl\u00e1\u0161tera, jak dokl\u00e1d\u00e1 vizualizace:<\/p>\n<p>&nbsp;<\/p>\n<p>Jedn\u00e1 se o v\u00fdstavbu na pozemc\u00edch, vlastn\u011bn\u00fdch a\u017e na jednu v\u00fdjimku\u00a0 Hl. M. Prahou, kter\u00e9 m\u00e1 investor po dokon\u010den\u00ed stavby z\u00edskat do sv\u00e9ho vlastnictv\u00ed na z\u00e1klad\u011b smlouvy o smlouv\u011b budouc\u00ed, uzav\u0159en\u00e9 \u00a0MHMP.<\/p>\n<p><b>Lokace zam\u00fd\u0161len\u00e9 stavby<\/b><\/p>\n<p>Jedn\u00e1 se o pozemky na\u00a0 parcel\u00e1ch \u00a0\u010d. 904 (vlastn\u00ed investor), 905 (vlastn\u00ed Praha), 906 (vlastn\u00ed Praha), 907 (vlastn\u00ed Praha), 908 (vlastn\u00ed Praha), 909\/1, 910\/2, 910\/3, 1034, 1035, 1036\/1, 1036\/2, 900\/1, 900\/2, 901\/2 a 902\/2 v k.\u00fa. Star\u00e9 M\u011bsto, U Milosrdn\u00fdch, Koz\u00ed, Mal\u00e1 Kl\u00e1\u0161tersk\u00e1, Praha 1, kter\u00e9 se nach\u00e1zej\u00ed na \u00fazem\u00ed Pra\u017esk\u00e9 pam\u00e1tkov\u00e9 rezervace.<\/p>\n<p><b>Dokladov\u00e1n\u00ed nez\u00e1konnosti<\/b><\/p>\n<p>Citace ze z\u00e1vazn\u00e9ho stanoviska Ministerstva kultury z\u00a0roku 2010, kter\u00e9 investor sv\u00fdm stavebn\u00edm z\u00e1m\u011brem v\u00a0pln\u00e9m rozsahu poru\u0161uje. (Dodr\u017eeno nen\u00ed nic):<\/p>\n<p>\u201eV\u00fdstavba bytov\u00e9ho domu na pozemc\u00edch parc. \u010d. 904, 905, 906, 907, 908, 909\/1, 910\/2, 910\/3, 1034, 1035, 1036\/1, 1036\/2, 900\/1, 900\/2, 901\/2 a 902\/2 v k.\u00fa. Star\u00e9 M\u011bsto, U Milosrdn\u00fdch, Koz\u00ed, Mal\u00e1 Kl\u00e1\u0161tersk\u00e1, Praha 1, kter\u00e9 se nach\u00e1z\u00ed na \u00fazem\u00ed Pra\u017esk\u00e9 pam\u00e1tkov\u00e9 rezervace prohl\u00e1\u0161en\u00e9 na\u0159\u00edzen\u00edm vl\u00e1dy \u010d. 66\/1971 Sb., o pam\u00e1tkov\u00e9 rezervaci v hl. m\u011bst\u011b Praze, v rozsahu p\u0159edlo\u017een\u00e9 dokumentace Bytov\u00fd d\u016fm U Milosrdn\u00fdch, 110 Praha 1 \u2013 Star\u00e9 M\u011bsto, zpracovan\u00e9 Ing. arch. Mari\u00ed Ka\u0161parovou, CKA 00571, ve spole\u010dnosti PRINS spol. s r.o., Bruselsk\u00e1 14, Praha 2, v dubnu 2008 (kter\u00e1 je ulo\u017eena v archivu MHMP OKP pod \u010dj. 291918\/2008)\u00a0<b>je z hlediska z\u00e1jm\u016f st\u00e1tn\u00ed pam\u00e1tkov\u00e9 p\u00e9\u010de nep\u0159\u00edpustn\u00e1<\/b>.\u201c<\/p>\n<p>Ve v\u011bci bylo vyd\u00e1no p\u00edsemn\u00e9 vyj\u00e1d\u0159en\u00ed N\u00e1rodn\u00edho pam\u00e1tkov\u00e9ho \u00fastavu, \u00fazemn\u00edho odborn\u00e9ho pracovi\u0161t\u011b v hl. m\u011bst\u011b Praze (d\u00e1le t\u00e9\u017e \u201eNP\u00da-\u00daOPHMP\u201c nebo \u201eodborn\u00e1 organizace\u201c) \u010dj. NP\u00da 311\/7315\/2008 ze dne 16. \u010dervence 2008. Odborn\u00e1 organizace p\u0159i dodr\u017een\u00ed podm\u00ednek souhlasila s realizac\u00ed z\u00e1m\u011bru \u017eadatele. Po\u017eadovala:<\/p>\n<ol>\n<li>tradi\u010dn\u00ed \u010dlen\u011bn\u00ed, tzn. okenn\u00ed otvory (p\u0159\u00edpadn\u011b balkony nebo lod\u017eie) budou odpov\u00eddat patru, k n\u011bmu\u017e pat\u0159\u00ed, tj. nebudou zasahovat p\u0159es v\u00edce podla\u017e\u00ed<\/li>\n<li>fas\u00e1dy nebudou zav\u011b\u0161en\u00e9, ale budou tradi\u010dn\u011b \u0159e\u0161en\u00e9 s okny a p\u0159\u00edpadn\u011b dal\u0161\u00edmi prvky<\/li>\n<li>dvorn\u00ed fas\u00e1da nebude naklon\u011bna<\/li>\n<li>materi\u00e1l fas\u00e1dy bude tradi\u010dn\u00ed stejn\u011b jako st\u0159e\u0161n\u00ed krytina<\/li>\n<li>u strom\u016f navr\u017een\u00fdch ke k\u00e1cen\u00ed bude p\u0159edlo\u017een dendrologick\u00fd pr\u016fzkum<\/li>\n<li>upraven\u00fd n\u00e1vrh bude p\u0159edlo\u017een NP\u00da-\u00daOPHMP k posouzen\u00ed<\/li>\n<li>v dostate\u010dn\u00e9m p\u0159edstihu bude proveden z\u00e1chrann\u00fd archeologick\u00fd v\u00fdzkum<\/li>\n<li>stavebn\u00edmu \u00fa\u0159adu bude p\u0159edlo\u017eeno p\u00edsemn\u00e9 potvrzen\u00ed o proveden\u00ed z\u00e1chrann\u00e9ho archeologick\u00e9ho v\u00fdzkumu.<\/li>\n<\/ol>\n<p>Stanoven\u00e9 podm\u00ednky NP\u00da-\u00daOPHMP od\u016fvodnil mimo\u0159\u00e1dn\u011b citlivou polohou zam\u00fd\u0161len\u00e9 stavby na rozhran\u00ed p\u0159edasana\u010dn\u00ed z\u00e1stavby Ane\u017esk\u00e9 \u010dtvrti a asana\u010dn\u00edho \u00fazem\u00ed. P\u0159edev\u0161\u00edm se jedn\u00e1 o bezprost\u0159edn\u00ed sousedstv\u00ed kulturn\u00ed pam\u00e1tky barokn\u00edho Kl\u00e1\u0161tera Milosrdn\u00fdch brat\u0159\u00ed na z\u00e1padn\u00ed stran\u011b a n\u00e1rodn\u00ed kulturn\u00ed pam\u00e1tky Ane\u017esk\u00e9ho kl\u00e1\u0161tera. Extravagantnost voln\u011b rozh\u00e1zen\u00fdch velkoplo\u0161n\u00fdch otvor\u016f po fas\u00e1d\u011b, materi\u00e1lov\u00e9 \u0159e\u0161en\u00ed fas\u00e1dy, naklon\u011bn\u00ed dvorn\u00ed fas\u00e1dy ani p\u0159ev\u00fd\u0161en\u00e1 \u201est\u0159echa\u201c zam\u00fd\u0161len\u00e9 novostavby maskuj\u00edc\u00ed dv\u011b podla\u017e\u00ed neodpov\u00eddaj\u00ed ani vzd\u00e1len\u011b komorn\u00edmu prost\u0159ed\u00ed lokality. V minulosti se NP\u00da-\u00daOPHMP k z\u00e1stavb\u011b opakovan\u011b vyjad\u0159oval. Ve v\u011bci bylo vyd\u00e1no i rozhodnut\u00ed prvoinstan\u010dn\u00edho org\u00e1nu \u010dj. OPP 30694\/99 ze dne 4. \u0159\u00edjna 1999, v n\u011bm\u017e byly mimo jin\u00e9 stanoveny podm\u00ednky:<br \/>\n1. st\u0159echa objektu bude sedlov\u00e1 s v\u00fd\u0161kou h\u0159ebene + 17.2 = 204.8 m.n.m., k\u00f3ta korunn\u00ed \u0159\u00edmsy bude na \u00farovni +13.1 = 200.7 m.n,m.<\/p>\n<p>2. sedlov\u00e1 st\u0159echa bude m\u00edt krytinu z p\u00e1len\u00fdch ta\u0161ek bobrovek 3, okna budou d\u0159ev\u011bn\u00e1 v d\u0159ev\u011bn\u00fdch r\u00e1mech<br \/>\n4. om\u00edtky budou \u0161tukov\u00e9.<\/p>\n<p>\u2026<\/p>\n<p>C\u00edlem novostaveb vstupuj\u00edc\u00edch do tohoto prost\u0159ed\u00ed by m\u011bla b\u00fdt n\u00e1prava urbanistick\u00fdch omyl\u016f, spo\u010d\u00edvaj\u00edc\u00ed mimo jin\u00e9 ve scelen\u00ed st\u00e1vaj\u00edc\u00ed z\u00e1stavby a nikoliv v jej\u00edm dal\u0161\u00edm rozru\u0161ov\u00e1n\u00ed.<\/p>\n<p>Navr\u017een\u00e1 novostavba toto pojet\u00ed nespl\u0148uje, nebo\u0165 do historick\u00e9ho prost\u0159ed\u00ed vstupuje \u201eneadekv\u00e1tn\u00edm a bez nads\u00e1zky arogantn\u00edm\u201c zp\u016fsobem. Jej\u00ed solit\u00e9rn\u00ed kompozice, hrub\u00e9 architektonick\u00e9 \u0159e\u0161en\u00ed a a\u017e ostentativn\u00ed cizorodost je ve v\u00fdrazn\u00e9m a nesmysln\u011b prvopl\u00e1nov\u00e9m protikladu k dochovan\u00e9 historick\u00e9 z\u00e1stavb\u011b. Z\u00e1vazn\u00e9 stanovisko prvoinstan\u010dn\u00edho spr\u00e1vn\u00edho org\u00e1nu ozna\u010duje za vnit\u0159n\u011b rozporn\u00e9, kdy\u017e vyjma jedn\u00e9 vlastn\u00ed podm\u00ednky nestanovil \u017e\u00e1dn\u00e9 omezen\u00ed realizace z\u00e1m\u011bru \u017eadatele. Odborn\u00e1 organizace p\u0159itom podm\u00ednila uskute\u010dn\u011bn\u00ed z\u00e1m\u011bru mno\u017estv\u00edm konkr\u00e9tn\u00edch podm\u00ednek. Prvoinstan\u010dn\u00ed org\u00e1n neuvedl d\u016fvody, pro kter\u00e9 se odch\u00fdlil od vyj\u00e1d\u0159en\u00ed odborn\u00e9 organizace, pouze konstatoval, \u017ee se s jej\u00edmi n\u00e1mitkami neztoto\u017enil, ale p\u0159ihl\u00e9dl k vyj\u00e1d\u0159en\u00ed \u017eadatele. P\u0159edm\u011btn\u00e1 stavba je t\u00e9\u017e v rozporu s na\u0159\u00edzen\u00edm vl\u00e1dy \u010d. 66\/1971 Sb., kter\u00e9 ukl\u00e1d\u00e1 db\u00e1t p\u0159i nov\u00e9 v\u00fdstavb\u011b architektonick\u00fdch vztah\u016f ke kulturn\u00edm pam\u00e1tk\u00e1m a jejich soubor\u016fm a dotv\u00e1\u0159et jejich celky p\u0159im\u011b\u0159en\u00fdmi prost\u0159edky sou\u010dasn\u00e9 architektonick\u00e9 tvorby.\u201c<\/p>\n<p>&nbsp;<\/p>\n<p><b>P\u0159\u00edlohy podn\u011btu <\/b><i>(Odkaz otev\u0159ete stisknut\u00edm CTRL a kliknut\u00edm na odkaz my\u0161\u00ed)<\/i><b><\/b><\/p>\n<ol start=\"1\">\n<li><a href=\"http:\/\/obcanskymonitoring.cz\/wp-content\/uploads\/2015\/04\/Anezsky-klaster-Ministerstvo-kultury-zavazne-stanovisko.pdf\">Z\u00e1vazn\u00e9 stanovisko Ministerstva kultury z\u00a0roku 2010<\/a>. (Bylo ignorov\u00e1no stavebn\u00edm \u00fa\u0159adem, co\u017e je poru\u0161en\u00ed Stavebn\u00edho z\u00e1kona.)<\/li>\n<li><a href=\"http:\/\/obcanskymonitoring.cz\/wp-content\/uploads\/2015\/04\/Anezsky-klaster-Smlouva-o-budouci-kupni-smlouve.pdf\">Smlouva o smlouv\u011b budouc\u00ed mezi MHMP a investorem<\/a>. (Praha prod\u00e1v\u00e1 investorovi pozemky pro stavbu za cenu ni\u017e\u0161\u00ed ne\u017e je v\u00a0m\u00edst\u011b obvykl\u00e1), co\u017e je poru\u0161en\u00ed z\u00e1kona o obc\u00edch a poru\u0161en\u00ed povinnosti p\u0159i spr\u00e1v\u011b ciz\u00edho majetku dle NOZ.<\/li>\n<li><a href=\"http:\/\/obcanskymonitoring.cz\/?p=3750\">Vizualizace zam\u00fd\u0161len\u00e9 stavby<\/a>\u00a0(Dokladuje nerespektov\u00e1n\u00ed Pra\u017esk\u00e9 pam\u00e1tkov\u00e9 rezervace, stavba je vestav\u011bna p\u0159es ze\u010f Ane\u017esk\u00e9ho kl\u00e1\u0161tera). \u2013 Poru\u0161en\u00ed pam\u00e1tkov\u00e9ho z\u00e1kona.<\/li>\n<li><a href=\"http:\/\/obcanskymonitoring.cz\/?p=3699\">Mar\u0161meloun versus Ane\u017esk\u00fd kl\u00e1\u0161ter &#8211; Popis kauzy<\/a>.<\/li>\n<li><a href=\"https:\/\/www.facebook.com\/events\/990898514263439\/\">Sn\u00edmek facebookov\u00e9 str\u00e1nky protestu<\/a>: p\u0159es 1300 demonstrant\u016f.<\/li>\n<\/ol>\n<p><b>N\u00e1vrh usnesen\u00ed <\/b>(ka\u017ed\u00fd bod je samostatn\u00fdm podn\u011btem, \u017e\u00e1d\u00e1m, aby o ka\u017ed\u00e9m bodu bylo hlasov\u00e1no zvl\u00e1\u0161\u0165)<b><\/b><\/p>\n<p>Zastupitelstvo prahy 1<\/p>\n<ol>\n<li><b>Vzalo na v\u011bdom\u00ed pl\u00e1novan\u00fd protest<\/b> odp\u016frc\u016f stavby modernistick\u00e9ho bytov\u00e9ho domu U milosrdn\u00fdch v\u00a0bezprost\u0159edn\u00ed bl\u00edzkosti pam\u00e1tky z\u00a0prvn\u00ed poloviny 13. stolet\u00ed, Ane\u017esk\u00e9ho kl\u00e1\u0161tera. Demonstrace se konala 15.4. od 18 hodin p\u0159ed budovou \u00da\u0159adu Praha 1 Vodi\u010dkova 18. Na demonstraci bylo na facebooku p\u0159ihl\u00e1\u0161eno <b>p\u0159es 1500 ob\u010dan\u016f<\/b>, kte\u0159\u00ed \u017e\u00e1daj\u00ed, aby v\u00a0t\u00e9to kauze byl dodr\u017een z\u00e1kon. Fyzicky se protestu z\u00fa\u010dastnilo <b>p\u0159es 500 ob\u010dan\u016f<\/b>, protest prob\u011bhl s\u00a0podporou n\u00e1m\u011bstka prim\u00e1torky MHMP Mat\u011bje Stropnick\u00e9ho, radn\u00edho pro kulturu Jana Wolfa, zastupitelky MHMP Petry Kol\u00ednsk\u00e9 a \u0159ady zastupitel\u016f Prahy 1.<\/li>\n<li><b>P\u0159ijalo usnesen\u00ed<\/b>, \u017ee pl\u00e1novan\u00e1 stavba nerespektuje politiku v\u00fdstavby na Praze 1 a z\u00e1sady ochrany pam\u00e1tek dle p\u0159ijat\u00fdch politik Prahy 1.<\/li>\n<li><b>Pod\u00e1v\u00e1 dotaz na stavebn\u00ed odbor Prahy 1, pro\u010d Stavebn\u00ed \u00fa\u0159ad Prahy 1 <\/b>v\u00a0\u00fazemn\u00edm \u0159\u00edzen\u00ed a ve stavebn\u00edm povolen\u00ed nevzal v\u00a0potaz Z\u00e1vazn\u00e9 stanovisko Ministerstva kultury z\u00a0roku 2010, resp. po\u017eadavky NP\u00da v\u00a0n\u011bm uv\u00e1d\u011bn\u00e9, pro\u010d tyto po\u017eadavky byly ze spisu vyjmuty?<\/li>\n<li><b>Pod\u00e1v\u00e1 dotaz na stavebn\u00ed odbor Prahy 1 pro\u0161et\u0159it, pro\u010d Stavebn\u00ed \u00fa\u0159ad Prahy 1<\/b> nevypo\u0159\u00e1dal n\u00e1mitky,<b> <\/b>podan\u00e9<b> <\/b>ob\u010dansk\u00fdmi sdru\u017een\u00edmi a dot\u010den\u00fdmi SVJ v\u00a0\u00fazemn\u00edm \u0159\u00edzen\u00ed. (U v\u0161ech p\u0159ipom\u00ednek byl uveden prost\u00fd p\u0159\u00edpis dvou slov: \u201eZam\u00edt\u00e1 se\u201c) \u2013 bez uveden\u00ed dal\u0161\u00edho d\u016fvodu. Tento postup je v\u00a0rozporu se Stavebn\u00edm z\u00e1konem a zakl\u00e1d\u00e1 procesn\u00ed neplatnost \u00fazemn\u00edho \u0159\u00edzen\u00ed.<\/li>\n<li><b>Pod\u00e1v\u00e1 podn\u011bt na zastupitelstvo MHMP a na kontroln\u00ed v\u00fdbor MHMP<\/b>, \u017ee smlouva mezi MHMP a investorem je ze strany investora nedodr\u017eov\u00e1na, cituji dot\u010denou \u010d\u00e1st smlouvy, kterou investor poru\u0161il: &#8220;\u00da\u010delem t\u00e9to smlouvy (Smlouvy o smlouv\u011b budouc\u00ed), je poskytnout budouc\u00edmu kupuj\u00edc\u00edmu pozemky pro v\u00fdstavbu domu uveden\u00e9ho v ustanoven\u00ed 1.2. s c\u00edlem zajistit, aby tato v\u00fdstavba prob\u011bhla v souladu s architektonick\u00fdm charakterem Star\u00e9ho M\u011bsta a s m\u00edstn\u00edmi pot\u0159ebami.&#8221; Toto prokazateln\u011b nebylo dodr\u017eeno (nedodr\u017een\u00ed z\u00e1vazn\u00e9ho stanoviska Ministerstva\u00a0 kultury a po\u017eadavk\u016f NP\u00da) a vzhledem k\u00a0tomu, \u017ee Praha 1 je v\u00a0d\u016fsledku nedodr\u017eov\u00e1n\u00ed t\u00e9to smlouvy tzv. po\u0161kozenou t\u0159et\u00ed stranou, m\u016f\u017ee b\u00fdt i stranou \u017ealuj\u00edc\u00ed nepln\u011bn\u00ed podm\u00ednek dle t\u00e9to smlouvy.<\/li>\n<li><b>Pod\u00e1v\u00e1 podn\u011bt na kontroln\u00ed v\u00fdbor Prahy 1 <\/b>ke kontrole smlouvy o smlouv\u011b budouc\u00ed (viz p\u0159\u00edlohy) \u00a0s\u00a0upozorn\u011bn\u00edm na skute\u010dnosti, \u017ee prodejn\u00ed cena pozemk\u016f pro stavbu investorovi je ni\u017e\u0161\u00ed, ne\u017e je cena obvykl\u00e1. (Jedn\u00e1 se o po\u0159izovac\u00ed restitu\u010dn\u00ed cenu, jak dokl\u00e1d\u00e1me v p\u0159\u00edloze.) \u2013 Tento postup stanoven\u00ed ceny je nez\u00e1konn\u00fd a zakl\u00e1d\u00e1 neplatnost t\u00e9to smlouvy.<\/li>\n<li><b>Pod\u00e1v\u00e1 podn\u011bt ke kontroln\u00edmu v\u00fdboru Prahy 1 k zah\u00e1jen\u00ed p\u0159ezkumu <\/b>dosavadn\u00edch rozhodnut\u00ed Prahy 1 v\u00a0t\u00e9to kauze, v\u010detn\u011b prov\u011b\u0159en\u00ed existence a \u0159\u00e1dn\u00e9ho zve\u0159ejn\u011bn\u00ed z\u00e1m\u011bru.<\/li>\n<li><b>Pod\u00e1v\u00e1 podn\u011bt ke kontroln\u00edmu v\u00fdboru Prahy 1<\/b> k\u00a0p\u0159ezkoum\u00e1n\u00ed procesu, jak\u00fdm je prov\u00e1d\u011bna politika pam\u00e1tkov\u00e9 ochrany na Praze 1, pokud je na takto k\u0159iklav\u00fdch p\u0159\u00edpadech dolo\u017eiteln\u00e9, \u017ee tato ochrana v\u00a0rozporu se z\u00e1konem neprob\u00edh\u00e1. C\u00edlem kontroly\u00a0 nech\u0165 \u00a0je i n\u00e1vrh procesn\u00edch \u010di organiza\u010dn\u00edch opat\u0159en\u00ed, kter\u00e9 zamez\u00ed podobn\u00fdm kauz\u00e1m do budoucna.<\/li>\n<li><b>Pod\u00e1v\u00e1 dotaz na pr\u00e1vn\u00edka Prahy 1<\/b>, aby p\u0159ezkoumal smlouvu o smlouv\u011b budouc\u00ed mezi MHMP a investorem, konkr\u00e9tn\u011b podm\u00ednky odstoupen\u00ed MHMP od smlouvy se z\u00e1m\u011brem tuto pro Prahu a zejm\u00e9na pro Prahu 1 nev\u00fdhodnou smlouvu vypov\u011bd\u011bt.\u00a0 (Pokud do ur\u010dit\u00e9ho term\u00ednu nenastane stavebn\u00ed povolen\u00ed, smlouva se ru\u0161\u00ed).<\/li>\n<li><b>P\u0159ij\u00edm\u00e1 usnesen\u00ed<\/b>, \u017ee v\u00a0p\u0159\u00edpad\u011b, \u017ee bude investorovi ud\u011bleno stavebn\u00ed m \u00fa\u0159adem stavebn\u00ed povolen\u00ed, pod\u00e1 M\u010c Prahy 1 <b>odvol\u00e1n\u00ed<\/b>, kter\u00e9 bude formulovat v\u00fd\u0161e uveden\u00e9 (a d\u00e1le kontroln\u00edm v\u00fdborem zji\u0161t\u011bn\u00e9 p\u0159ipom\u00ednky).<\/li>\n<li><b>P\u0159ij\u00edm\u00e1 usnesen\u00ed, <\/b>aby M\u010c Praha 1 podala \u017ealobu za nepln\u011bn\u00ed smlouvy mezi MHMP a investorem. Praha 1 je v\u00a0pozici tzv.<b> <\/b>po\u0161kozen\u00e9 t\u0159et\u00ed strany ze smlouvy o smlouv\u011b budouc\u00ed kupn\u00ed, s\u00a0legitimac\u00ed k\u00a0pod\u00e1n\u00ed \u017ealoby.<\/li>\n<\/ol>\n<p><b>\u00a0<\/b><\/p>\n<p><b>Vypracoval<\/b><\/p>\n<p>Ob\u010dansk\u00fd monitoring , <a href=\"http:\/\/www.obcanskymonitoring.cz\/\">www.obcanskymonitoring.cz<\/a><\/p>\n<p>Kontakt: Mgr. V\u00edt\u011bzslav Praks, PhD.<\/p>\n<p><a href=\"mailto:info@obcanskymonitoring.cz\">info@obcanskymonitoring.cz<\/a><\/p>\n<p>Datov\u00e1 schr\u00e1nka: 9t5ftud<\/p>\n<p>Tel. 606\u00a0577\u00a0286<\/p>\n<p>&nbsp;<\/p>\n<p><a href=\"http:\/\/www.petice24.com\/petice_marmeloun_versus_anesky_klater\">Online petice Mar\u0161meloun versus Ane\u017esk\u00fd kl\u00e1\u0161ter.<\/a>\u00a0&#8211; D\u011bkuji za podpis, sd\u00edlen\u00ed, p\u0159epos\u00edl\u00e1n\u00ed.<\/p>\n<p>Odkaz na\u00a0<a href=\"https:\/\/www.facebook.com\/events\/990898514263439\">facebookovou ud\u00e1lost demonstrace &#8211;<\/a>\u00a0aktu\u00e1ln\u011b protest podporuje p\u0159es 1500 demonstrant\u016f.<\/p>\n<div data-counters='1' data-style='square' data-size='regular' data-url='https:\/\/obcanskymonitoring.cz\/?p=3766' data-title='Podn\u011bt Ringu pro zastupitelstvo Prahy 1: Kauza Mar\u0161meloun versus Ane\u017esk\u00fd kl\u00e1\u0161ter' class='linksalpha_container linksalpha_app_3'><a href='\/\/www.linksalpha.com\/share?network='facebook' class='linksalpha_icon_facebook'><\/a><a href='\/\/www.linksalpha.com\/share?network='twitter' class='linksalpha_icon_twitter'><\/a><a href='\/\/www.linksalpha.com\/share?network='googleplus' class='linksalpha_icon_googleplus'><\/a><a href='\/\/www.linksalpha.com\/share?network='mail' class='linksalpha_icon_mail'><\/a><\/div><div data-position='' data-url='https:\/\/obcanskymonitoring.cz\/?p=3766' data-title='Podn\u011bt Ringu pro zastupitelstvo Prahy 1: Kauza Mar\u0161meloun versus Ane\u017esk\u00fd kl\u00e1\u0161ter' class='linksalpha_container linksalpha_app_7'><a href='\/\/www.linksalpha.com\/share?network='facebook' class='linksalpha_icon_facebook'><\/a><a href='\/\/www.linksalpha.com\/share?network='twitter' class='linksalpha_icon_twitter'><\/a><a href='\/\/www.linksalpha.com\/share?network='googleplus' class='linksalpha_icon_googleplus'><\/a><a href='\/\/www.linksalpha.com\/share?network='mail' class='linksalpha_icon_mail'><\/a><\/div>","protected":false},"excerpt":{"rendered":"<p>&nbsp;992&nbsp;total views V kauze Mar\u0161meloun versus\u00a0Ane\u017esk\u00fd kl\u00e1\u0161ter, pod\u00e1v\u00e1me podn\u011bt na zastupitelstvo Prahy 1, kter\u00e9 se kon\u00e1 den p\u0159ed na\u0161\u00edm protestem, tzn. kon\u00e1 se 22.4.2015 Cel\u00fd podn\u011bt, v\u010detn\u011b p\u0159\u00edloh je zde.<\/p>\n","protected":false},"author":2,"featured_media":0,"comment_status":"open","ping_status":"open","sticky":true,"template":"","format":"standard","meta":[],"categories":[23],"tags":[],"_links":{"self":[{"href":"https:\/\/obcanskymonitoring.cz\/index.php?rest_route=\/wp\/v2\/posts\/3766"}],"collection":[{"href":"https:\/\/obcanskymonitoring.cz\/index.php?rest_route=\/wp\/v2\/posts"}],"about":[{"href":"https:\/\/obcanskymonitoring.cz\/index.php?rest_route=\/wp\/v2\/types\/post"}],"author":[{"embeddable":true,"href":"https:\/\/obcanskymonitoring.cz\/index.php?rest_route=\/wp\/v2\/users\/2"}],"replies":[{"embeddable":true,"href":"https:\/\/obcanskymonitoring.cz\/index.php?rest_route=%2Fwp%2Fv2%2Fcomments&post=3766"}],"version-history":[{"count":0,"href":"https:\/\/obcanskymonitoring.cz\/index.php?rest_route=\/wp\/v2\/posts\/3766\/revisions"}],"wp:attachment":[{"href":"https:\/\/obcanskymonitoring.cz\/index.php?rest_route=%2Fwp%2Fv2%2Fmedia&parent=3766"}],"wp:term":[{"taxonomy":"category","embeddable":true,"href":"https:\/\/obcanskymonitoring.cz\/index.php?rest_route=%2Fwp%2Fv2%2Fcategories&post=3766"},{"taxonomy":"post_tag","embeddable":true,"href":"https:\/\/obcanskymonitoring.cz\/index.php?rest_route=%2Fwp%2Fv2%2Ftags&post=3766"}],"curies":[{"name":"wp","href":"https:\/\/api.w.org\/{rel}","templated":true}]}}