{"id":3897,"date":"2015-04-20T06:21:14","date_gmt":"2015-04-20T06:21:14","guid":{"rendered":"http:\/\/obcanskymonitoring.cz\/?p=3897"},"modified":"2015-04-20T06:21:14","modified_gmt":"2015-04-20T06:21:14","slug":"arch-svabova-k-marsmelounu-projev-na-demonstraci","status":"publish","type":"post","link":"https:\/\/obcanskymonitoring.cz\/?p=3897","title":{"rendered":"Arch. \u0160v\u00e1bov\u00e1 k Mar\u0161melounu (projev na demonstraci)"},"content":{"rendered":"<div class=\"pvc_clear\"><\/div>\n<p class=\"pvc_stats total_only \" data-element-id=\"3897\" style=\"\"><i class=\"pvc-stats-icon medium\" aria-hidden=\"true\"><svg xmlns=\"http:\/\/www.w3.org\/2000\/svg\" version=\"1.0\" viewBox=\"0 0 502 315\" preserveAspectRatio=\"xMidYMid meet\"><g transform=\"translate(0,332) scale(0.1,-0.1)\" fill=\"\" stroke=\"none\"><path d=\"M2394 3279 l-29 -30 -3 -207 c-2 -182 0 -211 15 -242 39 -76 157 -76 196 0 15 31 17 60 15 243 l-3 209 -33 29 c-26 23 -41 29 -80 29 -41 0 -53 -5 -78 -31z\"\/><path d=\"M3085 3251 c-45 -19 -58 -50 -96 -229 -47 -217 -49 -260 -13 -295 52 -53 146 -42 177 20 16 31 87 366 87 410 0 70 -86 122 -155 94z\"\/><path d=\"M1751 3234 c-13 -9 -29 -31 -37 -50 -12 -29 -10 -49 21 -204 19 -94 39 -189 45 -210 14 -50 54 -80 110 -80 34 0 48 6 76 34 21 21 34 44 34 59 0 14 -18 113 -40 219 -37 178 -43 195 -70 221 -36 32 -101 37 -139 11z\"\/><path d=\"M1163 3073 c-36 -7 -73 -59 -73 -102 0 -56 133 -378 171 -413 34 -32 83 -37 129 -13 70 36 67 87 -16 290 -86 209 -89 214 -129 231 -35 14 -42 15 -82 7z\"\/><path d=\"M3689 3066 c-15 -9 -33 -30 -42 -48 -48 -103 -147 -355 -147 -375 0 -98 131 -148 192 -74 13 15 57 108 97 206 80 196 84 226 37 273 -30 30 -99 39 -137 18z\"\/><path d=\"M583 2784 c-38 -19 -67 -74 -58 -113 9 -42 211 -354 242 -373 16 -10 45 -18 66 -18 51 0 107 52 107 100 0 39 -1 41 -124 234 -80 126 -108 162 -133 173 -41 17 -61 16 -100 -3z\"\/><path d=\"M4250 2784 c-14 -9 -74 -91 -133 -183 -95 -150 -107 -173 -107 -213 0 -55 33 -94 87 -104 67 -13 90 8 211 198 130 202 137 225 78 284 -27 27 -42 34 -72 34 -22 0 -50 -8 -64 -16z\"\/><path d=\"M2275 2693 c-553 -48 -1095 -270 -1585 -649 -135 -104 -459 -423 -483 -476 -23 -49 -22 -139 2 -186 73 -142 361 -457 571 -626 285 -228 642 -407 990 -497 242 -63 336 -73 660 -74 310 0 370 5 595 52 535 111 1045 392 1455 803 122 121 250 273 275 326 19 41 19 137 0 174 -41 79 -309 363 -465 492 -447 370 -946 591 -1479 653 -113 14 -422 18 -536 8z m395 -428 c171 -34 330 -124 456 -258 112 -119 167 -219 211 -378 27 -96 24 -300 -5 -401 -72 -255 -236 -447 -474 -557 -132 -62 -201 -76 -368 -76 -167 0 -236 14 -368 76 -213 98 -373 271 -451 485 -162 444 86 934 547 1084 153 49 292 57 452 25z m909 -232 c222 -123 408 -262 593 -441 76 -74 138 -139 138 -144 0 -16 -233 -242 -330 -319 -155 -123 -309 -223 -461 -299 l-81 -41 32 46 c18 26 49 83 70 128 143 306 141 649 -6 957 -25 52 -61 116 -79 142 l-34 47 45 -20 c26 -10 76 -36 113 -56z m-2057 25 c-40 -58 -105 -190 -130 -263 -110 -324 -59 -707 132 -981 25 -35 42 -64 37 -64 -19 0 -241 119 -326 174 -188 122 -406 314 -532 468 l-58 71 108 103 c185 178 428 349 672 473 66 33 121 60 123 61 2 0 -10 -19 -26 -42z\"\/><path d=\"M2375 1950 c-198 -44 -350 -190 -395 -379 -18 -76 -8 -221 19 -290 114 -284 457 -406 731 -260 98 52 188 154 231 260 27 69 37 214 19 290 -38 163 -166 304 -326 360 -67 23 -215 33 -279 19z\"\/><\/g><\/svg><\/i> &nbsp;957&nbsp;total views<\/p>\n<div class=\"pvc_clear\"><\/div>\n<p>P\u0159etiskujeme projev <a href=\"http:\/\/obcanskymonitoring.cz\/?page_id=3014\">pan\u00ed architektky \u0160v\u00e1bov\u00e9<\/a> na demonstraci proti kauze <a href=\"http:\/\/obcanskymonitoring.cz\/?p=3699\">Mar\u0161meloun<\/a>.<\/p>\n<p><!--more--><\/p>\n<p>P\u0159\u00e1tel\u00e9, se\u0161li jsme se tu, abychom zabr\u00e1nili realizaci stavby, kterou schv\u00e1lil N\u00e1rodn\u00ed pam\u00e1tkov\u00fd \u00fastav i Magistr\u00e1t. Ve\u0159ejnost si ji\u017e uv\u011bdomuje, \u017ee v\u00a0Praze prob\u00edh\u00e1 divok\u00e1 privatizace na\u0161eho kulturn\u00edho d\u011bdictv\u00ed. Jsme tu proto, \u017ee ti, kte\u0159\u00ed by ho m\u011bli br\u00e1nit, kter\u00e9 kv\u016fli tomu plat\u00edme ze sv\u00fdch pen\u011bz, n\u00e1m na\u0161e pam\u00e1tky, na\u0161e kulturn\u00ed d\u011bdictv\u00ed ni\u010d\u00ed. V\u00a0Praze je na 40 ob\u010dansk\u00fdch sdru\u017een\u00ed, jejich\u017e \u010dlenov\u00e9 v\u011bnuj\u00ed ve\u0161ker\u00fd voln\u00fd \u010das a mnohdy i vlastn\u00ed finan\u010dn\u00ed prost\u0159edky na to, aby Praha neztratila svou tv\u00e1\u0159, abychom st\u00e1le v\u011bd\u011bli, \u017ee jsme tu doma.<\/p>\n<p>H\u00e1j\u00edme Prahu tak, jak n\u00e1m umo\u017e\u0148uje z\u00e1kon \u2013 p\u0159edkl\u00e1d\u00e1me v\u00a0z\u00e1konn\u00e9 lh\u016ft\u011b p\u0159ipom\u00ednky k\u00a0projektov\u00e9 dokumentaci v\u00a0bl\u00e1hov\u00e9 p\u0159edstav\u011b, \u017ee budou projedn\u00e1ny. Ned\u011bje se tak. Nikdo se neobt\u011b\u017euje hledat\u00a0argumenty, kter\u00e9 by na\u0161e v\u011bcn\u00e9 p\u0159ipom\u00ednky vyvr\u00e1tily \u2013 odpov\u011b\u010f \u00fa\u0159adu je v\u017edy lapid\u00e1rn\u00ed, jednozna\u010dn\u00e1 a v\u017edy stejn\u00e1: <b>zam\u00edt\u00e1 se.<\/b> Projedn\u00e1v\u00e1n\u00ed se tedy nekonalo, institut projedn\u00e1n\u00ed nahradila arogance \u00fa\u0159edn\u00edk\u016f. V\u00a0demokratick\u00e9 zemi je takov\u00e9 jedn\u00e1n\u00ed nep\u0159ijateln\u00e9, nezb\u00fdv\u00e1, ne\u017e konstatovat, \u017ee \u00fazemn\u00ed rozhodnut\u00ed projedn\u00e1no nebylo a my ho proto pr\u00e1vem pova\u017eujeme za neplatn\u00e9.<\/p>\n<p>V\u00a0p\u0159\u00edpad\u011b bytov\u00e9ho domu U Milosrdn\u00fdch jsme upozornili na to, \u017ee navrhovan\u00e1 stavba svou brut\u00e1ln\u00ed p\u0159edimenzovanou hmotou vstupuje do mimo\u0159\u00e1dn\u011b cenn\u00e9ho \u00fazem\u00ed, kde potla\u010duje a degraduje v\u00fdznamn\u00e9 dominanty \u2013 n\u00e1rodn\u00ed kulturn\u00ed pam\u00e1tku &#8211; are\u00e1l kl\u00e1\u0161tera svat\u00e9 Ane\u017eky \u010desk\u00e9 s\u00a0kostely sv. Ane\u017eky a Franti\u0161ka i objekty kl\u00e1\u0161tera Milosrdn\u00fdch brat\u0159\u00ed u sv. Judy a Tade\u00e1\u0161e. Mezi z\u00e1stavbu s\u00a0m\u011b\u0159\u00edtkem dochov\u00e1vaj\u00edc\u00edm historickou parcelaci vstupuje obr, kter\u00e9mu nesta\u010d\u00ed ani 5 p\u016fvodn\u00edch parcel a pronik\u00e1 je\u0161t\u011b na pozemek kl\u00e1\u0161tera sv. Ane\u017eky, co\u017e mu spr\u00e1va N\u00e1rodn\u00ed galerie ochotn\u011b umo\u017e\u0148uje. Fas\u00e1du \u0161pit\u00e1lu Milosrdn\u00fdch brat\u0159\u00ed v\u00a0bezprost\u0159edn\u00edm sousedstv\u00ed p\u0159evy\u0161uje o 3m, od drobn\u00e9 \u0159adov\u00e9 z\u00e1stavby vedouc\u00ed ke vstupu do N\u00e1rodn\u00ed galerie, odstupuje pouh\u00e9 2m. Upozornili jsme na to, \u017ee je ni\u010dena st\u0159e\u0161n\u00ed krajina pravob\u0159e\u017en\u00edho panoramatu \u2013 mezi sedlov\u00e9 st\u0159echy s\u00a0\u010dervenou keramickou krytinou p\u0159en\u00e1\u0161ej\u00edc\u00ed m\u011b\u0159\u00edtko st\u0159edov\u011bk\u00fdch parcel, se dere obrovsk\u00e1 sv\u011btl\u00e1 ploch\u00e1 st\u0159echa. Tyto nesporn\u00e9 skute\u010dnosti se jednodu\u0161e zam\u00edtly. Pro zaj\u00edmavost uv\u00e1d\u00edm argumenty z\u00a0druh\u00e9 strany \u2013 autor projektu vysv\u011btlil p\u0159i ve\u0159ejn\u00e9 prezentaci projektu v\u00a0Klubu za starou Prahu sv\u016fj p\u0159\u00edstup k\u00a0historick\u00e9 z\u00e1stavb\u011b t\u00edm, \u017ee zhmotnil pov\u011bsti o Golemovi. Magistr\u00e1t &#8211; odd\u011blen\u00ed pam\u00e1tkov\u00e9 p\u00e9\u010de to ve sv\u00e9m z\u00e1vazn\u00e9m stanovisku z\u00a0r. 2010 vid\u00ed trochu jinak \u2013 jsou tu \u00fadajn\u011b architektonick\u00fdmi prost\u0159edky vyj\u00e1d\u0159ena Foglarova St\u00ednadla. Praha je n\u00e1dhern\u00e9, zcela v\u00fdjime\u010dn\u00e9 m\u011bsto \u2013 nechceme z\u00a0n\u011bho m\u00edt \u0161patn\u00e9 komiksy.<\/p>\n<p>St\u00e1le jsme pou\u010dov\u00e1ni o tom, \u017ee nerozum\u00edme sou\u010dasn\u00e9 architektu\u0159e, \u017ee si na ni mus\u00edme zvykat. \u017de architektura m\u00e1 v\u017edy p\u0159in\u00e9st zm\u011bnu, \u0161okovat, p\u0159in\u00e1\u0161et emoce \u2013 lhostejno jak\u00e9. Ukazuj\u00ed n\u00e1m obr\u00e1zky architektury zcela neobvykl\u00fdch vesm\u011bs na po\u010d\u00edta\u010di vyroben\u00fdch tvar\u016f, kter\u00e1 obohatila z\u00e1padn\u00ed m\u011bsta. V\u00a0chaotick\u00e9, v\u00a0podstat\u011b monot\u00f3nn\u00ed z\u00e1stavb\u011b n\u011bkter\u00fdch americk\u00fdch nebo i evropsk\u00fdch m\u011bst m\u016f\u017ee podobn\u00e1 stavba plnit funkci orienta\u010dn\u00ed, vytvo\u0159it chyb\u011bj\u00edc\u00ed dominantu ve sv\u00e9m okol\u00ed. Praha m\u00e1 dost vlastn\u00edch dominant harmonicky prov\u00e1zan\u00fdch s\u00a0okoln\u00ed z\u00e1stavbou i modelac\u00ed ter\u00e9nu, nepot\u0159ebuje zm\u011bny sv\u00e9 toto\u017enosti, ale pochopen\u00ed, citliv\u00fd p\u0159\u00edstup. Toho se bohu\u017eel na\u0161im pam\u00e1tk\u00e1\u0159\u016fm nedost\u00e1v\u00e1. Zd\u00e1 se, \u017ee je pouze na n\u00e1s, jestli ji uh\u00e1j\u00edme. V\u011b\u0159\u00edm pevn\u011b, \u017ee my Prahu developer\u016fm ned\u00e1me.<\/p>\n<p>&nbsp;<\/p>\n<p>Facebookov\u00e1 ud\u00e1lost protestu je zde:\u00a0\u00a0<a href=\"https:\/\/www.facebook.com\/events\/990898514263439\/\" data-cke-saved-href=\"https:\/\/www.facebook.com\/events\/990898514263439\/\">Demonstrace Ane\u017esk\u00fd kl\u00e1\u0161ter versus Mar\u0161meloun<\/a>.<\/p>\n<p><a href=\"http:\/\/www.petice24.com\/petice_marmeloun_versus_anesky_klater\">Online petice Mar\u0161meloun versus Ane\u017esk\u00fd kl\u00e1\u0161ter.<\/a>\u00a0&#8211; D\u011bkuji za podpis, sd\u00edlen\u00ed, p\u0159epos\u00edl\u00e1n\u00ed.<\/p>\n<div data-counters='1' data-style='square' data-size='regular' data-url='https:\/\/obcanskymonitoring.cz\/?p=3897' data-title='Arch. \u0160v\u00e1bov\u00e1 k Mar\u0161melounu (projev na demonstraci)' class='linksalpha_container linksalpha_app_3'><a href='\/\/www.linksalpha.com\/share?network='facebook' class='linksalpha_icon_facebook'><\/a><a href='\/\/www.linksalpha.com\/share?network='twitter' class='linksalpha_icon_twitter'><\/a><a href='\/\/www.linksalpha.com\/share?network='googleplus' class='linksalpha_icon_googleplus'><\/a><a href='\/\/www.linksalpha.com\/share?network='mail' class='linksalpha_icon_mail'><\/a><\/div><div data-position='' data-url='https:\/\/obcanskymonitoring.cz\/?p=3897' data-title='Arch. \u0160v\u00e1bov\u00e1 k Mar\u0161melounu (projev na demonstraci)' class='linksalpha_container linksalpha_app_7'><a href='\/\/www.linksalpha.com\/share?network='facebook' class='linksalpha_icon_facebook'><\/a><a href='\/\/www.linksalpha.com\/share?network='twitter' class='linksalpha_icon_twitter'><\/a><a href='\/\/www.linksalpha.com\/share?network='googleplus' class='linksalpha_icon_googleplus'><\/a><a href='\/\/www.linksalpha.com\/share?network='mail' class='linksalpha_icon_mail'><\/a><\/div>","protected":false},"excerpt":{"rendered":"<p>&nbsp;957&nbsp;total views P\u0159etiskujeme projev pan\u00ed architektky \u0160v\u00e1bov\u00e9 na demonstraci proti kauze Mar\u0161meloun.<\/p>\n","protected":false},"author":2,"featured_media":0,"comment_status":"open","ping_status":"open","sticky":true,"template":"","format":"standard","meta":[],"categories":[8,23,10],"tags":[],"_links":{"self":[{"href":"https:\/\/obcanskymonitoring.cz\/index.php?rest_route=\/wp\/v2\/posts\/3897"}],"collection":[{"href":"https:\/\/obcanskymonitoring.cz\/index.php?rest_route=\/wp\/v2\/posts"}],"about":[{"href":"https:\/\/obcanskymonitoring.cz\/index.php?rest_route=\/wp\/v2\/types\/post"}],"author":[{"embeddable":true,"href":"https:\/\/obcanskymonitoring.cz\/index.php?rest_route=\/wp\/v2\/users\/2"}],"replies":[{"embeddable":true,"href":"https:\/\/obcanskymonitoring.cz\/index.php?rest_route=%2Fwp%2Fv2%2Fcomments&post=3897"}],"version-history":[{"count":0,"href":"https:\/\/obcanskymonitoring.cz\/index.php?rest_route=\/wp\/v2\/posts\/3897\/revisions"}],"wp:attachment":[{"href":"https:\/\/obcanskymonitoring.cz\/index.php?rest_route=%2Fwp%2Fv2%2Fmedia&parent=3897"}],"wp:term":[{"taxonomy":"category","embeddable":true,"href":"https:\/\/obcanskymonitoring.cz\/index.php?rest_route=%2Fwp%2Fv2%2Fcategories&post=3897"},{"taxonomy":"post_tag","embeddable":true,"href":"https:\/\/obcanskymonitoring.cz\/index.php?rest_route=%2Fwp%2Fv2%2Ftags&post=3897"}],"curies":[{"name":"wp","href":"https:\/\/api.w.org\/{rel}","templated":true}]}}