{"id":3922,"date":"2015-04-23T06:04:32","date_gmt":"2015-04-23T06:04:32","guid":{"rendered":"http:\/\/obcanskymonitoring.cz\/?p=3922"},"modified":"2015-04-23T06:05:21","modified_gmt":"2015-04-23T06:05:21","slug":"marsmeloun-interpelace-ministra-kultury","status":"publish","type":"post","link":"https:\/\/obcanskymonitoring.cz\/?p=3922","title":{"rendered":"Mar\u0161meloun: Interpelace ministra kultury"},"content":{"rendered":"<div class=\"pvc_clear\"><\/div>\n<p class=\"pvc_stats total_only \" data-element-id=\"3922\" style=\"\"><i class=\"pvc-stats-icon medium\" aria-hidden=\"true\"><svg xmlns=\"http:\/\/www.w3.org\/2000\/svg\" version=\"1.0\" viewBox=\"0 0 502 315\" preserveAspectRatio=\"xMidYMid meet\"><g transform=\"translate(0,332) scale(0.1,-0.1)\" fill=\"\" stroke=\"none\"><path d=\"M2394 3279 l-29 -30 -3 -207 c-2 -182 0 -211 15 -242 39 -76 157 -76 196 0 15 31 17 60 15 243 l-3 209 -33 29 c-26 23 -41 29 -80 29 -41 0 -53 -5 -78 -31z\"\/><path d=\"M3085 3251 c-45 -19 -58 -50 -96 -229 -47 -217 -49 -260 -13 -295 52 -53 146 -42 177 20 16 31 87 366 87 410 0 70 -86 122 -155 94z\"\/><path d=\"M1751 3234 c-13 -9 -29 -31 -37 -50 -12 -29 -10 -49 21 -204 19 -94 39 -189 45 -210 14 -50 54 -80 110 -80 34 0 48 6 76 34 21 21 34 44 34 59 0 14 -18 113 -40 219 -37 178 -43 195 -70 221 -36 32 -101 37 -139 11z\"\/><path d=\"M1163 3073 c-36 -7 -73 -59 -73 -102 0 -56 133 -378 171 -413 34 -32 83 -37 129 -13 70 36 67 87 -16 290 -86 209 -89 214 -129 231 -35 14 -42 15 -82 7z\"\/><path d=\"M3689 3066 c-15 -9 -33 -30 -42 -48 -48 -103 -147 -355 -147 -375 0 -98 131 -148 192 -74 13 15 57 108 97 206 80 196 84 226 37 273 -30 30 -99 39 -137 18z\"\/><path d=\"M583 2784 c-38 -19 -67 -74 -58 -113 9 -42 211 -354 242 -373 16 -10 45 -18 66 -18 51 0 107 52 107 100 0 39 -1 41 -124 234 -80 126 -108 162 -133 173 -41 17 -61 16 -100 -3z\"\/><path d=\"M4250 2784 c-14 -9 -74 -91 -133 -183 -95 -150 -107 -173 -107 -213 0 -55 33 -94 87 -104 67 -13 90 8 211 198 130 202 137 225 78 284 -27 27 -42 34 -72 34 -22 0 -50 -8 -64 -16z\"\/><path d=\"M2275 2693 c-553 -48 -1095 -270 -1585 -649 -135 -104 -459 -423 -483 -476 -23 -49 -22 -139 2 -186 73 -142 361 -457 571 -626 285 -228 642 -407 990 -497 242 -63 336 -73 660 -74 310 0 370 5 595 52 535 111 1045 392 1455 803 122 121 250 273 275 326 19 41 19 137 0 174 -41 79 -309 363 -465 492 -447 370 -946 591 -1479 653 -113 14 -422 18 -536 8z m395 -428 c171 -34 330 -124 456 -258 112 -119 167 -219 211 -378 27 -96 24 -300 -5 -401 -72 -255 -236 -447 -474 -557 -132 -62 -201 -76 -368 -76 -167 0 -236 14 -368 76 -213 98 -373 271 -451 485 -162 444 86 934 547 1084 153 49 292 57 452 25z m909 -232 c222 -123 408 -262 593 -441 76 -74 138 -139 138 -144 0 -16 -233 -242 -330 -319 -155 -123 -309 -223 -461 -299 l-81 -41 32 46 c18 26 49 83 70 128 143 306 141 649 -6 957 -25 52 -61 116 -79 142 l-34 47 45 -20 c26 -10 76 -36 113 -56z m-2057 25 c-40 -58 -105 -190 -130 -263 -110 -324 -59 -707 132 -981 25 -35 42 -64 37 -64 -19 0 -241 119 -326 174 -188 122 -406 314 -532 468 l-58 71 108 103 c185 178 428 349 672 473 66 33 121 60 123 61 2 0 -10 -19 -26 -42z\"\/><path d=\"M2375 1950 c-198 -44 -350 -190 -395 -379 -18 -76 -8 -221 19 -290 114 -284 457 -406 731 -260 98 52 188 154 231 260 27 69 37 214 19 290 -38 163 -166 304 -326 360 -67 23 -215 33 -279 19z\"\/><\/g><\/svg><\/i> &nbsp;1,507&nbsp;total views<\/p>\n<div class=\"pvc_clear\"><\/div>\n<p>P\u0159etiskujeme text interpelace na ministra kultury.<\/p>\n<p><!--more--><\/p>\n<p align=\"center\"><b>Kauza Mar\u0161meloun versus Ane\u017esk\u00fd kl\u00e1\u0161ter<\/b><\/p>\n<p align=\"center\">V\u011bc: Interpelace ministra kultury \u010cR.<\/p>\n<p>V\u00e1\u017een\u00fd pane minist\u0159e,<\/p>\n<p>Obrac\u00edme se na V\u00e1s v\u00a0kauze \u201eMar\u0161meloun\u201c versus Ane\u017esk\u00fd kl\u00e1\u0161ter. Kompletn\u00ed podklady k\u00a0t\u00e9to kauze si m\u016f\u017eete p\u0159e\u010d\u00edst <a href=\"http:\/\/obcanskymonitoring.cz\/?p=3699\">zde<\/a>.<\/p>\n<p>D\u016fvod, pro\u010d se obrac\u00edme na V\u00e1s v\u00a0t\u00e9to kauze je skute\u010dnost, \u017ee investor ve spolupr\u00e1ci s\u00a0\u00fa\u0159adem Prahy 1 v\u00a0t\u00e9to kauze obe\u0161el po\u017eadavky na ochranu pam\u00e1tkov\u00e9 rezervace, uveden\u00e9 v z\u00e1vazn\u00e9m stanovisku <a href=\"http:\/\/obcanskymonitoring.cz\/wp-content\/uploads\/2015\/04\/Anezsky-klaster-Ministerstvo-kultury-zavazne-stanovisko.pdf\">MK \u010cR z\u00a0roku 2010<\/a>, kter\u00e9 precizn\u011b a jednozna\u010dn\u011b specifikovalo po\u017eadavky na stavebn\u00ed z\u00e1m\u011bry na dot\u010den\u00fdch parcel\u00e1ch v\u00a0historicky nejvz\u00e1cn\u011bj\u0161\u00edch lokalit\u00e1ch Star\u00e9 Prahy. M\u00e1-li b\u00fdt pam\u00e1tkov\u00e1 ochrana v\u00a0\u010cesk\u00e9 republice funk\u010dn\u00ed a m\u00e1-li m\u00edt Ministerstvo kultury reputaci, jak\u00e1 mu dle legislativy, ale i dle odbornosti n\u00e1le\u017e\u00ed, nelze podobn\u00e9 obch\u00e1zen\u00ed a vylou\u010den\u00ed z\u00e1vazn\u00e9ho stanoviska Ministerstva kultury z\u00a0procesn\u00edho \u0159\u00edzen\u00ed vylou\u010dit. Jedn\u00e1 se o kl\u00ed\u010dovou, precedentn\u00ed kauzu, kter\u00e1 ohro\u017euje procesn\u00ed postaven\u00ed Ministerstva kultury v\u00a0pozici pam\u00e1tkov\u00e9 ochrany v\u00a0Praze. Potla\u010den\u00ed stanoviska Ministerstva kultury nelze dopustit. Proto V\u00e1s, pane minist\u0159e, spolu s\u00a0p\u011bti sty demonstranty z\u00a015.4.2015 pros\u00edm a \u017e\u00e1d\u00e1m, abyste se touto kauzou osobn\u011b zab\u00fdval. Petici po\u017eaduj\u00edc\u00ed prosazen\u00ed po\u017eadavk\u016f MK \u010cR ze z\u00e1vazn\u00e9ho stanoviska z\u00a0roku 2010 <a href=\"http:\/\/www.petice24.com\/petice_marmeloun_versus_anesky_klater\">podepsalo b\u011bhem \u010dty\u0159 dn\u016f p\u0159es 2400 ob\u010dan\u016f<\/a>. Zd\u016fraz\u0148uji, \u017ee protestuj\u00edc\u00ed ne\u017e\u00e1daj\u00ed ani o p\u00edsmeno v\u00edce ne\u017e co \u017e\u00e1dalo Ministerstvo kultury v\u00a0t\u00e9to kauze u\u017e v\u00a0roce 2010\u2026<\/p>\n<p>Dovolte pros\u00edm stru\u010dnou charakteristiku p\u0159\u00edpadu. D\u016fvodem masivn\u00edho vzedmut\u00ed ob\u010dansk\u00e9 nespokojenosti je z\u00e1m\u011br investora postavit antropomorfn\u00ed modernistickou budovu v\u00a0bezprost\u0159edn\u00ed bl\u00edzkosti pam\u00e1tky z\u00a0po\u010d\u00e1tku 13. stolet\u00ed, Ane\u017esk\u00e9ho kl\u00e1\u0161tera.<\/p>\n<p>&nbsp;<\/p>\n<p>V\u00a0tak bezprost\u0159edn\u00ed bl\u00edzkosti, \u017ee dokonce m\u00e1 b\u00fdt zbour\u00e1na kl\u00e1\u0161tern\u00ed ze\u010f a budova m\u00e1 b\u00fdt doslova \u201enalepena\u201c na kl\u00e1\u0161ter. Pam\u00e1tku je mo\u017en\u00e9 zlikvidovat nejen t\u00edm, \u017ee ji zbour\u00e1te, ale i t\u00edm, \u017ee vedle n\u00ed postav\u00edte budovu kontextov\u011b ji likviduj\u00edc\u00ed.<\/p>\n<p>Projekt je v\u00a0p\u0159\u00edm\u00e9m v\u011bcn\u00e9m rozporu se v\u0161emi odborn\u00fdmi z\u00e1sadami pam\u00e1tkov\u00e9 ochrany. Jedn\u00e1 se o druh\u00fd z\u00e1m\u011br investora, prvn\u00ed byl zam\u00edtnut <a href=\"http:\/\/obcanskymonitoring.cz\/wp-content\/uploads\/2015\/04\/Anezsky-klaster-Ministerstvo-kultury-zavazne-stanovisko.pdf\">z\u00e1vazn\u00fdm stanoviskem MK \u010cR v\u00a0roce 2010<\/a> z\u00a0d\u016fvod\u016f nedodr\u017een\u00ed po\u017eadavk\u016f NP\u00da:<\/p>\n<ol>\n<li>Dodr\u017een\u00ed parcelace.<\/li>\n<li>Tradi\u010dn\u00ed \u010dlen\u011bn\u00ed, tzn. okenn\u00ed otvory (p\u0159\u00edpadn\u011b balkony nebo lod\u017eie) budou odpov\u00eddat patru, k n\u011bmu\u017e pat\u0159\u00ed, tj. nebudou zasahovat p\u0159es v\u00edce podla\u017e\u00ed<\/li>\n<li>Fas\u00e1dy nebudou zav\u011b\u0161en\u00e9, ale budou tradi\u010dn\u011b \u0159e\u0161en\u00e9 s okny a p\u0159\u00edpadn\u011b dal\u0161\u00edmi prvky.<\/li>\n<li>Dvorn\u00ed fas\u00e1da nebude naklon\u011bna.<\/li>\n<li>Materi\u00e1l fas\u00e1dy bude tradi\u010dn\u00ed stejn\u011b jako st\u0159e\u0161n\u00ed krytina.<\/li>\n<\/ol>\n<p>&nbsp;<\/p>\n<p>Tyto po\u017eadavky nespl\u0148uje ani nov\u00fd projekt investora, \u201eMar\u0161meloun\u201c. Tyto po\u017eadavky n\u011bjak\u00fdm z\u00e1hadn\u00fdm zp\u016fsobem ze spisu zmizely. Chceme je vr\u00e1tit.<\/p>\n<p><b>Majetkov\u00e1 pochyben\u00ed<\/b><\/p>\n<p>Z\u00e1rove\u0148 upozor\u0148uji na skute\u010dnost, \u017ee investor chce tuto zr\u016fdnost postavit na pozemc\u00edch Prahy, kter\u00e9 dle smlouvy o smlouv\u011b budouc\u00ed kupuje od Prahy za cenu, kter\u00e1 je ni\u017e\u0161\u00ed ne\u017e cena v\u00a0m\u00edst\u011b obvykl\u00e1 dle cenov\u00fdch map a toto sn\u00ed\u017een\u00ed nebylo zd\u016fvodn\u011bno. To je poru\u0161en\u00ed z\u00e1kona. D\u00e1le dle stanoviska majetkov\u00e9ho v\u00fdboru MHMP zve\u0159ejn\u011bn\u00fd z\u00e1m\u011br nepokr\u00fdval v\u0161echny pozemky, na nich\u017e se m\u00e1 stav\u011bt. Tato skute\u010dnost zp\u016fsobuje neplatnost smlouvy ze z\u00e1kona. Investor nyn\u00ed vyu\u017e\u00edv\u00e1 dot\u010den\u00e9 pozemky pro parkovi\u0161t\u011b na z\u00e1klad\u011b n\u00e1jemn\u00ed smlouvy. Nicm\u00e9n\u011b neplat\u00ed n\u00e1jem. \u00dapravy n\u00e1jemn\u00ed smlouvy nepro\u0161ly z\u00e1konn\u00fdm zp\u016fsobem. Z\u00e1m\u011br na pron\u00e1jem (v upraven\u00e9 podob\u011b) nebyl zve\u0159ejn\u011bn. \u2013 Do\u0161lo takto k\u00a0majetkov\u00e9mu po\u0161kozen\u00ed Prahy. D\u00e1le v\u00a0p\u0159\u00edpadu do\u0161lo k\u00a0cel\u00e9 \u0159ad\u011b \u00fa\u010delov\u00fdch procesn\u00edch pochyben\u00ed (zp\u016fsoby doru\u010dov\u00e1n\u00ed apod).<\/p>\n<p>V\u00e1\u017een\u00fd pane minist\u0159e, pros\u00edm V\u00e1s t\u00edmto o Va\u0161i reakci:<\/p>\n<ul>\n<li>Jak\u00e9 je Va\u0161e stanovisko k\u00a0tomuto p\u0159\u00edpadu?<\/li>\n<li>Co m\u016f\u017ee Ministerstvo kultury u\u010dinit v\u00a0n\u00e1prav\u011b stavu v\u00a0t\u00e9to kauze? Jako nap\u0159\u00edklad v\u00a0t\u00e9to kauze:\n<ul>\n<li>Podat podn\u011bt pro pam\u00e1tkovou inspekci MK \u010cR.<\/li>\n<li>Prov\u00e9st p\u0159ezkum rozhodnut\u00ed.<\/li>\n<li>Dal\u0161\u00ed opravn\u00e1 opat\u0159en\u00ed<\/li>\n<li>Jin\u00e9 a dal\u0161\u00ed?<\/li>\n<\/ul>\n<\/li>\n<\/ul>\n<p>D\u011bkuji V\u00e1m.<\/p>\n<p><b>P\u0159\u00edlohy<\/b><\/p>\n<ul>\n<li><a href=\"http:\/\/obcanskymonitoring.cz\/?p=3910\">Z\u00e1znam interpelace na zastupitelstvu MHMP<\/a><\/li>\n<li><a href=\"http:\/\/obcanskymonitoring.cz\/?p=3908\">Z\u00e1znam interpelace na zastupitelstvu Prahy 1<\/a><\/li>\n<\/ul>\n<div data-counters='1' data-style='square' data-size='regular' data-url='https:\/\/obcanskymonitoring.cz\/?p=3922' data-title='Mar\u0161meloun: Interpelace ministra kultury' class='linksalpha_container linksalpha_app_3'><a href='\/\/www.linksalpha.com\/share?network='facebook' class='linksalpha_icon_facebook'><\/a><a href='\/\/www.linksalpha.com\/share?network='twitter' class='linksalpha_icon_twitter'><\/a><a href='\/\/www.linksalpha.com\/share?network='googleplus' class='linksalpha_icon_googleplus'><\/a><a href='\/\/www.linksalpha.com\/share?network='mail' class='linksalpha_icon_mail'><\/a><\/div><div data-position='' data-url='https:\/\/obcanskymonitoring.cz\/?p=3922' data-title='Mar\u0161meloun: Interpelace ministra kultury' class='linksalpha_container linksalpha_app_7'><a href='\/\/www.linksalpha.com\/share?network='facebook' class='linksalpha_icon_facebook'><\/a><a href='\/\/www.linksalpha.com\/share?network='twitter' class='linksalpha_icon_twitter'><\/a><a href='\/\/www.linksalpha.com\/share?network='googleplus' class='linksalpha_icon_googleplus'><\/a><a href='\/\/www.linksalpha.com\/share?network='mail' class='linksalpha_icon_mail'><\/a><\/div>","protected":false},"excerpt":{"rendered":"<p>&nbsp;1,507&nbsp;total views P\u0159etiskujeme text interpelace na ministra kultury.<\/p>\n","protected":false},"author":2,"featured_media":0,"comment_status":"open","ping_status":"open","sticky":true,"template":"","format":"standard","meta":[],"categories":[19,8],"tags":[],"_links":{"self":[{"href":"https:\/\/obcanskymonitoring.cz\/index.php?rest_route=\/wp\/v2\/posts\/3922"}],"collection":[{"href":"https:\/\/obcanskymonitoring.cz\/index.php?rest_route=\/wp\/v2\/posts"}],"about":[{"href":"https:\/\/obcanskymonitoring.cz\/index.php?rest_route=\/wp\/v2\/types\/post"}],"author":[{"embeddable":true,"href":"https:\/\/obcanskymonitoring.cz\/index.php?rest_route=\/wp\/v2\/users\/2"}],"replies":[{"embeddable":true,"href":"https:\/\/obcanskymonitoring.cz\/index.php?rest_route=%2Fwp%2Fv2%2Fcomments&post=3922"}],"version-history":[{"count":0,"href":"https:\/\/obcanskymonitoring.cz\/index.php?rest_route=\/wp\/v2\/posts\/3922\/revisions"}],"wp:attachment":[{"href":"https:\/\/obcanskymonitoring.cz\/index.php?rest_route=%2Fwp%2Fv2%2Fmedia&parent=3922"}],"wp:term":[{"taxonomy":"category","embeddable":true,"href":"https:\/\/obcanskymonitoring.cz\/index.php?rest_route=%2Fwp%2Fv2%2Fcategories&post=3922"},{"taxonomy":"post_tag","embeddable":true,"href":"https:\/\/obcanskymonitoring.cz\/index.php?rest_route=%2Fwp%2Fv2%2Ftags&post=3922"}],"curies":[{"name":"wp","href":"https:\/\/api.w.org\/{rel}","templated":true}]}}