{"id":3930,"date":"2015-04-30T09:07:07","date_gmt":"2015-04-30T09:07:07","guid":{"rendered":"http:\/\/obcanskymonitoring.cz\/?p=3930"},"modified":"2016-03-13T10:55:21","modified_gmt":"2016-03-13T10:55:21","slug":"petr-jesatko-navrh-na-realizaci-vystavy-panelu-o-sumave-v-poslanecke-snemovne","status":"publish","type":"post","link":"https:\/\/obcanskymonitoring.cz\/?p=3930","title":{"rendered":"Petr Je\u0161\u00e1tko: N\u00e1vrh na realizaci v\u00fdstavy panel\u016f o \u0160umav\u011b v Poslaneck\u00e9 sn\u011bmovn\u011b"},"content":{"rendered":"<div class=\"pvc_clear\"><\/div>\n<p class=\"pvc_stats total_only \" data-element-id=\"3930\" style=\"\"><i class=\"pvc-stats-icon medium\" aria-hidden=\"true\"><svg xmlns=\"http:\/\/www.w3.org\/2000\/svg\" version=\"1.0\" viewBox=\"0 0 502 315\" preserveAspectRatio=\"xMidYMid meet\"><g transform=\"translate(0,332) scale(0.1,-0.1)\" fill=\"\" stroke=\"none\"><path d=\"M2394 3279 l-29 -30 -3 -207 c-2 -182 0 -211 15 -242 39 -76 157 -76 196 0 15 31 17 60 15 243 l-3 209 -33 29 c-26 23 -41 29 -80 29 -41 0 -53 -5 -78 -31z\"\/><path d=\"M3085 3251 c-45 -19 -58 -50 -96 -229 -47 -217 -49 -260 -13 -295 52 -53 146 -42 177 20 16 31 87 366 87 410 0 70 -86 122 -155 94z\"\/><path d=\"M1751 3234 c-13 -9 -29 -31 -37 -50 -12 -29 -10 -49 21 -204 19 -94 39 -189 45 -210 14 -50 54 -80 110 -80 34 0 48 6 76 34 21 21 34 44 34 59 0 14 -18 113 -40 219 -37 178 -43 195 -70 221 -36 32 -101 37 -139 11z\"\/><path d=\"M1163 3073 c-36 -7 -73 -59 -73 -102 0 -56 133 -378 171 -413 34 -32 83 -37 129 -13 70 36 67 87 -16 290 -86 209 -89 214 -129 231 -35 14 -42 15 -82 7z\"\/><path d=\"M3689 3066 c-15 -9 -33 -30 -42 -48 -48 -103 -147 -355 -147 -375 0 -98 131 -148 192 -74 13 15 57 108 97 206 80 196 84 226 37 273 -30 30 -99 39 -137 18z\"\/><path d=\"M583 2784 c-38 -19 -67 -74 -58 -113 9 -42 211 -354 242 -373 16 -10 45 -18 66 -18 51 0 107 52 107 100 0 39 -1 41 -124 234 -80 126 -108 162 -133 173 -41 17 -61 16 -100 -3z\"\/><path d=\"M4250 2784 c-14 -9 -74 -91 -133 -183 -95 -150 -107 -173 -107 -213 0 -55 33 -94 87 -104 67 -13 90 8 211 198 130 202 137 225 78 284 -27 27 -42 34 -72 34 -22 0 -50 -8 -64 -16z\"\/><path d=\"M2275 2693 c-553 -48 -1095 -270 -1585 -649 -135 -104 -459 -423 -483 -476 -23 -49 -22 -139 2 -186 73 -142 361 -457 571 -626 285 -228 642 -407 990 -497 242 -63 336 -73 660 -74 310 0 370 5 595 52 535 111 1045 392 1455 803 122 121 250 273 275 326 19 41 19 137 0 174 -41 79 -309 363 -465 492 -447 370 -946 591 -1479 653 -113 14 -422 18 -536 8z m395 -428 c171 -34 330 -124 456 -258 112 -119 167 -219 211 -378 27 -96 24 -300 -5 -401 -72 -255 -236 -447 -474 -557 -132 -62 -201 -76 -368 -76 -167 0 -236 14 -368 76 -213 98 -373 271 -451 485 -162 444 86 934 547 1084 153 49 292 57 452 25z m909 -232 c222 -123 408 -262 593 -441 76 -74 138 -139 138 -144 0 -16 -233 -242 -330 -319 -155 -123 -309 -223 -461 -299 l-81 -41 32 46 c18 26 49 83 70 128 143 306 141 649 -6 957 -25 52 -61 116 -79 142 l-34 47 45 -20 c26 -10 76 -36 113 -56z m-2057 25 c-40 -58 -105 -190 -130 -263 -110 -324 -59 -707 132 -981 25 -35 42 -64 37 -64 -19 0 -241 119 -326 174 -188 122 -406 314 -532 468 l-58 71 108 103 c185 178 428 349 672 473 66 33 121 60 123 61 2 0 -10 -19 -26 -42z\"\/><path d=\"M2375 1950 c-198 -44 -350 -190 -395 -379 -18 -76 -8 -221 19 -290 114 -284 457 -406 731 -260 98 52 188 154 231 260 27 69 37 214 19 290 -38 163 -166 304 -326 360 -67 23 -215 33 -279 19z\"\/><\/g><\/svg><\/i> &nbsp;1,204&nbsp;total views<\/p>\n<div class=\"pvc_clear\"><\/div>\n<p><a href=\"http:\/\/obcanskymonitoring.cz\/wp-content\/uploads\/2014\/09\/Jesatko.jpg\"><img loading=\"lazy\" class=\"alignnone size-full wp-image-3017\" alt=\"Jesatko\" src=\"http:\/\/obcanskymonitoring.cz\/wp-content\/uploads\/2014\/09\/Jesatko.jpg\" width=\"287\" height=\"167\" \/><\/a><\/p>\n<p>P\u0159etiskujeme n\u00e1vrh <a href=\"http:\/\/obcanskymonitoring.cz\/?page_id=3014\">Petra Je\u0161\u00e1tka<\/a> na uskute\u010dn\u011bn\u00ed v\u00fdstavy panel\u016f dokladuj\u00edc\u00edch zp\u016fsob obnovy k\u016frovcem napaden\u00e9ho lesa (ve srovn\u00e1n\u00ed s holinami zp\u016fsoben\u00fdmi t\u011b\u017ebou) v Poslaneck\u00e9 sn\u011bmovn\u011b p\u0159ed projedn\u00e1n\u00edm novelizace z\u00e1kona o ochran\u011b p\u0159\u00edrody a krajiny. N\u00e1vrh byl rozesl\u00e1n poslanc\u016fm v sou\u010dasn\u00e9 Poslaneck\u00e9 sn\u011bmovn\u011b.<\/p>\n<p><!--more--><\/p>\n<p>Dobr\u00fd den,<br \/>\nv p\u0159\u00edloze zas\u00edl\u00e1m uk\u00e1zku z v\u00fdstavy NP \u0160umava,<\/p>\n<p><a href=\"http:\/\/obcanskymonitoring.cz\/wp-content\/uploads\/2015\/04\/Sumava-banner-11+12.jpg\"><img loading=\"lazy\" class=\"alignnone size-medium wp-image-3931\" alt=\"Sumava banner 11+12\" src=\"http:\/\/obcanskymonitoring.cz\/wp-content\/uploads\/2015\/04\/Sumava-banner-11+12-219x300.jpg\" width=\"219\" height=\"300\" srcset=\"https:\/\/obcanskymonitoring.cz\/wp-content\/uploads\/2015\/04\/Sumava-banner-11+12-219x300.jpg 219w, https:\/\/obcanskymonitoring.cz\/wp-content\/uploads\/2015\/04\/Sumava-banner-11+12-750x1024.jpg 750w\" sizes=\"(max-width: 219px) 100vw, 219px\" \/><\/a><\/p>\n<p>&nbsp;<\/p>\n<p>kterou inicioval a pom\u00e1hal prosadit do Poslaneck\u00e9 sn\u011bmovny sou\u010dasn\u00fd p\u0159edseda V\u00fdboru pro \u017eivotn\u00ed prost\u0159ed\u00ed pan poslanec Robin Bohnischr v r.2010. Spolu s mimo\u0159\u00e1dn\u00fdm \u010d\u00edslem \u010dasopisu \u0160umava, v\u011bnovan\u00fdm p\u0159irozen\u00e9 obnov\u011b v bezz\u00e1sahov\u00e9m \u00fazem\u00ed, p\u0159esv\u011bd\u010dila \u0159adu poslanc\u016f o spr\u00e1vnosti ponech\u00e1n\u00ed \u010d\u00e1sti \u00fazem\u00ed n\u00e1rodn\u00edch park\u016f v bezz\u00e1sahov\u00e9m re\u017eimu. Od t\u00e9 doby ji\u017e uplynulo p\u011bt let a p\u0159\u00edroda se pozm\u011bnila, ale i Poslaneck\u00e1 sn\u011bmovna&#8230; Mysl\u00edm,\u017ee by bylo vhodn\u00e9 p\u0159ed projedn\u00e1v\u00e1n\u00edm zm\u011bny tohoto z\u00e1kona znovu p\u0159ipomenout, \u017ee z\u00e1kon o ochran\u011b p\u0159\u00edrody a krajiny v les\u00edch zvl\u00e1\u0161tn\u00edho ur\u010den\u00ed, tedy v n\u00e1rodn\u00edch parc\u00edch a rezervac\u00edch, umo\u017e\u0148uje neru\u0161en\u00fd v\u00fdvoj p\u0159\u00edrodn\u00edch proces\u016f na rozd\u00edl od lesn\u00edho z\u00e1kona. Lesn\u00ed z\u00e1kon na\u0159izuje vyt\u011b\u017een\u00ed napaden\u00e9 d\u0159evn\u00ed hmoty a jej\u00ed odvoz z lesn\u00edho ekosyst\u00e9mu a tedy n\u00e1sledn\u00fd prodej. V\u011b\u0159\u00edm,\u017ee by instalov\u00e1n\u00ed dopln\u011bn\u00e9 v\u00fdstavy o pozn\u00e1n\u00ed za dal\u0161\u00ed roky p\u0159isp\u011blo k dopln\u011bn\u00ed informac\u00ed Poslaneck\u00e9 sn\u011bmovny.<br \/>\nPetr Je\u0161\u00e1tko st.<\/p>\n<p>&nbsp;<\/p>\n<p>Petr Je\u0161\u00e1tko st. (Autor je b\u00fdval\u00fd vrchn\u00ed lesn\u00ed inspektor N\u00e1rodn\u00edho parku \u0160umava, nyn\u00ed v d\u016fchodu)<\/p>\n<p><a href=\"http:\/\/www.ceskatelevize.cz\/ivysilani\/1129337346-pridej-se\/209562248410019\/\">Po\u0159ad Petra Je\u0161\u00e1tka pro \u010ceskou televizi<\/a><\/p>\n<div data-counters='1' data-style='square' data-size='regular' data-url='https:\/\/obcanskymonitoring.cz\/?p=3930' data-title='Petr Je\u0161\u00e1tko: N\u00e1vrh na realizaci v\u00fdstavy panel\u016f o \u0160umav\u011b v Poslaneck\u00e9 sn\u011bmovn\u011b' class='linksalpha_container linksalpha_app_3'><a href='\/\/www.linksalpha.com\/share?network='facebook' class='linksalpha_icon_facebook'><\/a><a href='\/\/www.linksalpha.com\/share?network='twitter' class='linksalpha_icon_twitter'><\/a><a href='\/\/www.linksalpha.com\/share?network='googleplus' class='linksalpha_icon_googleplus'><\/a><a href='\/\/www.linksalpha.com\/share?network='mail' class='linksalpha_icon_mail'><\/a><\/div><div data-position='' data-url='https:\/\/obcanskymonitoring.cz\/?p=3930' data-title='Petr Je\u0161\u00e1tko: N\u00e1vrh na realizaci v\u00fdstavy panel\u016f o \u0160umav\u011b v Poslaneck\u00e9 sn\u011bmovn\u011b' class='linksalpha_container linksalpha_app_7'><a href='\/\/www.linksalpha.com\/share?network='facebook' class='linksalpha_icon_facebook'><\/a><a href='\/\/www.linksalpha.com\/share?network='twitter' class='linksalpha_icon_twitter'><\/a><a href='\/\/www.linksalpha.com\/share?network='googleplus' class='linksalpha_icon_googleplus'><\/a><a href='\/\/www.linksalpha.com\/share?network='mail' class='linksalpha_icon_mail'><\/a><\/div>","protected":false},"excerpt":{"rendered":"<p>&nbsp;1,204&nbsp;total views P\u0159etiskujeme n\u00e1vrh Petra Je\u0161\u00e1tka na uskute\u010dn\u011bn\u00ed v\u00fdstavy panel\u016f dokladuj\u00edc\u00edch zp\u016fsob obnovy k\u016frovcem napaden\u00e9ho lesa (ve srovn\u00e1n\u00ed s holinami zp\u016fsoben\u00fdmi t\u011b\u017ebou) v Poslaneck\u00e9 sn\u011bmovn\u011b p\u0159ed projedn\u00e1n\u00edm novelizace z\u00e1kona o ochran\u011b p\u0159\u00edrody a krajiny. N\u00e1vrh byl rozesl\u00e1n poslanc\u016fm v sou\u010dasn\u00e9 Poslaneck\u00e9 sn\u011bmovn\u011b.<\/p>\n","protected":false},"author":2,"featured_media":0,"comment_status":"open","ping_status":"open","sticky":true,"template":"","format":"standard","meta":[],"categories":[21],"tags":[],"_links":{"self":[{"href":"https:\/\/obcanskymonitoring.cz\/index.php?rest_route=\/wp\/v2\/posts\/3930"}],"collection":[{"href":"https:\/\/obcanskymonitoring.cz\/index.php?rest_route=\/wp\/v2\/posts"}],"about":[{"href":"https:\/\/obcanskymonitoring.cz\/index.php?rest_route=\/wp\/v2\/types\/post"}],"author":[{"embeddable":true,"href":"https:\/\/obcanskymonitoring.cz\/index.php?rest_route=\/wp\/v2\/users\/2"}],"replies":[{"embeddable":true,"href":"https:\/\/obcanskymonitoring.cz\/index.php?rest_route=%2Fwp%2Fv2%2Fcomments&post=3930"}],"version-history":[{"count":0,"href":"https:\/\/obcanskymonitoring.cz\/index.php?rest_route=\/wp\/v2\/posts\/3930\/revisions"}],"wp:attachment":[{"href":"https:\/\/obcanskymonitoring.cz\/index.php?rest_route=%2Fwp%2Fv2%2Fmedia&parent=3930"}],"wp:term":[{"taxonomy":"category","embeddable":true,"href":"https:\/\/obcanskymonitoring.cz\/index.php?rest_route=%2Fwp%2Fv2%2Fcategories&post=3930"},{"taxonomy":"post_tag","embeddable":true,"href":"https:\/\/obcanskymonitoring.cz\/index.php?rest_route=%2Fwp%2Fv2%2Ftags&post=3930"}],"curies":[{"name":"wp","href":"https:\/\/api.w.org\/{rel}","templated":true}]}}