{"id":3964,"date":"2015-05-05T07:16:21","date_gmt":"2015-05-05T07:16:21","guid":{"rendered":"http:\/\/obcanskymonitoring.cz\/?p=3964"},"modified":"2015-05-07T06:45:56","modified_gmt":"2015-05-07T06:45:56","slug":"radek-novotny-voda-vydelava-ale-ne-lidem-ci-obcim-video-dokument","status":"publish","type":"post","link":"https:\/\/obcanskymonitoring.cz\/?p=3964","title":{"rendered":"Radek Novotn\u00fd: Voda vyd\u011bl\u00e1v\u00e1, ale ne obc\u00edm a ob\u010dan\u016fm (video dokument)"},"content":{"rendered":"<div class=\"pvc_clear\"><\/div>\n<p class=\"pvc_stats total_only \" data-element-id=\"3964\" style=\"\"><i class=\"pvc-stats-icon medium\" aria-hidden=\"true\"><svg xmlns=\"http:\/\/www.w3.org\/2000\/svg\" version=\"1.0\" viewBox=\"0 0 502 315\" preserveAspectRatio=\"xMidYMid meet\"><g transform=\"translate(0,332) scale(0.1,-0.1)\" fill=\"\" stroke=\"none\"><path d=\"M2394 3279 l-29 -30 -3 -207 c-2 -182 0 -211 15 -242 39 -76 157 -76 196 0 15 31 17 60 15 243 l-3 209 -33 29 c-26 23 -41 29 -80 29 -41 0 -53 -5 -78 -31z\"\/><path d=\"M3085 3251 c-45 -19 -58 -50 -96 -229 -47 -217 -49 -260 -13 -295 52 -53 146 -42 177 20 16 31 87 366 87 410 0 70 -86 122 -155 94z\"\/><path d=\"M1751 3234 c-13 -9 -29 -31 -37 -50 -12 -29 -10 -49 21 -204 19 -94 39 -189 45 -210 14 -50 54 -80 110 -80 34 0 48 6 76 34 21 21 34 44 34 59 0 14 -18 113 -40 219 -37 178 -43 195 -70 221 -36 32 -101 37 -139 11z\"\/><path d=\"M1163 3073 c-36 -7 -73 -59 -73 -102 0 -56 133 -378 171 -413 34 -32 83 -37 129 -13 70 36 67 87 -16 290 -86 209 -89 214 -129 231 -35 14 -42 15 -82 7z\"\/><path d=\"M3689 3066 c-15 -9 -33 -30 -42 -48 -48 -103 -147 -355 -147 -375 0 -98 131 -148 192 -74 13 15 57 108 97 206 80 196 84 226 37 273 -30 30 -99 39 -137 18z\"\/><path d=\"M583 2784 c-38 -19 -67 -74 -58 -113 9 -42 211 -354 242 -373 16 -10 45 -18 66 -18 51 0 107 52 107 100 0 39 -1 41 -124 234 -80 126 -108 162 -133 173 -41 17 -61 16 -100 -3z\"\/><path d=\"M4250 2784 c-14 -9 -74 -91 -133 -183 -95 -150 -107 -173 -107 -213 0 -55 33 -94 87 -104 67 -13 90 8 211 198 130 202 137 225 78 284 -27 27 -42 34 -72 34 -22 0 -50 -8 -64 -16z\"\/><path d=\"M2275 2693 c-553 -48 -1095 -270 -1585 -649 -135 -104 -459 -423 -483 -476 -23 -49 -22 -139 2 -186 73 -142 361 -457 571 -626 285 -228 642 -407 990 -497 242 -63 336 -73 660 -74 310 0 370 5 595 52 535 111 1045 392 1455 803 122 121 250 273 275 326 19 41 19 137 0 174 -41 79 -309 363 -465 492 -447 370 -946 591 -1479 653 -113 14 -422 18 -536 8z m395 -428 c171 -34 330 -124 456 -258 112 -119 167 -219 211 -378 27 -96 24 -300 -5 -401 -72 -255 -236 -447 -474 -557 -132 -62 -201 -76 -368 -76 -167 0 -236 14 -368 76 -213 98 -373 271 -451 485 -162 444 86 934 547 1084 153 49 292 57 452 25z m909 -232 c222 -123 408 -262 593 -441 76 -74 138 -139 138 -144 0 -16 -233 -242 -330 -319 -155 -123 -309 -223 -461 -299 l-81 -41 32 46 c18 26 49 83 70 128 143 306 141 649 -6 957 -25 52 -61 116 -79 142 l-34 47 45 -20 c26 -10 76 -36 113 -56z m-2057 25 c-40 -58 -105 -190 -130 -263 -110 -324 -59 -707 132 -981 25 -35 42 -64 37 -64 -19 0 -241 119 -326 174 -188 122 -406 314 -532 468 l-58 71 108 103 c185 178 428 349 672 473 66 33 121 60 123 61 2 0 -10 -19 -26 -42z\"\/><path d=\"M2375 1950 c-198 -44 -350 -190 -395 -379 -18 -76 -8 -221 19 -290 114 -284 457 -406 731 -260 98 52 188 154 231 260 27 69 37 214 19 290 -38 163 -166 304 -326 360 -67 23 -215 33 -279 19z\"\/><\/g><\/svg><\/i> &nbsp;1,153&nbsp;total views<\/p>\n<div class=\"pvc_clear\"><\/div>\n<p>P\u0159etiskujeme p\u0159\u00edsp\u011bvek <a href=\"http:\/\/obcanskymonitoring.cz\/?page_id=3014\">Radka Novotn\u00e9ho<\/a> z organizace <a href=\"http:\/\/pravdaovode.cz\/\">Pravda o vod\u011b<\/a>. Se stanoviskem se za Ring ztoto\u017e\u0148ujeme.<\/p>\n<p><!--more--><\/p>\n<p>P\u011bkn\u00fd den v\u0161em, kter\u00e9 zaj\u00edm\u00e1 voda, jej\u00ed cena,<\/p>\n<p>zas\u00edl\u00e1m v\u00e1m dokument, kter\u00fd informuje o tom, co se d\u011bje s vodu a kter\u00fd vysv\u011btluje, pro\u010d m\u00e1te vodu drahou jako ve Francii, i kdy\u017e platy m\u00e1te t\u0159etinov\u00e9.<\/p>\n<p><a href=\"http:\/\/pravdaovode.cz\/veolia\/\">Video<\/a><\/p>\n<p>Celosv\u011btov\u00fd trend n\u00e1vratu zpr\u00e1vy vody do obecn\u00edch rukou ji\u017e za\u010dal a mus\u00ed k n\u011bmu doj\u00edt i v \u010cR. Je to jedin\u00fd zp\u016fsob, jak dlouhodob\u011b udr\u017eet kvalitu vody, zajistit ob\u010dan\u016fm rozumnou cenu vody, kdy nebudou platit za vodu 2-3x v\u00edce ne\u017e mus\u00ed. Je to zp\u016fsob, jak moci investi\u010dn\u011b myslet na \u00farovn\u00ed desetilet\u00ed, jak zajistit, aby pen\u00edze vybran\u00e9 od lid\u00ed za vodu byly reinvestov\u00e1ny v odv\u011btv\u00ed a netekly do zahrani\u010d\u00ed a hlavn\u011b jak pom\u00e1hat sni\u017eovat zne\u010di\u0161t\u011bn\u00ed vody ji\u017e u zdroje.<\/p>\n<p>Dokument &#8220;Voda vyd\u011bl\u00e1v\u00e1&#8221; je p\u0159\u00edkladem v\u00edt\u011bzstv\u00ed jedince nad velk\u00fdmi koncerny. Je to v\u00edt\u011bzstv\u00ed ob\u010dansk\u00e9 spole\u010dnosti. Dodnes ho vid\u011blo v\u00edce ne\u017e 2 miliony lid\u00ed. Stoj\u00ed za n\u00edm stovky anga\u017eovan\u00fdch lid\u00ed, aktivist\u016f a ob\u010dansk\u00fdch iniciativ bojuj\u00edc\u00edch proti soukrom\u00fdm z\u00e1jm\u016fm &#8220;vodn\u00edch&#8221; koncern\u016f.<\/p>\n<p>Dokument ned\u00e1vno z\u00edskal Cenu nadace Immanuela Kanta 2014. Porota jej ozna\u010dila jako &#8220;vynikaj\u00edc\u00ed p\u0159\u00edklad strategicky a struktur\u00e1ln\u00ed d\u016fle\u017eit\u00e9 kritick\u00e9 osv\u011bty ve prosp\u011bch v\u00edce sebeur\u010den\u00ed Evropy&#8221;, jako &#8220;&#8230; pozoruhodn\u00fd \u00fasp\u011bch demokracie v EU&#8221;. Nadace ud\u011bluje cenu od roku 2004. Chce v n\u00ed uznat a ocenit spole\u010densk\u00e9 anga\u017eov\u00e1n\u00ed ve prosp\u011bch ob\u010dan\u016f jednaj\u00edc\u00edch v duchu svobody slova, otev\u0159en\u00fdch informac\u00ed a ob\u010dansk\u00e9 odvahy.<\/p>\n<p>Bez toho, \u017ee bych znal obsah dokumentu nato\u010den\u00e9ho v roce 2010, jsem ji\u017e v roce 2002 za\u010dal informovat zastupitele, \u010dleny vl\u00e1dy, ministry a za\u010dal jsem sb\u00edrat a vytv\u00e1\u0159et d\u016fkazy, kter\u00e9 mi umo\u017e\u0148uj\u00ed u soud\u016f \u00fasp\u011b\u0161n\u011b br\u00e1nit sebe, lidi i vod\u00e1rny proti obdobn\u00e9mu protipr\u00e1vn\u00edmu jedn\u00e1n\u00ed jako popisuje dokument ve Francii \u010di N\u011bmecku.<br \/>\nChcete, platit za vodu je to, co je skute\u010dn\u011b nutn\u00e9? Pak se p\u0159idejte k lidem, kte\u0159\u00ed vyzvali politiky k n\u00e1prav\u011b.<br \/>\n<a href=\"http:\/\/pravdaovode.cz\/vyzva-premierovi\/\">http:\/\/pravdaovode.cz\/vyzva-premierovi\/<\/a><\/p>\n<div data-counters='1' data-style='square' data-size='regular' data-url='https:\/\/obcanskymonitoring.cz\/?p=3964' data-title='Radek Novotn\u00fd: Voda vyd\u011bl\u00e1v\u00e1, ale ne obc\u00edm a ob\u010dan\u016fm (video dokument)' class='linksalpha_container linksalpha_app_3'><a href='\/\/www.linksalpha.com\/share?network='facebook' class='linksalpha_icon_facebook'><\/a><a href='\/\/www.linksalpha.com\/share?network='twitter' class='linksalpha_icon_twitter'><\/a><a href='\/\/www.linksalpha.com\/share?network='googleplus' class='linksalpha_icon_googleplus'><\/a><a href='\/\/www.linksalpha.com\/share?network='mail' class='linksalpha_icon_mail'><\/a><\/div><div data-position='' data-url='https:\/\/obcanskymonitoring.cz\/?p=3964' data-title='Radek Novotn\u00fd: Voda vyd\u011bl\u00e1v\u00e1, ale ne obc\u00edm a ob\u010dan\u016fm (video dokument)' class='linksalpha_container linksalpha_app_7'><a href='\/\/www.linksalpha.com\/share?network='facebook' class='linksalpha_icon_facebook'><\/a><a href='\/\/www.linksalpha.com\/share?network='twitter' class='linksalpha_icon_twitter'><\/a><a href='\/\/www.linksalpha.com\/share?network='googleplus' class='linksalpha_icon_googleplus'><\/a><a href='\/\/www.linksalpha.com\/share?network='mail' class='linksalpha_icon_mail'><\/a><\/div>","protected":false},"excerpt":{"rendered":"<p>&nbsp;1,153&nbsp;total views P\u0159etiskujeme p\u0159\u00edsp\u011bvek Radka Novotn\u00e9ho z organizace Pravda o vod\u011b. Se stanoviskem se za Ring ztoto\u017e\u0148ujeme.<\/p>\n","protected":false},"author":2,"featured_media":0,"comment_status":"open","ping_status":"open","sticky":true,"template":"","format":"standard","meta":[],"categories":[19,9,28],"tags":[],"_links":{"self":[{"href":"https:\/\/obcanskymonitoring.cz\/index.php?rest_route=\/wp\/v2\/posts\/3964"}],"collection":[{"href":"https:\/\/obcanskymonitoring.cz\/index.php?rest_route=\/wp\/v2\/posts"}],"about":[{"href":"https:\/\/obcanskymonitoring.cz\/index.php?rest_route=\/wp\/v2\/types\/post"}],"author":[{"embeddable":true,"href":"https:\/\/obcanskymonitoring.cz\/index.php?rest_route=\/wp\/v2\/users\/2"}],"replies":[{"embeddable":true,"href":"https:\/\/obcanskymonitoring.cz\/index.php?rest_route=%2Fwp%2Fv2%2Fcomments&post=3964"}],"version-history":[{"count":0,"href":"https:\/\/obcanskymonitoring.cz\/index.php?rest_route=\/wp\/v2\/posts\/3964\/revisions"}],"wp:attachment":[{"href":"https:\/\/obcanskymonitoring.cz\/index.php?rest_route=%2Fwp%2Fv2%2Fmedia&parent=3964"}],"wp:term":[{"taxonomy":"category","embeddable":true,"href":"https:\/\/obcanskymonitoring.cz\/index.php?rest_route=%2Fwp%2Fv2%2Fcategories&post=3964"},{"taxonomy":"post_tag","embeddable":true,"href":"https:\/\/obcanskymonitoring.cz\/index.php?rest_route=%2Fwp%2Fv2%2Ftags&post=3964"}],"curies":[{"name":"wp","href":"https:\/\/api.w.org\/{rel}","templated":true}]}}