{"id":3974,"date":"2015-05-07T07:24:59","date_gmt":"2015-05-07T07:24:59","guid":{"rendered":"http:\/\/obcanskymonitoring.cz\/?p=3974"},"modified":"2015-05-08T06:40:44","modified_gmt":"2015-05-08T06:40:44","slug":"marsmeloun-zprava-z-diskuze-institutu-pro-politiku-a-spolecnost","status":"publish","type":"post","link":"https:\/\/obcanskymonitoring.cz\/?p=3974","title":{"rendered":"Mar\u0161meloun: Stru\u010dn\u00e1 recenze diskuze Institutu pro politiku a spole\u010dnost"},"content":{"rendered":"<div class=\"pvc_clear\"><\/div>\n<p class=\"pvc_stats total_only \" data-element-id=\"3974\" style=\"\"><i class=\"pvc-stats-icon medium\" aria-hidden=\"true\"><svg xmlns=\"http:\/\/www.w3.org\/2000\/svg\" version=\"1.0\" viewBox=\"0 0 502 315\" preserveAspectRatio=\"xMidYMid meet\"><g transform=\"translate(0,332) scale(0.1,-0.1)\" fill=\"\" stroke=\"none\"><path d=\"M2394 3279 l-29 -30 -3 -207 c-2 -182 0 -211 15 -242 39 -76 157 -76 196 0 15 31 17 60 15 243 l-3 209 -33 29 c-26 23 -41 29 -80 29 -41 0 -53 -5 -78 -31z\"\/><path d=\"M3085 3251 c-45 -19 -58 -50 -96 -229 -47 -217 -49 -260 -13 -295 52 -53 146 -42 177 20 16 31 87 366 87 410 0 70 -86 122 -155 94z\"\/><path d=\"M1751 3234 c-13 -9 -29 -31 -37 -50 -12 -29 -10 -49 21 -204 19 -94 39 -189 45 -210 14 -50 54 -80 110 -80 34 0 48 6 76 34 21 21 34 44 34 59 0 14 -18 113 -40 219 -37 178 -43 195 -70 221 -36 32 -101 37 -139 11z\"\/><path d=\"M1163 3073 c-36 -7 -73 -59 -73 -102 0 -56 133 -378 171 -413 34 -32 83 -37 129 -13 70 36 67 87 -16 290 -86 209 -89 214 -129 231 -35 14 -42 15 -82 7z\"\/><path d=\"M3689 3066 c-15 -9 -33 -30 -42 -48 -48 -103 -147 -355 -147 -375 0 -98 131 -148 192 -74 13 15 57 108 97 206 80 196 84 226 37 273 -30 30 -99 39 -137 18z\"\/><path d=\"M583 2784 c-38 -19 -67 -74 -58 -113 9 -42 211 -354 242 -373 16 -10 45 -18 66 -18 51 0 107 52 107 100 0 39 -1 41 -124 234 -80 126 -108 162 -133 173 -41 17 -61 16 -100 -3z\"\/><path d=\"M4250 2784 c-14 -9 -74 -91 -133 -183 -95 -150 -107 -173 -107 -213 0 -55 33 -94 87 -104 67 -13 90 8 211 198 130 202 137 225 78 284 -27 27 -42 34 -72 34 -22 0 -50 -8 -64 -16z\"\/><path d=\"M2275 2693 c-553 -48 -1095 -270 -1585 -649 -135 -104 -459 -423 -483 -476 -23 -49 -22 -139 2 -186 73 -142 361 -457 571 -626 285 -228 642 -407 990 -497 242 -63 336 -73 660 -74 310 0 370 5 595 52 535 111 1045 392 1455 803 122 121 250 273 275 326 19 41 19 137 0 174 -41 79 -309 363 -465 492 -447 370 -946 591 -1479 653 -113 14 -422 18 -536 8z m395 -428 c171 -34 330 -124 456 -258 112 -119 167 -219 211 -378 27 -96 24 -300 -5 -401 -72 -255 -236 -447 -474 -557 -132 -62 -201 -76 -368 -76 -167 0 -236 14 -368 76 -213 98 -373 271 -451 485 -162 444 86 934 547 1084 153 49 292 57 452 25z m909 -232 c222 -123 408 -262 593 -441 76 -74 138 -139 138 -144 0 -16 -233 -242 -330 -319 -155 -123 -309 -223 -461 -299 l-81 -41 32 46 c18 26 49 83 70 128 143 306 141 649 -6 957 -25 52 -61 116 -79 142 l-34 47 45 -20 c26 -10 76 -36 113 -56z m-2057 25 c-40 -58 -105 -190 -130 -263 -110 -324 -59 -707 132 -981 25 -35 42 -64 37 -64 -19 0 -241 119 -326 174 -188 122 -406 314 -532 468 l-58 71 108 103 c185 178 428 349 672 473 66 33 121 60 123 61 2 0 -10 -19 -26 -42z\"\/><path d=\"M2375 1950 c-198 -44 -350 -190 -395 -379 -18 -76 -8 -221 19 -290 114 -284 457 -406 731 -260 98 52 188 154 231 260 27 69 37 214 19 290 -38 163 -166 304 -326 360 -67 23 -215 33 -279 19z\"\/><\/g><\/svg><\/i> &nbsp;884&nbsp;total views<\/p>\n<div class=\"pvc_clear\"><\/div>\n<p><a href=\"http:\/\/obcanskymonitoring.cz\/wp-content\/uploads\/2015\/05\/Diskuze.jpg\"><img loading=\"lazy\" class=\"alignnone size-medium wp-image-3975\" alt=\"Diskuze\" src=\"http:\/\/obcanskymonitoring.cz\/wp-content\/uploads\/2015\/05\/Diskuze-300x225.jpg\" width=\"300\" height=\"225\" srcset=\"https:\/\/obcanskymonitoring.cz\/wp-content\/uploads\/2015\/05\/Diskuze-300x225.jpg 300w, https:\/\/obcanskymonitoring.cz\/wp-content\/uploads\/2015\/05\/Diskuze.jpg 960w\" sizes=\"(max-width: 300px) 100vw, 300px\" \/><\/a><\/p>\n<p><!--more--><\/p>\n<p>5.5.2015 od 18 hodin prob\u011bhla v Akademii v\u011bd diskuze &#8220;<a href=\"http:\/\/obcanskymonitoring.cz\/?p=3960\">Br\u00e1n\u00ed pam\u00e1tk\u00e1\u0159i rozvoji nov\u00e9 architektury v Praze<\/a>?&#8221;. S nar\u00e1\u017ekou na kauzu Mar\u0161meloun. (&#8220;V posledn\u00edch t\u00fddnech to v centru Prahy v\u0159elo okolo tzv. \u201e<a href=\"http:\/\/obcanskymonitoring.cz\/?s=mar%C5%A1meloun&amp;x=0&amp;y=0\">Mar\u0161melounu<\/a>\u201c neboli n\u00e1vrhu nov\u00e9ho obytn\u00e9ho domu v Ane\u017esk\u00e9 \u010dtvrti. Ka\u017ed\u00fd podobn\u00fd z\u00e1sah do prost\u0159ed\u00ed historick\u00e9 Prahy vzbuzuje siln\u00e9 emoce. Nen\u00ed divu: za posledn\u00edch dvacet let zde najdeme jen minimum projekt\u016f, kter\u00e9 by byly uk\u00e1zkou skute\u010dn\u011b kvalitn\u00ed sou\u010dasn\u00e9 architektury.)<\/p>\n<p>Z\u00fa\u010dastnili jsme se, ale diskuze byla podpr\u016fm\u011brn\u00e1, nev\u00fdrazn\u00e1 a nudn\u00e1: nep\u0159ipraven\u00e9 utlouk\u00e1n\u00ed \u010dasu i poslucha\u010d\u016f. Vynikl pouze Pavel Jerje. Na n\u00e1\u0161 dotaz k Mar\u0161melounu nem\u011bl nikdo z diskutuj\u00edc\u00edch p\u0159ipravenou odpov\u011b\u010f, t\u00e9ma bylo zjevn\u011b vyu\u017eito jen jako l\u00e1kadlo k \u00fa\u010dasti ob\u010dan\u016f.<\/p>\n<p>Diskuze byla tedy zaj\u00edmav\u00e1 snad jen faktem, \u017ee kauza Mar\u0161meloun se u\u017e dnes stala prototypickou uk\u00e1zkou ne\u00fasp\u011b\u0161n\u00e9ho developersk\u00e9ho projektu, ne\u00fasp\u011b\u0161n\u00e9ho ve v\u0161ech aspektech a f\u00e1z\u00edch realizace&#8230;<\/p>\n<div data-counters='1' data-style='square' data-size='regular' data-url='https:\/\/obcanskymonitoring.cz\/?p=3974' data-title='Mar\u0161meloun: Stru\u010dn\u00e1 recenze diskuze Institutu pro politiku a spole\u010dnost' class='linksalpha_container linksalpha_app_3'><a href='\/\/www.linksalpha.com\/share?network='facebook' class='linksalpha_icon_facebook'><\/a><a href='\/\/www.linksalpha.com\/share?network='twitter' class='linksalpha_icon_twitter'><\/a><a href='\/\/www.linksalpha.com\/share?network='googleplus' class='linksalpha_icon_googleplus'><\/a><a href='\/\/www.linksalpha.com\/share?network='mail' class='linksalpha_icon_mail'><\/a><\/div><div data-position='' data-url='https:\/\/obcanskymonitoring.cz\/?p=3974' data-title='Mar\u0161meloun: Stru\u010dn\u00e1 recenze diskuze Institutu pro politiku a spole\u010dnost' class='linksalpha_container linksalpha_app_7'><a href='\/\/www.linksalpha.com\/share?network='facebook' class='linksalpha_icon_facebook'><\/a><a href='\/\/www.linksalpha.com\/share?network='twitter' class='linksalpha_icon_twitter'><\/a><a href='\/\/www.linksalpha.com\/share?network='googleplus' class='linksalpha_icon_googleplus'><\/a><a href='\/\/www.linksalpha.com\/share?network='mail' class='linksalpha_icon_mail'><\/a><\/div>","protected":false},"excerpt":{"rendered":"<p>&nbsp;884&nbsp;total views<\/p>\n","protected":false},"author":2,"featured_media":0,"comment_status":"open","ping_status":"open","sticky":true,"template":"","format":"standard","meta":[],"categories":[8,23],"tags":[],"_links":{"self":[{"href":"https:\/\/obcanskymonitoring.cz\/index.php?rest_route=\/wp\/v2\/posts\/3974"}],"collection":[{"href":"https:\/\/obcanskymonitoring.cz\/index.php?rest_route=\/wp\/v2\/posts"}],"about":[{"href":"https:\/\/obcanskymonitoring.cz\/index.php?rest_route=\/wp\/v2\/types\/post"}],"author":[{"embeddable":true,"href":"https:\/\/obcanskymonitoring.cz\/index.php?rest_route=\/wp\/v2\/users\/2"}],"replies":[{"embeddable":true,"href":"https:\/\/obcanskymonitoring.cz\/index.php?rest_route=%2Fwp%2Fv2%2Fcomments&post=3974"}],"version-history":[{"count":0,"href":"https:\/\/obcanskymonitoring.cz\/index.php?rest_route=\/wp\/v2\/posts\/3974\/revisions"}],"wp:attachment":[{"href":"https:\/\/obcanskymonitoring.cz\/index.php?rest_route=%2Fwp%2Fv2%2Fmedia&parent=3974"}],"wp:term":[{"taxonomy":"category","embeddable":true,"href":"https:\/\/obcanskymonitoring.cz\/index.php?rest_route=%2Fwp%2Fv2%2Fcategories&post=3974"},{"taxonomy":"post_tag","embeddable":true,"href":"https:\/\/obcanskymonitoring.cz\/index.php?rest_route=%2Fwp%2Fv2%2Ftags&post=3974"}],"curies":[{"name":"wp","href":"https:\/\/api.w.org\/{rel}","templated":true}]}}