{"id":4232,"date":"2015-05-29T18:19:00","date_gmt":"2015-05-29T18:19:00","guid":{"rendered":"http:\/\/obcanskymonitoring.cz\/?p=4232"},"modified":"2015-05-30T14:50:07","modified_gmt":"2015-05-30T14:50:07","slug":"dotaznik-evropske-federace-novinaru-efj","status":"publish","type":"post","link":"https:\/\/obcanskymonitoring.cz\/?p=4232","title":{"rendered":"Dotazn\u00edk Evropsk\u00e9 federace novin\u00e1\u0159\u016f (EFJ) pro \u010desk\u00e9 novin\u00e1\u0159e a blogery"},"content":{"rendered":"<div class=\"pvc_clear\"><\/div>\n<p class=\"pvc_stats total_only \" data-element-id=\"4232\" style=\"\"><i class=\"pvc-stats-icon medium\" aria-hidden=\"true\"><svg xmlns=\"http:\/\/www.w3.org\/2000\/svg\" version=\"1.0\" viewBox=\"0 0 502 315\" preserveAspectRatio=\"xMidYMid meet\"><g transform=\"translate(0,332) scale(0.1,-0.1)\" fill=\"\" stroke=\"none\"><path d=\"M2394 3279 l-29 -30 -3 -207 c-2 -182 0 -211 15 -242 39 -76 157 -76 196 0 15 31 17 60 15 243 l-3 209 -33 29 c-26 23 -41 29 -80 29 -41 0 -53 -5 -78 -31z\"\/><path d=\"M3085 3251 c-45 -19 -58 -50 -96 -229 -47 -217 -49 -260 -13 -295 52 -53 146 -42 177 20 16 31 87 366 87 410 0 70 -86 122 -155 94z\"\/><path d=\"M1751 3234 c-13 -9 -29 -31 -37 -50 -12 -29 -10 -49 21 -204 19 -94 39 -189 45 -210 14 -50 54 -80 110 -80 34 0 48 6 76 34 21 21 34 44 34 59 0 14 -18 113 -40 219 -37 178 -43 195 -70 221 -36 32 -101 37 -139 11z\"\/><path d=\"M1163 3073 c-36 -7 -73 -59 -73 -102 0 -56 133 -378 171 -413 34 -32 83 -37 129 -13 70 36 67 87 -16 290 -86 209 -89 214 -129 231 -35 14 -42 15 -82 7z\"\/><path d=\"M3689 3066 c-15 -9 -33 -30 -42 -48 -48 -103 -147 -355 -147 -375 0 -98 131 -148 192 -74 13 15 57 108 97 206 80 196 84 226 37 273 -30 30 -99 39 -137 18z\"\/><path d=\"M583 2784 c-38 -19 -67 -74 -58 -113 9 -42 211 -354 242 -373 16 -10 45 -18 66 -18 51 0 107 52 107 100 0 39 -1 41 -124 234 -80 126 -108 162 -133 173 -41 17 -61 16 -100 -3z\"\/><path d=\"M4250 2784 c-14 -9 -74 -91 -133 -183 -95 -150 -107 -173 -107 -213 0 -55 33 -94 87 -104 67 -13 90 8 211 198 130 202 137 225 78 284 -27 27 -42 34 -72 34 -22 0 -50 -8 -64 -16z\"\/><path d=\"M2275 2693 c-553 -48 -1095 -270 -1585 -649 -135 -104 -459 -423 -483 -476 -23 -49 -22 -139 2 -186 73 -142 361 -457 571 -626 285 -228 642 -407 990 -497 242 -63 336 -73 660 -74 310 0 370 5 595 52 535 111 1045 392 1455 803 122 121 250 273 275 326 19 41 19 137 0 174 -41 79 -309 363 -465 492 -447 370 -946 591 -1479 653 -113 14 -422 18 -536 8z m395 -428 c171 -34 330 -124 456 -258 112 -119 167 -219 211 -378 27 -96 24 -300 -5 -401 -72 -255 -236 -447 -474 -557 -132 -62 -201 -76 -368 -76 -167 0 -236 14 -368 76 -213 98 -373 271 -451 485 -162 444 86 934 547 1084 153 49 292 57 452 25z m909 -232 c222 -123 408 -262 593 -441 76 -74 138 -139 138 -144 0 -16 -233 -242 -330 -319 -155 -123 -309 -223 -461 -299 l-81 -41 32 46 c18 26 49 83 70 128 143 306 141 649 -6 957 -25 52 -61 116 -79 142 l-34 47 45 -20 c26 -10 76 -36 113 -56z m-2057 25 c-40 -58 -105 -190 -130 -263 -110 -324 -59 -707 132 -981 25 -35 42 -64 37 -64 -19 0 -241 119 -326 174 -188 122 -406 314 -532 468 l-58 71 108 103 c185 178 428 349 672 473 66 33 121 60 123 61 2 0 -10 -19 -26 -42z\"\/><path d=\"M2375 1950 c-198 -44 -350 -190 -395 -379 -18 -76 -8 -221 19 -290 114 -284 457 -406 731 -260 98 52 188 154 231 260 27 69 37 214 19 290 -38 163 -166 304 -326 360 -67 23 -215 33 -279 19z\"\/><\/g><\/svg><\/i> &nbsp;1,096&nbsp;total views<\/p>\n<div class=\"pvc_clear\"><\/div>\n<p>Obdr\u017eeli jsme prosbu z <a href=\"http:\/\/www.europeanjournalists.org\/\">Evropsk\u00e9 federace novin\u00e1\u0159\u016f<\/a>\u00a0o vypln\u011bn\u00ed a \u0161\u00ed\u0159en\u00ed dotazn\u00edku mezi blogery. Jste-li novin\u00e1\u0159i, v\u010detn\u011b voln\u00fdch novin\u00e1\u0159\u016f a bloger\u016f, podpo\u0159te pros\u00edm tuto organizaci a <a href=\"http:\/\/www.odborovysvaznovinaru.cz\/udalosti\/vyzkum\/pruzkum-pracovnich-podminek-novinaru\">vypl\u0148te pros\u00edm dotazn\u00edk zde<\/a>.<\/p>\n<p><!--more--><\/p>\n<p>L\u00edb\u00ed se n\u00e1m, \u017ee tato organizace zastupuje i blogery a novin\u00e1\u0159e, kte\u0159\u00ed p\u00ed\u0161ou zdarma, co\u017e je i n\u00e1\u0161 p\u0159\u00edpad. <a href=\"http:\/\/obcanskymonitoring.cz\/\">Ob\u010dansk\u00fd monitoring<\/a>\u00a0je u t\u00e9to organizace zaregistrov\u00e1n, zde jsme z\u00edskali na\u0161e ofici\u00e1ln\u00ed novin\u00e1\u0159sk\u00e9 registrace.<\/p>\n<p>EFJ chce vyu\u017e\u00edt informace z dotazn\u00edku k zah\u00e1jen\u00ed nov\u00fdch aktivit a projekt\u016f. M\u00e1me jeden tip&#8230;\u00a0Pokus\u00edme se o t\u011bsn\u011bj\u0161\u00ed spolupr\u00e1ci s EFJ; pokus\u00edme se je p\u0159esv\u011bd\u010dit, aby za\u010dali h\u00e1jit pr\u00e1va novin\u00e1\u0159\u016f v podobn\u00fdch \u0161ikan\u00f3zn\u00edch \u017ealob\u00e1ch, o jak\u00e9 jsme ned\u00e1vno informovali v \u010dl\u00e1nku\u00a0<strong><a href=\"http:\/\/obcanskymonitoring.cz\/?p=4194\">Sen\u00e1tor Jirsa \u017ealovatelem i navrhovatelem<\/a><\/strong>. &#8211; Nap\u0159. financov\u00e1n\u00edm obhajoby v podobn\u00fdch sporech.<\/p>\n<p>Jeden novin\u00e1\u0159 m\u016f\u017ee b\u00fdt zastra\u0161ov\u00e1n a zastra\u0161en (co\u017e rozhodn\u011b nen\u00ed p\u0159\u00edpad profesora <a href=\"http:\/\/obcanskymonitoring.cz\/?p=4194\">Kindlmanna<\/a>), ale pokud budou m\u00edt novin\u00e1\u0159i mezi sebou profesn\u00ed solidaritu a pokud budou v p\u0159\u00edpad\u011b \u00fatoku na sv\u00e9 kolegy (i blogery) informovat, poda\u0159\u00ed se svobodu slova zachovat i proti siln\u00fdch politick\u00fdm a ekonomick\u00fdm tlak\u016fm.<\/p>\n<div data-counters='1' data-style='square' data-size='regular' data-url='https:\/\/obcanskymonitoring.cz\/?p=4232' data-title='Dotazn\u00edk Evropsk\u00e9 federace novin\u00e1\u0159\u016f (EFJ) pro \u010desk\u00e9 novin\u00e1\u0159e a blogery' class='linksalpha_container linksalpha_app_3'><a href='\/\/www.linksalpha.com\/share?network='facebook' class='linksalpha_icon_facebook'><\/a><a href='\/\/www.linksalpha.com\/share?network='twitter' class='linksalpha_icon_twitter'><\/a><a href='\/\/www.linksalpha.com\/share?network='googleplus' class='linksalpha_icon_googleplus'><\/a><a href='\/\/www.linksalpha.com\/share?network='mail' class='linksalpha_icon_mail'><\/a><\/div><div data-position='' data-url='https:\/\/obcanskymonitoring.cz\/?p=4232' data-title='Dotazn\u00edk Evropsk\u00e9 federace novin\u00e1\u0159\u016f (EFJ) pro \u010desk\u00e9 novin\u00e1\u0159e a blogery' class='linksalpha_container linksalpha_app_7'><a href='\/\/www.linksalpha.com\/share?network='facebook' class='linksalpha_icon_facebook'><\/a><a href='\/\/www.linksalpha.com\/share?network='twitter' class='linksalpha_icon_twitter'><\/a><a href='\/\/www.linksalpha.com\/share?network='googleplus' class='linksalpha_icon_googleplus'><\/a><a href='\/\/www.linksalpha.com\/share?network='mail' class='linksalpha_icon_mail'><\/a><\/div>","protected":false},"excerpt":{"rendered":"<p>&nbsp;1,096&nbsp;total views Obdr\u017eeli jsme prosbu z Evropsk\u00e9 federace novin\u00e1\u0159\u016f\u00a0o vypln\u011bn\u00ed a \u0161\u00ed\u0159en\u00ed dotazn\u00edku mezi blogery. Jste-li novin\u00e1\u0159i, v\u010detn\u011b voln\u00fdch novin\u00e1\u0159\u016f a bloger\u016f, podpo\u0159te pros\u00edm tuto organizaci a vypl\u0148te pros\u00edm dotazn\u00edk zde.<\/p>\n","protected":false},"author":2,"featured_media":0,"comment_status":"open","ping_status":"open","sticky":true,"template":"","format":"standard","meta":[],"categories":[9],"tags":[],"_links":{"self":[{"href":"https:\/\/obcanskymonitoring.cz\/index.php?rest_route=\/wp\/v2\/posts\/4232"}],"collection":[{"href":"https:\/\/obcanskymonitoring.cz\/index.php?rest_route=\/wp\/v2\/posts"}],"about":[{"href":"https:\/\/obcanskymonitoring.cz\/index.php?rest_route=\/wp\/v2\/types\/post"}],"author":[{"embeddable":true,"href":"https:\/\/obcanskymonitoring.cz\/index.php?rest_route=\/wp\/v2\/users\/2"}],"replies":[{"embeddable":true,"href":"https:\/\/obcanskymonitoring.cz\/index.php?rest_route=%2Fwp%2Fv2%2Fcomments&post=4232"}],"version-history":[{"count":0,"href":"https:\/\/obcanskymonitoring.cz\/index.php?rest_route=\/wp\/v2\/posts\/4232\/revisions"}],"wp:attachment":[{"href":"https:\/\/obcanskymonitoring.cz\/index.php?rest_route=%2Fwp%2Fv2%2Fmedia&parent=4232"}],"wp:term":[{"taxonomy":"category","embeddable":true,"href":"https:\/\/obcanskymonitoring.cz\/index.php?rest_route=%2Fwp%2Fv2%2Fcategories&post=4232"},{"taxonomy":"post_tag","embeddable":true,"href":"https:\/\/obcanskymonitoring.cz\/index.php?rest_route=%2Fwp%2Fv2%2Ftags&post=4232"}],"curies":[{"name":"wp","href":"https:\/\/api.w.org\/{rel}","templated":true}]}}