{"id":4244,"date":"2015-05-30T07:36:24","date_gmt":"2015-05-30T07:36:24","guid":{"rendered":"http:\/\/obcanskymonitoring.cz\/?p=4244"},"modified":"2015-06-28T06:35:50","modified_gmt":"2015-06-28T06:35:50","slug":"povinne-kvoty-pro-prijeti-uprchliku-cesi-hlasovali-pro","status":"publish","type":"post","link":"https:\/\/obcanskymonitoring.cz\/?p=4244","title":{"rendered":"Povinn\u00e9 kv\u00f3ty pro p\u0159ijet\u00ed uprchl\u00edk\u016f: \u010ce\u0161i hlasovali v europarlamentu pro"},"content":{"rendered":"<div class=\"pvc_clear\"><\/div>\n<p class=\"pvc_stats total_only \" data-element-id=\"4244\" style=\"\"><i class=\"pvc-stats-icon medium\" aria-hidden=\"true\"><svg xmlns=\"http:\/\/www.w3.org\/2000\/svg\" version=\"1.0\" viewBox=\"0 0 502 315\" preserveAspectRatio=\"xMidYMid meet\"><g transform=\"translate(0,332) scale(0.1,-0.1)\" fill=\"\" stroke=\"none\"><path d=\"M2394 3279 l-29 -30 -3 -207 c-2 -182 0 -211 15 -242 39 -76 157 -76 196 0 15 31 17 60 15 243 l-3 209 -33 29 c-26 23 -41 29 -80 29 -41 0 -53 -5 -78 -31z\"\/><path d=\"M3085 3251 c-45 -19 -58 -50 -96 -229 -47 -217 -49 -260 -13 -295 52 -53 146 -42 177 20 16 31 87 366 87 410 0 70 -86 122 -155 94z\"\/><path d=\"M1751 3234 c-13 -9 -29 -31 -37 -50 -12 -29 -10 -49 21 -204 19 -94 39 -189 45 -210 14 -50 54 -80 110 -80 34 0 48 6 76 34 21 21 34 44 34 59 0 14 -18 113 -40 219 -37 178 -43 195 -70 221 -36 32 -101 37 -139 11z\"\/><path d=\"M1163 3073 c-36 -7 -73 -59 -73 -102 0 -56 133 -378 171 -413 34 -32 83 -37 129 -13 70 36 67 87 -16 290 -86 209 -89 214 -129 231 -35 14 -42 15 -82 7z\"\/><path d=\"M3689 3066 c-15 -9 -33 -30 -42 -48 -48 -103 -147 -355 -147 -375 0 -98 131 -148 192 -74 13 15 57 108 97 206 80 196 84 226 37 273 -30 30 -99 39 -137 18z\"\/><path d=\"M583 2784 c-38 -19 -67 -74 -58 -113 9 -42 211 -354 242 -373 16 -10 45 -18 66 -18 51 0 107 52 107 100 0 39 -1 41 -124 234 -80 126 -108 162 -133 173 -41 17 -61 16 -100 -3z\"\/><path d=\"M4250 2784 c-14 -9 -74 -91 -133 -183 -95 -150 -107 -173 -107 -213 0 -55 33 -94 87 -104 67 -13 90 8 211 198 130 202 137 225 78 284 -27 27 -42 34 -72 34 -22 0 -50 -8 -64 -16z\"\/><path d=\"M2275 2693 c-553 -48 -1095 -270 -1585 -649 -135 -104 -459 -423 -483 -476 -23 -49 -22 -139 2 -186 73 -142 361 -457 571 -626 285 -228 642 -407 990 -497 242 -63 336 -73 660 -74 310 0 370 5 595 52 535 111 1045 392 1455 803 122 121 250 273 275 326 19 41 19 137 0 174 -41 79 -309 363 -465 492 -447 370 -946 591 -1479 653 -113 14 -422 18 -536 8z m395 -428 c171 -34 330 -124 456 -258 112 -119 167 -219 211 -378 27 -96 24 -300 -5 -401 -72 -255 -236 -447 -474 -557 -132 -62 -201 -76 -368 -76 -167 0 -236 14 -368 76 -213 98 -373 271 -451 485 -162 444 86 934 547 1084 153 49 292 57 452 25z m909 -232 c222 -123 408 -262 593 -441 76 -74 138 -139 138 -144 0 -16 -233 -242 -330 -319 -155 -123 -309 -223 -461 -299 l-81 -41 32 46 c18 26 49 83 70 128 143 306 141 649 -6 957 -25 52 -61 116 -79 142 l-34 47 45 -20 c26 -10 76 -36 113 -56z m-2057 25 c-40 -58 -105 -190 -130 -263 -110 -324 -59 -707 132 -981 25 -35 42 -64 37 -64 -19 0 -241 119 -326 174 -188 122 -406 314 -532 468 l-58 71 108 103 c185 178 428 349 672 473 66 33 121 60 123 61 2 0 -10 -19 -26 -42z\"\/><path d=\"M2375 1950 c-198 -44 -350 -190 -395 -379 -18 -76 -8 -221 19 -290 114 -284 457 -406 731 -260 98 52 188 154 231 260 27 69 37 214 19 290 -38 163 -166 304 -326 360 -67 23 -215 33 -279 19z\"\/><\/g><\/svg><\/i> &nbsp;1,192&nbsp;total views<\/p>\n<div class=\"pvc_clear\"><\/div>\n<p>Sleduji t\u00e9ma <a href=\"http:\/\/www.ceskenoviny.cz\/zpravy\/sobotka-povinne-kvoty-a-prerozdelovani-uprchliku-nejsou-resenim\/1220842\">povinn\u00fdch kv\u00f3t pro uprchl\u00edky<\/a>.\u00a0M\u00e9dia tyto dokumenty nereferuj\u00ed, co\u017e je \u0161koda. Obsahuj\u00ed celou \u0159adu d\u016fle\u017eit\u00fdch informac\u00ed:\u00a0Kompletn\u00ed dokument si m\u016f\u017eete p\u0159e\u010d\u00edst zde:\u00a0<a href=\"http:\/\/www.europarl.europa.eu\/sides\/getDoc.do?pubRef=-%2F%2FEP%2F%2FTEXT%20MOTION%20P8-RC-2015-0367%200%20DOC%20XML%20V0%2F%2FCS\">Spole\u010dn\u00fd n\u00e1vrh usnesen\u00ed Evropsk\u00e9ho parlamentu\u00a0o trag\u00e9di\u00edch, k nim\u017e do\u0161lo v posledn\u00ed dob\u011b ve St\u0159edozemn\u00edm mo\u0159i, a o migra\u010dn\u00ed a azylov\u00e9 politice EU (2015\/2660(RSP))<\/a><\/p>\n<p>Zaujal mne i fakt, \u017ee \u010de\u0161t\u00ed europoslanci hlasovali pro zaveden\u00ed kv\u00f3t\u00a0 a to v rozporu s ofici\u00e1ln\u00ed zahrani\u010dn\u00ed politikou vl\u00e1dy \u010cR.\u00a0Dohledal jsem tedy a publikuji i informaci, kdo a jak p\u0159esn\u011b hlasoval.\u00a0N\u00ed\u017ee uv\u00e1d\u00edm citaci \u010d\u00e1st\u00ed usnesen\u00ed, kter\u00e9 mne zaujaly a p\u0159id\u00e1v\u00e1m sv\u016fj stru\u010dn\u00fd koment\u00e1\u0159 k nim.<\/p>\n<p><!--more--><\/p>\n<p>&nbsp;<\/p>\n<p><strong>Statistiky<\/strong><\/p>\n<p><em>&#8220;Od 1. ledna 2015 dorazilo k italsk\u00e9mu pob\u0159e\u017e\u00ed 23\u00a0918\u00a0migrant\u016f.&#8221;<\/em><\/p>\n<p><em>&#8220;Dle \u0159eck\u00fdch org\u00e1n\u016f zachr\u00e1nila v prvn\u00edm \u010dtvrtlet\u00ed roku 2015 v\u00a0Egejsk\u00e9m mo\u0159i \u0159eck\u00e1 pob\u0159e\u017en\u00ed str\u00e1\u017e celkem 10\u00a0445 migrant\u016f.&#8221;<\/em><\/p>\n<p><em>&#8220;Italsk\u00e9 n\u00e1mo\u0159n\u00ed s\u00edly, italsk\u00e1 pob\u0159e\u017en\u00ed str\u00e1\u017e, italsk\u00e9 n\u00e1mo\u0159nictvo a \u0159ada obchodn\u00edch lod\u00ed prov\u00e1d\u011bly nep\u0159etr\u017eit\u00e9 operace na z\u00e1chranu ohro\u017een\u00fdch migrant\u016f ve St\u0159edozemn\u00edm mo\u0159i a b\u011bhem \u0161esti dn\u016f od p\u00e1tku 10. dubna do \u010dtvrtka 16. dubna 2015 poskytly pomoc p\u0159ibli\u017en\u011b 10 000 migrant\u016f.&#8221;<\/em><\/p>\n<p><em>&#8220;P\u0159i posledn\u00ed operaci speci\u00e1ln\u011b v\u011bnovan\u00e9 vyhled\u00e1v\u00e1n\u00ed a z\u00e1chran\u011b osob ve St\u0159edozemn\u00edm mo\u0159i, Mare nostrum, bylo za 364 dn\u00ed zachr\u00e1n\u011bno 150 810 migrant\u016f; vzhledem k tomu, \u017ee po\u010d\u00e1te\u010dn\u00ed odhady neukazuj\u00ed, \u017ee by do\u0161lo ke sn\u00ed\u017een\u00ed po\u010dtu migrant\u016f, kte\u0159\u00ed se v t\u00e9to chv\u00edli sna\u017e\u00ed dostat p\u0159es St\u0159edozemn\u00ed mo\u0159e.&#8221;<\/em><\/p>\n<p><em>&#8220;Obchodn\u00edci s\u00a0lidmi dosahuj\u00ed na z\u00e1klad\u011b sv\u00e9 trestn\u00e9 \u010dinnosti zisku 20\u00a0miliard EUR ro\u010dn\u011b.&#8221;<\/em><\/p>\n<p>&nbsp;<\/p>\n<p><strong>Zd\u016fvodn\u011bn\u00ed zaveden\u00ed kv\u00f3t<\/strong><\/p>\n<p><em>&#8220;[EP] znovu opakuje, \u017ee je nutn\u00e9, aby EU na trag\u00e9die, k nim\u017e do\u0161lo ve St\u0159edozemn\u00edm mo\u0159i v\u00a0posledn\u00ed dob\u011b, reagovala solid\u00e1rn\u011b a p\u0159i spravedliv\u00e9m rozd\u011blen\u00ed odpov\u011bdnosti, jak je uvedeno v \u010dl\u00e1nku 80 Smlouvy o fungov\u00e1n\u00ed Evropsk\u00e9 unie (<a href=\"http:\/\/www.ius-wiki.eu\/evropske-pravo\/sfeu\">SFEU<\/a>), a aby zaujala ucelen\u00fd postoj na\u00a0evropsk\u00e9 \u00farovni; opakuje, \u017ee je nutn\u00e9, aby EU p\u0159evzala odpov\u00eddaj\u00edc\u00ed d\u00edl odpov\u011bdnosti a\u00a0pos\u00edlila solidaritu v\u016f\u010di \u010dlensk\u00fdm st\u00e1t\u016fm, do nich\u017e proud\u00ed nejv\u011bt\u0161\u00ed po\u010det uprchl\u00edk\u016f a \u017eadatel\u016f o azyl, a\u0165 u\u017e v\u00a0absolutn\u00edch nebo pom\u011brn\u00fdch \u010d\u00edslech.&#8221;<\/em><\/p>\n<p>Jen z letm\u00e9ho pohledu na statistiky je z\u0159ejm\u00e9, \u017ee tyto po\u010dty nemohou zvl\u00e1dnout jednotliv\u00e9 \u010dlensk\u00e9 zem\u011b, kter\u00e9 soused\u00ed se zdroji imigrace (zejm\u00e9na It\u00e1lie a \u0158ecko). Smysl proto u\u010dit\u011b maj\u00ed projekty jako je zaveden\u00ed spole\u010dn\u00e9 ochrany hranic, apod, ale \u00a0zaveden\u00ed kv\u00f3t povinn\u00e9 distribuce imigrant\u016f je krok zcela \u0161patn\u00fdm sm\u011brem.<\/p>\n<p>&nbsp;<\/p>\n<p><em>&#8220;V\u00edt\u00e1 z\u00e1vazek Evropsk\u00e9 rady pos\u00edlit operaci EU nazvanou Triton nav\u00fd\u0161en\u00edm finan\u010dn\u00edch a\u00a0materi\u00e1ln\u00edch zdroj\u016f; nal\u00e9hav\u011b \u017e\u00e1d\u00e1 EU, aby operaci Triton ud\u011blila jasn\u00fd mand\u00e1t, tak aby do\u0161lo k\u00a0roz\u0161\u00ed\u0159en\u00ed oblasti jej\u00ed \u010dinnosti a\u00a0aby tento mand\u00e1t zahrnoval p\u00e1trac\u00ed a\u00a0z\u00e1chrann\u00e9 akce na\u00a0\u00farovni EU.&#8221;<\/em><\/p>\n<p><a href=\"http:\/\/domaci.ihned.cz\/c1-63908480-cesko-posle-experty-i-miliony-na-namorni-operaci-triton-aby-polevil-prival-uprchliku\">Operace Triton<\/a> zaji\u0161\u0165uje zjednodu\u0161en\u011b \u0159e\u010deno z\u00e1chranu tonouc\u00edch uprchl\u00edk\u016f. Kritikov\u00e9 tohoto programu upozor\u0148uj\u00ed na jeho velkou n\u00e1kladnost (na kter\u00e9m se necht\u011bj\u00ed pod\u00edlet ostatn\u00ed st\u00e1ty EU) a na fakt, \u017ee imigranti po\u010d\u00edtaj\u00ed s t\u00edm, \u017ee budou zachr\u00e1n\u011bni, co\u017e vede k dal\u0161\u00edm zbyte\u010dn\u00fdm tragick\u00fdm \u00famrt\u00edm.<\/p>\n<p><em>\u00a0<\/em><\/p>\n<p><em>&#8220;Vyz\u00fdv\u00e1 Komisi, aby zavedla z\u00e1vazn\u00e9 kv\u00f3ty k\u00a0rozd\u011blov\u00e1n\u00ed \u017eadatel\u016f o azyl mezi v\u0161echny \u010dlensk\u00e9 st\u00e1ty.&#8221;<\/em><\/p>\n<p>A je to tady. Toto opat\u0159en\u00ed je \u0161patn\u00e9 z mnoha d\u016fvod\u016f. P\u0159ijet\u00ed azylanta mus\u00ed b\u00fdt z principi\u00e1ln\u00edch d\u016fvod\u016f naprosto dobrovoln\u00fdm rozhodnut\u00edm hostitelsk\u00e9 zem\u011b. Nem\u00e1 existovat tlak na p\u0159ij\u00edm\u00e1n\u00ed uprchl\u00edk\u016f a jejich (automatizov\u00e1 redistribuce do dal\u0161\u00edch zem\u00ed). Humanit\u00e1rn\u00ed pomoc by m\u011bla b\u00fdt sm\u011brov\u00e1na do probl\u00e9mov\u00e9 oblasti. Je to \u00fa\u010dinn\u011bj\u0161\u00ed, efektivn\u011bj\u0161\u00ed a spr\u00e1vn\u011bj\u0161\u00ed rozhodnut\u00ed.\u00a0Nen\u00ed \u0159e\u0161en\u00edm p\u0159em\u00edstit tyto uprchl\u00edky do Evropy.<\/p>\n<p>&nbsp;<\/p>\n<p><em>&#8220;Vyz\u00fdv\u00e1 v\u0161echny z\u00fa\u010dastn\u011bn\u00e9 \u010dlensk\u00e9 st\u00e1ty, aby rychle a v pln\u00e9m rozsahu zapracovaly do\u00a0sv\u00fdch pr\u00e1vn\u00edch p\u0159edpis\u016f spole\u010dn\u00fd evropsk\u00fd <a href=\"http:\/\/ec.europa.eu\/dgs\/home-affairs\/e-library\/docs\/ceas-fact-sheets\/ceas_factsheet_cs.pdf\">azylov\u00fd syst\u00e9m (CEAS)<\/a> a \u00fa\u010dinn\u011b jej uplat\u0148ovaly s\u00a0c\u00edlem zajistit v r\u00e1mci st\u00e1vaj\u00edc\u00edch pr\u00e1vn\u00edch p\u0159edpis\u016f spole\u010dn\u00e9 evropsk\u00e9 standardy, v\u010detn\u011b podm\u00ednek p\u0159ij\u00edm\u00e1n\u00ed \u017eadatel\u016f o\u00a0azyl a\u00a0dodr\u017eov\u00e1n\u00ed z\u00e1kladn\u00edch pr\u00e1v.&#8221;<\/em><\/p>\n<p>Je tento azylov\u00fd syst\u00e9m spr\u00e1vn\u00fd? M\u00e1 b\u00fdt zaveden plo\u0161n\u011b?<\/p>\n<p>&nbsp;<\/p>\n<p><em>&#8220;Nal\u00e9hav\u011b vyz\u00fdv\u00e1 \u010dlensk\u00e9 st\u00e1ty a t\u0159et\u00ed zem\u011b, aby stanovily co nejvy\u0161\u0161\u00ed trestn\u00ed sankce postihuj\u00edc\u00ed obchodov\u00e1n\u00ed s lidmi a p\u0159evad\u011b\u010dstv\u00ed, a to jak do EU, tak i v r\u00e1mci jej\u00edho \u00fazem\u00ed, a\u00a0tak\u00e9 osoby \u010di skupiny, kter\u00e9 vyko\u0159is\u0165uj\u00ed zraniteln\u00e9 migranty v\u00a0EU, a\u00a0aby z\u00e1rove\u0148 zajistily, aby nedoch\u00e1zelo ke\u00a0st\u00edh\u00e1n\u00ed osob, kter\u00e9 p\u0159ijdou na\u00a0pomoc \u017eadatel\u016fm o azyl a\u00a0plavidl\u016fm v\u00a0nebezpe\u010d\u00ed;&#8221;<\/em><\/p>\n<p>Vzhledem k tomu, \u017ee o p\u00e1r odstavc\u016f v\u00fd\u0161e je odhadov\u00e1n zisk p\u0159evad\u011b\u010dsk\u00fdch firem na 20 miliard Eur ro\u010dn\u011b, nejsou <em>&#8220;ty nejtvrd\u0161\u00ed sankce&#8221;<\/em>, jak\u00fdch je EU schopna, stra\u0161\u00e1kem.<\/p>\n<p>&nbsp;<\/p>\n<p><em>&#8220;Zd\u016fraz\u0148uje, \u017ee ko\u0159eny n\u00e1sil\u00ed a zaostalost je nutn\u00e9 \u0159e\u0161it v zem\u00edch p\u016fvodu, aby mohl b\u00fdt zastaven p\u0159\u00edliv uprchl\u00edk\u016f a ekonomick\u00fdch migrant\u016f; v t\u00e9to souvislosti poukazuje na to, \u017ee mezi hlavn\u00ed priority v\u0161ech vl\u00e1d v zem\u00edch p\u016fvodu by m\u011blo pat\u0159it zna\u010dn\u00e9 upevn\u011bn\u00ed spr\u00e1vn\u00ed struktury vybudov\u00e1n\u00edm efektivn\u00edch a inkluzivn\u00edch ve\u0159ejn\u00fdch instituc\u00ed, zaji\u0161t\u011bn\u00edm budov\u00e1n\u00ed kapacit v r\u00e1mci azylov\u00fdch syst\u00e9m\u016f t\u0159et\u00edch zem\u00ed, zaveden\u00ed z\u00e1sad pr\u00e1vn\u00edho st\u00e1tu a boj proti rozbujel\u00e9 korupci na v\u0161ech \u00farovn\u00edch a rovn\u011b\u017e prosazov\u00e1n\u00ed lidsk\u00fdch pr\u00e1v a demokracie.&#8221;<\/em><\/p>\n<p>Pro\u010d tedy nejde evropsk\u00e1 politika t\u00edmto sm\u011brem? Pro\u010d nejsou \u0159e\u0161eny probl\u00e9my v zemi p\u016fvodu? Pro\u010d ohromn\u00e9 prost\u0159edky vynakl\u00e1dan\u00e9 na pomoc imigrant\u016fm v Evrop\u011b nejsou investov\u00e1ny v zem\u00edch p\u016fvodu migrace nap\u0159. pro infrastruktury st\u0159edisek pro uprchl\u00edky a pro zaji\u0161t\u011bn\u00ed jejich bezpe\u010dnosti v t\u011bchto st\u0159edisc\u00edch? Nebylo by toto lep\u0161\u00ed \u0159e\u0161en\u00ed?<\/p>\n<p>&nbsp;<\/p>\n<p><em>&#8220;Vyz\u00fdv\u00e1 Komisi, aby vypracovala a p\u0159edstavila ambici\u00f3zn\u00ed evropskou agendu v oblasti migrace, kter\u00e1 by p\u0159ihl\u00ed\u017eela ke v\u0161em jej\u00edm aspekt\u016fm.&#8221;<\/em><\/p>\n<p>&nbsp;<\/p>\n<p><strong>V\u00fdsledek hlasov\u00e1n\u00ed<\/strong><\/p>\n<p>Detailn\u00ed\u00a0<a href=\"http:\/\/www.votewatch.eu\/en\/term8-report-of-the-extraordinary-european-council-meeting-23-april-2015-the-latest-tragedies-in-the-medit-15.html#\/##vote-tabs-list-4\">V\u00fdsledek hlasov\u00e1n\u00ed je zde<\/a>. Je\u0161t\u011b detailn\u011bj\u0161\u00ed <a href=\"http:\/\/www.europarl.europa.eu\/sides\/getDoc.do?pubRef=-%2F%2FEP%2F%2FNONSGML%2BPV%2B20150429%2BRES-RCV%2BDOC%2BPDF%2BV0%2F%2FEN&amp;language=EN\">zde<\/a>.<\/p>\n<p>&nbsp;<\/p>\n<p><strong>Jak hlasovali \u010cesi?\u00a0<\/strong><\/p>\n<p>\u010ce\u0161i v Evropsk\u00e9m parlamentu hlasovali pom\u011brn\u011b v\u00fdrazn\u011b pro kv\u00f3ty, viz d\u00e1le.<\/p>\n<p>&nbsp;<\/p>\n<p><strong>Pro<\/strong><br \/>\n\u010cSSD: Jan Keller, Olga Sehnalov\u00e1, Pavel Poc, Miroslav Poche<br \/>\nTOP09: Lud\u011bk Niedermayer, Stanislav Pol\u010d\u00e1k, Jarom\u00edr \u0160t\u011btina<br \/>\nKDU-\u010cSL: Pavel Svoboda, Michaela \u0160ojdrov\u00e1, Tom\u00e1\u0161 Zdechovsk\u00fd<\/p>\n<p><strong>Proti<\/strong><\/p>\n<p>ANO: Pavel Teli\u010dka, Petr Je\u017eek, Dita Charanzov\u00e1, Martina Dlaba\u010dov\u00e1<br \/>\nODS: Jan Zahradil,\u00a0Ev\u017een To\u0161enovsk\u00fd<\/p>\n<p>SSO: Petr Mach<\/p>\n<p>&nbsp;<\/p>\n<p><strong>Zdr\u017eel se hlasov\u00e1n\u00ed<\/strong><br \/>\nKS\u010cM: Kate\u0159ina Kone\u010dn\u00e1, Ji\u0159\u00ed Ma\u0161t\u00e1lka, Miloslav Ransdorf,<br \/>\nTOP09: Ji\u0159\u00ed Posp\u00ed\u0161il<\/p>\n<div data-counters='1' data-style='square' data-size='regular' data-url='https:\/\/obcanskymonitoring.cz\/?p=4244' data-title='Povinn\u00e9 kv\u00f3ty pro p\u0159ijet\u00ed uprchl\u00edk\u016f: \u010ce\u0161i hlasovali v europarlamentu pro' class='linksalpha_container linksalpha_app_3'><a href='\/\/www.linksalpha.com\/share?network='facebook' class='linksalpha_icon_facebook'><\/a><a href='\/\/www.linksalpha.com\/share?network='twitter' class='linksalpha_icon_twitter'><\/a><a href='\/\/www.linksalpha.com\/share?network='googleplus' class='linksalpha_icon_googleplus'><\/a><a href='\/\/www.linksalpha.com\/share?network='mail' class='linksalpha_icon_mail'><\/a><\/div><div data-position='' data-url='https:\/\/obcanskymonitoring.cz\/?p=4244' data-title='Povinn\u00e9 kv\u00f3ty pro p\u0159ijet\u00ed uprchl\u00edk\u016f: \u010ce\u0161i hlasovali v europarlamentu pro' class='linksalpha_container linksalpha_app_7'><a href='\/\/www.linksalpha.com\/share?network='facebook' class='linksalpha_icon_facebook'><\/a><a href='\/\/www.linksalpha.com\/share?network='twitter' class='linksalpha_icon_twitter'><\/a><a href='\/\/www.linksalpha.com\/share?network='googleplus' class='linksalpha_icon_googleplus'><\/a><a href='\/\/www.linksalpha.com\/share?network='mail' class='linksalpha_icon_mail'><\/a><\/div>","protected":false},"excerpt":{"rendered":"<p>&nbsp;1,192&nbsp;total views Sleduji t\u00e9ma povinn\u00fdch kv\u00f3t pro uprchl\u00edky.\u00a0M\u00e9dia tyto dokumenty nereferuj\u00ed, co\u017e je \u0161koda. Obsahuj\u00ed celou \u0159adu d\u016fle\u017eit\u00fdch informac\u00ed:\u00a0Kompletn\u00ed dokument si m\u016f\u017eete p\u0159e\u010d\u00edst zde:\u00a0Spole\u010dn\u00fd n\u00e1vrh usnesen\u00ed Evropsk\u00e9ho parlamentu\u00a0o trag\u00e9di\u00edch, k nim\u017e do\u0161lo v posledn\u00ed dob\u011b ve St\u0159edozemn\u00edm mo\u0159i, a o migra\u010dn\u00ed a azylov\u00e9 politice EU (2015\/2660(RSP)) Zaujal mne i fakt, \u017ee \u010de\u0161t\u00ed europoslanci hlasovali pro [&hellip;]<\/p>\n","protected":false},"author":2,"featured_media":0,"comment_status":"open","ping_status":"open","sticky":true,"template":"","format":"standard","meta":[],"categories":[34,19,31],"tags":[],"_links":{"self":[{"href":"https:\/\/obcanskymonitoring.cz\/index.php?rest_route=\/wp\/v2\/posts\/4244"}],"collection":[{"href":"https:\/\/obcanskymonitoring.cz\/index.php?rest_route=\/wp\/v2\/posts"}],"about":[{"href":"https:\/\/obcanskymonitoring.cz\/index.php?rest_route=\/wp\/v2\/types\/post"}],"author":[{"embeddable":true,"href":"https:\/\/obcanskymonitoring.cz\/index.php?rest_route=\/wp\/v2\/users\/2"}],"replies":[{"embeddable":true,"href":"https:\/\/obcanskymonitoring.cz\/index.php?rest_route=%2Fwp%2Fv2%2Fcomments&post=4244"}],"version-history":[{"count":0,"href":"https:\/\/obcanskymonitoring.cz\/index.php?rest_route=\/wp\/v2\/posts\/4244\/revisions"}],"wp:attachment":[{"href":"https:\/\/obcanskymonitoring.cz\/index.php?rest_route=%2Fwp%2Fv2%2Fmedia&parent=4244"}],"wp:term":[{"taxonomy":"category","embeddable":true,"href":"https:\/\/obcanskymonitoring.cz\/index.php?rest_route=%2Fwp%2Fv2%2Fcategories&post=4244"},{"taxonomy":"post_tag","embeddable":true,"href":"https:\/\/obcanskymonitoring.cz\/index.php?rest_route=%2Fwp%2Fv2%2Ftags&post=4244"}],"curies":[{"name":"wp","href":"https:\/\/api.w.org\/{rel}","templated":true}]}}