{"id":4280,"date":"2015-06-02T10:10:04","date_gmt":"2015-06-02T10:10:04","guid":{"rendered":"http:\/\/obcanskymonitoring.cz\/?p=4280"},"modified":"2015-06-02T10:10:04","modified_gmt":"2015-06-02T10:10:04","slug":"mikulas-kroupa-post-bellum-udelejme-radost","status":"publish","type":"post","link":"https:\/\/obcanskymonitoring.cz\/?p=4280","title":{"rendered":"Mikul\u00e1\u0161 Kroupa, Post Bellum: Ud\u011blejme radost"},"content":{"rendered":"<div class=\"pvc_clear\"><\/div>\n<p class=\"pvc_stats total_only \" data-element-id=\"4280\" style=\"\"><i class=\"pvc-stats-icon medium\" aria-hidden=\"true\"><svg xmlns=\"http:\/\/www.w3.org\/2000\/svg\" version=\"1.0\" viewBox=\"0 0 502 315\" preserveAspectRatio=\"xMidYMid meet\"><g transform=\"translate(0,332) scale(0.1,-0.1)\" fill=\"\" stroke=\"none\"><path d=\"M2394 3279 l-29 -30 -3 -207 c-2 -182 0 -211 15 -242 39 -76 157 -76 196 0 15 31 17 60 15 243 l-3 209 -33 29 c-26 23 -41 29 -80 29 -41 0 -53 -5 -78 -31z\"\/><path d=\"M3085 3251 c-45 -19 -58 -50 -96 -229 -47 -217 -49 -260 -13 -295 52 -53 146 -42 177 20 16 31 87 366 87 410 0 70 -86 122 -155 94z\"\/><path d=\"M1751 3234 c-13 -9 -29 -31 -37 -50 -12 -29 -10 -49 21 -204 19 -94 39 -189 45 -210 14 -50 54 -80 110 -80 34 0 48 6 76 34 21 21 34 44 34 59 0 14 -18 113 -40 219 -37 178 -43 195 -70 221 -36 32 -101 37 -139 11z\"\/><path d=\"M1163 3073 c-36 -7 -73 -59 -73 -102 0 -56 133 -378 171 -413 34 -32 83 -37 129 -13 70 36 67 87 -16 290 -86 209 -89 214 -129 231 -35 14 -42 15 -82 7z\"\/><path d=\"M3689 3066 c-15 -9 -33 -30 -42 -48 -48 -103 -147 -355 -147 -375 0 -98 131 -148 192 -74 13 15 57 108 97 206 80 196 84 226 37 273 -30 30 -99 39 -137 18z\"\/><path d=\"M583 2784 c-38 -19 -67 -74 -58 -113 9 -42 211 -354 242 -373 16 -10 45 -18 66 -18 51 0 107 52 107 100 0 39 -1 41 -124 234 -80 126 -108 162 -133 173 -41 17 -61 16 -100 -3z\"\/><path d=\"M4250 2784 c-14 -9 -74 -91 -133 -183 -95 -150 -107 -173 -107 -213 0 -55 33 -94 87 -104 67 -13 90 8 211 198 130 202 137 225 78 284 -27 27 -42 34 -72 34 -22 0 -50 -8 -64 -16z\"\/><path d=\"M2275 2693 c-553 -48 -1095 -270 -1585 -649 -135 -104 -459 -423 -483 -476 -23 -49 -22 -139 2 -186 73 -142 361 -457 571 -626 285 -228 642 -407 990 -497 242 -63 336 -73 660 -74 310 0 370 5 595 52 535 111 1045 392 1455 803 122 121 250 273 275 326 19 41 19 137 0 174 -41 79 -309 363 -465 492 -447 370 -946 591 -1479 653 -113 14 -422 18 -536 8z m395 -428 c171 -34 330 -124 456 -258 112 -119 167 -219 211 -378 27 -96 24 -300 -5 -401 -72 -255 -236 -447 -474 -557 -132 -62 -201 -76 -368 -76 -167 0 -236 14 -368 76 -213 98 -373 271 -451 485 -162 444 86 934 547 1084 153 49 292 57 452 25z m909 -232 c222 -123 408 -262 593 -441 76 -74 138 -139 138 -144 0 -16 -233 -242 -330 -319 -155 -123 -309 -223 -461 -299 l-81 -41 32 46 c18 26 49 83 70 128 143 306 141 649 -6 957 -25 52 -61 116 -79 142 l-34 47 45 -20 c26 -10 76 -36 113 -56z m-2057 25 c-40 -58 -105 -190 -130 -263 -110 -324 -59 -707 132 -981 25 -35 42 -64 37 -64 -19 0 -241 119 -326 174 -188 122 -406 314 -532 468 l-58 71 108 103 c185 178 428 349 672 473 66 33 121 60 123 61 2 0 -10 -19 -26 -42z\"\/><path d=\"M2375 1950 c-198 -44 -350 -190 -395 -379 -18 -76 -8 -221 19 -290 114 -284 457 -406 731 -260 98 52 188 154 231 260 27 69 37 214 19 290 -38 163 -166 304 -326 360 -67 23 -215 33 -279 19z\"\/><\/g><\/svg><\/i> &nbsp;936&nbsp;total views<\/p>\n<div class=\"pvc_clear\"><\/div>\n<p>P\u0159etiskuji zpr\u00e1vu, kterou jsem dostal na adresu Ob\u010dansk\u00e9ho monitoringu. Akci pln\u011b podporujeme a p\u0159ipojujeme se k v\u00fdzv\u011b!<\/p>\n<p><!--more--><\/p>\n<p>V\u00e1\u017een\u00fd pane Praksi,<\/p>\n<p>P\u0159ij\u010fte ud\u011blat jednomu zaj\u00edmav\u00e9mu star\u00e9mu mu\u017ei radost. V p\u00e1tek 5.6. v 15h v\u00a0Parku Franti\u0161ka Such\u00e9ho. P\u0159\u00edtomn\u00fd bude Franti\u0161ek Such\u00fd ml., po jeho\u017e otci\u00a0je park pojmenovan\u00fd. Otec Fr. Such\u00fd, b\u00fdval\u00fd \u0159editel stra\u0161nick\u00e9ho\u00a0krematoria, se v \u017eivot\u011b zachoval neoby\u010dejn\u011b state\u010dn\u011b a koneckonc\u016f jeho syn\u00a0tak\u00e9. Oba nejednou riskovali \u017eivot za nacist\u016f i komunist\u016f. Nap\u0159\u00edklad tajn\u011b<br \/>\nza z\u00e1dy gestapa opisovali jm\u00e9na popraven\u00fdch, kter\u00e9 jim nacist\u00e9 p\u0159iv\u00e1\u017eeli ke\u00a0zpopeln\u011bn\u00ed. D\u00edky nim zn\u00e1me jm\u00e9na na\u0161ich padl\u00fdch odboj\u00e1\u0159\u016f. Schov\u00e1vali\u00a0zbran\u011b. \u00da\u010dastnili se Pra\u017esk\u00e9ho povst\u00e1n\u00ed. Oba byli za komunist\u016f uv\u011bzn\u011bni za\u00a0pomoc agentu chodci, kter\u00fd p\u0159ev\u00e1d\u011bl p\u0159es hranice. Franti\u0161ek ml. si odsed\u011bl\u00a0neuv\u011b\u0159iteln\u00fdch 12 let. Loni se stalo n\u011bco mil\u00e9ho. Poda\u0159ilo se &#8211; d\u00edky pan\u00ed<br \/>\nIvan\u011b Cabrnochov\u00e9 &#8211; prosadit, aby se mal\u00fd par\u010d\u00edk v Praze 10 za krematoriem\u00a0p\u0159ejmenoval. A ejhle! Ani za dev\u011bt m\u011bs\u00edc\u016f nebyl magistr\u00e1t schopen vyrobit\u00a0ceduli a um\u00edstit j\u00ed. Pr\u00fd nen\u00ed ukon\u010dena ve\u0159ejn\u00e1 sout\u011b\u017e na novou smaltovnu.\u00a0Stav trv\u00e1 opravdu absurdn\u011b dlouho &#8211; a jak se zd\u00e1 &#8211; bez pov\u0161imnut\u00ed\u00a0sou\u010dasn\u00e9ho veden\u00ed. Nem\u016f\u017eeme \u010dekat! Franti\u0161kovi je 88 let a moc by si p\u0159\u00e1l,<br \/>\ndo\u017e\u00edt se toho, \u017ee tento par\u010d\u00edk nese se v\u0161\u00edm v\u0161udy jm\u00e9no jeho t\u00e1ty.\u00a0Google maps tento malink\u00fd kousek zem\u011b uprost\u0159ed Prahy najde. Kolemjdouc\u00ed\u00a0nikoliv. A to chceme navzdory okolnostem zm\u011bnit. Post Bellum spolu s pan\u00ed\u00a0Cabrnochovou (dnes sen\u00e1torkou) vyrobili na sv\u00e9 n\u00e1klady cedule a um\u00edst\u00edme je\u00a0pr\u00e1v\u011b v p\u00e1tek 5.6. v 15h. P\u0159ij\u010fte si s n\u00e1mi d\u00e1t skleni\u010dku a hlavn\u011b d\u00e1t<br \/>\nnajevo, \u017ee v\u00edme, \u017ee panu Such\u00e9mu star\u0161\u00edmu a mlad\u0161\u00edmu dlu\u017e\u00edme a d\u011bkujeme za\u00a0na\u0161\u00ed svobodu. A p\u0159ij\u010fte a sd\u00edlejte.<br \/>\n<a href=\"https:\/\/www.google.cz\/maps\/place\/Park+Franti%C5%A1ka+Such%C3%A9ho\/@50.074695,14.486073,17z\/data=!3m1!4b1!4m2!3m1!1s0x470b931257fc58cf:0xab4b4db352c5da1b\">https:\/\/www.google.cz\/maps\/place\/Park+Franti%C5%A1ka+Such%C3%A9ho\/@50.074695,14.486073,17z\/data=!3m1!4b1!4m2!3m1!1s0x470b931257fc58cf:0xab4b4db352c5da1b<\/a><\/p>\n<p>D\u011bkuji. Konec hl\u00e1\u0161en\u00ed.<\/p>\n<p>Mikul\u00e1\u0161 Kroupa, <a href=\"http:\/\/www.postbellum.cz\/\">Post Bellum<\/a><\/p>\n<div data-counters='1' data-style='square' data-size='regular' data-url='https:\/\/obcanskymonitoring.cz\/?p=4280' data-title='Mikul\u00e1\u0161 Kroupa, Post Bellum: Ud\u011blejme radost' class='linksalpha_container linksalpha_app_3'><a href='\/\/www.linksalpha.com\/share?network='facebook' class='linksalpha_icon_facebook'><\/a><a href='\/\/www.linksalpha.com\/share?network='twitter' class='linksalpha_icon_twitter'><\/a><a href='\/\/www.linksalpha.com\/share?network='googleplus' class='linksalpha_icon_googleplus'><\/a><a href='\/\/www.linksalpha.com\/share?network='mail' class='linksalpha_icon_mail'><\/a><\/div><div data-position='' data-url='https:\/\/obcanskymonitoring.cz\/?p=4280' data-title='Mikul\u00e1\u0161 Kroupa, Post Bellum: Ud\u011blejme radost' class='linksalpha_container linksalpha_app_7'><a href='\/\/www.linksalpha.com\/share?network='facebook' class='linksalpha_icon_facebook'><\/a><a href='\/\/www.linksalpha.com\/share?network='twitter' class='linksalpha_icon_twitter'><\/a><a href='\/\/www.linksalpha.com\/share?network='googleplus' class='linksalpha_icon_googleplus'><\/a><a href='\/\/www.linksalpha.com\/share?network='mail' class='linksalpha_icon_mail'><\/a><\/div>","protected":false},"excerpt":{"rendered":"<p>&nbsp;936&nbsp;total views P\u0159etiskuji zpr\u00e1vu, kterou jsem dostal na adresu Ob\u010dansk\u00e9ho monitoringu. Akci pln\u011b podporujeme a p\u0159ipojujeme se k v\u00fdzv\u011b!<\/p>\n","protected":false},"author":2,"featured_media":0,"comment_status":"open","ping_status":"open","sticky":true,"template":"","format":"standard","meta":[],"categories":[23,18],"tags":[],"_links":{"self":[{"href":"https:\/\/obcanskymonitoring.cz\/index.php?rest_route=\/wp\/v2\/posts\/4280"}],"collection":[{"href":"https:\/\/obcanskymonitoring.cz\/index.php?rest_route=\/wp\/v2\/posts"}],"about":[{"href":"https:\/\/obcanskymonitoring.cz\/index.php?rest_route=\/wp\/v2\/types\/post"}],"author":[{"embeddable":true,"href":"https:\/\/obcanskymonitoring.cz\/index.php?rest_route=\/wp\/v2\/users\/2"}],"replies":[{"embeddable":true,"href":"https:\/\/obcanskymonitoring.cz\/index.php?rest_route=%2Fwp%2Fv2%2Fcomments&post=4280"}],"version-history":[{"count":0,"href":"https:\/\/obcanskymonitoring.cz\/index.php?rest_route=\/wp\/v2\/posts\/4280\/revisions"}],"wp:attachment":[{"href":"https:\/\/obcanskymonitoring.cz\/index.php?rest_route=%2Fwp%2Fv2%2Fmedia&parent=4280"}],"wp:term":[{"taxonomy":"category","embeddable":true,"href":"https:\/\/obcanskymonitoring.cz\/index.php?rest_route=%2Fwp%2Fv2%2Fcategories&post=4280"},{"taxonomy":"post_tag","embeddable":true,"href":"https:\/\/obcanskymonitoring.cz\/index.php?rest_route=%2Fwp%2Fv2%2Ftags&post=4280"}],"curies":[{"name":"wp","href":"https:\/\/api.w.org\/{rel}","templated":true}]}}