{"id":4387,"date":"2015-06-20T08:41:54","date_gmt":"2015-06-20T08:41:54","guid":{"rendered":"http:\/\/obcanskymonitoring.cz\/?p=4387"},"modified":"2015-08-01T08:28:44","modified_gmt":"2015-08-01T08:28:44","slug":"pozvanka-na-kozi-mejdan","status":"publish","type":"post","link":"https:\/\/obcanskymonitoring.cz\/?p=4387","title":{"rendered":"Pozv\u00e1nka na Koz\u00ed mejdan Stanislava Pence"},"content":{"rendered":"<div class=\"pvc_clear\"><\/div>\n<p class=\"pvc_stats total_only \" data-element-id=\"4387\" style=\"\"><i class=\"pvc-stats-icon medium\" aria-hidden=\"true\"><svg xmlns=\"http:\/\/www.w3.org\/2000\/svg\" version=\"1.0\" viewBox=\"0 0 502 315\" preserveAspectRatio=\"xMidYMid meet\"><g transform=\"translate(0,332) scale(0.1,-0.1)\" fill=\"\" stroke=\"none\"><path d=\"M2394 3279 l-29 -30 -3 -207 c-2 -182 0 -211 15 -242 39 -76 157 -76 196 0 15 31 17 60 15 243 l-3 209 -33 29 c-26 23 -41 29 -80 29 -41 0 -53 -5 -78 -31z\"\/><path d=\"M3085 3251 c-45 -19 -58 -50 -96 -229 -47 -217 -49 -260 -13 -295 52 -53 146 -42 177 20 16 31 87 366 87 410 0 70 -86 122 -155 94z\"\/><path d=\"M1751 3234 c-13 -9 -29 -31 -37 -50 -12 -29 -10 -49 21 -204 19 -94 39 -189 45 -210 14 -50 54 -80 110 -80 34 0 48 6 76 34 21 21 34 44 34 59 0 14 -18 113 -40 219 -37 178 -43 195 -70 221 -36 32 -101 37 -139 11z\"\/><path d=\"M1163 3073 c-36 -7 -73 -59 -73 -102 0 -56 133 -378 171 -413 34 -32 83 -37 129 -13 70 36 67 87 -16 290 -86 209 -89 214 -129 231 -35 14 -42 15 -82 7z\"\/><path d=\"M3689 3066 c-15 -9 -33 -30 -42 -48 -48 -103 -147 -355 -147 -375 0 -98 131 -148 192 -74 13 15 57 108 97 206 80 196 84 226 37 273 -30 30 -99 39 -137 18z\"\/><path d=\"M583 2784 c-38 -19 -67 -74 -58 -113 9 -42 211 -354 242 -373 16 -10 45 -18 66 -18 51 0 107 52 107 100 0 39 -1 41 -124 234 -80 126 -108 162 -133 173 -41 17 -61 16 -100 -3z\"\/><path d=\"M4250 2784 c-14 -9 -74 -91 -133 -183 -95 -150 -107 -173 -107 -213 0 -55 33 -94 87 -104 67 -13 90 8 211 198 130 202 137 225 78 284 -27 27 -42 34 -72 34 -22 0 -50 -8 -64 -16z\"\/><path d=\"M2275 2693 c-553 -48 -1095 -270 -1585 -649 -135 -104 -459 -423 -483 -476 -23 -49 -22 -139 2 -186 73 -142 361 -457 571 -626 285 -228 642 -407 990 -497 242 -63 336 -73 660 -74 310 0 370 5 595 52 535 111 1045 392 1455 803 122 121 250 273 275 326 19 41 19 137 0 174 -41 79 -309 363 -465 492 -447 370 -946 591 -1479 653 -113 14 -422 18 -536 8z m395 -428 c171 -34 330 -124 456 -258 112 -119 167 -219 211 -378 27 -96 24 -300 -5 -401 -72 -255 -236 -447 -474 -557 -132 -62 -201 -76 -368 -76 -167 0 -236 14 -368 76 -213 98 -373 271 -451 485 -162 444 86 934 547 1084 153 49 292 57 452 25z m909 -232 c222 -123 408 -262 593 -441 76 -74 138 -139 138 -144 0 -16 -233 -242 -330 -319 -155 -123 -309 -223 -461 -299 l-81 -41 32 46 c18 26 49 83 70 128 143 306 141 649 -6 957 -25 52 -61 116 -79 142 l-34 47 45 -20 c26 -10 76 -36 113 -56z m-2057 25 c-40 -58 -105 -190 -130 -263 -110 -324 -59 -707 132 -981 25 -35 42 -64 37 -64 -19 0 -241 119 -326 174 -188 122 -406 314 -532 468 l-58 71 108 103 c185 178 428 349 672 473 66 33 121 60 123 61 2 0 -10 -19 -26 -42z\"\/><path d=\"M2375 1950 c-198 -44 -350 -190 -395 -379 -18 -76 -8 -221 19 -290 114 -284 457 -406 731 -260 98 52 188 154 231 260 27 69 37 214 19 290 -38 163 -166 304 -326 360 -67 23 -215 33 -279 19z\"\/><\/g><\/svg><\/i> &nbsp;904&nbsp;total views<\/p>\n<div class=\"pvc_clear\"><\/div>\n<p>P\u0159etiskujeme pozv\u00e1nku na Koz\u00ed mejdan, kterou organizuje ob\u010dansk\u00fd aktivista Stanislav Penc na sv\u00e9m statku v Milkovic\u00edch. Doporu\u010dujeme!<\/p>\n<p><a href=\"http:\/\/obcanskymonitoring.cz\/wp-content\/uploads\/2015\/06\/Kozi-mejdan.jpg\"><img loading=\"lazy\" class=\"alignnone size-medium wp-image-4388\" alt=\"Kozi mejdan\" src=\"http:\/\/obcanskymonitoring.cz\/wp-content\/uploads\/2015\/06\/Kozi-mejdan-300x213.jpg\" width=\"300\" height=\"213\" srcset=\"https:\/\/obcanskymonitoring.cz\/wp-content\/uploads\/2015\/06\/Kozi-mejdan-300x213.jpg 300w, https:\/\/obcanskymonitoring.cz\/wp-content\/uploads\/2015\/06\/Kozi-mejdan.jpg 720w\" sizes=\"(max-width: 300px) 100vw, 300px\" \/><\/a><\/p>\n<p>&nbsp;<\/p>\n<p><a href=\"https:\/\/www.facebook.com\/events\/1618586965095206\/\">Odkaz na facebookov\u00e9 str\u00e1nky Koz\u00edho mejdanu.<\/a> P\u0159edejte se a sd\u00edlejte.<\/p>\n<p>&nbsp;<\/p>\n<p>Ji\u010d\u00ednsk\u00fd den\u00edk: \u00a0<a href=\"http:\/\/jicinsky.denik.cz\/kultura_region\/na-mejdan-s-kozami-do-milkovic-jiz-popatnacte-20150723.html\">Na mejdan s kozami do Milkovic ji\u017e popatn\u00e1ct\u00e9<\/a><\/p>\n<p>&nbsp;<\/p>\n<p><strong>Cel\u00fd text pozv\u00e1nky je zde:<\/strong><\/p>\n<div id=\"id_55bc7598272d07612644111\">Spolek p\u0159\u00e1tel koz po\u0159\u00e1d\u00e1 KOZ\u00cd MEJDAN v\u011bnov\u00e1n koz\u00e1m a svobodomysln\u00e9mu zp\u016fsobu \u017eivota od \u010dtvrtka 30. \u010dervence do pond\u011bl\u00ed 3. srpna 2015. Na samot\u011b MILKOVICE u Lib\u00e1n\u011b okres Ji\u010d\u00edn (mezi Kopidlnem a Sobotkou a z\u00e1mky D\u011btenice a Star\u00e9 Hrady). Nep\u0159etr\u017eit\u00e1 hudebn\u00ed produkce r\u016fzn\u00fdch styl\u016f , \u017e\u00e1nr\u016f a proveden\u00ed na dvou p\u00f3di\u00edch (ve stodole a na louce). K tomu autorsk\u00e1 \u010dten\u00ed, divadla, prom\u00edt\u00e1n\u00ed film\u016f, malov\u00e1n\u00ed, d\u011btsk\u00e9 hry, p\u0159edn\u00e1\u0161ky, koup\u00e1n\u00ed, proch\u00e1zky po okol\u00ed a dal\u0161\u00ed&#8230; Koz\u00ed mejdan je bez st\u00e1nka\u0159\u016f, dealer\u016f, ochranek a plot\u016f. Je zaji\u0161t\u011bna vegetari\u00e1nsk\u00e1 kuchyn\u011b, mou\u010dn\u00edky, peka\u0159sk\u00e9 v\u00fdrobky,wc, sprchy, pivo, v\u00edno, limo, zmrzlina. Kon\u00e1 se za ka\u017ed\u00e9ho po\u010das\u00ed,\u00a0 vstupn\u00e9 dobrovoln\u00e9, ceny lidov\u00e9. Lep\u0161\u00ed je vyu\u017e\u00edt k cest\u011b k n\u00e1m hromadno&#8230;u dopravu. Vlakem do Kopidlna, nebo do Doln\u00edho Bousova, autobusem do Lib\u00e1n\u011b, parkov\u00e1n\u00ed u n\u00e1s omezen\u00e9. Stanov\u00e1n\u00ed v m\u00edst\u011b mezi stromy v sadu, p\u016fllitry s sebou, jinak pijete z kel\u00edmk\u016f, d\u011bti, psi a dal\u0161\u00ed rodinn\u00ed mil\u00e1\u010dci v\u00edt\u00e1ni. Chcete n\u00e1m pomoci s p\u0159\u00edpravou Koz\u00edho mejdanu, m\u016f\u017eete p\u0159ijet v podstat\u011b ji\u017e te\u010f. Koz\u00ed mejdan nem\u00e1 stanoven program, proto kdo chce zahr\u00e1t, a\u0165 p\u0159ijede s n\u00e1strojem, nebo s kapelou. informace i pro p\u0159\u00edpadn\u00e9 \u00fa\u010dinkuj\u00edc\u00ed <a href=\"http:\/\/l.facebook.com\/l.php?u=http%3A%2F%2Fwww.kozy.cz%2F&amp;h=NAQH-ifUN&amp;enc=AZO7c2rG4eNRGJXvUV9uQkKki1XzmnK6dtQk-gUvtfj_6GSqvklAQGpaDVVK1UQU8DM&amp;s=1\" target=\"_blank\" rel=\"nofollow nofollow\">www.kozy.cz<\/a> &#8211; <a href=\"http:\/\/www.milkovice.cz\/\" target=\"_blank\" rel=\"nofollow nofollow\">www.milkovice.cz<\/a><\/div>\n<div data-counters='1' data-style='square' data-size='regular' data-url='https:\/\/obcanskymonitoring.cz\/?p=4387' data-title='Pozv\u00e1nka na Koz\u00ed mejdan Stanislava Pence' class='linksalpha_container linksalpha_app_3'><a href='\/\/www.linksalpha.com\/share?network='facebook' class='linksalpha_icon_facebook'><\/a><a href='\/\/www.linksalpha.com\/share?network='twitter' class='linksalpha_icon_twitter'><\/a><a href='\/\/www.linksalpha.com\/share?network='googleplus' class='linksalpha_icon_googleplus'><\/a><a href='\/\/www.linksalpha.com\/share?network='mail' class='linksalpha_icon_mail'><\/a><\/div><div data-position='' data-url='https:\/\/obcanskymonitoring.cz\/?p=4387' data-title='Pozv\u00e1nka na Koz\u00ed mejdan Stanislava Pence' class='linksalpha_container linksalpha_app_7'><a href='\/\/www.linksalpha.com\/share?network='facebook' class='linksalpha_icon_facebook'><\/a><a href='\/\/www.linksalpha.com\/share?network='twitter' class='linksalpha_icon_twitter'><\/a><a href='\/\/www.linksalpha.com\/share?network='googleplus' class='linksalpha_icon_googleplus'><\/a><a href='\/\/www.linksalpha.com\/share?network='mail' class='linksalpha_icon_mail'><\/a><\/div>","protected":false},"excerpt":{"rendered":"<p>&nbsp;904&nbsp;total views P\u0159etiskujeme pozv\u00e1nku na Koz\u00ed mejdan, kterou organizuje ob\u010dansk\u00fd aktivista Stanislav Penc na sv\u00e9m statku v Milkovic\u00edch. Doporu\u010dujeme! &nbsp; Odkaz na facebookov\u00e9 str\u00e1nky Koz\u00edho mejdanu. P\u0159edejte se a sd\u00edlejte. &nbsp; Ji\u010d\u00ednsk\u00fd den\u00edk: \u00a0Na mejdan s kozami do Milkovic ji\u017e popatn\u00e1ct\u00e9 &nbsp; Cel\u00fd text pozv\u00e1nky je zde: Spolek p\u0159\u00e1tel koz po\u0159\u00e1d\u00e1 KOZ\u00cd MEJDAN v\u011bnov\u00e1n koz\u00e1m [&hellip;]<\/p>\n","protected":false},"author":2,"featured_media":0,"comment_status":"open","ping_status":"open","sticky":true,"template":"","format":"standard","meta":[],"categories":[8,12,18,20],"tags":[],"_links":{"self":[{"href":"https:\/\/obcanskymonitoring.cz\/index.php?rest_route=\/wp\/v2\/posts\/4387"}],"collection":[{"href":"https:\/\/obcanskymonitoring.cz\/index.php?rest_route=\/wp\/v2\/posts"}],"about":[{"href":"https:\/\/obcanskymonitoring.cz\/index.php?rest_route=\/wp\/v2\/types\/post"}],"author":[{"embeddable":true,"href":"https:\/\/obcanskymonitoring.cz\/index.php?rest_route=\/wp\/v2\/users\/2"}],"replies":[{"embeddable":true,"href":"https:\/\/obcanskymonitoring.cz\/index.php?rest_route=%2Fwp%2Fv2%2Fcomments&post=4387"}],"version-history":[{"count":0,"href":"https:\/\/obcanskymonitoring.cz\/index.php?rest_route=\/wp\/v2\/posts\/4387\/revisions"}],"wp:attachment":[{"href":"https:\/\/obcanskymonitoring.cz\/index.php?rest_route=%2Fwp%2Fv2%2Fmedia&parent=4387"}],"wp:term":[{"taxonomy":"category","embeddable":true,"href":"https:\/\/obcanskymonitoring.cz\/index.php?rest_route=%2Fwp%2Fv2%2Fcategories&post=4387"},{"taxonomy":"post_tag","embeddable":true,"href":"https:\/\/obcanskymonitoring.cz\/index.php?rest_route=%2Fwp%2Fv2%2Ftags&post=4387"}],"curies":[{"name":"wp","href":"https:\/\/api.w.org\/{rel}","templated":true}]}}