{"id":4657,"date":"2015-09-09T08:47:19","date_gmt":"2015-09-09T08:47:19","guid":{"rendered":"http:\/\/obcanskymonitoring.cz\/?p=4657"},"modified":"2015-09-09T08:48:23","modified_gmt":"2015-09-09T08:48:23","slug":"marsmeloun-karel-kunza-vzpominky-projektanta-obnovy-klastera-svate-anezky","status":"publish","type":"post","link":"https:\/\/obcanskymonitoring.cz\/?p=4657","title":{"rendered":"Mar\u0161meloun: Karel Kunza: Vzpom\u00ednky projektanta obnovy kl\u00e1\u0161tera svat\u00e9 Ane\u017eky"},"content":{"rendered":"<div class=\"pvc_clear\"><\/div>\n<p class=\"pvc_stats total_only \" data-element-id=\"4657\" style=\"\"><i class=\"pvc-stats-icon medium\" aria-hidden=\"true\"><svg xmlns=\"http:\/\/www.w3.org\/2000\/svg\" version=\"1.0\" viewBox=\"0 0 502 315\" preserveAspectRatio=\"xMidYMid meet\"><g transform=\"translate(0,332) scale(0.1,-0.1)\" fill=\"\" stroke=\"none\"><path d=\"M2394 3279 l-29 -30 -3 -207 c-2 -182 0 -211 15 -242 39 -76 157 -76 196 0 15 31 17 60 15 243 l-3 209 -33 29 c-26 23 -41 29 -80 29 -41 0 -53 -5 -78 -31z\"\/><path d=\"M3085 3251 c-45 -19 -58 -50 -96 -229 -47 -217 -49 -260 -13 -295 52 -53 146 -42 177 20 16 31 87 366 87 410 0 70 -86 122 -155 94z\"\/><path d=\"M1751 3234 c-13 -9 -29 -31 -37 -50 -12 -29 -10 -49 21 -204 19 -94 39 -189 45 -210 14 -50 54 -80 110 -80 34 0 48 6 76 34 21 21 34 44 34 59 0 14 -18 113 -40 219 -37 178 -43 195 -70 221 -36 32 -101 37 -139 11z\"\/><path d=\"M1163 3073 c-36 -7 -73 -59 -73 -102 0 -56 133 -378 171 -413 34 -32 83 -37 129 -13 70 36 67 87 -16 290 -86 209 -89 214 -129 231 -35 14 -42 15 -82 7z\"\/><path d=\"M3689 3066 c-15 -9 -33 -30 -42 -48 -48 -103 -147 -355 -147 -375 0 -98 131 -148 192 -74 13 15 57 108 97 206 80 196 84 226 37 273 -30 30 -99 39 -137 18z\"\/><path d=\"M583 2784 c-38 -19 -67 -74 -58 -113 9 -42 211 -354 242 -373 16 -10 45 -18 66 -18 51 0 107 52 107 100 0 39 -1 41 -124 234 -80 126 -108 162 -133 173 -41 17 -61 16 -100 -3z\"\/><path d=\"M4250 2784 c-14 -9 -74 -91 -133 -183 -95 -150 -107 -173 -107 -213 0 -55 33 -94 87 -104 67 -13 90 8 211 198 130 202 137 225 78 284 -27 27 -42 34 -72 34 -22 0 -50 -8 -64 -16z\"\/><path d=\"M2275 2693 c-553 -48 -1095 -270 -1585 -649 -135 -104 -459 -423 -483 -476 -23 -49 -22 -139 2 -186 73 -142 361 -457 571 -626 285 -228 642 -407 990 -497 242 -63 336 -73 660 -74 310 0 370 5 595 52 535 111 1045 392 1455 803 122 121 250 273 275 326 19 41 19 137 0 174 -41 79 -309 363 -465 492 -447 370 -946 591 -1479 653 -113 14 -422 18 -536 8z m395 -428 c171 -34 330 -124 456 -258 112 -119 167 -219 211 -378 27 -96 24 -300 -5 -401 -72 -255 -236 -447 -474 -557 -132 -62 -201 -76 -368 -76 -167 0 -236 14 -368 76 -213 98 -373 271 -451 485 -162 444 86 934 547 1084 153 49 292 57 452 25z m909 -232 c222 -123 408 -262 593 -441 76 -74 138 -139 138 -144 0 -16 -233 -242 -330 -319 -155 -123 -309 -223 -461 -299 l-81 -41 32 46 c18 26 49 83 70 128 143 306 141 649 -6 957 -25 52 -61 116 -79 142 l-34 47 45 -20 c26 -10 76 -36 113 -56z m-2057 25 c-40 -58 -105 -190 -130 -263 -110 -324 -59 -707 132 -981 25 -35 42 -64 37 -64 -19 0 -241 119 -326 174 -188 122 -406 314 -532 468 l-58 71 108 103 c185 178 428 349 672 473 66 33 121 60 123 61 2 0 -10 -19 -26 -42z\"\/><path d=\"M2375 1950 c-198 -44 -350 -190 -395 -379 -18 -76 -8 -221 19 -290 114 -284 457 -406 731 -260 98 52 188 154 231 260 27 69 37 214 19 290 -38 163 -166 304 -326 360 -67 23 -215 33 -279 19z\"\/><\/g><\/svg><\/i> &nbsp;1,228&nbsp;total views<\/p>\n<div class=\"pvc_clear\"><\/div>\n<p><a href=\"http:\/\/obcanskymonitoring.cz\/wp-content\/uploads\/2015\/09\/kuncahlav.jpg\"><img loading=\"lazy\" class=\"alignnone size-medium wp-image-4658\" alt=\"kuncahlav\" src=\"http:\/\/obcanskymonitoring.cz\/wp-content\/uploads\/2015\/09\/kuncahlav-300x209.jpg\" width=\"300\" height=\"209\" srcset=\"https:\/\/obcanskymonitoring.cz\/wp-content\/uploads\/2015\/09\/kuncahlav-300x209.jpg 300w, https:\/\/obcanskymonitoring.cz\/wp-content\/uploads\/2015\/09\/kuncahlav.jpg 800w\" sizes=\"(max-width: 300px) 100vw, 300px\" \/><\/a><\/p>\n<p>&nbsp;<\/p>\n<p>P\u0159etiskujeme \u010dl\u00e1nek pana architekta Karla Kunzy s n\u00e1zvem.\u00a0<b>Vzpom\u00ednky projektant\u016f obnovy kl\u00e1\u0161tera\u00a0 Svat\u00e9 Ane\u017eky akad. arch. Josefa Hlavat\u00e9ho a ing. arch. Karla Kuncy v\u00a0konfrontaci s\u00a0dne\u0161kem.\u00a0<\/b><\/p>\n<p><!--more--><\/p>\n<p>&nbsp;<\/p>\n<p>Teprve letos jsem se poprv\u00e9 dov\u011bd\u011bl z\u00a0denn\u00edho tisku o proponovan\u00e9 a megalomansk\u00e9 stavb\u011b obytn\u00e9ho domu v\u00a0Pra\u017esk\u00e9 pam\u00e1tkov\u00e9 rezervaci, v bezprost\u0159edn\u00ed bl\u00edzkosti Ane\u017esk\u00e9ho kl\u00e1\u0161tera. Po podrobn\u00e9m zji\u0161t\u011bn\u00ed pr\u016fb\u011bhu t\u00e9to akce jsem byl \u0161okov\u00e1n impertinentn\u00ed samoz\u0159ejmost\u00ed italsk\u00e9ho potenci\u00e1ln\u00edho investora a nepochopitelnou lhostejnost\u00ed s\u00a0nedostatkem kulturn\u00ed mor\u00e1lky schvalovac\u00edch org\u00e1n\u016f. Nelze proto ml\u010det!<\/p>\n<p>Mnoho let jsme spolupracovali s\u00a0ji\u017e zesnul\u00fdm akad. arch. Josefem Hlavat\u00fdm na dokon\u010den\u00ed obnovy Ane\u017esk\u00e9ho kl\u00e1\u0161tera pro N\u00e1rodn\u00ed galerii. Byla to pr\u00e1ce n\u00e1ro\u010dn\u00e1, zodpov\u011bdn\u00e1, ale i radostn\u00e1, kdy\u017e se n\u00e1m nakonec poda\u0159ilo do mrtv\u00e9 historie vdechnout \u017eivot a zp\u0159\u00edstupnit tuto vz\u00e1cnou n\u00e1rodn\u00ed kulturn\u00ed pam\u00e1tku ve\u0159ejnosti. V z\u00e1p\u011bt\u00ed jsme rekonstruovali i kostel \u0160imona a Judy \u0159\u00e1du Milosrdn\u00fdch brat\u0159\u00ed. Vzhledem k\u00a0v\u00fdznamn\u00fdm d\u011bjinn\u00fdm skute\u010dnostem byla tato neporu\u0161en\u00e1 enkl\u00e1va Star\u00e9ho M\u011bsta mezi ulic\u00ed U Milosrdn\u00fdch a n\u00e1b\u0159e\u017e\u00edm Na Franti\u0161ku vyhl\u00e1\u0161ena Pra\u017eskou pam\u00e1tkovou rezervac\u00ed.<\/p>\n<p>Kl\u00e1\u0161tery Klarisek a Milosrdn\u00fdch brat\u0159\u00ed byly ve st\u0159edov\u011bku t\u00e9m\u011b\u0159 propojeny. Krom\u011b charitativn\u00ed \u010dinnosti, p\u0159ik\u00e1zan\u00e9 jednotliv\u00fdmi \u0159\u00e1dy, staly se zde centrem \u00a0vzd\u011blanosti, nev\u00eddan\u00e9ho kulturn\u00edho rozmachu, \u00a0mor\u00e1lky i rozv\u00edjej\u00edc\u00ed se na\u0161\u00ed st\u00e1tnosti. Z t\u011bchto d\u016fvod\u016f jsme m\u011bli p\u0159edstavu o zv\u00fdrazn\u011bn\u00ed a urbanistick\u00e9m dotvo\u0159en\u00ed t\u00e9to v\u00fdznamn\u00e9 a d\u011bjinami prodchnut\u00e9 oblasti, dopln\u011bn\u00e9 skvostn\u00fdmi dominantami Ane\u017esk\u00e9ho kl\u00e1\u0161tera a kl\u00e1\u0161tera Milosrdn\u00fdch brat\u0159\u00ed s\u00a0kostelem \u0160imona a Judy.<\/p>\n<p>Na\u0161e vize je v\u0161ak zma\u0159ena a po\u0161lap\u00e1na, a to p\u0159ed mnoha lety zapo\u010dat\u00fdm z\u00e1m\u011brem v\u00fdstavby bytov\u00e9ho domu v\u00a0Pra\u017esk\u00e9 pam\u00e1tkov\u00e9 rezervaci. Tehdej\u0161\u00ed schv\u00e1len\u00e9 \u00fazemn\u00ed rozhodnut\u00ed je v\u011bcn\u011b problematick\u00e9. Inici\u00e1torem t\u00e9to akce, inspirovan\u00e9 vidinou vylep\u0161en\u00ed finan\u010dn\u00edho konta, je potenci\u00e1ln\u00ed italsk\u00fd investor F.A. Razetto. Po po\u010d\u00e1te\u010dn\u00edch koncep\u010dn\u00edch zm\u011bn\u00e1ch a dodate\u010dn\u00fdch jejich \u00faprav\u00e1ch, doprojektoval d\u011bkan Vysok\u00e9 \u0161koly architektury v\u00a0Liberci ing.arch. Zden\u011bk Fr\u00e1nek stavebn\u00ed projekt do dne\u0161n\u00ed podoby a \u00a0rozhodnut\u00edm org\u00e1n\u016f st\u00e1tn\u00ed spr\u00e1vy je p\u0159ipraven ke schv\u00e1len\u00ed.<\/p>\n<p>\u010cl\u00e1nek v\u00a0denn\u00edm tisku \u201eMar\u0161meloun versus Ane\u017esk\u00fd kl\u00e1\u0161ter\u201c seznamuje Pra\u017eany s\u00a0budouc\u00ed stavbou v\u00a0dan\u00e9 historick\u00e9 lokalit\u011b. Mar\u0161melounem pojmenovala rozho\u0159\u010den\u00e1 ve\u0159ejnost tuto nen\u00e1vid\u011bnou stavbu, p\u0159ipom\u00ednaj\u00edc\u00edc\u00ed sladk\u00fdmi t\u00f3ny barevn\u00fdch pr\u016f\u010del\u00ed, obl\u00edbenou cukrovinku (Marshmallow). Nep\u0159esv\u011bd\u010div\u00e1 fotografie bytov\u00e9ho domu vyvolala r\u016fzn\u00e9 \u00favahy jednotlivc\u016f i odborn\u00edk\u016f k\u00a0dan\u00e9 skute\u010dnosti. N\u00e1zor, \u017ee by touto \u201cmodern\u00ed architekt\u016frou\u201c mohlo doj\u00edt k\u00a0o\u017eiven\u00ed Star\u00e9ho M\u011bsta je scestn\u00fd.<\/p>\n<p>Dlouholetou prax\u00ed v\u00a0projek\u010dn\u00ed \u010dinnosti jsme si s\u00a0arch. Hlavat\u00fdm ov\u011b\u0159ili,\u00a0 jak d\u016fle\u017eit\u00fd je pokorn\u00fd p\u0159\u00edstup k\u00a0prost\u0159ed\u00ed, ve kter\u00e9m m\u00e1 architektura vzniknout. Bylo n\u00e1m to v\u00fdchodiskem a d\u016fle\u017eit\u00fdm prvkem p\u0159i \u0159e\u0161en\u00ed propor\u010dn\u00edch vztah\u016f, kompozi\u010dn\u00ed skladby i materi\u00e1lov\u00e9ho rozvrstven\u00ed v\u00a0projektu architektonick\u00e9ho d\u00edla. Pro projektanta\u00a0\u00a0\u00a0 \u201cMar\u0161melounu\u201c, \u00a0ing. arch. Zde\u0148ka Fr\u00e1nka, \u00a0jsou v\u0161ak tyto z\u00e1sady, v\u010detn\u011b pokory, z\u0159ejm\u011b ciz\u00ed. J\u00edm navr\u017een\u00e1 stavba je bezohledn\u00e1 a sou\u010dasn\u00e9 historick\u00e9 prost\u0159ed\u00ed bezosty\u0161n\u011b ignoruje.<\/p>\n<p>P\u016fdorysn\u00fd rozsah navr\u017een\u00e9 stavby je enormn\u00ed. Situa\u010dn\u011b se rozprost\u00edr\u00e1 od Koz\u00ed ulice p\u0159es parcely p\u016fvodn\u00ed drobn\u00e9 z\u00e1stavby severn\u00ed fronty ulice U Milosrdn\u00fdch a\u017e za hranice Ane\u017esk\u00e9ho kl\u00e1\u0161tera. Funk\u010dn\u011b se jedn\u00e1 o \u0161estipodla\u017en\u00ed bytov\u00fd d\u016fm s\u00a0dvoupodla\u017en\u00edm gar\u00e1\u017eov\u00fdm podzem\u00edm. Jeho hmotov\u00e1 konfigurace s\u00a0nepravideln\u00fdm \u010dlen\u011bn\u00edm a v\u00fd\u0161kovou gradac\u00ed se vymyk\u00e1 dan\u00e9mu prost\u0159ed\u00ed a je v\u00a0kontextu v\u00a0Pra\u017esk\u00e9 pam\u00e1tkov\u00e9 rezervace zcela nep\u0159ijateln\u00e1.<\/p>\n<p>V\u00a0urbanistick\u00e9m pojet\u00ed zde v\u0161ak doch\u00e1z\u00ed k\u00a0paradoxn\u00ed situaci. Je\u0161t\u011b v\u00a0pr\u016fb\u011bhu obnovy Ane\u017esk\u00e9ho kl\u00e1\u0161tera byla v\u00a0jeho severov\u00fdchodn\u00edm p\u0159edpol\u00ed asanov\u00e1na nevhodn\u00e1 z\u00e1stavba \u010dinovn\u00edmi domy z\u00a019. stolet\u00ed, aby byl otev\u0159en neoby\u010dejn\u00fd pohled na vz\u00e1cnou prvn\u00ed pra\u017eskou gotiku. Na protilehl\u00e9 stran\u011b v\u00a0jihoz\u00e1padn\u00edm p\u0159edpol\u00ed Ane\u017esk\u00e9ho kl\u00e1\u0161tera m\u00e1 dnes naopak vyr\u016fst stavba monument\u00e1ln\u00edho bytov\u00e9ho domu, kter\u00e1 nejen zast\u00edn\u00ed kultivovanou kl\u00e1\u0161tern\u00ed architekturu, ale poru\u0161\u00ed i historickou siluetu mezi Ane\u017esk\u00fdm kl\u00e1\u0161terem a kl\u00e1\u0161terem Milosrdn\u00fdch brat\u0159\u00ed s\u00a0kostelem \u0160imona a Judy a bezcitn\u011b zas\u00e1hne nehor\u00e1zn\u00fdmi stavebn\u00edmi \u00fapravami i \u00a0do prostoru Pra\u017esk\u00e9 pam\u00e1tkov\u00e9 rezervace.<\/p>\n<p>Nezodpov\u011bdn\u00e9 a neprofesion\u00e1ln\u00ed rozhodov\u00e1n\u00ed \u00fa\u0159edn\u00edk\u016f na Ministerstvu kultury, v\u00a0N\u00e1rodn\u00edm pam\u00e1tkov\u00e9m \u00fastavu, na Odboru kultury a pam\u00e1tkov\u00e9 p\u00e9\u010de Magistr\u00e1tu Hlavn\u00edho m\u011bsta Prahy a na Stavebn\u00edm odboru m\u011bstsk\u00e9 \u010d\u00e1sti Prahy 1 o v\u00fdstavb\u011b bytov\u00e9ho domu v\u00a0pra\u017esk\u00e9 Pam\u00e1tkov\u00e9 rezervaci v\u00a0bezprost\u0159edn\u00ed bl\u00edzkosti Ane\u017esk\u00e9ho kl\u00e1\u0161tera, vyvolalo bou\u0159i odporu a \u0159adu protestn\u00edch jedn\u00e1n\u00ed pra\u017esk\u00e9 ve\u0159ejnosti proti t\u00e9to odborn\u011b a spole\u010densky zcela pochyben\u00e9 akci.<\/p>\n<p>Pevn\u011b v\u011b\u0159\u00edm, \u017ee tak jako se p\u0159i asanaci Star\u00e9ho M\u011bsta v\u00a019. Stolet\u00ed poda\u0159ilo zachr\u00e1nit Ane\u017esk\u00fd kl\u00e1\u0161ter p\u0159ed likvidac\u00ed pl\u00e1novanou tehdej\u0161\u00ed pra\u017eskou m\u011bstskou radou, \u017ee i dnes, po\u010datkem 21. stolet\u00ed, nebude prost\u00e1 kr\u00e1sa na\u0161eho kulturn\u00edho d\u011bdictv\u00ed ni\u010dena podnikatelsk\u00fdm prosp\u011bchem prezentovan\u00fdm v\u00fdstavbou \u201eMar\u0161melounu\u201c.<\/p>\n<p>Praha, z\u00e1\u0159\u00ed 2015<\/p>\n<p>ing. arch. Karel Kunca<\/p>\n<p>&nbsp;<\/p>\n<p><a href=\"http:\/\/www.petice24.com\/petice_marmeloun_versus_anesky_klater\">Online petice Mar\u0161meloun versus Ane\u017esk\u00fd kl\u00e1\u0161ter.<\/a>\u00a0\u2013 D\u011bkuji za podpis, sd\u00edlen\u00ed, p\u0159epos\u00edl\u00e1n\u00ed.<\/p>\n<div data-counters='1' data-style='square' data-size='regular' data-url='https:\/\/obcanskymonitoring.cz\/?p=4657' data-title='Mar\u0161meloun: Karel Kunza: Vzpom\u00ednky projektanta obnovy kl\u00e1\u0161tera svat\u00e9 Ane\u017eky' class='linksalpha_container linksalpha_app_3'><a href='\/\/www.linksalpha.com\/share?network='facebook' class='linksalpha_icon_facebook'><\/a><a href='\/\/www.linksalpha.com\/share?network='twitter' class='linksalpha_icon_twitter'><\/a><a href='\/\/www.linksalpha.com\/share?network='googleplus' class='linksalpha_icon_googleplus'><\/a><a href='\/\/www.linksalpha.com\/share?network='mail' class='linksalpha_icon_mail'><\/a><\/div><div data-position='' data-url='https:\/\/obcanskymonitoring.cz\/?p=4657' data-title='Mar\u0161meloun: Karel Kunza: Vzpom\u00ednky projektanta obnovy kl\u00e1\u0161tera svat\u00e9 Ane\u017eky' class='linksalpha_container linksalpha_app_7'><a href='\/\/www.linksalpha.com\/share?network='facebook' class='linksalpha_icon_facebook'><\/a><a href='\/\/www.linksalpha.com\/share?network='twitter' class='linksalpha_icon_twitter'><\/a><a href='\/\/www.linksalpha.com\/share?network='googleplus' class='linksalpha_icon_googleplus'><\/a><a href='\/\/www.linksalpha.com\/share?network='mail' class='linksalpha_icon_mail'><\/a><\/div>","protected":false},"excerpt":{"rendered":"<p>&nbsp;1,228&nbsp;total views &nbsp; P\u0159etiskujeme \u010dl\u00e1nek pana architekta Karla Kunzy s n\u00e1zvem.\u00a0Vzpom\u00ednky projektant\u016f obnovy kl\u00e1\u0161tera\u00a0 Svat\u00e9 Ane\u017eky akad. arch. Josefa Hlavat\u00e9ho a ing. arch. Karla Kuncy v\u00a0konfrontaci s\u00a0dne\u0161kem.\u00a0<\/p>\n","protected":false},"author":2,"featured_media":0,"comment_status":"open","ping_status":"open","sticky":true,"template":"","format":"standard","meta":[],"categories":[23,10],"tags":[],"_links":{"self":[{"href":"https:\/\/obcanskymonitoring.cz\/index.php?rest_route=\/wp\/v2\/posts\/4657"}],"collection":[{"href":"https:\/\/obcanskymonitoring.cz\/index.php?rest_route=\/wp\/v2\/posts"}],"about":[{"href":"https:\/\/obcanskymonitoring.cz\/index.php?rest_route=\/wp\/v2\/types\/post"}],"author":[{"embeddable":true,"href":"https:\/\/obcanskymonitoring.cz\/index.php?rest_route=\/wp\/v2\/users\/2"}],"replies":[{"embeddable":true,"href":"https:\/\/obcanskymonitoring.cz\/index.php?rest_route=%2Fwp%2Fv2%2Fcomments&post=4657"}],"version-history":[{"count":0,"href":"https:\/\/obcanskymonitoring.cz\/index.php?rest_route=\/wp\/v2\/posts\/4657\/revisions"}],"wp:attachment":[{"href":"https:\/\/obcanskymonitoring.cz\/index.php?rest_route=%2Fwp%2Fv2%2Fmedia&parent=4657"}],"wp:term":[{"taxonomy":"category","embeddable":true,"href":"https:\/\/obcanskymonitoring.cz\/index.php?rest_route=%2Fwp%2Fv2%2Fcategories&post=4657"},{"taxonomy":"post_tag","embeddable":true,"href":"https:\/\/obcanskymonitoring.cz\/index.php?rest_route=%2Fwp%2Fv2%2Ftags&post=4657"}],"curies":[{"name":"wp","href":"https:\/\/api.w.org\/{rel}","templated":true}]}}