{"id":4673,"date":"2015-09-10T07:18:41","date_gmt":"2015-09-10T07:18:41","guid":{"rendered":"http:\/\/obcanskymonitoring.cz\/?p=4673"},"modified":"2015-09-13T06:45:46","modified_gmt":"2015-09-13T06:45:46","slug":"ucast-cr-v-zahranicnich-operacich-rozpracovano","status":"publish","type":"post","link":"https:\/\/obcanskymonitoring.cz\/?p=4673","title":{"rendered":"\u00da\u010dast \u010cR v zahrani\u010dn\u00edch operac\u00edch"},"content":{"rendered":"<div class=\"pvc_clear\"><\/div>\n<p class=\"pvc_stats total_only \" data-element-id=\"4673\" style=\"\"><i class=\"pvc-stats-icon medium\" aria-hidden=\"true\"><svg xmlns=\"http:\/\/www.w3.org\/2000\/svg\" version=\"1.0\" viewBox=\"0 0 502 315\" preserveAspectRatio=\"xMidYMid meet\"><g transform=\"translate(0,332) scale(0.1,-0.1)\" fill=\"\" stroke=\"none\"><path d=\"M2394 3279 l-29 -30 -3 -207 c-2 -182 0 -211 15 -242 39 -76 157 -76 196 0 15 31 17 60 15 243 l-3 209 -33 29 c-26 23 -41 29 -80 29 -41 0 -53 -5 -78 -31z\"\/><path d=\"M3085 3251 c-45 -19 -58 -50 -96 -229 -47 -217 -49 -260 -13 -295 52 -53 146 -42 177 20 16 31 87 366 87 410 0 70 -86 122 -155 94z\"\/><path d=\"M1751 3234 c-13 -9 -29 -31 -37 -50 -12 -29 -10 -49 21 -204 19 -94 39 -189 45 -210 14 -50 54 -80 110 -80 34 0 48 6 76 34 21 21 34 44 34 59 0 14 -18 113 -40 219 -37 178 -43 195 -70 221 -36 32 -101 37 -139 11z\"\/><path d=\"M1163 3073 c-36 -7 -73 -59 -73 -102 0 -56 133 -378 171 -413 34 -32 83 -37 129 -13 70 36 67 87 -16 290 -86 209 -89 214 -129 231 -35 14 -42 15 -82 7z\"\/><path d=\"M3689 3066 c-15 -9 -33 -30 -42 -48 -48 -103 -147 -355 -147 -375 0 -98 131 -148 192 -74 13 15 57 108 97 206 80 196 84 226 37 273 -30 30 -99 39 -137 18z\"\/><path d=\"M583 2784 c-38 -19 -67 -74 -58 -113 9 -42 211 -354 242 -373 16 -10 45 -18 66 -18 51 0 107 52 107 100 0 39 -1 41 -124 234 -80 126 -108 162 -133 173 -41 17 -61 16 -100 -3z\"\/><path d=\"M4250 2784 c-14 -9 -74 -91 -133 -183 -95 -150 -107 -173 -107 -213 0 -55 33 -94 87 -104 67 -13 90 8 211 198 130 202 137 225 78 284 -27 27 -42 34 -72 34 -22 0 -50 -8 -64 -16z\"\/><path d=\"M2275 2693 c-553 -48 -1095 -270 -1585 -649 -135 -104 -459 -423 -483 -476 -23 -49 -22 -139 2 -186 73 -142 361 -457 571 -626 285 -228 642 -407 990 -497 242 -63 336 -73 660 -74 310 0 370 5 595 52 535 111 1045 392 1455 803 122 121 250 273 275 326 19 41 19 137 0 174 -41 79 -309 363 -465 492 -447 370 -946 591 -1479 653 -113 14 -422 18 -536 8z m395 -428 c171 -34 330 -124 456 -258 112 -119 167 -219 211 -378 27 -96 24 -300 -5 -401 -72 -255 -236 -447 -474 -557 -132 -62 -201 -76 -368 -76 -167 0 -236 14 -368 76 -213 98 -373 271 -451 485 -162 444 86 934 547 1084 153 49 292 57 452 25z m909 -232 c222 -123 408 -262 593 -441 76 -74 138 -139 138 -144 0 -16 -233 -242 -330 -319 -155 -123 -309 -223 -461 -299 l-81 -41 32 46 c18 26 49 83 70 128 143 306 141 649 -6 957 -25 52 -61 116 -79 142 l-34 47 45 -20 c26 -10 76 -36 113 -56z m-2057 25 c-40 -58 -105 -190 -130 -263 -110 -324 -59 -707 132 -981 25 -35 42 -64 37 -64 -19 0 -241 119 -326 174 -188 122 -406 314 -532 468 l-58 71 108 103 c185 178 428 349 672 473 66 33 121 60 123 61 2 0 -10 -19 -26 -42z\"\/><path d=\"M2375 1950 c-198 -44 -350 -190 -395 -379 -18 -76 -8 -221 19 -290 114 -284 457 -406 731 -260 98 52 188 154 231 260 27 69 37 214 19 290 -38 163 -166 304 -326 360 -67 23 -215 33 -279 19z\"\/><\/g><\/svg><\/i> &nbsp;1,454&nbsp;total views<\/p>\n<div class=\"pvc_clear\"><\/div>\n<p>Upozor\u0148ujeme na zaj\u00edmav\u00fd tisk Sen\u00e1tu\u00a0Informace o nasazen\u00ed sil a prost\u0159edk\u016f rezortu\u00a0Ministerstva obrany v zahrani\u010dn\u00edch operac\u00edch v roce 2014. Dokument velmi podrobn\u011b informuje o rozsahu a zp\u016fsobu zapojen\u00ed sil \u010cR v mezin\u00e1rodn\u00edch operac\u00edch. Dokument si m\u016f\u017eete p\u0159e\u010d\u00edst <a href=\"http:\/\/www.senat.cz\/xqw\/webdav\/pssenat\/original\/76428\/64273\">zde<\/a>. \u00a0Cituji pas\u00e1\u017ee, kter\u00e9 mne zaujaly.<\/p>\n<p><!--more--><\/p>\n<p><a href=\"http:\/\/obcanskymonitoring.cz\/wp-content\/uploads\/2015\/09\/ucast-v-misich.jpg\"><img loading=\"lazy\" alt=\"ucast v misich\" src=\"http:\/\/obcanskymonitoring.cz\/wp-content\/uploads\/2015\/09\/ucast-v-misich-300x242.jpg\" width=\"300\" height=\"242\" \/><\/a><\/p>\n<p>&nbsp;<\/p>\n<p>&nbsp;<\/p>\n<p><strong>Afg\u00e1nist\u00e1n<\/strong><\/p>\n<p><strong>Projekty rychl\u00e9ho dopadu <\/strong><\/p>\n<p>Vl\u00e1da ve sv\u00e9m usnesen\u00ed ze dne 16. kv\u011btna 2012 \u010d. 350 souhlasila s poskytnut\u00edm pen\u011b\u017en\u00edho daru do zahrani\u010d\u00ed ve v\u00fd\u0161i 2 mil. K\u010d ro\u010dn\u011b na financov\u00e1n\u00ed Projekt\u016f rychl\u00e9ho dopadu (Quick Impact Projects, QIP) v Afgh\u00e1nist\u00e1nu v letech 2012, 2013 a 2014, kter\u00e9 jsou jedn\u00edm z n\u00e1stroj\u016f na zaji\u0161t\u011bn\u00ed podpory ze strany m\u00edstn\u00edho obyvatelstva. QIP se vyzna\u010duj\u00ed jak aspektem rekonstruk\u010dn\u00edm a stabiliza\u010dn\u00edm, tak podp\u016frn\u00fdm pro nasazen\u00e9 s\u00edly. Hlavn\u00edm c\u00edlem QIP je vytvo\u0159en\u00ed okam\u017eit\u00e9ho, pozitivn\u00edho efektu p\u0159edev\u0161\u00edm sm\u011brem k civiln\u00ed populaci \u010dasto posti\u017een\u00e9 konfliktem, ale \u010d\u00e1ste\u010dn\u011b i ve prosp\u011bch vl\u00e1dn\u00edch ozbrojen\u00fdch sil v m\u00edst\u011b p\u016fsoben\u00ed \u010desk\u00fdch jednotek. Projekty realizuj\u00ed vojensk\u00e9 jednotky bu\u010f samostatn\u011b, nebo s pomoc\u00ed m\u00edstn\u00edho obyvatelstva, p\u0159edstavitel\u016f vl\u00e1dn\u00edch instituc\u00ed a m\u00edstn\u00ed samospr\u00e1vy, nevl\u00e1dn\u00edch a mezin\u00e1rodn\u00edch organizac\u00ed.<\/p>\n<p>Implementaci projekt\u016f zam\u011b\u0159en\u00fdch na podporu \u0161kolstv\u00ed, infrastruktury a ANSF zaji\u0161\u0165ovali p\u0159\u00edslu\u0161n\u00edci skupiny civiln\u011b-vojensk\u00e9 spolupr\u00e1ce (CIMIC). Vedle zcela adresn\u00e9 pomoci ANSF a civiln\u00edmu obyvatelstvu p\u0159isp\u011bly tyto projekty tak\u00e9 k bezpe\u010dnosti vlastn\u00edch jednotek a vytv\u00e1\u0159en\u00ed kladn\u00e9ho obrazu vlastn\u00edch sil u m\u00edstn\u00ed populace. V roce 2014 bylo uskute\u010dn\u011bno celkem 29 projekt\u016f rychl\u00e9ho dopadu v celkov\u00e9 hodnot\u011b 1, 89 mil. K\u010d. Jednalo se nap\u0159\u00edklad o n\u00e1kup \u0161koln\u00edch pom\u016fcek, sportovn\u00edho vybaven\u00ed, opravu a \u010d\u00e1ste\u010dn\u00e9 vybaven\u00ed z\u00e1kladn\u00ed \u0161koly, \u010d\u00e1ste\u010dnou rekonstrukci dvou most\u016f, opravy silni\u010dn\u00edch propust\u00ed a studn\u00ed, logistickou podporu afgh\u00e1nsk\u00fdch os\u00e1dek vrtuln\u00edk\u016f a technick\u00e9ho person\u00e1lu.<\/p>\n<p>&nbsp;<\/p>\n<p><strong>Bosna a Hercegovina <\/strong><\/p>\n<p>1. Politicko-bezpe\u010dnostn\u00ed situace Situace v BaH je stabiln\u00ed, tato stabilita je v\u0161ak nad\u00e1le k\u0159ehk\u00e1. BaH dlouhodob\u011b zaost\u00e1v\u00e1 v procesu integrace do EU a k v\u00fdrazn\u00e9mu pokroku nedo\u0161lo ani v roce 2014. Zpr\u00e1va EK o pokroku z \u0159\u00edjna 2014 konstatuje trvaj\u00edc\u00ed stagnaci zem\u011b v p\u0159\u00edstupov\u00e9m procesu. BaH v r. 2014 nepokro\u010dila ani p\u0159i pln\u011bn\u00ed podm\u00ednek, kter\u00e9 by umo\u017enily aktivaci Ak\u010dn\u00edho pl\u00e1nu \u010dlenstv\u00ed \/MAP\/ NATO pro tuto zemi. Protivl\u00e1dn\u00ed demonstrace v \u00fanoru 2014 a p\u0159etrv\u00e1vaj\u00edc\u00ed politick\u00e1 stagnace podn\u00edtily diskusi o zm\u011bn\u011b p\u0159\u00edstupu EU v\u016f\u010di t\u00e9to balk\u00e1nsk\u00e9 zemi. Evropsk\u00e1 komise vystoupila s n\u011bkolika iniciativami, kter\u00e9 m\u011bly za c\u00edl obr\u00e1tit pozornost k pot\u0159ebn\u00fdm ekonomick\u00fdm a politick\u00fdm reform\u00e1m. V prosinci 2014 byl Radou EU schv\u00e1len obnoven\u00fd p\u0159\u00edstup k BaH, kter\u00fd podm\u00ednku implementovat rozhodnut\u00ed Evropsk\u00e9ho soudu pro lidsk\u00e1 pr\u00e1va v p\u0159\u00edpadu Sejdi\u0107-Finci odsouv\u00e1 na pozd\u011bj\u0161\u00ed dobu a po\u017eaduje m\u00edsto toho od politick\u00e9 reprezentace BaH p\u0159ijet\u00ed p\u00edsemn\u00e9ho z\u00e1vazku prov\u00e1d\u011bn\u00ed reforem, aby mohla Dohoda o stabilizaci a p\u0159idru\u017een\u00ed (SAA) podepsan\u00e1 mezi EU a BaH v roce 2008 kone\u010dn\u011b vstoupit v platnost. Bezpe\u010dnostn\u00ed situace v Bosn\u011b a Hercegovin\u011b (BaH) byla v pr\u016fb\u011bhu roku 2014 klidn\u00e1 a stabiln\u00ed i d\u00edky p\u0159\u00edtomnosti mezin\u00e1rodn\u00edch jednotek v zemi. Z bezpe\u010dnostn\u00edho hlediska z\u016fst\u00e1v\u00e1 probl\u00e9mem roz\u0161\u00ed\u0159en\u00e9 ileg\u00e1ln\u00ed dr\u017een\u00ed zbran\u00ed, pomal\u00fd postup p\u0159i odstra\u0148ov\u00e1n\u00ed minov\u00fdch pol\u00ed a likvidace p\u0159ebyte\u010dn\u00e9 a zastaral\u00e9 munice. Nejpo\u010detn\u011bj\u0161\u00ed etnikum v BaH (Bos\u0148\u00e1ci) vyzn\u00e1v\u00e1 isl\u00e1m, av\u0161ak relativn\u011b mal\u00fd po\u010det z nich sympatizuje s radik\u00e1ln\u00edmi isl\u00e1msk\u00fdmi ozbrojenci. Podle odhad\u016f m\u016f\u017ee b\u00fdt mezi bojovn\u00edky tzv. Isl\u00e1msk\u00e9ho st\u00e1tu n\u011bkolik stovek ob\u010dan\u016f BaH a pravd\u011bpodobn\u011b n\u011bkolik des\u00edtek z nich se ji\u017e vr\u00e1tilo zp\u011bt do BaH. V\u00fdkonn\u00e1 a z\u00e1konod\u00e1rn\u00e1 moc BaH se sna\u017e\u00ed bezpe\u010dnostn\u00ed rizika minimalizovat. V roce 2014 bezpe\u010dnostn\u00ed slo\u017eky BaH v t\u00e9to souvislosti zadr\u017eely v\u00edce ne\u017e dv\u011b des\u00edtky osob. Trestn\u00ed z\u00e1kon\u00edk byl dopln\u011bn o trestn\u00fd \u010din verbov\u00e1n\u00ed a \u00fa\u010dasti v zahrani\u010dn\u00edch polovojensk\u00fdch \u010di polopolicejn\u00edch formac\u00edch. V platnost vstoupil Z\u00e1kon proti pran\u00ed \u0161pinav\u00fdch pen\u011bz a financov\u00e1n\u00ed teroristick\u00fdch aktivit.<\/p>\n<p>&nbsp;<\/p>\n<p><strong>Sinajsk\u00fd poloostrov<\/strong><\/p>\n<p>Sinaj byl i v r. 2014 v\u00fdrazn\u011b nestabiln\u00edm \u00fazem\u00edm. M\u00edstn\u00ed bedu\u00ednsk\u00e9 kmeny jsou tradi\u010dn\u011b ned\u016fv\u011b\u0159iv\u00e9 a\u017e nevra\u017eiv\u011b nalad\u011bn\u00e9 v\u016f\u010di pevninsk\u00e9mu Egyptu, kter\u00fd na n\u011b od nepam\u011bti a zejm\u00e9na pak po dlouholet\u00e9 izraelsk\u00e9 okupaci poloostrova hled\u00ed s podez\u0159en\u00edm. V\u00edce ne\u017e 100 000 bedu\u00edn\u016f dodnes nem\u00e1 egyptsk\u00e9 doklady a nejsou proto pr\u00e1voplatn\u00fdmi egyptsk\u00fdmi ob\u010dany. Bedu\u00ednsk\u00e1 populace je nadto izolov\u00e1na a zcela vylou\u010dena z vl\u00e1dn\u00edch rozvojov\u00fdch program\u016f. V d\u016fsledku se postupn\u011b radikalizuje, za co\u017e do zna\u010dn\u00e9 m\u00edry m\u016f\u017ee i nekompromisn\u00ed postup K\u00e1hiry v\u016f\u010di Ham\u00e1su, kter\u00fd ovl\u00e1d\u00e1 p\u00e1smo Gazy. D\u00edky n\u011bmu p\u0159i\u0161li bedu\u00edni o tradi\u010dn\u00ed zdroj ob\u017eiv, tj. p\u0159\u00edjmy z pa\u0161ov\u00e1n\u00ed. Od egyptsk\u00e9 revoluce na za\u010d\u00e1tku roku 2011 se zejm\u00e9na severn\u00ed \u010d\u00e1st Sinaje (prostor mezi m\u011bstem al-Arsih a hranic\u00ed s Izraelem) zm\u00edt\u00e1 v bezpe\u010dnostn\u00ed krizi, po cel\u00e9m \u00fazem\u00ed doch\u00e1z\u00ed k \u00fatok\u016fm na p\u0159edstavitele bezpe\u010dnostn\u00edch slo\u017eek. Jejich nejsiln\u011bj\u0161\u00edm protivn\u00edkem je uskupen\u00ed Ans\u00e1r Bajt al-Maqdis, kter\u00e9 se koncem roku 2014 p\u0159ihl\u00e1silo k tzv. Isl\u00e1msk\u00e9mu st\u00e1tu. Egyptsk\u00e9 arm\u00e1d\u011b se navzdory ve\u0161ker\u00e9mu \u00fasil\u00ed neda\u0159\u00ed d\u017eih\u00e1distick\u00e9 uskupen\u00ed potla\u010dit. Po spektakul\u00e1rn\u00edm \u00fatoku z \u0159\u00edjna 2014, p\u0159i kter\u00e9m byly zabity t\u0159i des\u00edtky egyptsk\u00fdch voj\u00e1k\u016f, se veden\u00ed zem\u011b rozhodlo vytvo\u0159it pod\u00e9l hranice s Gazou 500 metr\u016f \u0161irok\u00e9 n\u00e1razn\u00edkov\u00e9 p\u00e1smo. To si ale vy\u017e\u00e1d\u00e1 demolici tis\u00edcovky dom\u016f a relokaci cca 10 000 obyvatel, co\u017e jen umocn\u00ed negativn\u00ed postoje bedu\u00edn\u016f v\u016f\u010di centr\u00e1ln\u00ed vl\u00e1d\u011b v K\u00e1hi\u0159e. Ta se po\u010d\u00e1tkem roku 2015 rozhodla vypo\u0159\u00e1dat i s Ham\u00e1sem, za teroristickou organizaci bylo soudn\u00edm rozhodnut\u00edm nejd\u0159\u00edve ozna\u010deno ozbrojen\u00e9 k\u0159\u00eddlo Ham\u00e1su, posl\u00e9ze i jeho politick\u00e1 slo\u017eka. Se stup\u0148uj\u00edc\u00edmi se teroristick\u00fdmi \u00fatoky na Sinaji, kter\u00e9 se \u010dasto odehr\u00e1vaj\u00ed v bezprost\u0159edn\u00edm sousedstv\u00ed Izraele, se Egypt s Izraelem na podzim 2013 dohodly na tzv. Agreed Activities Mechanism, aplikaci m\u00e1lo zn\u00e1m\u00e9ho porozum\u011bn\u00ed, kter\u00e9 umo\u017e\u0148uje obej\u00edt omezen\u00ed po\u010dtu a typu egyptsk\u00fdch vojensk\u00fdch sil povolen\u00fdch v z\u00f3n\u00e1ch B (centr\u00e1ln\u00ed Sinaj) a C (v\u00fdchodn\u00ed Sinaj soused\u00edc\u00ed s Izraelem), a to a\u017e na \u00farove\u0148 z\u00f3ny A (v\u00fdchodn\u00ed Sinaj od \u0160arm a\u0161-\u0160ajchu po Suezsk\u00fd kan\u00e1l). Dohoda mezi egyptskou arm\u00e1dou a Izraelem, kter\u00e1 nebyla nikdy \u0161iroce zve\u0159ejn\u011bna, byla sjedn\u00e1na pod z\u00e1\u0161titou \u0161\u00e9fa MFO Davida Satterfielda a v praxi ob\u011bma stran\u00e1m umo\u017e\u0148uje, aby se de facto vyhnuly nutnosti revidovat m\u00edrov\u00e9 dohody z roku 1979. Egyptsk\u00e9 jednotky operuj\u00edc\u00ed na Sinaji tak dnes pravideln\u011b vyu\u017e\u00edvaj\u00ed bojov\u00e9 vrtuln\u00edky Appache, obrn\u011bn\u00e9 transport\u00e9ry a pro p\u0159elety st\u00edha\u010dky F-16. Form\u00e1ln\u011b je egyptsk\u00e1 vojensk\u00e1 p\u0159\u00edtomnost vysv\u011btlov\u00e1na jako v\u00fdcvikov\u00e1 mise, kterou ve skute\u010dnosti nikdy nebyla. V d\u016fsledku st\u00e1le se zvy\u0161uj\u00edc\u00edho po\u010dtu teroristick\u00fdch aktivit v regionu potvrzuj\u00ed ob\u011b strany, mezi kter\u00fdmi prob\u00edh\u00e1 zpravodajsk\u00e1 i opera\u010dn\u00ed spolupr\u00e1ce, sv\u016fj z\u00e1jem na rozm\u00edst\u011bn\u00ed egyptsk\u00fdch vojensk\u00fdch jednotek po Sinaji.<\/p>\n<p>&nbsp;<\/p>\n<p><strong>Som\u00e1lsko<\/strong><\/p>\n<p>Politick\u00e1 situace v Som\u00e1lsku v roce 2014 stagnovala. Nad\u011bje vkl\u00e1dan\u00e9 do vl\u00e1dy premi\u00e9ra Abdiweli Sheikh Ahmeda se do zna\u010dn\u00e9 m\u00edry nenaplnily, spory mezi vl\u00e1dou a prezidentem Mohamudem vedly k do\u010dasn\u00e9 politick\u00e9 paral\u00fdze a nakonec, v z\u00e1v\u011bru roku 2014, k vytvo\u0159en\u00ed nov\u00e9 vl\u00e1dy veden\u00e9 Omarem Abdira\u0161\u00eddem Al\u00edm \u0160armarkem. Jakkoliv se jednotk\u00e1m africk\u00e9 m\u00edrov\u00e9 mise AMISOM b\u011bhem roku 2014 poda\u0159ilo dos\u00e1hnout pom\u011brn\u011b v\u00fdznamn\u00fdch \u00fasp\u011bch\u016f v boji proti milic\u00edm al-\u0160ab\u00e1b, kter\u00e9 byly vytla\u010deny z 80 % som\u00e1lsk\u00e9ho \u00fazem\u00ed v\u010detn\u011b v\u0161ech v\u00fdznamn\u00fdch m\u011bst a p\u0159\u00edstav\u016f, z\u016fst\u00e1v\u00e1 bezpe\u010dnostn\u00ed situace v zemi nestabiln\u00ed, nebo\u0165, do zna\u010dn\u00e9 m\u00edry pr\u00e1v\u011b v d\u016fsledku v\u00fd\u0161e popsan\u00fdch politick\u00fdch d\u011bj\u016f, nad\u00e1le nejsou \u0159e\u0161eny ekonomick\u00e9 ko\u0159eny pir\u00e1tstv\u00ed a islamistick\u00e9ho extremismu. Nadto se centr\u00e1ln\u00ed vl\u00e1d\u011b neda\u0159\u00ed na dobyt\u00fdch \u00fazem\u00edch etablovat st\u00e1tn\u00ed instituce a zajistit z\u00e1kladn\u00ed ve\u0159ejn\u00e9 slu\u017eby. Pomaleji, ne\u017e by bylo \u017e\u00e1douc\u00ed, prob\u00edh\u00e1 i vytv\u00e1\u0159en\u00ed som\u00e1lsk\u00fdch n\u00e1rodn\u00edch bezpe\u010dnostn\u00edch sil (SNSF). Nebudou-li o\u010dek\u00e1v\u00e1n\u00ed obyvatel napln\u011bna, hroz\u00ed zvr\u00e1cen\u00ed v\u00fdvoje. V roce 2016 p\u0159itom maj\u00ed v Som\u00e1lsku prob\u011bhnout volby a ji\u017e nyn\u00ed je patrn\u00e9, \u017ee p\u0159edvolebn\u00ed \u201eman\u00e9vry\u201c som\u00e1lsk\u00fdch politick\u00fdch elit budou proces stabilizace zem\u011b sp\u00ed\u0161e komplikovat.<\/p>\n<p>&nbsp;<\/p>\n<p><strong>Island<\/strong><\/p>\n<p>Ochrana vzdu\u0161n\u00e9ho prostoru zem\u00ed NATO (Air Policing, AP) je vyj\u00e1d\u0159en\u00edm alian\u010dn\u00ed solidarity a principu ned\u011blitelnosti bezpe\u010dnosti a obrany spojenc\u016f, kter\u00fd je ukotven v \u010dl\u00e1nku 5 Severoatlantick\u00e9 smlouvy. V dob\u011b m\u00edru je prov\u00e1d\u011bna formou dohledu nad vzdu\u0161n\u00fdm prostorem. Tento \u00fakol je prov\u00e1d\u011bn v r\u00e1mci Integrovan\u00e9ho syst\u00e9mu protivzdu\u0161n\u00e9 a protiraketov\u00e9 obrany NATO (NATO Integrated Air and Missile Defence System, NATINAMDS). AP je poskytov\u00e1n \u010dlensk\u00fdm st\u00e1t\u016fm NATO, kter\u00e9 maj\u00ed omezen\u00e9 mo\u017enosti nebo neposta\u010duj\u00edc\u00ed schopnosti pro zabezpe\u010den\u00ed vlastn\u00ed protivzdu\u0161n\u00e9 obrany. V sou\u010dasn\u00e9 dob\u011b je AP poskytov\u00e1n dlouhodob\u00fdm (v\u00edce)n\u00e1rodn\u00edm p\u0159\u00edsp\u011bvkem Slovinsku (AP poskytuje It\u00e1lie) a Alb\u00e1nii (AP zaji\u0161\u0165uj\u00ed spole\u010dn\u011b It\u00e1lie a \u0158ecko za podpory Turecka), na rota\u010dn\u00ed b\u00e1zi pak Islandu (AP m\u00e1 v tomto p\u0159\u00edpad\u011b podobu cvi\u010den\u00ed) a pobaltsk\u00fdm st\u00e1t\u016fm \u2013 Litv\u011b, Loty\u0161sku a Estonsku. Island nedisponuje vojensk\u00fdm letectvem k zaji\u0161t\u011bn\u00ed vlastn\u00ed ochrany vzdu\u0161n\u00e9ho prostoru. Od roku 2006, kdy byl z Islandu sta\u017een americk\u00fd vojensk\u00fd kontingent v\u010detn\u011b leteck\u00e9 jednotky, doch\u00e1zelo k naru\u0161ov\u00e1n\u00ed vzdu\u0161n\u00e9ho prostoru Islandu rusk\u00fdmi vojensk\u00fdmi letouny. Na summitu NATO v Rize v listopadu 2006 po\u017e\u00e1dal islandsk\u00fd p\u0159edseda vl\u00e1dy spojence o pomoc p\u0159i ochran\u011b vzdu\u0161n\u00e9ho prostoru, kterou Severoatlantick\u00e1 rada schv\u00e1lila v \u010dervenci 2007. Islandsk\u00fd premi\u00e9r odm\u00edtl ochranu vzdu\u0161n\u00e9ho prostoru sv\u00e9 zem\u011b ch\u00e1pat jako opat\u0159en\u00ed sm\u011b\u0159uj\u00edc\u00ed proti Rusku z d\u016fvodu zachov\u00e1n\u00ed dobr\u00fdch vztah\u016f mezi ob\u011bma zem\u011bmi. Rota\u010dn\u00ed p\u0159\u00edtomnost spojeneck\u00fdch vzdu\u0161n\u00fdch sil na ostrov\u011b je pova\u017eov\u00e1na za spojeneck\u00e1 vojensk\u00e1 cvi\u010den\u00ed. Od ledna 2013 se spojeneck\u00e1 mise na Islandu ofici\u00e1ln\u011b naz\u00fdv\u00e1 ASICIPPN (Airborne Surveillance and Interception Capabilities to meet Iceland\u00b4s Peacetime Preparedness Needs).<\/p>\n<div data-counters='1' data-style='square' data-size='regular' data-url='https:\/\/obcanskymonitoring.cz\/?p=4673' data-title='\u00da\u010dast \u010cR v zahrani\u010dn\u00edch operac\u00edch' class='linksalpha_container linksalpha_app_3'><a href='\/\/www.linksalpha.com\/share?network='facebook' class='linksalpha_icon_facebook'><\/a><a href='\/\/www.linksalpha.com\/share?network='twitter' class='linksalpha_icon_twitter'><\/a><a href='\/\/www.linksalpha.com\/share?network='googleplus' class='linksalpha_icon_googleplus'><\/a><a href='\/\/www.linksalpha.com\/share?network='mail' class='linksalpha_icon_mail'><\/a><\/div><div data-position='' data-url='https:\/\/obcanskymonitoring.cz\/?p=4673' data-title='\u00da\u010dast \u010cR v zahrani\u010dn\u00edch operac\u00edch' class='linksalpha_container linksalpha_app_7'><a href='\/\/www.linksalpha.com\/share?network='facebook' class='linksalpha_icon_facebook'><\/a><a href='\/\/www.linksalpha.com\/share?network='twitter' class='linksalpha_icon_twitter'><\/a><a href='\/\/www.linksalpha.com\/share?network='googleplus' class='linksalpha_icon_googleplus'><\/a><a href='\/\/www.linksalpha.com\/share?network='mail' class='linksalpha_icon_mail'><\/a><\/div>","protected":false},"excerpt":{"rendered":"<p>&nbsp;1,454&nbsp;total views Upozor\u0148ujeme na zaj\u00edmav\u00fd tisk Sen\u00e1tu\u00a0Informace o nasazen\u00ed sil a prost\u0159edk\u016f rezortu\u00a0Ministerstva obrany v zahrani\u010dn\u00edch operac\u00edch v roce 2014. Dokument velmi podrobn\u011b informuje o rozsahu a zp\u016fsobu zapojen\u00ed sil \u010cR v mezin\u00e1rodn\u00edch operac\u00edch. Dokument si m\u016f\u017eete p\u0159e\u010d\u00edst zde. \u00a0Cituji pas\u00e1\u017ee, kter\u00e9 mne zaujaly.<\/p>\n","protected":false},"author":2,"featured_media":0,"comment_status":"open","ping_status":"open","sticky":true,"template":"","format":"standard","meta":[],"categories":[34],"tags":[],"_links":{"self":[{"href":"https:\/\/obcanskymonitoring.cz\/index.php?rest_route=\/wp\/v2\/posts\/4673"}],"collection":[{"href":"https:\/\/obcanskymonitoring.cz\/index.php?rest_route=\/wp\/v2\/posts"}],"about":[{"href":"https:\/\/obcanskymonitoring.cz\/index.php?rest_route=\/wp\/v2\/types\/post"}],"author":[{"embeddable":true,"href":"https:\/\/obcanskymonitoring.cz\/index.php?rest_route=\/wp\/v2\/users\/2"}],"replies":[{"embeddable":true,"href":"https:\/\/obcanskymonitoring.cz\/index.php?rest_route=%2Fwp%2Fv2%2Fcomments&post=4673"}],"version-history":[{"count":0,"href":"https:\/\/obcanskymonitoring.cz\/index.php?rest_route=\/wp\/v2\/posts\/4673\/revisions"}],"wp:attachment":[{"href":"https:\/\/obcanskymonitoring.cz\/index.php?rest_route=%2Fwp%2Fv2%2Fmedia&parent=4673"}],"wp:term":[{"taxonomy":"category","embeddable":true,"href":"https:\/\/obcanskymonitoring.cz\/index.php?rest_route=%2Fwp%2Fv2%2Fcategories&post=4673"},{"taxonomy":"post_tag","embeddable":true,"href":"https:\/\/obcanskymonitoring.cz\/index.php?rest_route=%2Fwp%2Fv2%2Ftags&post=4673"}],"curies":[{"name":"wp","href":"https:\/\/api.w.org\/{rel}","templated":true}]}}