{"id":4845,"date":"2015-10-14T08:50:35","date_gmt":"2015-10-14T08:50:35","guid":{"rendered":"http:\/\/obcanskymonitoring.cz\/?p=4845"},"modified":"2015-10-14T11:22:12","modified_gmt":"2015-10-14T11:22:12","slug":"akcni-plan-eu-v-oblasti-navraceni-nelegalnich-imigrantu","status":"publish","type":"post","link":"https:\/\/obcanskymonitoring.cz\/?p=4845","title":{"rendered":"Ak\u010dn\u00ed pl\u00e1n EU v oblasti navracen\u00ed [neleg\u00e1ln\u00edch imigrant\u016f]"},"content":{"rendered":"<div class=\"pvc_clear\"><\/div>\n<p class=\"pvc_stats total_only \" data-element-id=\"4845\" style=\"\"><i class=\"pvc-stats-icon medium\" aria-hidden=\"true\"><svg xmlns=\"http:\/\/www.w3.org\/2000\/svg\" version=\"1.0\" viewBox=\"0 0 502 315\" preserveAspectRatio=\"xMidYMid meet\"><g transform=\"translate(0,332) scale(0.1,-0.1)\" fill=\"\" stroke=\"none\"><path d=\"M2394 3279 l-29 -30 -3 -207 c-2 -182 0 -211 15 -242 39 -76 157 -76 196 0 15 31 17 60 15 243 l-3 209 -33 29 c-26 23 -41 29 -80 29 -41 0 -53 -5 -78 -31z\"\/><path d=\"M3085 3251 c-45 -19 -58 -50 -96 -229 -47 -217 -49 -260 -13 -295 52 -53 146 -42 177 20 16 31 87 366 87 410 0 70 -86 122 -155 94z\"\/><path d=\"M1751 3234 c-13 -9 -29 -31 -37 -50 -12 -29 -10 -49 21 -204 19 -94 39 -189 45 -210 14 -50 54 -80 110 -80 34 0 48 6 76 34 21 21 34 44 34 59 0 14 -18 113 -40 219 -37 178 -43 195 -70 221 -36 32 -101 37 -139 11z\"\/><path d=\"M1163 3073 c-36 -7 -73 -59 -73 -102 0 -56 133 -378 171 -413 34 -32 83 -37 129 -13 70 36 67 87 -16 290 -86 209 -89 214 -129 231 -35 14 -42 15 -82 7z\"\/><path d=\"M3689 3066 c-15 -9 -33 -30 -42 -48 -48 -103 -147 -355 -147 -375 0 -98 131 -148 192 -74 13 15 57 108 97 206 80 196 84 226 37 273 -30 30 -99 39 -137 18z\"\/><path d=\"M583 2784 c-38 -19 -67 -74 -58 -113 9 -42 211 -354 242 -373 16 -10 45 -18 66 -18 51 0 107 52 107 100 0 39 -1 41 -124 234 -80 126 -108 162 -133 173 -41 17 -61 16 -100 -3z\"\/><path d=\"M4250 2784 c-14 -9 -74 -91 -133 -183 -95 -150 -107 -173 -107 -213 0 -55 33 -94 87 -104 67 -13 90 8 211 198 130 202 137 225 78 284 -27 27 -42 34 -72 34 -22 0 -50 -8 -64 -16z\"\/><path d=\"M2275 2693 c-553 -48 -1095 -270 -1585 -649 -135 -104 -459 -423 -483 -476 -23 -49 -22 -139 2 -186 73 -142 361 -457 571 -626 285 -228 642 -407 990 -497 242 -63 336 -73 660 -74 310 0 370 5 595 52 535 111 1045 392 1455 803 122 121 250 273 275 326 19 41 19 137 0 174 -41 79 -309 363 -465 492 -447 370 -946 591 -1479 653 -113 14 -422 18 -536 8z m395 -428 c171 -34 330 -124 456 -258 112 -119 167 -219 211 -378 27 -96 24 -300 -5 -401 -72 -255 -236 -447 -474 -557 -132 -62 -201 -76 -368 -76 -167 0 -236 14 -368 76 -213 98 -373 271 -451 485 -162 444 86 934 547 1084 153 49 292 57 452 25z m909 -232 c222 -123 408 -262 593 -441 76 -74 138 -139 138 -144 0 -16 -233 -242 -330 -319 -155 -123 -309 -223 -461 -299 l-81 -41 32 46 c18 26 49 83 70 128 143 306 141 649 -6 957 -25 52 -61 116 -79 142 l-34 47 45 -20 c26 -10 76 -36 113 -56z m-2057 25 c-40 -58 -105 -190 -130 -263 -110 -324 -59 -707 132 -981 25 -35 42 -64 37 -64 -19 0 -241 119 -326 174 -188 122 -406 314 -532 468 l-58 71 108 103 c185 178 428 349 672 473 66 33 121 60 123 61 2 0 -10 -19 -26 -42z\"\/><path d=\"M2375 1950 c-198 -44 -350 -190 -395 -379 -18 -76 -8 -221 19 -290 114 -284 457 -406 731 -260 98 52 188 154 231 260 27 69 37 214 19 290 -38 163 -166 304 -326 360 -67 23 -215 33 -279 19z\"\/><\/g><\/svg><\/i> &nbsp;1,030&nbsp;total views<\/p>\n<div class=\"pvc_clear\"><\/div>\n<p><a href=\"http:\/\/obcanskymonitoring.cz\/wp-content\/uploads\/2015\/10\/sen\u00e1t.png\"><img loading=\"lazy\" class=\"alignnone size-full wp-image-4856\" alt=\"sen\u00e1t\" src=\"http:\/\/obcanskymonitoring.cz\/wp-content\/uploads\/2015\/10\/sen\u00e1t.png\" width=\"260\" height=\"172\" \/><\/a><\/p>\n<p>P\u0159i monitoringu sen\u00e1tn\u00edch tisk\u016f mne zaujal dokument\u00a0Ak\u010dn\u00ed pl\u00e1n EU v oblasti navracen\u00ed, kter\u00fd vypracovala Evropsk\u00e1 komise pro Evropsk\u00fd parlament. \u010cesk\u00e1 vl\u00e1da vypracovala k dokumentu stanovisko, nicm\u00e9n\u011b nen\u00ed zve\u0159ejn\u011bno, viz <a href=\"http:\/\/www.senat.cz\/prezentace\/historieHandler.do?op=prepare&amp;id=2047\">zde<\/a>.<\/p>\n<p>Dokument je <a href=\"http:\/\/www.consilium.europa.eu\/register\/cs\/content\/out\/?&amp;typ=ENTRY&amp;i=ADV&amp;DOC_ID=ST-11846-2015-INIT\">zde<\/a>, resp. pln\u00fd text je <a href=\"http:\/\/data.consilium.europa.eu\/doc\/document\/ST-11846-2015-INIT\/cs\/pdf\">zde<\/a>. P\u0159etiskuji pas\u00e1\u017ee, kter\u00e9 mne zaujaly.<\/p>\n<p><!--more--><\/p>\n<p>V roce 2014 skute\u010dn\u011b odcestovalo m\u00e9n\u011b ne\u017e 40 % neleg\u00e1ln\u00edch migrant\u016f, kter\u00fdm bylo na\u0159\u00edzeno opustit EU.<\/p>\n<p>&nbsp;<\/p>\n<p>Jedn\u00edm z nej\u00fa\u010dinn\u011bj\u0161\u00edch zp\u016fsob\u016f, jak se vypo\u0159\u00e1dat s neleg\u00e1ln\u00ed migrac\u00ed, je systematick\u00e9 navracen\u00ed, dobrovoln\u00e9 \u010di nucen\u00e9, t\u011bch, kte\u0159\u00ed nemaj\u00ed pr\u00e1vo setrv\u00e1vat v Evrop\u011b, nebo tohoto pr\u00e1va pozbyli. Lid\u00ed, kte\u0159\u00ed riskuj\u00ed sv\u00e9 \u017eivoty a zbyte\u010dn\u011b utr\u00e1cej\u00ed sv\u00e9 pen\u00edze, aby se dostali do EU, p\u0159esto\u017ee nepot\u0159ebuj\u00ed mezin\u00e1rodn\u00ed ochranu, bude m\u00e9n\u011b, pokud budou v\u011bd\u011bt, \u017ee budou obratem navr\u00e1ceni dom\u016f.<\/p>\n<p>&nbsp;<\/p>\n<p>Evropsk\u00fd program pro migraci1 , kter\u00fd p\u0159ijala Evropsk\u00e1 komise dne 13. kv\u011btna 2015, pouk\u00e1zal na to, \u017ee jedn\u00edm z faktor\u016f stimuluj\u00edc\u00edch neleg\u00e1ln\u00ed migraci je i pov\u011bdom\u00ed o tom, \u017ee syst\u00e9m EU pro navracen\u00ed neleg\u00e1ln\u00edch migrant\u016f nefunguje dostate\u010dn\u011b \u00fa\u010dinn\u011b.<\/p>\n<p>&nbsp;<\/p>\n<p>Dobrovoln\u00fd n\u00e1vrat neleg\u00e1ln\u00edch migrant\u016f do jejich domovsk\u00fdch zem\u00ed je i nad\u00e1le preferovanou variantou, kdykoliv je to mo\u017en\u00e9. Dobrovoln\u00fd n\u00e1vrat a doprovodn\u00e1 reintegra\u010dn\u00ed opat\u0159en\u00ed pom\u00e1haj\u00ed upevnit postaven\u00ed vracej\u00edc\u00edch se osob v jejich domovsk\u00fdch zem\u00edch, a odrazuj\u00ed tak od dal\u0161\u00ed neleg\u00e1ln\u00ed migrace.<\/p>\n<p>&nbsp;<\/p>\n<p>Za tvorbu a prov\u00e1d\u011bn\u00ed program\u016f dobrovoln\u00e9ho n\u00e1vratu jsou prim\u00e1rn\u011b odpov\u011bdn\u00e9 \u010dlensk\u00e9 st\u00e1ty, EU poskytuje finan\u010dn\u00ed prost\u0159edky na tyto programy, jako\u017e i f\u00f3rum pro v\u00fdm\u011bnu osv\u011bd\u010den\u00fdch postup\u016f a posilov\u00e1n\u00ed operativn\u00ed spolupr\u00e1ce v oblasti dobrovoln\u00e9ho n\u00e1vratu.<\/p>\n<p>&nbsp;<\/p>\n<p>Programy asistovan\u00e9ho dobrovoln\u00e9ho n\u00e1vratu4 by m\u011bly b\u00fdt navr\u017eeny tak, aby nevytv\u00e1\u0159ely \u201efaktor p\u0159ita\u017elivosti\u201c \u2013 a nep\u0159edstavovaly tak pob\u00eddky pro dal\u0161\u00ed neleg\u00e1ln\u00ed migranty k cest\u011b do Evropy za \u00fa\u010delem vyu\u017eit\u00ed t\u011bchto program\u016f5 .<\/p>\n<p>&nbsp;<\/p>\n<p>\u00dasp\u011b\u0161nost re\u017eim\u016f dobrovoln\u00e9ho n\u00e1vratu v\u0161ak z\u00e1vis\u00ed tak\u00e9 na tom, nakolik re\u00e1ln\u00e1 je perspektiva nucen\u00e9ho n\u00e1vratu. Migranti, kte\u0159\u00ed p\u0159evad\u011b\u010d\u016fm za to, aby je dostali do Evropy, \u010dasto zaplat\u00ed celo\u017eivotn\u00ed \u00faspory, nemus\u00ed b\u00fdt p\u0159ipraveni p\u0159ijmout nab\u00eddku asistovan\u00e9ho dobrovoln\u00e9ho n\u00e1vratu, pokud nebudou v\u011bd\u011bt, \u017ee budou vr\u00e1ceni v ka\u017ed\u00e9m p\u0159\u00edpad\u011b. Kdy\u017e se migranti necht\u011bj\u00ed vr\u00e1tit dobrovoln\u011b, mus\u00ed b\u00fdt n\u00e1vrat vynucen.<\/p>\n<p>&nbsp;<\/p>\n<p>Pro \u00fasp\u011b\u0161n\u00e9 proveden\u00ed identifikace, je d\u016fle\u017eit\u00e9, aby \u010dlensk\u00e9 st\u00e1ty, zejm\u00e9na ty v p\u0159edn\u00ed linii, p\u0159ijaly vhodn\u00e1 opat\u0159en\u00ed, kter\u00e1 by zabr\u00e1nila tomu, \u017ee se migranti budou skr\u00fdvat a p\u0159esouvat do jin\u00fdch \u010dlensk\u00fdch st\u00e1t\u016f.<\/p>\n<p>&nbsp;<\/p>\n<p>Zlep\u0161en\u00ed \u00fa\u010dinnosti syst\u00e9mu EU pro navracen\u00ed neleg\u00e1ln\u00edch migrant\u016f vy\u017eaduje politickou v\u016fli a stanoven\u00ed priorit, pln\u00e9 uplat\u0148ov\u00e1n\u00ed pravidel EU a rovn\u011b\u017e odpov\u00eddaj\u00edc\u00ed spr\u00e1vn\u00ed syst\u00e9my a zdroje na vnitrost\u00e1tn\u00ed \u00farovni. Komise, s podporou p\u0159\u00edslu\u0161n\u00fdch agentur EU, p\u0159ijme ve\u0161ker\u00e1 opat\u0159en\u00ed, kter\u00e1 jsou zapot\u0159eb\u00ed pro pos\u00edlen\u00ed n\u00e1vratov\u00e9ho syst\u00e9mu EU, p\u0159i pln\u00e9m dodr\u017eov\u00e1n\u00ed z\u00e1kladn\u00edch pr\u00e1v a z\u00e1ruk pro d\u016fstojn\u00fd n\u00e1vrat.<\/p>\n<p>&nbsp;<\/p>\n<p>&nbsp;<\/p>\n<div data-counters='1' data-style='square' data-size='regular' data-url='https:\/\/obcanskymonitoring.cz\/?p=4845' data-title='Ak\u010dn\u00ed pl\u00e1n EU v oblasti navracen\u00ed [neleg\u00e1ln\u00edch imigrant\u016f]' class='linksalpha_container linksalpha_app_3'><a href='\/\/www.linksalpha.com\/share?network='facebook' class='linksalpha_icon_facebook'><\/a><a href='\/\/www.linksalpha.com\/share?network='twitter' class='linksalpha_icon_twitter'><\/a><a href='\/\/www.linksalpha.com\/share?network='googleplus' class='linksalpha_icon_googleplus'><\/a><a href='\/\/www.linksalpha.com\/share?network='mail' class='linksalpha_icon_mail'><\/a><\/div><div data-position='' data-url='https:\/\/obcanskymonitoring.cz\/?p=4845' data-title='Ak\u010dn\u00ed pl\u00e1n EU v oblasti navracen\u00ed [neleg\u00e1ln\u00edch imigrant\u016f]' class='linksalpha_container linksalpha_app_7'><a href='\/\/www.linksalpha.com\/share?network='facebook' class='linksalpha_icon_facebook'><\/a><a href='\/\/www.linksalpha.com\/share?network='twitter' class='linksalpha_icon_twitter'><\/a><a href='\/\/www.linksalpha.com\/share?network='googleplus' class='linksalpha_icon_googleplus'><\/a><a href='\/\/www.linksalpha.com\/share?network='mail' class='linksalpha_icon_mail'><\/a><\/div>","protected":false},"excerpt":{"rendered":"<p>&nbsp;1,030&nbsp;total views P\u0159i monitoringu sen\u00e1tn\u00edch tisk\u016f mne zaujal dokument\u00a0Ak\u010dn\u00ed pl\u00e1n EU v oblasti navracen\u00ed, kter\u00fd vypracovala Evropsk\u00e1 komise pro Evropsk\u00fd parlament. \u010cesk\u00e1 vl\u00e1da vypracovala k dokumentu stanovisko, nicm\u00e9n\u011b nen\u00ed zve\u0159ejn\u011bno, viz zde. Dokument je zde, resp. pln\u00fd text je zde. P\u0159etiskuji pas\u00e1\u017ee, kter\u00e9 mne zaujaly.<\/p>\n","protected":false},"author":2,"featured_media":0,"comment_status":"open","ping_status":"open","sticky":true,"template":"","format":"standard","meta":[],"categories":[34],"tags":[],"_links":{"self":[{"href":"https:\/\/obcanskymonitoring.cz\/index.php?rest_route=\/wp\/v2\/posts\/4845"}],"collection":[{"href":"https:\/\/obcanskymonitoring.cz\/index.php?rest_route=\/wp\/v2\/posts"}],"about":[{"href":"https:\/\/obcanskymonitoring.cz\/index.php?rest_route=\/wp\/v2\/types\/post"}],"author":[{"embeddable":true,"href":"https:\/\/obcanskymonitoring.cz\/index.php?rest_route=\/wp\/v2\/users\/2"}],"replies":[{"embeddable":true,"href":"https:\/\/obcanskymonitoring.cz\/index.php?rest_route=%2Fwp%2Fv2%2Fcomments&post=4845"}],"version-history":[{"count":0,"href":"https:\/\/obcanskymonitoring.cz\/index.php?rest_route=\/wp\/v2\/posts\/4845\/revisions"}],"wp:attachment":[{"href":"https:\/\/obcanskymonitoring.cz\/index.php?rest_route=%2Fwp%2Fv2%2Fmedia&parent=4845"}],"wp:term":[{"taxonomy":"category","embeddable":true,"href":"https:\/\/obcanskymonitoring.cz\/index.php?rest_route=%2Fwp%2Fv2%2Fcategories&post=4845"},{"taxonomy":"post_tag","embeddable":true,"href":"https:\/\/obcanskymonitoring.cz\/index.php?rest_route=%2Fwp%2Fv2%2Ftags&post=4845"}],"curies":[{"name":"wp","href":"https:\/\/api.w.org\/{rel}","templated":true}]}}