{"id":4869,"date":"2015-10-22T04:01:40","date_gmt":"2015-10-22T04:01:40","guid":{"rendered":"http:\/\/obcanskymonitoring.cz\/?p=4869"},"modified":"2016-08-10T15:27:07","modified_gmt":"2016-08-10T15:27:07","slug":"odborovy-svaz-novinaru-je-znepokojen-zalobou-na-profesora-kindlmanna","status":"publish","type":"post","link":"https:\/\/obcanskymonitoring.cz\/?p=4869","title":{"rendered":"Odborov\u00fd svaz novin\u00e1\u0159\u016f je znepokojen \u017ealobou na profesora Kindlmanna"},"content":{"rendered":"<div class=\"pvc_clear\"><\/div>\n<p class=\"pvc_stats total_only \" data-element-id=\"4869\" style=\"\"><i class=\"pvc-stats-icon medium\" aria-hidden=\"true\"><svg xmlns=\"http:\/\/www.w3.org\/2000\/svg\" version=\"1.0\" viewBox=\"0 0 502 315\" preserveAspectRatio=\"xMidYMid meet\"><g transform=\"translate(0,332) scale(0.1,-0.1)\" fill=\"\" stroke=\"none\"><path d=\"M2394 3279 l-29 -30 -3 -207 c-2 -182 0 -211 15 -242 39 -76 157 -76 196 0 15 31 17 60 15 243 l-3 209 -33 29 c-26 23 -41 29 -80 29 -41 0 -53 -5 -78 -31z\"\/><path d=\"M3085 3251 c-45 -19 -58 -50 -96 -229 -47 -217 -49 -260 -13 -295 52 -53 146 -42 177 20 16 31 87 366 87 410 0 70 -86 122 -155 94z\"\/><path d=\"M1751 3234 c-13 -9 -29 -31 -37 -50 -12 -29 -10 -49 21 -204 19 -94 39 -189 45 -210 14 -50 54 -80 110 -80 34 0 48 6 76 34 21 21 34 44 34 59 0 14 -18 113 -40 219 -37 178 -43 195 -70 221 -36 32 -101 37 -139 11z\"\/><path d=\"M1163 3073 c-36 -7 -73 -59 -73 -102 0 -56 133 -378 171 -413 34 -32 83 -37 129 -13 70 36 67 87 -16 290 -86 209 -89 214 -129 231 -35 14 -42 15 -82 7z\"\/><path d=\"M3689 3066 c-15 -9 -33 -30 -42 -48 -48 -103 -147 -355 -147 -375 0 -98 131 -148 192 -74 13 15 57 108 97 206 80 196 84 226 37 273 -30 30 -99 39 -137 18z\"\/><path d=\"M583 2784 c-38 -19 -67 -74 -58 -113 9 -42 211 -354 242 -373 16 -10 45 -18 66 -18 51 0 107 52 107 100 0 39 -1 41 -124 234 -80 126 -108 162 -133 173 -41 17 -61 16 -100 -3z\"\/><path d=\"M4250 2784 c-14 -9 -74 -91 -133 -183 -95 -150 -107 -173 -107 -213 0 -55 33 -94 87 -104 67 -13 90 8 211 198 130 202 137 225 78 284 -27 27 -42 34 -72 34 -22 0 -50 -8 -64 -16z\"\/><path d=\"M2275 2693 c-553 -48 -1095 -270 -1585 -649 -135 -104 -459 -423 -483 -476 -23 -49 -22 -139 2 -186 73 -142 361 -457 571 -626 285 -228 642 -407 990 -497 242 -63 336 -73 660 -74 310 0 370 5 595 52 535 111 1045 392 1455 803 122 121 250 273 275 326 19 41 19 137 0 174 -41 79 -309 363 -465 492 -447 370 -946 591 -1479 653 -113 14 -422 18 -536 8z m395 -428 c171 -34 330 -124 456 -258 112 -119 167 -219 211 -378 27 -96 24 -300 -5 -401 -72 -255 -236 -447 -474 -557 -132 -62 -201 -76 -368 -76 -167 0 -236 14 -368 76 -213 98 -373 271 -451 485 -162 444 86 934 547 1084 153 49 292 57 452 25z m909 -232 c222 -123 408 -262 593 -441 76 -74 138 -139 138 -144 0 -16 -233 -242 -330 -319 -155 -123 -309 -223 -461 -299 l-81 -41 32 46 c18 26 49 83 70 128 143 306 141 649 -6 957 -25 52 -61 116 -79 142 l-34 47 45 -20 c26 -10 76 -36 113 -56z m-2057 25 c-40 -58 -105 -190 -130 -263 -110 -324 -59 -707 132 -981 25 -35 42 -64 37 -64 -19 0 -241 119 -326 174 -188 122 -406 314 -532 468 l-58 71 108 103 c185 178 428 349 672 473 66 33 121 60 123 61 2 0 -10 -19 -26 -42z\"\/><path d=\"M2375 1950 c-198 -44 -350 -190 -395 -379 -18 -76 -8 -221 19 -290 114 -284 457 -406 731 -260 98 52 188 154 231 260 27 69 37 214 19 290 -38 163 -166 304 -326 360 -67 23 -215 33 -279 19z\"\/><\/g><\/svg><\/i> &nbsp;1,818&nbsp;total views<\/p>\n<div class=\"pvc_clear\"><\/div>\n<p>P\u0159etiskujeme zpr\u00e1vu Odborov\u00e9ho svazu novin\u00e1\u0159\u016f ke kauze sen\u00e1tora Jirsy. O p\u0159\u00edpadu jsme na Ob\u010dansk\u00e9m monitoringu psali v p\u0159\u00edsp\u011bvku\u00a0<a href=\"http:\/\/obcanskymonitoring.cz\/?p=4194\">Sen\u00e1tor Jirsa \u017ealovatelem i navrhovatelem<\/a>\u00a0a v p\u0159\u00edsp\u011bvku\u00a0<a href=\"http:\/\/obcanskymonitoring.cz\/?p=4303\">Kauza sen\u00e1tor Jirsa: Jirs\u016fv advok\u00e1t \u017ealuj\u00edc\u00ed profesora UK byl pravomocn\u011b odsouzen<\/a>.<\/p>\n<p>&nbsp;<\/p>\n<div id=\"attachment_274\" style=\"width: 210px\" class=\"wp-caption alignnone\"><a href=\"http:\/\/obcanskymonitoring.cz\/wp-content\/uploads\/2012\/11\/clanok_foto_905.jpg\"><img aria-describedby=\"caption-attachment-274\" loading=\"lazy\" class=\"size-full wp-image-274\" alt=\"Dopust\u00edme z\u00e1nik \u0160umavy?\" src=\"http:\/\/obcanskymonitoring.cz\/wp-content\/uploads\/2012\/11\/clanok_foto_905.jpg\" width=\"200\" height=\"300\" \/><\/a><p id=\"caption-attachment-274\" class=\"wp-caption-text\">Dopust\u00edme z\u00e1nik \u0160umavy?<\/p><\/div>\n<p><!--more--><\/p>\n<p>Odborov\u00fd svaz novin\u00e1\u0159\u016f a pracovn\u00edk\u016f m\u00e9di\u00ed \u010cR (OSNPM) sleduje se znepokojen\u00edm p\u0159\u00edpad pod\u00e1n\u00ed \u017ealoby sen\u00e1torem Tom\u00e1\u0161em Jirsou na pedagoga p\u0159\u00edrodov\u011bdeck\u00e9 fakulty Univerzity Karlovy Prof. RNDr. Pavla Kindlmanna, DrSc. za rozhovor poskytnut\u00fd m\u00edstn\u00edm novin\u00e1m, ve n\u011bm\u017e mj. \u0159ekl, \u017ee \u201e<em>Jirs\u016fv z\u00e1kon byl \u0161it na m\u00edru developer\u016fm a majitel\u016fm pozemk\u016f<\/em>.\u201c<\/p>\n<p>A\u010dkoliv profesor Kindlmann dolo\u017eil, \u017ee se skute\u010dn\u011b jedn\u00e1 o z\u00e1kon, jeho\u017e byl sen\u00e1tor Jirsa v\u00a0Sen\u00e1tu P\u010cR p\u0159edkladatelem, a\u010dkoliv tak\u00e9 n\u00e1sledn\u011b dolo\u017eil, \u017ee ze z\u00e1kona skute\u010dn\u011b majetkov\u011b profituj\u00ed zm\u00edn\u011bn\u00ed develope\u0159i a majitel\u00e9 pozemk\u016f (nov\u00fd n\u00e1vrh z\u00f3nov\u00e1n\u00ed p\u00e1sem zastavitelnosti se kryje s\u00a0parcelac\u00ed majitel\u016f pozemk\u016f a a\u010dkoliv dolo\u017eil i person\u00e1ln\u00ed vazby (\u0161umavsk\u00fd podnikatel Tali\u00e1n je poradcem sen\u00e1tora Jirsy pro oblast \u0160umavy), byla na n\u011bj pod\u00e1na \u017ealoba pro ochranu osobnosti.<\/p>\n<p>OSNPM samoz\u0159ejm\u011b respektuje pr\u00e1vo na ochranu osobnosti, nesm\u00ed v\u0161ak b\u00fdt politiky a ve\u0159ejn\u011b \u010dinn\u00fdmi osobami zneu\u017e\u00edv\u00e1no k zastra\u0161ov\u00e1n\u00ed nep\u0159\u00edjemn\u00e9 kritiky. Spole\u010dnost mus\u00ed b\u00fdt zvl\u00e1\u0161t\u011b obez\u0159etn\u00e1 zejm\u00e9na ze snah politik\u016f a korporac\u00ed ohro\u017eovat svobodu slova nebo m\u00e9dia deformovat ve sv\u016fj prosp\u011bch.<\/p>\n<p>Pikantn\u00ed je na tomto p\u0159\u00edpadu tak\u00e9 skute\u010dnost, \u017ee tuto z\u0159ejm\u011b \u0161ikan\u00f3zn\u00ed \u017ealobu pod\u00e1v\u00e1 advok\u00e1t JUDr. Ji\u0159\u00ed Trnka, kter\u00fd byl dle informac\u00ed ze sd\u011blovac\u00edch prost\u0159edk\u016f (\u010cesk\u00e1 televize) v roce 2013 pravomocn\u011b odsouzen ke t\u0159\u00edlet\u00e9mu podm\u00edn\u011bn\u00e9mu trestu za machinace s evropsk\u00fdmi pen\u011bzi v kauze t\u00fdkaj\u00edc\u00ed se p\u00e1t\u00e9 v\u00fdzvy Region\u00e1ln\u00edho opera\u010dn\u00edho programu Jihoz\u00e1pad vyhl\u00e1\u0161en\u00e9 v b\u0159eznu 2009.<\/p>\n<p>OSNPM bude kauzu \u017ealovan\u00e9ho profesora Kindlmanna i nad\u00e1le sledovat a v p\u0159\u00edpad\u011b pot\u0159eby mu v r\u00e1mci sv\u00fdch mo\u017enost\u00ed nab\u00edz\u00ed podporu a pomoc.<\/p>\n<div data-counters='1' data-style='square' data-size='regular' data-url='https:\/\/obcanskymonitoring.cz\/?p=4869' data-title='Odborov\u00fd svaz novin\u00e1\u0159\u016f je znepokojen \u017ealobou na profesora Kindlmanna' class='linksalpha_container linksalpha_app_3'><a href='\/\/www.linksalpha.com\/share?network='facebook' class='linksalpha_icon_facebook'><\/a><a href='\/\/www.linksalpha.com\/share?network='twitter' class='linksalpha_icon_twitter'><\/a><a href='\/\/www.linksalpha.com\/share?network='googleplus' class='linksalpha_icon_googleplus'><\/a><a href='\/\/www.linksalpha.com\/share?network='mail' class='linksalpha_icon_mail'><\/a><\/div><div data-position='' data-url='https:\/\/obcanskymonitoring.cz\/?p=4869' data-title='Odborov\u00fd svaz novin\u00e1\u0159\u016f je znepokojen \u017ealobou na profesora Kindlmanna' class='linksalpha_container linksalpha_app_7'><a href='\/\/www.linksalpha.com\/share?network='facebook' class='linksalpha_icon_facebook'><\/a><a href='\/\/www.linksalpha.com\/share?network='twitter' class='linksalpha_icon_twitter'><\/a><a href='\/\/www.linksalpha.com\/share?network='googleplus' class='linksalpha_icon_googleplus'><\/a><a href='\/\/www.linksalpha.com\/share?network='mail' class='linksalpha_icon_mail'><\/a><\/div>","protected":false},"excerpt":{"rendered":"<p>&nbsp;1,818&nbsp;total views P\u0159etiskujeme zpr\u00e1vu Odborov\u00e9ho svazu novin\u00e1\u0159\u016f ke kauze sen\u00e1tora Jirsy. O p\u0159\u00edpadu jsme na Ob\u010dansk\u00e9m monitoringu psali v p\u0159\u00edsp\u011bvku\u00a0Sen\u00e1tor Jirsa \u017ealovatelem i navrhovatelem\u00a0a v p\u0159\u00edsp\u011bvku\u00a0Kauza sen\u00e1tor Jirsa: Jirs\u016fv advok\u00e1t \u017ealuj\u00edc\u00ed profesora UK byl pravomocn\u011b odsouzen. &nbsp;<\/p>\n","protected":false},"author":2,"featured_media":0,"comment_status":"open","ping_status":"open","sticky":true,"template":"","format":"standard","meta":[],"categories":[36,18],"tags":[],"_links":{"self":[{"href":"https:\/\/obcanskymonitoring.cz\/index.php?rest_route=\/wp\/v2\/posts\/4869"}],"collection":[{"href":"https:\/\/obcanskymonitoring.cz\/index.php?rest_route=\/wp\/v2\/posts"}],"about":[{"href":"https:\/\/obcanskymonitoring.cz\/index.php?rest_route=\/wp\/v2\/types\/post"}],"author":[{"embeddable":true,"href":"https:\/\/obcanskymonitoring.cz\/index.php?rest_route=\/wp\/v2\/users\/2"}],"replies":[{"embeddable":true,"href":"https:\/\/obcanskymonitoring.cz\/index.php?rest_route=%2Fwp%2Fv2%2Fcomments&post=4869"}],"version-history":[{"count":0,"href":"https:\/\/obcanskymonitoring.cz\/index.php?rest_route=\/wp\/v2\/posts\/4869\/revisions"}],"wp:attachment":[{"href":"https:\/\/obcanskymonitoring.cz\/index.php?rest_route=%2Fwp%2Fv2%2Fmedia&parent=4869"}],"wp:term":[{"taxonomy":"category","embeddable":true,"href":"https:\/\/obcanskymonitoring.cz\/index.php?rest_route=%2Fwp%2Fv2%2Fcategories&post=4869"},{"taxonomy":"post_tag","embeddable":true,"href":"https:\/\/obcanskymonitoring.cz\/index.php?rest_route=%2Fwp%2Fv2%2Ftags&post=4869"}],"curies":[{"name":"wp","href":"https:\/\/api.w.org\/{rel}","templated":true}]}}