{"id":4877,"date":"2015-10-22T23:47:28","date_gmt":"2015-10-22T23:47:28","guid":{"rendered":"http:\/\/obcanskymonitoring.cz\/?p=4877"},"modified":"2015-11-10T07:32:22","modified_gmt":"2015-11-10T07:32:22","slug":"zprava-o-stavu-zemedelstvi-cr-za-rok-2014","status":"publish","type":"post","link":"https:\/\/obcanskymonitoring.cz\/?p=4877","title":{"rendered":"Zpr\u00e1va o stavu zem\u011bd\u011blstv\u00ed \u010cR za rok 2014"},"content":{"rendered":"<div class=\"pvc_clear\"><\/div>\n<p class=\"pvc_stats total_only \" data-element-id=\"4877\" style=\"\"><i class=\"pvc-stats-icon medium\" aria-hidden=\"true\"><svg xmlns=\"http:\/\/www.w3.org\/2000\/svg\" version=\"1.0\" viewBox=\"0 0 502 315\" preserveAspectRatio=\"xMidYMid meet\"><g transform=\"translate(0,332) scale(0.1,-0.1)\" fill=\"\" stroke=\"none\"><path d=\"M2394 3279 l-29 -30 -3 -207 c-2 -182 0 -211 15 -242 39 -76 157 -76 196 0 15 31 17 60 15 243 l-3 209 -33 29 c-26 23 -41 29 -80 29 -41 0 -53 -5 -78 -31z\"\/><path d=\"M3085 3251 c-45 -19 -58 -50 -96 -229 -47 -217 -49 -260 -13 -295 52 -53 146 -42 177 20 16 31 87 366 87 410 0 70 -86 122 -155 94z\"\/><path d=\"M1751 3234 c-13 -9 -29 -31 -37 -50 -12 -29 -10 -49 21 -204 19 -94 39 -189 45 -210 14 -50 54 -80 110 -80 34 0 48 6 76 34 21 21 34 44 34 59 0 14 -18 113 -40 219 -37 178 -43 195 -70 221 -36 32 -101 37 -139 11z\"\/><path d=\"M1163 3073 c-36 -7 -73 -59 -73 -102 0 -56 133 -378 171 -413 34 -32 83 -37 129 -13 70 36 67 87 -16 290 -86 209 -89 214 -129 231 -35 14 -42 15 -82 7z\"\/><path d=\"M3689 3066 c-15 -9 -33 -30 -42 -48 -48 -103 -147 -355 -147 -375 0 -98 131 -148 192 -74 13 15 57 108 97 206 80 196 84 226 37 273 -30 30 -99 39 -137 18z\"\/><path d=\"M583 2784 c-38 -19 -67 -74 -58 -113 9 -42 211 -354 242 -373 16 -10 45 -18 66 -18 51 0 107 52 107 100 0 39 -1 41 -124 234 -80 126 -108 162 -133 173 -41 17 -61 16 -100 -3z\"\/><path d=\"M4250 2784 c-14 -9 -74 -91 -133 -183 -95 -150 -107 -173 -107 -213 0 -55 33 -94 87 -104 67 -13 90 8 211 198 130 202 137 225 78 284 -27 27 -42 34 -72 34 -22 0 -50 -8 -64 -16z\"\/><path d=\"M2275 2693 c-553 -48 -1095 -270 -1585 -649 -135 -104 -459 -423 -483 -476 -23 -49 -22 -139 2 -186 73 -142 361 -457 571 -626 285 -228 642 -407 990 -497 242 -63 336 -73 660 -74 310 0 370 5 595 52 535 111 1045 392 1455 803 122 121 250 273 275 326 19 41 19 137 0 174 -41 79 -309 363 -465 492 -447 370 -946 591 -1479 653 -113 14 -422 18 -536 8z m395 -428 c171 -34 330 -124 456 -258 112 -119 167 -219 211 -378 27 -96 24 -300 -5 -401 -72 -255 -236 -447 -474 -557 -132 -62 -201 -76 -368 -76 -167 0 -236 14 -368 76 -213 98 -373 271 -451 485 -162 444 86 934 547 1084 153 49 292 57 452 25z m909 -232 c222 -123 408 -262 593 -441 76 -74 138 -139 138 -144 0 -16 -233 -242 -330 -319 -155 -123 -309 -223 -461 -299 l-81 -41 32 46 c18 26 49 83 70 128 143 306 141 649 -6 957 -25 52 -61 116 -79 142 l-34 47 45 -20 c26 -10 76 -36 113 -56z m-2057 25 c-40 -58 -105 -190 -130 -263 -110 -324 -59 -707 132 -981 25 -35 42 -64 37 -64 -19 0 -241 119 -326 174 -188 122 -406 314 -532 468 l-58 71 108 103 c185 178 428 349 672 473 66 33 121 60 123 61 2 0 -10 -19 -26 -42z\"\/><path d=\"M2375 1950 c-198 -44 -350 -190 -395 -379 -18 -76 -8 -221 19 -290 114 -284 457 -406 731 -260 98 52 188 154 231 260 27 69 37 214 19 290 -38 163 -166 304 -326 360 -67 23 -215 33 -279 19z\"\/><\/g><\/svg><\/i> &nbsp;1,051&nbsp;total views<\/p>\n<div class=\"pvc_clear\"><\/div>\n<p><a href=\"http:\/\/obcanskymonitoring.cz\/wp-content\/uploads\/2015\/10\/Ministerstvo-zemedelstvi.jpg\"><img loading=\"lazy\" class=\"alignnone size-full wp-image-4883\" alt=\"Ministerstvo zemedelstvi\" src=\"http:\/\/obcanskymonitoring.cz\/wp-content\/uploads\/2015\/10\/Ministerstvo-zemedelstvi.jpg\" width=\"189\" height=\"90\" \/><\/a><\/p>\n<p>&nbsp;<\/p>\n<p>Upozor\u0148ujeme na zaj\u00edmav\u00fd dokument\u00a0Zpr\u00e1va o stavu zem\u011bd\u011blstv\u00ed \u010cR za rok 2014. Cel\u00fd dokument si m\u016f\u017eete p\u0159e\u010d\u00edst <a href=\"http:\/\/www.psp.cz\/sqw\/text\/tiskt.sqw?O=7&amp;CT=595&amp;CT1=0\">zde<\/a>. Cituji z dokumentu pas\u00e1\u017ee, kter\u00e9 mne zaujaly.<\/p>\n<p><!--more--><\/p>\n<p>&nbsp;<\/p>\n<p>&#8220;Zem\u011bd\u011blsk\u00fd p\u016fdn\u00ed fond (ZPF) tvo\u0159il v roce 2014 v\u00edce ne\u017e polovinu celkov\u00e9 v\u00fdm\u011bry \u010cR (53,5 %), v porovn\u00e1n\u00ed s rokem 2013 se zmen\u0161il o 4,2 tis. ha.&#8221;<\/p>\n<p>&nbsp;<\/p>\n<p>&#8220;V\u00fdm\u011bra ploch lokalit soustavy Natura 2000 v roce 2014 byla 1 106,12 tis. ha, tj. 14,03 % celkov\u00e9 rozlohy \u010cR. Evropsky v\u00fdznamn\u00e9 lokality zauj\u00edmaly v\u00fdm\u011bru 785,6 tis. ha\u00a0(10,0 % rozlohy \u010cR) a jejich po\u010det byl 1 075. Pta\u010d\u00edch oblast\u00ed bylo evidov\u00e1no 41 na rozloze 703,4 tis. ha (8,9 % rozlohy \u010cR). Celkov\u00e1 rozloha \u00fazem\u00ed chr\u00e1n\u011bn\u00fdch podle z\u00e1kona \u010d. 114\/1992 Sb. se odhaduje na 1 686,4 tis. ha (21,4 % plochy \u010cR).&#8221;<\/p>\n<p>&nbsp;<\/p>\n<p>&#8220;Podle informac\u00ed Ministerstva spravedlnosti bylo podle trestn\u00edho z\u00e1kona za t\u00fdr\u00e1n\u00ed zv\u00ed\u0159at v roce 2014 st\u00edh\u00e1no 26 a odsouzeno 31 osob.&#8221;<\/p>\n<p>&nbsp;<\/p>\n<p>&#8220;Pro zem\u011bd\u011blsk\u00e9 podnikatele m\u00e1 rozhoduj\u00edc\u00ed v\u00fdznam \u00farove\u0148 unijn\u00edch i n\u00e1rodn\u00edch podpor.&#8221;<\/p>\n<p>&nbsp;<\/p>\n<p>&#8220;Pod\u00edl propachtovan\u00e9\u00a0zem\u011bd\u011blsk\u00e9 p\u016fdy na celkov\u00e9 obhospoda\u0159ovan\u00e9 plo\u0161e je po Slovensku v \u010desk\u00e9m zem\u011bd\u011blstv\u00ed nejvy\u0161\u0161\u00ed ze v\u0161ech zem\u00ed EU. Celkov\u011b \u010dinil pod\u00edl propachtovan\u00e9 p\u016fdy v roce 2014 necel\u00fdch 74 %\u00a0a dlouhodob\u011b (od<br \/>\npo\u010d\u00e1tku transformace) kles\u00e1, zat\u00edmco pod\u00edl vlastn\u00ed obhospoda\u0159ovan\u00e9 p\u016fdy nar\u016fst\u00e1.&#8221;<\/p>\n<p>&nbsp;<\/p>\n<p>&#8220;P\u0159i MZe pracuje Antibyrokratick\u00e1 komise Ministerstva zem\u011bd\u011blstv\u00ed, kter\u00e1 byla z\u0159\u00edzena ministrem zem\u011bd\u011blstv\u00ed ve snaze sn\u00ed\u017eit administrativn\u00ed n\u00e1ro\u010dnost r\u016fzn\u00fdch opat\u0159en\u00ed uplat\u0148ovan\u00fdch a vyu\u017e\u00edvan\u00fdch v rezortu MZe. \u010cleny komise jmenuje ministr zem\u011bd\u011blstv\u00ed a z nich jmenuje p\u0159edsedu Antibyrokratick\u00e9 komise. \u010clenov\u00e9 Antibyrokratick\u00e9 komise prost\u0159ednictv\u00edm organizac\u00ed, kter\u00e9 zastupuj\u00ed, a prost\u0159ednictv\u00edm zem\u011bd\u011blsk\u00e9 ve\u0159ejnosti vyhled\u00e1vaj\u00ed p\u0159\u00edpady zbyte\u010dn\u00e9 administrativn\u00ed z\u00e1t\u011b\u017ee, tuto eviduj\u00ed a p\u0159edkl\u00e1daj\u00ed k projedn\u00e1n\u00ed Antibyrokratick\u00e9 komisi.&#8221;<\/p>\n<p>&nbsp;<\/p>\n<p>&#8220;<strong>Podpory agr\u00e1rn\u00edho sektoru a venkova<\/strong><\/p>\n<p>V r\u00e1mci programu PRV celkov\u00e1 suma vyplacen\u00e1 v roce 2014 \u010dinila 12,6 mld. K\u010d, co\u017e bylo\u00a0o 13,5 % v\u00edce ne\u017e v roce 2013.&#8221;<\/p>\n<p>&nbsp;<\/p>\n<p><i>&#8220;V r\u00e1mci SAPS byl na rok 2014 pro \u010cR celkov\u00fd p\u0159\u00edjem plateb ze zdroj\u016f EU ur\u010den ve v\u00fd\u0161i\u00a0<\/i><i>773,75 mil. \u20ac, co\u017e p\u0159edstavovalo celkovou n\u00e1rokovou \u010d\u00e1stku 21 278 mil. K\u010d. Na hektar z. p.\u00a0<\/i><i>byla stanovena suma 5 997 K\u010d. &#8220;<\/i><\/p>\n<p>&nbsp;<\/p>\n<p>&#8220;Program rozvoje venkova na obdob\u00ed 2007-2013 (PRV) umo\u017e\u0148oval \u010derp\u00e1n\u00ed prost\u0159edk\u016f pro zem\u011bd\u011blstv\u00ed a venkov z Evropsk\u00e9ho zem\u011bd\u011blsk\u00e9ho fondu pro rozvoj venkova (EAFRD). Celkov\u00e1 \u010d\u00e1stka p\u0159id\u011blen\u00fdch prost\u0159edk\u016f z EAFRD byla p\u0159ibli\u017en\u011b 2,8 mld. \u20ac, co\u017e spolu s p\u0159\u00edsp\u011bvkem ze st\u00e1tn\u00edho rozpo\u010dtu \u010cR p\u0159edstavovalo na cel\u00e9 sedmilet\u00e9 obdob\u00ed \u010d\u00e1stku 3,7 mld. \u20ac.&#8221;<\/p>\n<p>&nbsp;<\/p>\n<p>&#8220;<strong>P\u0159\u00edm\u00e9 platby<\/strong><\/p>\n<p>P\u0159\u00edm\u00e9 platby jsou nejv\u00fdznamn\u011bj\u0161\u00ed kategori\u00ed podpor, kter\u00e9 jsou poskytov\u00e1ny \u010desk\u00e9mu zem\u011bd\u011blstv\u00ed po vstupu \u010cR do EU. V letech 2013 a 2014 mezi p\u0159\u00edm\u00e9 platby shodn\u011b pat\u0159ily: SAPS, odd\u011blen\u00e1 platba za cukr (SSP), odd\u011blen\u00e1 platba za raj\u010data (STP) a zvl\u00e1\u0161tn\u00ed podpory podle \u010dl. 68 NR (ES) \u010d. 73\/2009 a na\u0159\u00edzen\u00ed vl\u00e1dy \u010d. 60\/2012 Sb. sm\u011brovan\u00e9 na citliv\u00e9 sektory (brambory pro v\u00fdrobu \u0161krobu, chmel, telata masn\u00e9ho typu a bahnice, pop\u0159\u00edpad\u011b kozy, pasen\u00e9 na travn\u00edch porostech, kr\u00e1vy chovan\u00e9 v syst\u00e9mu s tr\u017en\u00ed produkc\u00ed ml\u00e9ka). V naprost\u00e9 v\u011bt\u0161in\u011b jsou p\u0159\u00edm\u00e9 platby poskytov\u00e1ny na hektar obhospoda\u0159ovan\u00e9 zem\u011bd\u011blsk\u00e9 p\u016fdy evidovan\u00e9 v r\u00e1mci LPIS a jsou vypl\u00e1ceny ze zdroj\u016f EU v syst\u00e9mu SAPS (tzv. jednotn\u00e1 platba na plochu). SAPS je hlavn\u00ed p\u0159\u00edmou platbou pln\u011b hrazenou z prost\u0159edk\u016f Evropsk\u00e9 Unie, o kterou m\u016f\u017ee \u017e\u00e1dat fyzick\u00e1 nebo pr\u00e1vnick\u00e1 osoba obhospoda\u0159uj\u00edc\u00ed zem\u011bd\u011blskou p\u016fdu.&#8221;<\/p>\n<p>&nbsp;<\/p>\n<p>&#8220;<strong>P\u0159\u00edm\u00e9 platby ze zdroj\u016f EU<\/strong><br \/>\nJednotn\u00e1 platba na plochu (SAPS) Na rok 2013 byl celkov\u00fd p\u0159\u00edjem plateb ze zdroj\u016f EU pro \u010cR v r\u00e1mci SAPS ur\u010den ve v\u00fd\u0161i 832,8 mil. \u20ac, co\u017e p\u0159i stanoven\u00e9m kurzu 25,730 K\u010d\/\u20ac p\u0159edstavovalo v\u00fdslednou \u010d\u00e1stku 21 428,7 mil. K\u010d. Celkem byla 28 340 \u017eadatel\u016fm vyplacena \u010d\u00e1stka 20,74 mld. K\u010d na 3,53 mil. ha z. p.&#8221;<\/p>\n<p>&nbsp;<\/p>\n<p>&#8220;<strong>M\u00edstn\u00ed ak\u010dn\u00ed skupiny (MAS)<\/strong><\/p>\n<p>Jedn\u00edm z v\u00fdznamn\u00fdch akt\u00e9r\u016f rozvoje venkova jsou m\u00edstn\u00ed ak\u010dn\u00ed skupiny (MAS). Po\u010det MAS v \u010cR se st\u00e1le m\u00edrn\u011b zvy\u0161uje, v sou\u010dasn\u00e9 dob\u011b MAS je podle NS MAS jejich po\u010det 181, z toho 112 bylo podpo\u0159eno v r\u00e1mci PRV 2007-2013, kter\u00fd byl p\u0159ev\u00e1\u017en\u011b hlavn\u00ed zdrojem pro z\u00edsk\u00e1v\u00e1n\u00ed a rozd\u011blov\u00e1n\u00ed finan\u010dn\u00edch prost\u0159edk\u016f na \u010dinnost MAS a pln\u011bn\u00ed SPL (strategick\u00e9ho pl\u00e1nu LEADER). Hlavn\u00edm \u00fa\u010delem MAS je sdru\u017eit aktivn\u00ed obyvatele a subjekty ke spolupr\u00e1ci na realizaci rozvoje venkova v lok\u00e1ln\u00edm m\u011b\u0159\u00edtku, i propojit ve\u0159ejn\u00fd, podnikatelsk\u00fd a neziskov\u00fd sektor. C\u00edlem strategi\u00ed MAS je zpravidla zlep\u0161en\u00ed kvality \u017eivota ve venkovsk\u00fdch oblastech, pos\u00edlen\u00ed ekonomick\u00e9ho potenci\u00e1lu a zhodnocen\u00ed p\u0159\u00edrodn\u00edho a kulturn\u00edho d\u011bdictv\u00ed venkova, spolu s pos\u00edlen\u00edm \u0159\u00edd\u00edc\u00edch a administrativn\u00edch schopnost\u00ed na venkov\u011b. Principy LEADER vedou v sou\u010dinnosti s m\u00edstn\u00ed samospr\u00e1vou k pozitivn\u00edm efekt\u016fm, plynouc\u00edm ze spojen\u00ed r\u016fzn\u00fdch subjekt\u016f, kter\u00e9 ve venkovsk\u00e9m prostoru p\u016fsob\u00ed. M\u00edra \u00fasp\u011bchu implementace princip\u016f LEADER bude p\u0159edm\u011btem ex-post evaluace.<\/p>\n<p>V\u0161echny MAS maj\u00ed dnes t\u00e9m\u011b\u0159 celorepublikov\u00e9 pokryt\u00ed \u00fazem\u00ed \u010cR. V obdob\u00ed PRV 2007-2013 byla p\u0159\u00edle\u017eitost zapojit se pro nov\u011b vznikl\u00e9 nebo MAS nevybran\u00e9 v podpo\u0159e, kter\u00e9 mohly z\u00edskat finan\u010dn\u00ed prost\u0159edky v projektech spolupr\u00e1ce a v r\u00e1mci opat\u0159en\u00ed III.4.1 Z\u00edsk\u00e1v\u00e1n\u00ed dovednost\u00ed, animace a prov\u00e1d\u011bn\u00ed. Celkem bylo v roce 2013 v opat\u0159en\u00ed III.4.1 schv\u00e1len\u00fdch 59 projekt\u016f, s pr\u016fm\u011brnou velikost\u00ed jednoho projektu 0,5 mil. K\u010d.<\/p>\n<p>&nbsp;<\/p>\n<p>&#8220;V \u010cR dosud neexistuje monitoring technologi\u00ed obd\u011bl\u00e1v\u00e1n\u00ed p\u016fd. Jednor\u00e1zov\u011b byla v\u00fdm\u011bra o. p., na kter\u00e9 jsou pou\u017e\u00edv\u00e1ny minimaliza\u010dn\u00ed technologie, zji\u0161\u0165ov\u00e1na v Agrocenzu 2010, kde \u010dinila 812 tis. ha, dle expert\u016f<i>39 <\/i>je v roce 2014 odhadov\u00e1na na 1,2 mil. ha. Ve srovn\u00e1n\u00ed s rokem 2013 z\u016fst\u00e1v\u00e1 rozloha ploch obd\u011bl\u00e1van\u00fdch p\u016fdoochrann\u00fdmi technologiemi<i>40<\/i> stejn\u00e1, tzn. 240-270 tis. ha o. p.&#8221;<\/p>\n<p>&nbsp;<\/p>\n<p>K p\u0159ekro\u010den\u00ed hodnot p\u0159\u00edpustn\u00e9ho zne\u010di\u0161t\u011bn\u00ed p\u016fd (vyhl\u00e1\u0161ka \u010d. 13\/1994 Sb.) doch\u00e1zelo\u00a0v letech 2000-2014 nejv\u00edce u obsah\u016f DDT. Po\u017eadavk\u016fm t\u00e9to vyhl\u00e1\u0161ky na obsah organick\u00fdch\u00a0chlorovan\u00fdch pesticid\u016f nevyhov\u011blo v roce 2014 celkem 18 monitorovac\u00edch ploch na orn\u00e9\u00a0p\u016fd\u011b a 2 monitorovac\u00ed plochy na TTP (tj. 46 % vzork\u016f). V \u010cR je pou\u017e\u00edv\u00e1n\u00ed p\u0159\u00edpravk\u016f na b\u00e1zi\u00a0DDT zak\u00e1z\u00e1no ji\u017e od roku 1974, vysok\u00e9 procento nadlimitn\u00edch vzork\u016f v\u0161ak sv\u011bd\u010d\u00ed o velk\u00e9\u00a0perzistenci a tedy dlouhodob\u00e9m zat\u00ed\u017een\u00ed p\u016fdy.&#8221;<\/p>\n<p>&#8220;Zem\u011bd\u011blsk\u00e1 technika<br \/>\nN\u00e1r\u016fst dod\u00e1vek traktor\u016f do zem\u011bd\u011blstv\u00ed kulminoval v roce 2008, kdy bylo dod\u00e1no\u00a0nejv\u00edce traktor\u016f (3 098 ks za rok). N\u00e1sledn\u011b vlivem hospod\u00e1\u0159sk\u00e9 a finan\u010dn\u00ed krize do\u0161lo\u00a0v obnov\u011b techniky k v\u00fdrazn\u00e9mu poklesu. Za posledn\u00ed 3 roky se dod\u00e1vky traktor\u016f ust\u00e1lily mezi\u00a02 100-2 450 ks za rok.&#8221;<\/p>\n<p>&nbsp;<\/p>\n<p>&#8220;Ztr\u00e1ta p\u016fdy jej\u00edm zakryt\u00edm<br \/>\nZakryt\u00ed povrchu p\u016fdy nepropustn\u00fdm materi\u00e1lem (soil sealing) zp\u016fsobuje z\u00e1va\u017en\u00e9 \u0161kody na \u017eivotn\u00edm prost\u0159ed\u00ed a je nejd\u016fle\u017eit\u011bj\u0161\u00ed formou degradace p\u016fdy. Krom\u011b likvidace\u00a0produk\u010dn\u00edho potenci\u00e1lu p\u016fdy p\u0159isp\u00edv\u00e1 k po\u0161kozen\u00ed biodiverzity, zvy\u0161uje nebezpe\u010d\u00ed povodn\u00ed\u00a0a nedostatku vl\u00e1hy, p\u0159isp\u00edv\u00e1 ke glob\u00e1ln\u00edmu oteplov\u00e1n\u00ed. Od roku 1966 se sn\u00ed\u017eila v\u00fdm\u011bra\u00a0zem\u011bd\u011blsk\u00e9 p\u016fdy o 297 tis. ha, lze p\u0159edpokl\u00e1dat zakryt\u00ed v\u00fdznamn\u00e9 \u010d\u00e1sti t\u00e9to plochy.\u00a0Produkci na zem\u011bd\u011blsk\u00e9 p\u016fd\u011b negativn\u011b ovliv\u0148uje krom\u011b zm\u011bny kvality p\u016fdy\u00a0i pom\u011brov\u011b vy\u0161\u0161\u00ed z\u00e1bor zem\u011bd\u011blsk\u00e9 p\u016fdy na \u00farodn\u00fdch p\u016fd\u00e1ch ne\u017e na margin\u00e1ln\u00edch p\u016fd\u00e1ch.\u00a0Celkov\u00fd p\u0159ehled zm\u011bn v \u010cR podle vyhodnocen\u00ed pr\u016fm\u011brn\u00fdch cen v katastr\u00e1ln\u00edch \u00fazem\u00edch\u00a0Tato skute\u010dnost vede zejm\u00e9na v n\u00ed\u017ein\u00e1ch v bl\u00edzkosti obc\u00ed k celkov\u00e9mu \u00fabytku kvalitn\u00ed\u00a0p\u016fdy, co\u017e zp\u016fsobuje celkov\u00e9 sn\u00ed\u017een\u00ed kvality zem\u011bd\u011blsk\u00e9 p\u016fdy, a t\u00edm ke sn\u00ed\u017een\u00ed\u00a0konkurenceschopnosti zejm\u00e9na poln\u00ed v\u00fdroby.&#8221;<\/p>\n<p>&nbsp;<\/p>\n<p>&#8220;Geneticky modifikovan\u00e9 plodiny<br \/>\nProblematika GMO (zejm\u00e9na v zem\u011bd\u011blstv\u00ed a potravin\u00e1\u0159stv\u00ed) je v EU st\u00e1le\u00a0kontroverzn\u00edm t\u00e9matem. Pohledy jednotliv\u00fdch \u010dlensk\u00fdch st\u00e1t\u016f jsou zna\u010dn\u011b odli\u0161n\u00e9 a je\u00a0obt\u00ed\u017en\u00e9 dos\u00e1hnout jak\u00fdkoliv konsensus. \u010cR se \u0159ad\u00ed sp\u00ed\u0161e k liber\u00e1ln\u00edm st\u00e1t\u016fm, kter\u00e9 p\u0159i\u00a0nakl\u00e1d\u00e1n\u00ed s GMO vych\u00e1z\u00ed z v\u011bdeck\u00fdch poznatk\u016f.\u00a0GM plodiny jsou v celosv\u011btov\u00e9m m\u011b\u0159\u00edtku v\u00fdznamnou slo\u017ekou zem\u011bd\u011blsk\u00e9 v\u00fdroby,\u00a0zat\u00edmco pod\u00edl ploch v EU v r\u00e1mci sv\u011bta je zanedbateln\u00fd. Celkov\u00e1 plocha GM plodin ve sv\u011bt\u011b<br \/>\nv roce 2014 tvo\u0159ila rekordn\u00edch 181,5 mil. ha. N\u00e1r\u016fst p\u011bstov\u00e1n\u00ed GM plodin je ji\u017e druh\u00fdm\u00a0rokem zaznamen\u00e1n v rozvojov\u00fdch zem\u00edch. Meziro\u010dn\u011b do\u0161lo k nav\u00fd\u0161en\u00ed plochy GM plodin ve\u00a0sv\u011bt\u011b o 3,6 mil. ha. Od roku 1996, kdy se GM plodiny za\u010daly ve sv\u011bt\u011b p\u011bstovat na v\u00fdm\u011b\u0159e\u00a01,7 mil. ha, do\u0161lo b\u011bhem 18 let k v\u00edce ne\u017e ston\u00e1sobn\u00e9mu n\u00e1r\u016fstu plochy. Z celkov\u00e9 plochy\u00a0GM plodin ve sv\u011bt\u011b v roce 2014 tvo\u0159\u00ed 40 % plocha v USA. T\u0159i nejv\u011bt\u0161\u00ed p\u011bstitel\u00e9 GM plodin\u00a0(USA, Braz\u00edlie a Argentina) zauj\u00edmaj\u00ed plochu 77 % z celku. GM plodiny p\u011bstovalo rekordn\u00edch\u00a018 mil. p\u011bstitel\u016f ve 28 st\u00e1tech sv\u011bta. Nejv\u011bt\u0161\u00ed v\u00fdm\u011bry GM plodin se nach\u00e1zej\u00ed v USA\u00a0(73,1 mil. ha \u2013 kuku\u0159ice, s\u00f3ja, bavln\u00edk, \u0159epka, cukrov\u00e1 \u0159epa, vojt\u011b\u0161ka, pap\u00e1ja a d\u00fdn\u011b), Braz\u00edlii<br \/>\n(42,2 mil. ha \u2013 s\u00f3ja, kuku\u0159ice a bavln\u00edk), Argentin\u011b (24,3 mil. ha \u2013 s\u00f3ja, kuku\u0159ice a bavln\u00edk),\u00a0Indii (11,6 mil. ha \u2013 bavln\u00edk), Kanad\u011b (11,6 mil. ha \u2013 \u0159epka, kuku\u0159ice, s\u00f3ja a cukrov\u00e1 \u0159epa),\u00a0\u010c\u00edn\u011b (3,9 mil. ha \u2013 bavln\u00edk, pap\u00e1ja, topol, raj\u010data, sladk\u00e1 paprika) a v Paraguay (3,9 mil. ha \u2013\u00a0s\u00f3ja, kuku\u0159ice a bavln\u00edk).\u00a0Plocha GM plodin v EU zaznamenala po historicky nejv\u011bt\u0161\u00ed v\u00fdm\u011b\u0159e v roce 2013\u00a0meziro\u010dn\u00ed pokles o 5,6 tis. ha a v roce 2014 \u010dinila 143 tis. ha. Zejm\u00e9na d\u00edky meziro\u010dn\u00edmu<br \/>\npoklesu ploch ve \u0160pan\u011blsku a v \u010cR do\u0161lo k jej\u00edmu celkov\u00e9mu poklesu v r\u00e1mci EU oproti\u00a0lo\u0148sk\u00e9mu roku o 4 %. Prvn\u00ed m\u00edsto v p\u011bstov\u00e1n\u00ed GM plodin v EU tradi\u010dn\u011b zauj\u00edm\u00e1 \u0160pan\u011blsko,\u00a0kde do\u0161lo k poklesu plochy o 4 %, druh\u00e9 je Portugalsko, kde do\u0161lo k n\u00e1r\u016fstu plochy o 5 %.\u00a0GM plodiny (kuku\u0159ice) se p\u011bstuj\u00ed pouze v n\u011bkolika zem\u00edch EU (tab. T8.8\/01).\u00a0Ve srovn\u00e1n\u00ed\u00a0s jin\u00fdmi regiony sv\u011bta EU p\u0159istupuje ke GM plodin\u00e1m s vysokou m\u00edrou obez\u0159etnosti,\u00a0s principem p\u0159edb\u011b\u017en\u00e9 opatrnosti a nevyu\u017e\u00edv\u00e1 tedy GM plodiny v takov\u00e9 m\u00ed\u0159e jako nap\u0159.\u00a0USA, kde \u201enov\u00e9 technologie\u201c nach\u00e1z\u00ed st\u00e1le v\u011bt\u0161\u00ed uplatn\u011bn\u00ed. Proces uv\u00e1d\u011bn\u00ed GM plodin do\u00a0\u017eivotn\u00edho prost\u0159ed\u00ed je dlouh\u00fd, finan\u010dn\u011b a administrativn\u011b n\u00e1ro\u010dn\u00fd. Uplatn\u011bn\u00ed GM plodin na<br \/>\ntrhu EU je velmi problematick\u00e9 z d\u016fvodu vy\u0161\u0161\u00ed n\u00e1kladovosti i zna\u010dn\u00e9 ned\u016fv\u011bry obyvatelstva.\u00a0V\u00fdsledkem je mj. i stagnace \u010di pokles ploch GM plodin v n\u011bkter\u00fdch zem\u00edch a pot\u0159eba dovozu\u00a0GM plodin (s\u00f3ji) do EU pro vyu\u017eit\u00ed v krmivech.<br \/>\nProdukce GM kuku\u0159ice je ve v\u011bt\u0161in\u011b p\u0159\u00edpad\u016f vyu\u017e\u00edv\u00e1na jako krmivo pro hospod\u00e1\u0159sk\u00e1\u00a0zv\u00ed\u0159ata, z men\u0161\u00ed \u010d\u00e1sti tak\u00e9 jako surovina pro v\u00fdrobu bioetanolu \u010di bioplynu. Vyp\u011bstovan\u00e1 GM\u00a0kuku\u0159ice nen\u00ed v \u010cR u\u017e\u00edv\u00e1na pro potravin\u00e1\u0159sk\u00e9 \u00fa\u010dely.<\/p>\n<p><a href=\"http:\/\/obcanskymonitoring.cz\/wp-content\/uploads\/2015\/10\/geneticke-modifikace.jpg\"><img loading=\"lazy\" class=\"alignnone size-medium wp-image-4881\" alt=\"geneticke modifikace\" src=\"http:\/\/obcanskymonitoring.cz\/wp-content\/uploads\/2015\/10\/geneticke-modifikace-300x120.jpg\" width=\"300\" height=\"120\" srcset=\"https:\/\/obcanskymonitoring.cz\/wp-content\/uploads\/2015\/10\/geneticke-modifikace-300x120.jpg 300w, https:\/\/obcanskymonitoring.cz\/wp-content\/uploads\/2015\/10\/geneticke-modifikace.jpg 891w\" sizes=\"(max-width: 300px) 100vw, 300px\" \/><\/a><\/p>\n<p>&nbsp;<\/p>\n<p>Tak\u00e9 v roce 2014 byla pro komer\u010dn\u00ed vyu\u017eit\u00ed p\u011bstov\u00e1na na \u00fazem\u00ed EU, tedy i v \u010cR, jedin\u00e1 GM plodina, kuku\u0159ice, ozna\u010dovan\u00e1 t\u00e9\u017e jako \u201eBt kuku\u0159ice\u201c, odoln\u00e1 v\u016f\u010di zav\u00edje\u010di kuku\u0159i\u010dn\u00e9mu, kter\u00e1 se v \u010cR p\u011bstuje od roku 2005. Jedn\u00e1 se o GM plodinu s vlo\u017een\u00fdm genem z p\u016fdn\u00ed bakterie <i>Bacillus thuringiensis <\/i>(odtud Bt-kuku\u0159ice), kter\u00fd kuku\u0159ici prop\u016fj\u010duje odolnost proti \u0161kodliv\u00e9mu v\u00fd\u0161e zm\u00edn\u011bn\u00e9mu zav\u00edje\u010di kuku\u0159i\u010dn\u00e9mu. Doposud nejv\u011bt\u0161\u00ed v\u00fdm\u011bra GM kuku\u0159ice v \u010cR byla zaznamen\u00e1na v roce 2008, kdy bylo oseto 8 380 ha (cca 3 % celkov\u00e9 plochy kuku\u0159ice v \u010cR). V posledn\u00edch letech v\u00fdm\u011bra GM kuku\u0159ice v \u010cR kles\u00e1. V roce 2014 byl zaznamen\u00e1n jak meziro\u010dn\u00ed pokles v\u00fdm\u011bry o 32 % na 1 754 ha, tak i pokles po\u010dtu p\u011bstitel\u016f o 42 %.<\/p>\n<p>V oblasti pr\u00e1vn\u00edho r\u00e1mce v roce 2014 do\u0161lo s \u00fa\u010dinnost\u00ed od 1. 1. 2014 ke zm\u011bn\u011b z\u00e1kona \u010d. 78\/2004 Sb., o nakl\u00e1d\u00e1n\u00ed s geneticky modifikovan\u00fdmi organismy a genetick\u00fdmi produkty, ve zn\u011bn\u00ed pozd\u011bj\u0161\u00edch p\u0159edpis\u016f. Od 1. ledna 2014 do\u0161lo ke spojen\u00ed \u00daKZ\u00daZ a SRS. Sou\u010d\u00e1st\u00ed \u00daKZ\u00daZ se tak staly n\u011bkter\u00e9 \u00fatvary, kter\u00e9 do 31. prosince 2013 existovaly samostatn\u011b jako SRS. Tyto \u00fatvary nad\u00e1le zodpov\u00eddaj\u00ed sv\u00fdm d\u00edlem za kontrolu pravidel p\u011bstov\u00e1n\u00ed GM plodin na m\u00edst\u011b p\u011bstov\u00e1n\u00ed. Nad\u00e1le prov\u00e1d\u011bj\u00ed kontroly a posouzen\u00ed dopadu p\u011bstov\u00e1n\u00ed na \u017eivotn\u00ed prost\u0159ed\u00ed. Na z\u00e1klad\u011b dosavadn\u00edch poznatk\u016f a s ohledem na st\u00e1vaj\u00edc\u00ed situaci v oblasti GMO v EU lze o\u010dek\u00e1vat, \u017ee z\u00e1jem \u010desk\u00fdch p\u011bstitel\u016f o technologii, zalo\u017eenou na GM plodin\u00e1ch, se bude vyv\u00edjet \u00fam\u011brn\u011b s m\u00edrou tolerance GMO evropsk\u00fdmi spot\u0159ebiteli, a s t\u00edm spojen\u00fdm v\u00fdvojem p\u0159edpis\u016f EU. V \u010cR bude nad\u00e1le existovat mo\u017enost v\u00fdb\u011bru mezi p\u011bstov\u00e1n\u00edm Bt kuku\u0159ice a konven\u010dn\u00edm \u010di ekologick\u00fdm p\u011bstov\u00e1n\u00edm.&#8221;<\/p>\n<div data-counters='1' data-style='square' data-size='regular' data-url='https:\/\/obcanskymonitoring.cz\/?p=4877' data-title='Zpr\u00e1va o stavu zem\u011bd\u011blstv\u00ed \u010cR za rok 2014' class='linksalpha_container linksalpha_app_3'><a href='\/\/www.linksalpha.com\/share?network='facebook' class='linksalpha_icon_facebook'><\/a><a href='\/\/www.linksalpha.com\/share?network='twitter' class='linksalpha_icon_twitter'><\/a><a href='\/\/www.linksalpha.com\/share?network='googleplus' class='linksalpha_icon_googleplus'><\/a><a href='\/\/www.linksalpha.com\/share?network='mail' class='linksalpha_icon_mail'><\/a><\/div><div data-position='' data-url='https:\/\/obcanskymonitoring.cz\/?p=4877' data-title='Zpr\u00e1va o stavu zem\u011bd\u011blstv\u00ed \u010cR za rok 2014' class='linksalpha_container linksalpha_app_7'><a href='\/\/www.linksalpha.com\/share?network='facebook' class='linksalpha_icon_facebook'><\/a><a href='\/\/www.linksalpha.com\/share?network='twitter' class='linksalpha_icon_twitter'><\/a><a href='\/\/www.linksalpha.com\/share?network='googleplus' class='linksalpha_icon_googleplus'><\/a><a href='\/\/www.linksalpha.com\/share?network='mail' class='linksalpha_icon_mail'><\/a><\/div>","protected":false},"excerpt":{"rendered":"<p>&nbsp;1,051&nbsp;total views &nbsp; Upozor\u0148ujeme na zaj\u00edmav\u00fd dokument\u00a0Zpr\u00e1va o stavu zem\u011bd\u011blstv\u00ed \u010cR za rok 2014. Cel\u00fd dokument si m\u016f\u017eete p\u0159e\u010d\u00edst zde. Cituji z dokumentu pas\u00e1\u017ee, kter\u00e9 mne zaujaly.<\/p>\n","protected":false},"author":2,"featured_media":0,"comment_status":"open","ping_status":"open","sticky":true,"template":"","format":"standard","meta":[],"categories":[19,30,29],"tags":[],"_links":{"self":[{"href":"https:\/\/obcanskymonitoring.cz\/index.php?rest_route=\/wp\/v2\/posts\/4877"}],"collection":[{"href":"https:\/\/obcanskymonitoring.cz\/index.php?rest_route=\/wp\/v2\/posts"}],"about":[{"href":"https:\/\/obcanskymonitoring.cz\/index.php?rest_route=\/wp\/v2\/types\/post"}],"author":[{"embeddable":true,"href":"https:\/\/obcanskymonitoring.cz\/index.php?rest_route=\/wp\/v2\/users\/2"}],"replies":[{"embeddable":true,"href":"https:\/\/obcanskymonitoring.cz\/index.php?rest_route=%2Fwp%2Fv2%2Fcomments&post=4877"}],"version-history":[{"count":0,"href":"https:\/\/obcanskymonitoring.cz\/index.php?rest_route=\/wp\/v2\/posts\/4877\/revisions"}],"wp:attachment":[{"href":"https:\/\/obcanskymonitoring.cz\/index.php?rest_route=%2Fwp%2Fv2%2Fmedia&parent=4877"}],"wp:term":[{"taxonomy":"category","embeddable":true,"href":"https:\/\/obcanskymonitoring.cz\/index.php?rest_route=%2Fwp%2Fv2%2Fcategories&post=4877"},{"taxonomy":"post_tag","embeddable":true,"href":"https:\/\/obcanskymonitoring.cz\/index.php?rest_route=%2Fwp%2Fv2%2Ftags&post=4877"}],"curies":[{"name":"wp","href":"https:\/\/api.w.org\/{rel}","templated":true}]}}