{"id":4890,"date":"2015-10-25T10:45:08","date_gmt":"2015-10-25T10:45:08","guid":{"rendered":"http:\/\/obcanskymonitoring.cz\/?p=4890"},"modified":"2015-10-25T10:45:08","modified_gmt":"2015-10-25T10:45:08","slug":"ek-okamzita-operativni-rozpoctova-a-pravni-opatreni-v-ramci-evropskeho-programu-pro-migraci","status":"publish","type":"post","link":"https:\/\/obcanskymonitoring.cz\/?p=4890","title":{"rendered":"EK: Okam\u017eit\u00e1 operativn\u00ed, rozpo\u010dtov\u00e1 a pr\u00e1vn\u00ed opat\u0159en\u00ed v r\u00e1mci evropsk\u00e9ho programu pro migraci"},"content":{"rendered":"<div class=\"pvc_clear\"><\/div>\n<p class=\"pvc_stats total_only \" data-element-id=\"4890\" style=\"\"><i class=\"pvc-stats-icon medium\" aria-hidden=\"true\"><svg xmlns=\"http:\/\/www.w3.org\/2000\/svg\" version=\"1.0\" viewBox=\"0 0 502 315\" preserveAspectRatio=\"xMidYMid meet\"><g transform=\"translate(0,332) scale(0.1,-0.1)\" fill=\"\" stroke=\"none\"><path d=\"M2394 3279 l-29 -30 -3 -207 c-2 -182 0 -211 15 -242 39 -76 157 -76 196 0 15 31 17 60 15 243 l-3 209 -33 29 c-26 23 -41 29 -80 29 -41 0 -53 -5 -78 -31z\"\/><path d=\"M3085 3251 c-45 -19 -58 -50 -96 -229 -47 -217 -49 -260 -13 -295 52 -53 146 -42 177 20 16 31 87 366 87 410 0 70 -86 122 -155 94z\"\/><path d=\"M1751 3234 c-13 -9 -29 -31 -37 -50 -12 -29 -10 -49 21 -204 19 -94 39 -189 45 -210 14 -50 54 -80 110 -80 34 0 48 6 76 34 21 21 34 44 34 59 0 14 -18 113 -40 219 -37 178 -43 195 -70 221 -36 32 -101 37 -139 11z\"\/><path d=\"M1163 3073 c-36 -7 -73 -59 -73 -102 0 -56 133 -378 171 -413 34 -32 83 -37 129 -13 70 36 67 87 -16 290 -86 209 -89 214 -129 231 -35 14 -42 15 -82 7z\"\/><path d=\"M3689 3066 c-15 -9 -33 -30 -42 -48 -48 -103 -147 -355 -147 -375 0 -98 131 -148 192 -74 13 15 57 108 97 206 80 196 84 226 37 273 -30 30 -99 39 -137 18z\"\/><path d=\"M583 2784 c-38 -19 -67 -74 -58 -113 9 -42 211 -354 242 -373 16 -10 45 -18 66 -18 51 0 107 52 107 100 0 39 -1 41 -124 234 -80 126 -108 162 -133 173 -41 17 -61 16 -100 -3z\"\/><path d=\"M4250 2784 c-14 -9 -74 -91 -133 -183 -95 -150 -107 -173 -107 -213 0 -55 33 -94 87 -104 67 -13 90 8 211 198 130 202 137 225 78 284 -27 27 -42 34 -72 34 -22 0 -50 -8 -64 -16z\"\/><path d=\"M2275 2693 c-553 -48 -1095 -270 -1585 -649 -135 -104 -459 -423 -483 -476 -23 -49 -22 -139 2 -186 73 -142 361 -457 571 -626 285 -228 642 -407 990 -497 242 -63 336 -73 660 -74 310 0 370 5 595 52 535 111 1045 392 1455 803 122 121 250 273 275 326 19 41 19 137 0 174 -41 79 -309 363 -465 492 -447 370 -946 591 -1479 653 -113 14 -422 18 -536 8z m395 -428 c171 -34 330 -124 456 -258 112 -119 167 -219 211 -378 27 -96 24 -300 -5 -401 -72 -255 -236 -447 -474 -557 -132 -62 -201 -76 -368 -76 -167 0 -236 14 -368 76 -213 98 -373 271 -451 485 -162 444 86 934 547 1084 153 49 292 57 452 25z m909 -232 c222 -123 408 -262 593 -441 76 -74 138 -139 138 -144 0 -16 -233 -242 -330 -319 -155 -123 -309 -223 -461 -299 l-81 -41 32 46 c18 26 49 83 70 128 143 306 141 649 -6 957 -25 52 -61 116 -79 142 l-34 47 45 -20 c26 -10 76 -36 113 -56z m-2057 25 c-40 -58 -105 -190 -130 -263 -110 -324 -59 -707 132 -981 25 -35 42 -64 37 -64 -19 0 -241 119 -326 174 -188 122 -406 314 -532 468 l-58 71 108 103 c185 178 428 349 672 473 66 33 121 60 123 61 2 0 -10 -19 -26 -42z\"\/><path d=\"M2375 1950 c-198 -44 -350 -190 -395 -379 -18 -76 -8 -221 19 -290 114 -284 457 -406 731 -260 98 52 188 154 231 260 27 69 37 214 19 290 -38 163 -166 304 -326 360 -67 23 -215 33 -279 19z\"\/><\/g><\/svg><\/i> &nbsp;1,043&nbsp;total views<\/p>\n<div class=\"pvc_clear\"><\/div>\n<p><a href=\"http:\/\/obcanskymonitoring.cz\/wp-content\/uploads\/2015\/10\/Evropska-komise-logo.png\"><img loading=\"lazy\" class=\"alignnone size-medium wp-image-4891\" alt=\"Evropska komise logo\" src=\"http:\/\/obcanskymonitoring.cz\/wp-content\/uploads\/2015\/10\/Evropska-komise-logo-300x207.png\" width=\"300\" height=\"207\" srcset=\"https:\/\/obcanskymonitoring.cz\/wp-content\/uploads\/2015\/10\/Evropska-komise-logo-300x207.png 300w, https:\/\/obcanskymonitoring.cz\/wp-content\/uploads\/2015\/10\/Evropska-komise-logo.png 850w\" sizes=\"(max-width: 300px) 100vw, 300px\" \/><\/a><\/p>\n<p>V r\u00e1mci monitoringu sen\u00e1tn\u00edch dokument\u016f mne zaujal dokument Evropsk\u00e9 komise:\u00a0Sd\u011blen\u00ed Komise Evropsk\u00e9mu parlamentu,\u00a0Evropsk\u00e9 rad\u011b a Rad\u011b\u00a0\u0158e\u0161en\u00ed uprchlick\u00e9 krize: okam\u017eit\u00e1 operativn\u00ed, rozpo\u010dtov\u00e1 a\u00a0pr\u00e1vn\u00ed opat\u0159en\u00ed v r\u00e1mci evropsk\u00e9ho programu pro migraci. Cel\u00fd dokument si m\u016f\u017eete p\u0159e\u010d\u00edst <a href=\"http:\/\/www.senat.cz\/xqw\/webdav\/pssenat\/original?docid=77275&amp;varid=64968&amp;fileid=67348\">zde<\/a>. P\u0159etiskuji pas\u00e1\u017ee, kter\u00e9 mne zaujaly.<\/p>\n<p><!--more--><\/p>\n<p>&nbsp;<\/p>\n<p>&#8220;B\u011bhem p\u0159\u00ed\u0161t\u00edch \u010dtrn\u00e1cti dn\u016f zajist\u00ed kontakt mezi \u010dlensk\u00fdmi st\u00e1ty a UNHCR, aby mohla\u00a0b\u00fdt stanovena praktick\u00e1 opat\u0159en\u00ed pro realizaci programu p\u0159es\u00eddlen\u00ed.&#8221;<\/p>\n<p>&nbsp;<\/p>\n<p>&#8220;Spustit mechanismus civiln\u00ed ochrany nebo vy\u017e\u00e1dat pohrani\u010dn\u00ed jednotky rychl\u00e9 reakce s\u00a0\u017e\u00e1dost\u00ed o okam\u017eitou praktickou pomoc EU a dal\u0161\u00edch \u010dlensk\u00fdch st\u00e1t\u016f EU.&#8221;<\/p>\n<p>&nbsp;<\/p>\n<p>&#8220;V\u0161echny \u010dlensk\u00e9 st\u00e1ty by m\u011bly:<\/p>\n<p>tento t\u00fdden ur\u010dit n\u00e1rodn\u00ed kontaktn\u00ed m\u00edsta pro relokaci, aby kandid\u00e1ti mohli b\u00fdt\u00a0urychlen\u011b identifikov\u00e1ni a p\u0159esouv\u00e1ni; vyslat do It\u00e1lie a \u0158ecka sty\u010dn\u00e9 \u00fa\u0159edn\u00edky, kte\u0159\u00ed\u00a0budou na m\u00edst\u011b pom\u00e1hat s prov\u011b\u0159ov\u00e1n\u00edm; ur\u010dit kapacity, kter\u00e9 budou slou\u017eit k\u00a0p\u0159ij\u00edm\u00e1n\u00ed relokovan\u00fdch osob.<\/p>\n<p>do konce z\u00e1\u0159\u00ed ozn\u00e1mit Komisi prost\u0159edky civiln\u00ed ochrany, kter\u00e9 budou p\u0159ipraveny k nasazen\u00ed v r\u00e1mci mechanismu civiln\u00ed ochrany, pokud bude b\u011bhem leto\u0161ka spu\u0161t\u011bn, \uf0b7 z\u0159\u00eddit syst\u00e9m pl\u00e1nov\u00e1n\u00ed pro nep\u0159edv\u00eddan\u00e9 ud\u00e1losti pro p\u0159\u00edpad mo\u017en\u00e9ho n\u00e1r\u016fstu \u017e\u00e1dost\u00ed.<\/p>\n<p>nav\u00fd\u0161it finan\u010dn\u00ed prost\u0159edky na humanit\u00e1rn\u00ed pomoc o 200 milion\u016f EUR pro poskytnut\u00ed okam\u017eit\u00fdch prost\u0159edk\u016f v reakci na po\u017eadavky UNHCR a Sv\u011btov\u00e9ho potravinov\u00e9ho programu a dal\u0161\u00edch p\u0159\u00edslu\u0161n\u00fdch organizac\u00ed na okam\u017eitou pomoc uprchl\u00edk\u016fm, \u00a0nav\u00fd\u0161it v roce 2015 evropsk\u00fd n\u00e1stroj sousedstv\u00ed o 300 milion\u016f EUR za \u00fa\u010delem nav\u00fd\u0161en\u00ed region\u00e1ln\u00edho sv\u011b\u0159ensk\u00e9ho fondu EU z\u0159\u00edzen\u00e9ho v reakci na krizi v S\u00fdrii (fond Madad) a poskytnut\u00ed pomoci t\u0159et\u00edm zem\u00edm p\u0159ij\u00edmaj\u00edc\u00edm uprchl\u00edky ze S\u00fdrie. To spole\u010dn\u011b s dal\u0161\u00edm p\u0159esm\u011brov\u00e1n\u00edm finan\u010dn\u00edch prost\u0159edk\u016f z n\u00e1stroje p\u0159edvstupn\u00ed pomoci umo\u017en\u00ed v t\u00e9to f\u00e1zi nav\u00fd\u0161en\u00ed celkov\u00fdch finan\u010dn\u00edch prost\u0159edk\u016f EU pro sv\u011b\u0159ensk\u00fd fond na v\u00edce ne\u017e 500 milion\u016f EUR.&#8221;<\/p>\n<p>&nbsp;<\/p>\n<p>&#8220;V nadch\u00e1zej\u00edc\u00edch t\u00fddnech Komise Evropsk\u00e9mu parlamentu a Rad\u011b navrhne tyto zm\u011bny n\u00e1vrhu rozpo\u010dtu na rok 2016:<\/p>\n<p>nov\u00fd bal\u00ed\u010dek 600 milion\u016f EUR pro nav\u00fd\u0161en\u00ed nouzov\u00e9ho rozpo\u010dtu k financov\u00e1n\u00ed Azylov\u00e9ho, migra\u010dn\u00edho a integra\u010dn\u00edho fondu a Fondu pro vnit\u0159n\u00ed bezpe\u010dnost (Hranice) a pro zv\u00fd\u0161en\u00ed financov\u00e1n\u00ed Frontexu, EASO a Europolu, aby byly p\u0159ipraveny na okam\u017eit\u00e9 pot\u0159eby v souvislosti s \u0159\u00edzen\u00edm migrace, p\u0159ij\u00edm\u00e1n\u00edm a navracen\u00edm osob a hrani\u010dn\u00edmi kontrolami,<\/p>\n<p>nav\u00fd\u0161en\u00ed humanit\u00e1rn\u00ed pomoci o 300 milion\u016f EUR, kter\u00e9 budou p\u0159ipraveny na pokryt\u00ed z\u00e1kladn\u00edch pot\u0159eb uprchl\u00edk\u016f, jako jsou potraviny a p\u0159\u00edst\u0159e\u0161\u00ed.&#8221;<\/p>\n<p>&nbsp;<\/p>\n<p>&#8220;EU by m\u011bla revidovat p\u0159id\u011blov\u00e1n\u00ed finan\u010dn\u00edch prost\u0159edk\u016f EU Turecku tak, aby na opat\u0159en\u00ed v souvislosti s uprchl\u00edky byla v obdob\u00ed 2015\u20132016 k dispozici celkem 1 miliarda EUR.&#8221;<\/p>\n<p>&nbsp;<\/p>\n<p>&#8220;\u010clensk\u00e9 st\u00e1ty by se m\u011bly okam\u017eit\u011b zav\u00e1zat, \u017ee:<\/p>\n<p>obnov\u00ed financov\u00e1n\u00ed potravinov\u00e9 pomoci prost\u0159ednictv\u00edm Sv\u011btov\u00e9ho potravinov\u00e9ho programu na \u00farove\u0148 roku 2014, aby byly stabilizov\u00e1ny dod\u00e1vky potravin pro syrsk\u00e9 uprchl\u00edky, 4<\/p>\n<p>jejich p\u0159\u00edsp\u011bvek bude odpov\u00eddat p\u0159\u00edsp\u011bvku z rozpo\u010dtu EU do region\u00e1ln\u00edho sv\u011b\u0159ensk\u00e9ho fondu EU z\u0159\u00edzen\u00e9ho v reakci na krizi v S\u00fdrii (fond Madad) na podporu syrsk\u00fdch uprchl\u00edk\u016f (v zem\u00edch mimo EU) tak, aby dos\u00e1hl celkem alespo\u0148 1 miliardy EUR,<\/p>\n<p>jejich p\u0159\u00edsp\u011bvek bude odpov\u00eddat finan\u010dn\u00edmu p\u0159\u00edsp\u011bvku EU ve v\u00fd\u0161i 1,8 miliardy EUR do nouzov\u00e9ho sv\u011b\u0159ensk\u00e9ho fondu pro stabilitu a \u0159e\u0161en\u00ed hlavn\u00edch p\u0159\u00ed\u010din neleg\u00e1ln\u00ed migrace a vys\u00eddlen\u00ed v Africe,<\/p>\n<p>prost\u0159edky p\u0159edb\u011b\u017en\u00e9ho financov\u00e1n\u00ed (v\u00edce ne\u017e 300 milion\u016f EUR), kter\u00e9 jsou nyn\u00ed p\u0159ev\u00e1d\u011bny do \u010dlensk\u00fdch st\u00e1t\u016f, okam\u017eit\u011b pou\u017eij\u00ed na realizaci n\u00e1rodn\u00edch program\u016f v r\u00e1mci Azylov\u00e9ho, migra\u010dn\u00edho a integra\u010dn\u00edho fondu a Fondu pro vnit\u0159n\u00ed bezpe\u010dnost (Hranice),<\/p>\n<p>p\u0159ezkoumaj\u00ed vyu\u017e\u00edv\u00e1n\u00ed sv\u00fdch program\u016f struktur\u00e1ln\u00edch fond\u016f z hlediska podpory opat\u0159en\u00ed v souvislosti s migrac\u00ed, aby mohly Komisi navrhnout zm\u011bny.&#8221;<\/p>\n<div data-counters='1' data-style='square' data-size='regular' data-url='https:\/\/obcanskymonitoring.cz\/?p=4890' data-title='EK: Okam\u017eit\u00e1 operativn\u00ed, rozpo\u010dtov\u00e1 a pr\u00e1vn\u00ed opat\u0159en\u00ed v r\u00e1mci evropsk\u00e9ho programu pro migraci' class='linksalpha_container linksalpha_app_3'><a href='\/\/www.linksalpha.com\/share?network='facebook' class='linksalpha_icon_facebook'><\/a><a href='\/\/www.linksalpha.com\/share?network='twitter' class='linksalpha_icon_twitter'><\/a><a href='\/\/www.linksalpha.com\/share?network='googleplus' class='linksalpha_icon_googleplus'><\/a><a href='\/\/www.linksalpha.com\/share?network='mail' class='linksalpha_icon_mail'><\/a><\/div><div data-position='' data-url='https:\/\/obcanskymonitoring.cz\/?p=4890' data-title='EK: Okam\u017eit\u00e1 operativn\u00ed, rozpo\u010dtov\u00e1 a pr\u00e1vn\u00ed opat\u0159en\u00ed v r\u00e1mci evropsk\u00e9ho programu pro migraci' class='linksalpha_container linksalpha_app_7'><a href='\/\/www.linksalpha.com\/share?network='facebook' class='linksalpha_icon_facebook'><\/a><a href='\/\/www.linksalpha.com\/share?network='twitter' class='linksalpha_icon_twitter'><\/a><a href='\/\/www.linksalpha.com\/share?network='googleplus' class='linksalpha_icon_googleplus'><\/a><a href='\/\/www.linksalpha.com\/share?network='mail' class='linksalpha_icon_mail'><\/a><\/div>","protected":false},"excerpt":{"rendered":"<p>&nbsp;1,043&nbsp;total views V r\u00e1mci monitoringu sen\u00e1tn\u00edch dokument\u016f mne zaujal dokument Evropsk\u00e9 komise:\u00a0Sd\u011blen\u00ed Komise Evropsk\u00e9mu parlamentu,\u00a0Evropsk\u00e9 rad\u011b a Rad\u011b\u00a0\u0158e\u0161en\u00ed uprchlick\u00e9 krize: okam\u017eit\u00e1 operativn\u00ed, rozpo\u010dtov\u00e1 a\u00a0pr\u00e1vn\u00ed opat\u0159en\u00ed v r\u00e1mci evropsk\u00e9ho programu pro migraci. Cel\u00fd dokument si m\u016f\u017eete p\u0159e\u010d\u00edst zde. P\u0159etiskuji pas\u00e1\u017ee, kter\u00e9 mne zaujaly.<\/p>\n","protected":false},"author":2,"featured_media":0,"comment_status":"open","ping_status":"open","sticky":true,"template":"","format":"standard","meta":[],"categories":[34,19],"tags":[],"_links":{"self":[{"href":"https:\/\/obcanskymonitoring.cz\/index.php?rest_route=\/wp\/v2\/posts\/4890"}],"collection":[{"href":"https:\/\/obcanskymonitoring.cz\/index.php?rest_route=\/wp\/v2\/posts"}],"about":[{"href":"https:\/\/obcanskymonitoring.cz\/index.php?rest_route=\/wp\/v2\/types\/post"}],"author":[{"embeddable":true,"href":"https:\/\/obcanskymonitoring.cz\/index.php?rest_route=\/wp\/v2\/users\/2"}],"replies":[{"embeddable":true,"href":"https:\/\/obcanskymonitoring.cz\/index.php?rest_route=%2Fwp%2Fv2%2Fcomments&post=4890"}],"version-history":[{"count":0,"href":"https:\/\/obcanskymonitoring.cz\/index.php?rest_route=\/wp\/v2\/posts\/4890\/revisions"}],"wp:attachment":[{"href":"https:\/\/obcanskymonitoring.cz\/index.php?rest_route=%2Fwp%2Fv2%2Fmedia&parent=4890"}],"wp:term":[{"taxonomy":"category","embeddable":true,"href":"https:\/\/obcanskymonitoring.cz\/index.php?rest_route=%2Fwp%2Fv2%2Fcategories&post=4890"},{"taxonomy":"post_tag","embeddable":true,"href":"https:\/\/obcanskymonitoring.cz\/index.php?rest_route=%2Fwp%2Fv2%2Ftags&post=4890"}],"curies":[{"name":"wp","href":"https:\/\/api.w.org\/{rel}","templated":true}]}}