{"id":5035,"date":"2015-12-15T12:32:16","date_gmt":"2015-12-15T12:32:16","guid":{"rendered":"http:\/\/obcanskymonitoring.cz\/?p=5035"},"modified":"2015-12-15T12:34:13","modified_gmt":"2015-12-15T12:34:13","slug":"wikimedia-vyplnme-dotaznik-eu-european-digital-rights","status":"publish","type":"post","link":"https:\/\/obcanskymonitoring.cz\/?p=5035","title":{"rendered":"Wikimedia: Ve\u0159ejn\u00fd dotazn\u00edk EU k agend\u011b European Digital rights"},"content":{"rendered":"<div class=\"pvc_clear\"><\/div>\n<p class=\"pvc_stats total_only \" data-element-id=\"5035\" style=\"\"><i class=\"pvc-stats-icon medium\" aria-hidden=\"true\"><svg xmlns=\"http:\/\/www.w3.org\/2000\/svg\" version=\"1.0\" viewBox=\"0 0 502 315\" preserveAspectRatio=\"xMidYMid meet\"><g transform=\"translate(0,332) scale(0.1,-0.1)\" fill=\"\" stroke=\"none\"><path d=\"M2394 3279 l-29 -30 -3 -207 c-2 -182 0 -211 15 -242 39 -76 157 -76 196 0 15 31 17 60 15 243 l-3 209 -33 29 c-26 23 -41 29 -80 29 -41 0 -53 -5 -78 -31z\"\/><path d=\"M3085 3251 c-45 -19 -58 -50 -96 -229 -47 -217 -49 -260 -13 -295 52 -53 146 -42 177 20 16 31 87 366 87 410 0 70 -86 122 -155 94z\"\/><path d=\"M1751 3234 c-13 -9 -29 -31 -37 -50 -12 -29 -10 -49 21 -204 19 -94 39 -189 45 -210 14 -50 54 -80 110 -80 34 0 48 6 76 34 21 21 34 44 34 59 0 14 -18 113 -40 219 -37 178 -43 195 -70 221 -36 32 -101 37 -139 11z\"\/><path d=\"M1163 3073 c-36 -7 -73 -59 -73 -102 0 -56 133 -378 171 -413 34 -32 83 -37 129 -13 70 36 67 87 -16 290 -86 209 -89 214 -129 231 -35 14 -42 15 -82 7z\"\/><path d=\"M3689 3066 c-15 -9 -33 -30 -42 -48 -48 -103 -147 -355 -147 -375 0 -98 131 -148 192 -74 13 15 57 108 97 206 80 196 84 226 37 273 -30 30 -99 39 -137 18z\"\/><path d=\"M583 2784 c-38 -19 -67 -74 -58 -113 9 -42 211 -354 242 -373 16 -10 45 -18 66 -18 51 0 107 52 107 100 0 39 -1 41 -124 234 -80 126 -108 162 -133 173 -41 17 -61 16 -100 -3z\"\/><path d=\"M4250 2784 c-14 -9 -74 -91 -133 -183 -95 -150 -107 -173 -107 -213 0 -55 33 -94 87 -104 67 -13 90 8 211 198 130 202 137 225 78 284 -27 27 -42 34 -72 34 -22 0 -50 -8 -64 -16z\"\/><path d=\"M2275 2693 c-553 -48 -1095 -270 -1585 -649 -135 -104 -459 -423 -483 -476 -23 -49 -22 -139 2 -186 73 -142 361 -457 571 -626 285 -228 642 -407 990 -497 242 -63 336 -73 660 -74 310 0 370 5 595 52 535 111 1045 392 1455 803 122 121 250 273 275 326 19 41 19 137 0 174 -41 79 -309 363 -465 492 -447 370 -946 591 -1479 653 -113 14 -422 18 -536 8z m395 -428 c171 -34 330 -124 456 -258 112 -119 167 -219 211 -378 27 -96 24 -300 -5 -401 -72 -255 -236 -447 -474 -557 -132 -62 -201 -76 -368 -76 -167 0 -236 14 -368 76 -213 98 -373 271 -451 485 -162 444 86 934 547 1084 153 49 292 57 452 25z m909 -232 c222 -123 408 -262 593 -441 76 -74 138 -139 138 -144 0 -16 -233 -242 -330 -319 -155 -123 -309 -223 -461 -299 l-81 -41 32 46 c18 26 49 83 70 128 143 306 141 649 -6 957 -25 52 -61 116 -79 142 l-34 47 45 -20 c26 -10 76 -36 113 -56z m-2057 25 c-40 -58 -105 -190 -130 -263 -110 -324 -59 -707 132 -981 25 -35 42 -64 37 -64 -19 0 -241 119 -326 174 -188 122 -406 314 -532 468 l-58 71 108 103 c185 178 428 349 672 473 66 33 121 60 123 61 2 0 -10 -19 -26 -42z\"\/><path d=\"M2375 1950 c-198 -44 -350 -190 -395 -379 -18 -76 -8 -221 19 -290 114 -284 457 -406 731 -260 98 52 188 154 231 260 27 69 37 214 19 290 -38 163 -166 304 -326 360 -67 23 -215 33 -279 19z\"\/><\/g><\/svg><\/i> &nbsp;2,796&nbsp;total views<\/p>\n<div class=\"pvc_clear\"><\/div>\n<p><a href=\"http:\/\/obcanskymonitoring.cz\/wp-content\/uploads\/2015\/12\/wikipedia.png\"><img loading=\"lazy\" class=\"alignnone size-medium wp-image-5036\" alt=\"wikipedia\" src=\"http:\/\/obcanskymonitoring.cz\/wp-content\/uploads\/2015\/12\/wikipedia-300x273.png\" width=\"300\" height=\"273\" srcset=\"https:\/\/obcanskymonitoring.cz\/wp-content\/uploads\/2015\/12\/wikipedia-300x273.png 300w, https:\/\/obcanskymonitoring.cz\/wp-content\/uploads\/2015\/12\/wikipedia-1024x934.png 1024w, https:\/\/obcanskymonitoring.cz\/wp-content\/uploads\/2015\/12\/wikipedia.png 1122w\" sizes=\"(max-width: 300px) 100vw, 300px\" \/><\/a><\/p>\n<p>P\u0159etiskujeme mail Jana Lochmana, jeho v\u00fdzvu k vypln\u011bn\u00ed dotazn\u00edku EU k agend\u011b\u00a0European Digital rights. Za Ob\u010dansk\u00fd monitoring jsme u\u017e dotazn\u00edk vyplnili. Zapojte se tak\u00e9. Nejde jen o n\u011bjak\u00fd dotazn\u00edk a statistiku: sna\u017eme se ovlivnit politiku EU k oblasti digit\u00e1ln\u00ed agendy. N\u00ed\u017ee p\u0159etiskujeme text mailu Jana Lochmana.<\/p>\n<p><!--more--><\/p>\n<div dir=\"ltr\">\n<p>Dobr\u00fd den,<\/p>\n<p>v prvn\u00ed \u0159ad\u011b bych cht\u011bl pop\u0159\u00e1t v\u0161em \u010dlen\u016fm Aliance vesel\u00e9 V\u00e1noce a \u00fasp\u011b\u0161n\u00fd a plodn\u00fd rok 2016.<\/p>\n<p>Pozv\u00e1nka se t\u00fdk\u00e1 konference <a href=\"https:\/\/wikimania2016.wikimedia.org\/wiki\/Main_Page\">Wikimania 2016<\/a>, kter\u00e1 se v\u011bnuje Wikipedii a otev\u0159en\u00e9 kultu\u0159e. Uskute\u010dn\u00ed se 21.-28. \u010dervna 2016 v italsk\u00e9m Esino Lario nedaleko Mil\u00e1na. Nyn\u00ed je mo\u017en\u00e9 pod\u00e1vat &#8211; do 31. ledna 2016 &#8211; <a href=\"https:\/\/wikimania2016.wikimedia.org\/wiki\/Submissions\">n\u00e1vrhy na prezentace<\/a>. Do 9. ledna 2016 je mo\u017en\u00e9 \u017e\u00e1dat o <a href=\"https:\/\/wikimania2016.wikimedia.org\/wiki\/Scholarships\">stipendium<\/a>. Pln\u00e9 stipendium zahrnuje dopravu, ubytov\u00e1n\u00ed a vstupn\u00e9.<\/p>\n<p>Prosba se t\u00fdk\u00e1 konzultace Evropsk\u00e9 komise o subjektech, kter\u00e9 na Internetu n\u011bco zprost\u0159edkov\u00e1vaj\u00ed (registr\u00e1to\u0159i, soci\u00e1ln\u00ed obsahov\u00e9 projekty, soci\u00e1ln\u00ed komunitn\u00ed projekty, projekty a firmy typu &#8220;sharing economy&#8221;, soci\u00e1ln\u00ed startupy, apod.) &#8211; n\u011bkte\u0159\u00ed to ozna\u010duj\u00ed jako <a href=\"https:\/\/cs.wikipedia.org\/wiki\/Anti-Counterfeiting_Trade_Agreement\">ACTA <\/a>2. Pot\u0159ebujeme z\u00edskat co nejv\u00edce odpov\u011bd\u00ed na ot\u00e1zky EK jak od fyzick\u00fdch, tak pr\u00e1vnick\u00fdch osob. EK toti\u017e nep\u0159ihl\u00ed\u017e\u00ed ke kredibilit\u011b subjekt\u016f, ale k po\u010dtu. Konzultace m\u016f\u017ee vy\u00fastit v legislativn\u00ed n\u00e1vrh pro Evropsk\u00fd parlament, kter\u00fd bude podle t\u011bch, jejich\u017e hlas bude v\u00edce sly\u0161et. Nechceme, aby to dopadlo jako ve \u0160pan\u011blsku, kde kolektivn\u00ed spr\u00e1vci na\u0161tvan\u00ed na velk\u00e9 hr\u00e1\u010de typu Facebook a Google prolobovali restriktivn\u00ed z\u00e1kon, kter\u00fd ve v\u00fdsledku poh\u0159bil a zas\u00e1hl m\u00edstn\u00ed projekty, firmy a startupy &#8211; zat\u00edmco velc\u00ed hr\u00e1\u010di z toho um\u011b vykli\u010dkovali.<\/p>\n<p><a href=\"http:\/\/edri.limequery.org\/index.php\/346935\/lang-en\">Dotazn\u00edk je mo\u017en\u00e9 vyplnit <\/a>na str\u00e1nk\u00e1ch European Digital Rights do 24. 12. anglicky. Tento dotazn\u00edk konzultaci zp\u0159ehled\u0148uje, umo\u017e\u0148uje pr\u00e1ci rozd\u011blit na v\u00edce dn\u00ed \u010di exportovat do PDF. Pokud byste term\u00edn nestihli, m\u016f\u017eete dotazn\u00edk vyplnit na str\u00e1nk\u00e1ch EK <a href=\"https:\/\/ec.europa.eu\/eusurvey\/runner\/Platforms\/\">anglicky<\/a>, nebo ve strojov\u00e9m p\u0159ekladu do <a href=\"https:\/\/ec.europa.eu\/eusurvey\/runner\/6906074f-1cca-44ea-aed7-e3fa659e645e?draftid=ed0c4409-78fd-467d-af6b-9b2c1cdbb9e2&amp;surveylanguage=CS&amp;serverEnv=\">\u010de\u0161tiny <\/a>do 31. 12. Tyto dotazn\u00edky jsou v\u0161ak nep\u0159ehledn\u00e9 a rozs\u00e1hl\u00e9, a mus\u00edte je vyplnit nar\u00e1z.<\/p>\n<p>Kdyby jste m\u011bli jak\u00e9koliv dotazy, obra\u0165te se na m\u011b e-mailem, nebo p\u0159ij\u010fte na V\u00e1no\u010dn\u00ed bes\u00eddku editor\u016f Wikipedie, kter\u00e1 se kon\u00e1 v pond\u011bl\u00ed 14. 12. v restauraci Respublika, B\u011blehradsk\u00e1 55 (pozv\u00e1nka na <a href=\"https:\/\/cs.wikipedia.org\/wiki\/Wikipedie:Pod_re%C3%A1lnou_l%C3%ADpou\/Praha,_14._prosince_2015\">Wikipedii<\/a>, na <a href=\"https:\/\/www.facebook.com\/events\/151396231883165\/\">Facebooku<\/a>).<\/p>\n<p>&nbsp;<\/p>\n<p>S pozdravem,<\/p>\n<p>Ing. Jan Lochman<\/p>\n<p>Wikimedia \u010cesk\u00e1 republika<\/p>\n<\/div>\n<div data-counters='1' data-style='square' data-size='regular' data-url='https:\/\/obcanskymonitoring.cz\/?p=5035' data-title='Wikimedia: Ve\u0159ejn\u00fd dotazn\u00edk EU k agend\u011b European Digital rights' class='linksalpha_container linksalpha_app_3'><a href='\/\/www.linksalpha.com\/share?network='facebook' class='linksalpha_icon_facebook'><\/a><a href='\/\/www.linksalpha.com\/share?network='twitter' class='linksalpha_icon_twitter'><\/a><a href='\/\/www.linksalpha.com\/share?network='googleplus' class='linksalpha_icon_googleplus'><\/a><a href='\/\/www.linksalpha.com\/share?network='mail' class='linksalpha_icon_mail'><\/a><\/div><div data-position='' data-url='https:\/\/obcanskymonitoring.cz\/?p=5035' data-title='Wikimedia: Ve\u0159ejn\u00fd dotazn\u00edk EU k agend\u011b European Digital rights' class='linksalpha_container linksalpha_app_7'><a href='\/\/www.linksalpha.com\/share?network='facebook' class='linksalpha_icon_facebook'><\/a><a href='\/\/www.linksalpha.com\/share?network='twitter' class='linksalpha_icon_twitter'><\/a><a href='\/\/www.linksalpha.com\/share?network='googleplus' class='linksalpha_icon_googleplus'><\/a><a href='\/\/www.linksalpha.com\/share?network='mail' class='linksalpha_icon_mail'><\/a><\/div>","protected":false},"excerpt":{"rendered":"<p>&nbsp;2,796&nbsp;total views P\u0159etiskujeme mail Jana Lochmana, jeho v\u00fdzvu k vypln\u011bn\u00ed dotazn\u00edku EU k agend\u011b\u00a0European Digital rights. Za Ob\u010dansk\u00fd monitoring jsme u\u017e dotazn\u00edk vyplnili. Zapojte se tak\u00e9. Nejde jen o n\u011bjak\u00fd dotazn\u00edk a statistiku: sna\u017eme se ovlivnit politiku EU k oblasti digit\u00e1ln\u00ed agendy. N\u00ed\u017ee p\u0159etiskujeme text mailu Jana Lochmana.<\/p>\n","protected":false},"author":2,"featured_media":0,"comment_status":"open","ping_status":"open","sticky":true,"template":"","format":"standard","meta":[],"categories":[7,12],"tags":[],"_links":{"self":[{"href":"https:\/\/obcanskymonitoring.cz\/index.php?rest_route=\/wp\/v2\/posts\/5035"}],"collection":[{"href":"https:\/\/obcanskymonitoring.cz\/index.php?rest_route=\/wp\/v2\/posts"}],"about":[{"href":"https:\/\/obcanskymonitoring.cz\/index.php?rest_route=\/wp\/v2\/types\/post"}],"author":[{"embeddable":true,"href":"https:\/\/obcanskymonitoring.cz\/index.php?rest_route=\/wp\/v2\/users\/2"}],"replies":[{"embeddable":true,"href":"https:\/\/obcanskymonitoring.cz\/index.php?rest_route=%2Fwp%2Fv2%2Fcomments&post=5035"}],"version-history":[{"count":0,"href":"https:\/\/obcanskymonitoring.cz\/index.php?rest_route=\/wp\/v2\/posts\/5035\/revisions"}],"wp:attachment":[{"href":"https:\/\/obcanskymonitoring.cz\/index.php?rest_route=%2Fwp%2Fv2%2Fmedia&parent=5035"}],"wp:term":[{"taxonomy":"category","embeddable":true,"href":"https:\/\/obcanskymonitoring.cz\/index.php?rest_route=%2Fwp%2Fv2%2Fcategories&post=5035"},{"taxonomy":"post_tag","embeddable":true,"href":"https:\/\/obcanskymonitoring.cz\/index.php?rest_route=%2Fwp%2Fv2%2Ftags&post=5035"}],"curies":[{"name":"wp","href":"https:\/\/api.w.org\/{rel}","templated":true}]}}