{"id":5111,"date":"2016-01-07T09:33:43","date_gmt":"2016-01-07T09:33:43","guid":{"rendered":"http:\/\/obcanskymonitoring.cz\/?p=5111"},"modified":"2021-03-21T18:07:51","modified_gmt":"2021-03-21T18:07:51","slug":"arch-jiri-gebert-ipr-rysuje-bermudsky-trojuhelnik","status":"publish","type":"post","link":"https:\/\/obcanskymonitoring.cz\/?p=5111","title":{"rendered":"Arch. Ji\u0159\u00ed Gebert: IPR r\u00fdsuje Bermudsk\u00fd troj\u00faheln\u00edk"},"content":{"rendered":"<div class=\"pvc_clear\"><\/div>\n<p class=\"pvc_stats total_only \" data-element-id=\"5111\" style=\"\"><i class=\"pvc-stats-icon medium\" aria-hidden=\"true\"><svg xmlns=\"http:\/\/www.w3.org\/2000\/svg\" version=\"1.0\" viewBox=\"0 0 502 315\" preserveAspectRatio=\"xMidYMid meet\"><g transform=\"translate(0,332) scale(0.1,-0.1)\" fill=\"\" stroke=\"none\"><path d=\"M2394 3279 l-29 -30 -3 -207 c-2 -182 0 -211 15 -242 39 -76 157 -76 196 0 15 31 17 60 15 243 l-3 209 -33 29 c-26 23 -41 29 -80 29 -41 0 -53 -5 -78 -31z\"\/><path d=\"M3085 3251 c-45 -19 -58 -50 -96 -229 -47 -217 -49 -260 -13 -295 52 -53 146 -42 177 20 16 31 87 366 87 410 0 70 -86 122 -155 94z\"\/><path d=\"M1751 3234 c-13 -9 -29 -31 -37 -50 -12 -29 -10 -49 21 -204 19 -94 39 -189 45 -210 14 -50 54 -80 110 -80 34 0 48 6 76 34 21 21 34 44 34 59 0 14 -18 113 -40 219 -37 178 -43 195 -70 221 -36 32 -101 37 -139 11z\"\/><path d=\"M1163 3073 c-36 -7 -73 -59 -73 -102 0 -56 133 -378 171 -413 34 -32 83 -37 129 -13 70 36 67 87 -16 290 -86 209 -89 214 -129 231 -35 14 -42 15 -82 7z\"\/><path d=\"M3689 3066 c-15 -9 -33 -30 -42 -48 -48 -103 -147 -355 -147 -375 0 -98 131 -148 192 -74 13 15 57 108 97 206 80 196 84 226 37 273 -30 30 -99 39 -137 18z\"\/><path d=\"M583 2784 c-38 -19 -67 -74 -58 -113 9 -42 211 -354 242 -373 16 -10 45 -18 66 -18 51 0 107 52 107 100 0 39 -1 41 -124 234 -80 126 -108 162 -133 173 -41 17 -61 16 -100 -3z\"\/><path d=\"M4250 2784 c-14 -9 -74 -91 -133 -183 -95 -150 -107 -173 -107 -213 0 -55 33 -94 87 -104 67 -13 90 8 211 198 130 202 137 225 78 284 -27 27 -42 34 -72 34 -22 0 -50 -8 -64 -16z\"\/><path d=\"M2275 2693 c-553 -48 -1095 -270 -1585 -649 -135 -104 -459 -423 -483 -476 -23 -49 -22 -139 2 -186 73 -142 361 -457 571 -626 285 -228 642 -407 990 -497 242 -63 336 -73 660 -74 310 0 370 5 595 52 535 111 1045 392 1455 803 122 121 250 273 275 326 19 41 19 137 0 174 -41 79 -309 363 -465 492 -447 370 -946 591 -1479 653 -113 14 -422 18 -536 8z m395 -428 c171 -34 330 -124 456 -258 112 -119 167 -219 211 -378 27 -96 24 -300 -5 -401 -72 -255 -236 -447 -474 -557 -132 -62 -201 -76 -368 -76 -167 0 -236 14 -368 76 -213 98 -373 271 -451 485 -162 444 86 934 547 1084 153 49 292 57 452 25z m909 -232 c222 -123 408 -262 593 -441 76 -74 138 -139 138 -144 0 -16 -233 -242 -330 -319 -155 -123 -309 -223 -461 -299 l-81 -41 32 46 c18 26 49 83 70 128 143 306 141 649 -6 957 -25 52 -61 116 -79 142 l-34 47 45 -20 c26 -10 76 -36 113 -56z m-2057 25 c-40 -58 -105 -190 -130 -263 -110 -324 -59 -707 132 -981 25 -35 42 -64 37 -64 -19 0 -241 119 -326 174 -188 122 -406 314 -532 468 l-58 71 108 103 c185 178 428 349 672 473 66 33 121 60 123 61 2 0 -10 -19 -26 -42z\"\/><path d=\"M2375 1950 c-198 -44 -350 -190 -395 -379 -18 -76 -8 -221 19 -290 114 -284 457 -406 731 -260 98 52 188 154 231 260 27 69 37 214 19 290 -38 163 -166 304 -326 360 -67 23 -215 33 -279 19z\"\/><\/g><\/svg><\/i> &nbsp;1,107&nbsp;total views<\/p>\n<div class=\"pvc_clear\"><\/div>\n<p><a href=\"http:\/\/obcanskymonitoring.cz\/wp-content\/uploads\/2014\/09\/Jiri_GEBERT.jpg\"><img loading=\"lazy\" class=\"alignnone size-medium wp-image-3008\" alt=\"Jiri_GEBERT\" src=\"http:\/\/obcanskymonitoring.cz\/wp-content\/uploads\/2014\/09\/Jiri_GEBERT-205x300.jpg\" width=\"205\" height=\"300\" srcset=\"https:\/\/obcanskymonitoring.cz\/wp-content\/uploads\/2014\/09\/Jiri_GEBERT-205x300.jpg 205w, https:\/\/obcanskymonitoring.cz\/wp-content\/uploads\/2014\/09\/Jiri_GEBERT-702x1024.jpg 702w, https:\/\/obcanskymonitoring.cz\/wp-content\/uploads\/2014\/09\/Jiri_GEBERT.jpg 762w\" sizes=\"(max-width: 205px) 100vw, 205px\" \/><\/a><\/p>\n<p>P\u0159etiskujeme \u010dl\u00e1nek pana architekta Geberta k prob\u011bhl\u00e9 akci v ASPEN institute, o kter\u00e9 jsme informovali <a href=\"http:\/\/obcanskymonitoring.cz\/?p=4923\">v tomto p\u0159\u00edsp\u011bvku<\/a>.<\/p>\n<p><!--more--><\/p>\n<p>12. listopadu&nbsp;2015 v prostor\u00e1ch&nbsp;<a href=\"http:\/\/www.lafabrika.cz\/\">La Fabrika<b><\/b><\/a>&nbsp;prob\u011bhla spole\u010dn\u00e1 akce <a href=\"http:\/\/www.iprpraha.cz\/\">IPR<\/a> a <a href=\"http:\/\/www.aspeninstitute.cz\/en\/\">Aspen institutu<\/a> o spolupr\u00e1ci mezi skupinami zapojen\u00fdmi do m\u011bstsk\u00e9ho pl\u00e1nov\u00e1n\u00ed s&nbsp;n\u00e1zvem <b>Bermudsk\u00fd troj\u00faheln\u00edk, m\u011bsto, ob\u010dan\u00e9 a develope\u0159i.<\/b><\/p>\n<p>Pochopil jsem, \u017ee koordin\u00e1ty troj\u00faheln\u00edku mezi m\u011bstem, ob\u010dany a developery se na t\u00e9to akci nedohled\u00e1me. Ka\u017ed\u00fd troj\u00faheln\u00edk m\u00e1 t\u0159i vrcholy. V&nbsp;diskuzi v la Fabrika, ale jeden vrchol \u2013 m\u011bsto, chyb\u00ed.<\/p>\n<p>Vrchol developmentu v&nbsp;panelu reprezentoval pan Sklenka z&nbsp;Reflekta Development. \u017de sem pat\u0159\u00ed i Aspen Institut, m\u016f\u017ee snad toho, kdo zn\u00e1 jeho proklamovan\u00e9 c\u00edle Aspen institutu, jako kultivaci a ochranu demokracie, p\u0159ekvapit. Pan Radek \u0160picar, \u0159editel Aspenu o tom nenechal nikoho na pochyb\u00e1ch.<\/p>\n<p>Div\u00e1ci, kte\u0159\u00ed tvo\u0159\u00ed n\u011bm\u00fd komparz do \u201etroj\u00faheln\u00edku\u201c evidentn\u011b nepat\u0159\u00ed. A tak se n\u00e1m troj\u00faheln\u00edk Bermudsk\u00fd redukoval na jedin\u00fd bod develmentu s vektorem IPR, voln\u00fdm jako st\u0159elka kompasu, sm\u011brovan\u00e1 developersk\u00fdm magnetem<b>.<\/b><\/p>\n<p>Panelista Igor Kova\u010devi\u010d, architekt, MOBA m\u016f\u017ee reprezentovat ob\u010dany z\u00e1pol\u00edc\u00ed s&nbsp;Magistr\u00e1lou. Po\u0159\u00e1d to na troj\u00faheln\u00edk nesta\u010d\u00ed.<\/p>\n<p>Cel\u00e1 pseudodiskuze mezi panelisty je jen pokra\u010dov\u00e1n\u00edm PR akc\u00ed IPR, jak je praktikoval i b\u00fdval\u00fd prim\u00e1tor Hude\u010dek. Mnoho komunikace s \u201eexperty\u201c i ob\u010dany a nulov\u00fd pr\u016fnik do systemu pl\u00e1nov\u00e1n\u00ed.<\/p>\n<p>&nbsp;<\/p>\n<p>N\u011bkter\u00e9 okam\u017eiky, ale je t\u0159eba p\u0159ipomenout: Kdy\u017e jsem z&nbsp;publika pouk\u00e1zal, \u017ee Projekt \u201eSm\u00edchov City\u201c, kter\u00fd na 20 ha ubytuje 15000 obyvatel, tedy st\u0159edn\u011b velk\u00e9 malom\u011bsto, p\u0159estavuje v&nbsp;Evrop\u011b nev\u00eddanou hustotu 750 obyvatel na hektar, up\u0159\u00edmn\u011b se moder\u00e1torka podivila: <i>\u201ev\u017edyt\u00b4 to maj\u00ed tak\u00e9 Vinohrady!\u201c<\/i>. Tomu \u0159\u00edk\u00e1m um\u011bt zpra\u017eit \u201eaktivistu\u201c. Toti\u017e nejvy\u0161\u0161\u00ed hustoty v&nbsp;Praze na Vinohradech jsou ca 220\/ ha a 700 mo\u017en\u00e1 n\u011bkde \u0160anghaji. Na dotaz, jak m\u016f\u017ee IPR garantovat deveperovu sout\u011b\u017e na jednotliv\u00e9 objekty Sm\u00edchov City a ud\u011blat z&nbsp;neprojednan\u00e9 a neschv\u00e1len\u00e9 \u00fazemn\u00ed studie z\u00e1vazn\u00fd podklad, si budeme asi muset po\u010dkat na verdikt kontroln\u00edch org\u00e1n\u016f Magistr\u00e1tu.<\/p>\n<p>Podle pana Sklenky za \u00fadajn\u011b neatraktivn\u00edm obrazem Prahy a klesaj\u00edc\u00edm z\u00e1jmem a presti\u017e\u00ed stoj\u00ed pesimismuve\u0159ejnosti, kter\u00e1 se pro nov\u00e9 modern\u00ed projekty nedovede nadchnout. Do Prahy jezd\u00ed hlavn\u011b bat\u016f\u017ek\u00e1\u0159i a d\u016fchodci na den, na dva a Praze tak hroz\u00ed brzk\u00e9 skanzenov\u00e1n\u00ed.<\/p>\n<p>A za to m\u016f\u017ee to, \u017ee n\u00e1m chyb\u00ed ta \u201esv\u011btov\u00e1\u201c architektura.<\/p>\n<p>J\u00e1 vid\u00edm naopak pesimismus u developmentu. V l\u00e9t\u011b jsem byl jsem na mnohadenn\u00edm sv\u011btov\u00e9m kongresu psycholog\u016f na fakult\u00e1ch \u010cVUT a hotely jsou letos pln\u00e9 jako nikdy. Festival sv\u011btla v&nbsp;Praze byl sv\u011btov\u00e1 ud\u00e1lost.<\/p>\n<p>Nejde sp\u00ed\u0161e o to, \u017ee n\u00e1prava reputace pr\u00e1vn\u00edho \u0159\u00e1du, a klientelsk\u00e9 administrativy je element\u00e1rn\u00edm z\u00e1jmen investor\u016f? Jak se d\u00edv\u00e1 sv\u011bt na zemi kde video \u201eprezident steels pen\u201c je n\u011bkolik t\u00fddn\u016f hitem YouTube a kabaret\u016f v&nbsp;Evrop\u011b a Americe? Kde dne\u0161n\u00ed prezident se pohybuje hluboko pod hranic\u00ed ob\u010dansk\u00e9 zdvo\u0159ilosti a slu\u0161nosti a zas\u00e9v\u00e1 mezi spojenci ned\u016fv\u011bru v&nbsp;rozd\u011blenou zemi, kde hlava st\u00e1tu zpochyb\u0148uje politiku vlastn\u00ed vl\u00e1dy a krom\u011b nepravd vym\u00fd\u0161l\u00ed, jak n\u00e1lepkovat ty, kdo tomuto zp\u016fsobu vulgokracie necht\u011bj\u00ed rozum\u011bt.<\/p>\n<p>Pokud existuje snad investorsk\u00fd nez\u00e1jem o Prahu, pak to nen\u00ed m\u00e1lo \u201esv\u011btov\u00e9\u201c architektury, ale hodn\u011b zbyte\u010dn\u011b velk\u00fdch staveb na neprav\u00fdch m\u00edstech, staveb na profit bez respektu k&nbsp;okol\u00ed z nejasn\u00fdch smluv a dohod, t\u011bch zd\u011bd\u011bn\u00fdch, i nov\u00fdch &#8211; p\u0159ipravovan\u00fdch.<\/p>\n<p>Architekti ani develope\u0159i nemohou a nesm\u011bj\u00ed rozhodovat: Tuto odpov\u011bdnost mus\u00ed n\u00e9st politici.<\/p>\n<p>Demokracie se hrout\u00ed s&nbsp;nefunk\u010dn\u00ed spr\u00e1vou. To je star\u00e1 vesta a citace anglick\u00e9ho filozofa Huma.<\/p>\n<p>Ob\u010dan\u00e9 nepot\u0159ebuj\u00ed nalejv\u00e1rny IPR a Aspenu. \u017d\u00e1daj\u00ed podle novely stavebn\u00edho z\u00e1kona pod\u00edl na opravdov\u00e9 rovn\u00e9 diskuzi (\u201e mitsprache\u201c) o budoucnosti jejich m\u011bsta.<\/p>\n<p><a href=\"http:\/\/obcanskymonitoring.cz\/?page_id=3014\">Ji\u0159\u00ed Gebert<\/a><\/p>\n<div data-counters='1' data-style='square' data-size='regular' data-url='https:\/\/obcanskymonitoring.cz\/?p=5111' data-title='Arch. Ji\u0159\u00ed Gebert: IPR r\u00fdsuje Bermudsk\u00fd troj\u00faheln\u00edk' class='linksalpha_container linksalpha_app_3'><a href='\/\/www.linksalpha.com\/share?network='facebook' class='linksalpha_icon_facebook'><\/a><a href='\/\/www.linksalpha.com\/share?network='twitter' class='linksalpha_icon_twitter'><\/a><a href='\/\/www.linksalpha.com\/share?network='googleplus' class='linksalpha_icon_googleplus'><\/a><a href='\/\/www.linksalpha.com\/share?network='mail' class='linksalpha_icon_mail'><\/a><\/div><div data-position='' data-url='https:\/\/obcanskymonitoring.cz\/?p=5111' data-title='Arch. Ji\u0159\u00ed Gebert: IPR r\u00fdsuje Bermudsk\u00fd troj\u00faheln\u00edk' class='linksalpha_container linksalpha_app_7'><a href='\/\/www.linksalpha.com\/share?network='facebook' class='linksalpha_icon_facebook'><\/a><a href='\/\/www.linksalpha.com\/share?network='twitter' class='linksalpha_icon_twitter'><\/a><a href='\/\/www.linksalpha.com\/share?network='googleplus' class='linksalpha_icon_googleplus'><\/a><a href='\/\/www.linksalpha.com\/share?network='mail' class='linksalpha_icon_mail'><\/a><\/div>","protected":false},"excerpt":{"rendered":"<p>&nbsp;1,107&nbsp;total views P\u0159etiskujeme \u010dl\u00e1nek pana architekta Geberta k prob\u011bhl\u00e9 akci v ASPEN institute, o kter\u00e9 jsme informovali v tomto p\u0159\u00edsp\u011bvku.<\/p>\n","protected":false},"author":2,"featured_media":0,"comment_status":"open","ping_status":"open","sticky":true,"template":"","format":"standard","meta":[],"categories":[8,23],"tags":[],"_links":{"self":[{"href":"https:\/\/obcanskymonitoring.cz\/index.php?rest_route=\/wp\/v2\/posts\/5111"}],"collection":[{"href":"https:\/\/obcanskymonitoring.cz\/index.php?rest_route=\/wp\/v2\/posts"}],"about":[{"href":"https:\/\/obcanskymonitoring.cz\/index.php?rest_route=\/wp\/v2\/types\/post"}],"author":[{"embeddable":true,"href":"https:\/\/obcanskymonitoring.cz\/index.php?rest_route=\/wp\/v2\/users\/2"}],"replies":[{"embeddable":true,"href":"https:\/\/obcanskymonitoring.cz\/index.php?rest_route=%2Fwp%2Fv2%2Fcomments&post=5111"}],"version-history":[{"count":1,"href":"https:\/\/obcanskymonitoring.cz\/index.php?rest_route=\/wp\/v2\/posts\/5111\/revisions"}],"predecessor-version":[{"id":7414,"href":"https:\/\/obcanskymonitoring.cz\/index.php?rest_route=\/wp\/v2\/posts\/5111\/revisions\/7414"}],"wp:attachment":[{"href":"https:\/\/obcanskymonitoring.cz\/index.php?rest_route=%2Fwp%2Fv2%2Fmedia&parent=5111"}],"wp:term":[{"taxonomy":"category","embeddable":true,"href":"https:\/\/obcanskymonitoring.cz\/index.php?rest_route=%2Fwp%2Fv2%2Fcategories&post=5111"},{"taxonomy":"post_tag","embeddable":true,"href":"https:\/\/obcanskymonitoring.cz\/index.php?rest_route=%2Fwp%2Fv2%2Ftags&post=5111"}],"curies":[{"name":"wp","href":"https:\/\/api.w.org\/{rel}","templated":true}]}}