{"id":5116,"date":"2016-01-11T08:46:48","date_gmt":"2016-01-11T08:46:48","guid":{"rendered":"http:\/\/obcanskymonitoring.cz\/?p=5116"},"modified":"2016-01-11T12:12:01","modified_gmt":"2016-01-11T12:12:01","slug":"petr-jesatko-s-usmevem-jsem-si-precetl","status":"publish","type":"post","link":"https:\/\/obcanskymonitoring.cz\/?p=5116","title":{"rendered":"Petr Je\u0161\u00e1tko: S \u00fasm\u011bvem jsem si p\u0159e\u010detl"},"content":{"rendered":"<div class=\"pvc_clear\"><\/div>\n<p class=\"pvc_stats total_only \" data-element-id=\"5116\" style=\"\"><i class=\"pvc-stats-icon medium\" aria-hidden=\"true\"><svg xmlns=\"http:\/\/www.w3.org\/2000\/svg\" version=\"1.0\" viewBox=\"0 0 502 315\" preserveAspectRatio=\"xMidYMid meet\"><g transform=\"translate(0,332) scale(0.1,-0.1)\" fill=\"\" stroke=\"none\"><path d=\"M2394 3279 l-29 -30 -3 -207 c-2 -182 0 -211 15 -242 39 -76 157 -76 196 0 15 31 17 60 15 243 l-3 209 -33 29 c-26 23 -41 29 -80 29 -41 0 -53 -5 -78 -31z\"\/><path d=\"M3085 3251 c-45 -19 -58 -50 -96 -229 -47 -217 -49 -260 -13 -295 52 -53 146 -42 177 20 16 31 87 366 87 410 0 70 -86 122 -155 94z\"\/><path d=\"M1751 3234 c-13 -9 -29 -31 -37 -50 -12 -29 -10 -49 21 -204 19 -94 39 -189 45 -210 14 -50 54 -80 110 -80 34 0 48 6 76 34 21 21 34 44 34 59 0 14 -18 113 -40 219 -37 178 -43 195 -70 221 -36 32 -101 37 -139 11z\"\/><path d=\"M1163 3073 c-36 -7 -73 -59 -73 -102 0 -56 133 -378 171 -413 34 -32 83 -37 129 -13 70 36 67 87 -16 290 -86 209 -89 214 -129 231 -35 14 -42 15 -82 7z\"\/><path d=\"M3689 3066 c-15 -9 -33 -30 -42 -48 -48 -103 -147 -355 -147 -375 0 -98 131 -148 192 -74 13 15 57 108 97 206 80 196 84 226 37 273 -30 30 -99 39 -137 18z\"\/><path d=\"M583 2784 c-38 -19 -67 -74 -58 -113 9 -42 211 -354 242 -373 16 -10 45 -18 66 -18 51 0 107 52 107 100 0 39 -1 41 -124 234 -80 126 -108 162 -133 173 -41 17 -61 16 -100 -3z\"\/><path d=\"M4250 2784 c-14 -9 -74 -91 -133 -183 -95 -150 -107 -173 -107 -213 0 -55 33 -94 87 -104 67 -13 90 8 211 198 130 202 137 225 78 284 -27 27 -42 34 -72 34 -22 0 -50 -8 -64 -16z\"\/><path d=\"M2275 2693 c-553 -48 -1095 -270 -1585 -649 -135 -104 -459 -423 -483 -476 -23 -49 -22 -139 2 -186 73 -142 361 -457 571 -626 285 -228 642 -407 990 -497 242 -63 336 -73 660 -74 310 0 370 5 595 52 535 111 1045 392 1455 803 122 121 250 273 275 326 19 41 19 137 0 174 -41 79 -309 363 -465 492 -447 370 -946 591 -1479 653 -113 14 -422 18 -536 8z m395 -428 c171 -34 330 -124 456 -258 112 -119 167 -219 211 -378 27 -96 24 -300 -5 -401 -72 -255 -236 -447 -474 -557 -132 -62 -201 -76 -368 -76 -167 0 -236 14 -368 76 -213 98 -373 271 -451 485 -162 444 86 934 547 1084 153 49 292 57 452 25z m909 -232 c222 -123 408 -262 593 -441 76 -74 138 -139 138 -144 0 -16 -233 -242 -330 -319 -155 -123 -309 -223 -461 -299 l-81 -41 32 46 c18 26 49 83 70 128 143 306 141 649 -6 957 -25 52 -61 116 -79 142 l-34 47 45 -20 c26 -10 76 -36 113 -56z m-2057 25 c-40 -58 -105 -190 -130 -263 -110 -324 -59 -707 132 -981 25 -35 42 -64 37 -64 -19 0 -241 119 -326 174 -188 122 -406 314 -532 468 l-58 71 108 103 c185 178 428 349 672 473 66 33 121 60 123 61 2 0 -10 -19 -26 -42z\"\/><path d=\"M2375 1950 c-198 -44 -350 -190 -395 -379 -18 -76 -8 -221 19 -290 114 -284 457 -406 731 -260 98 52 188 154 231 260 27 69 37 214 19 290 -38 163 -166 304 -326 360 -67 23 -215 33 -279 19z\"\/><\/g><\/svg><\/i> &nbsp;1,416&nbsp;total views<\/p>\n<div class=\"pvc_clear\"><\/div>\n<p><a href=\"http:\/\/obcanskymonitoring.cz\/wp-content\/uploads\/2014\/09\/Jesatko.jpg\"><img loading=\"lazy\" class=\"alignnone size-full wp-image-3017\" alt=\"Jesatko\" src=\"http:\/\/obcanskymonitoring.cz\/wp-content\/uploads\/2014\/09\/Jesatko.jpg\" width=\"287\" height=\"167\" \/><\/a><\/p>\n<p>&nbsp;<\/p>\n<p>P\u0159etiskujeme koment\u00e1\u0159 <a href=\"http:\/\/obcanskymonitoring.cz\/?page_id=3014\">Petra Je\u0161\u00e1tka<\/a> <a href=\"https:\/\/drive.google.com\/open?id=0B-fB8gVfCr6kS2VnZnNOcFlManc\">k\u00a0\u010dl\u00e1nku n\u00e1m\u011bstka \u00a0NP\u0160 Jana Kozla<\/a> pro oblast p\u00e9\u010de o les.<\/p>\n<p><!--more--><\/p>\n<p>S \u00fasm\u011bvem jsem si p\u0159e\u010detl v \u010dasopisu \u0160umava <a href=\"https:\/\/drive.google.com\/open?id=0B-fB8gVfCr6kS2VnZnNOcFlManc\">\u010dl\u00e1nek pana n\u00e1m\u011bstka Kozla s n\u00e1zvem Pilou a sekerou k pest\u0159ej\u0161\u00edmu lesu<\/a>. N\u00e1zev nen\u00ed \u0161patn\u00fd, je to p\u0159evzato z po\u0159ekadla star\u00fdch \u010desk\u00fdch lesn\u00edk\u016f v minulosti, kte\u0159\u00ed se sna\u017eili vyp\u011bstovat <a href=\"https:\/\/cs.wikipedia.org\/wiki\/V%C3%BDb%C4%9Brn%C3%BD_les\">hospod\u00e1\u0159sk\u00fd les v\u00fdb\u011brn\u00fd<\/a>. Kv\u016fli tomu pan n\u00e1m\u011bstek nemus\u00ed jezdit do zahrani\u010d\u00ed, ale sta\u010d\u00ed se pod\u00edvat na n\u011bkter\u00e9 na\u0161e lesy hospod\u00e1\u0159sk\u00e9, u n\u00e1s na \u0160umav\u011b, tak, jak jsme je obhospoda\u0159ovali v minulosti. Ne n\u00e1hodou p\u0159i exkurzi lesn\u00edk\u016f z Holandska je vedli tak\u00e9 na moji b\u00fdvalou lesn\u00ed spr\u00e1vu, <a href=\"https:\/\/drive.google.com\/open?id=0B-fB8gVfCr6kbFNJNmx2SGRlNnM\">na lokalitu \u0160pi\u010d\u00e1k<\/a>. Jsem r\u00e1d, \u017ee po m\u00e9m odchodu v tomto trendu Lesy \u010cR pokra\u010dovaly. Ji\u017e d\u00e1vno, p\u0159ed des\u00edtkami let, tedy je\u0161t\u011b p\u0159ed rokem 1989, jsme zde uplat\u0148ovali v\u00fdb\u011brn\u00fd zp\u016fsob hospoda\u0159en\u00ed, <a href=\"http:\/\/ldf.mendelu.cz\/uzpl\/pestovani_v_heslech\/obnova\/obn_var_seci.html\">clonn\u00e9 se\u010de<\/a> a pod, viz \u010d\u00e1st t\u011b\u017eebn\u00ed mapy, kde clonn\u00e9 se\u010de jsou vyzna\u010deny \u0161rafovan\u011b a dom\u00fdcen\u00ed zmlazen\u00fdch porost\u016f se smrkem, jedl\u00ed a bukem v podrostu plnou barvou, viz p\u0159\u00edloha <a href=\"https:\/\/drive.google.com\/open?id=0B-fB8gVfCr6kQ3ZYX0lhZXR0LVU\">clonn\u00e9 se\u010de<\/a>. Nebyla to doba jednoduch\u00e1: v r\u00e1mci nov\u00fdch technologi\u00ed n\u00e1m nutili harvestory a t\u011b\u017ekou techniku. P\u0159esto jsme vydr\u017eeli a hospoda\u0159ili &#8211; bez holin. V\u00fdsledky nakonec ocenilo i tehdej\u0161\u00ed Ministerstvo lesn\u00edho a vodn\u00edho hospod\u00e1\u0159stv\u00ed a obdr\u017eeli jsme Diplom Vl\u00e1dy \u010cR za dobr\u00e9 v\u00fdsledky v lesn\u00edck\u00e9m hospoda\u0159en\u00ed a v ekonomice. I po r. 1989 k n\u00e1m p\u0159ijel bavorsk\u00fd \u0159editel les\u016f Dr Schmied; hrab\u011b Hohenzollern pozval sv\u00e9 lesn\u00edky z jeho panstv\u00ed a p\u0159i venkovn\u00edch poch\u016fzk\u00e1ch oce\u0148ovali n\u00e1\u0161 v\u00fdb\u011brn\u00fd zp\u016fsob hospoda\u0159en\u00ed. I pozd\u011bji v parku lesn\u00edci z <a href=\"http:\/\/www.krnap.cz\/\">KRNAPu<\/a>, \u010di docent Mauer z Lesnick\u00e9 fakulty V\u0160Z Brno se sv\u00fdmi studenty ocenil n\u00e1\u0161 zp\u016fsob prov\u00e1d\u011bn\u00ed pro\u0159ez\u00e1vek s bilogickou ochranou jedle a listnat\u00fdch d\u0159evin.\u00a0V \u010dl\u00e1nku pana Kozla mne pobavila skute\u010dnost (pom\u00edj\u00edm, \u017ee ur\u00e1\u017e\u00ed s drzost\u00ed nafoukan\u00e9ho kluka star\u00e9 lesn\u00edky, d\u00edky nim\u017e zde n\u00e1rodn\u00ed park existuje), \u017ee t\u00edm, \u017ee tyto, jak on p\u00ed\u0161e \u201e\u00famysln\u00e9 aktivn\u00ed z\u00e1sahy\u201c prov\u00e1d\u00ed a\u017e v tomto v\u011bku, se vlastn\u011b p\u0159izn\u00e1v\u00e1 k zanedb\u00e1v\u00e1n\u00ed p\u00e9\u010de o les ve v\u00fdchovn\u00fdch z\u00e1saz\u00edch v mlad\u00e9m v\u011bku, co\u017e jsou <a href=\"https:\/\/cs.wikipedia.org\/wiki\/Pro%C5%99ez%C3%A1vka\">pro\u0159ez\u00e1vky<\/a>. Pr\u00e1v\u011b v t\u00e9 dob\u011b m\u016f\u017ee v\u00fdrazn\u011b ovlivnit druhov\u00e9 slo\u017een\u00ed d\u0159evin, podle jejich n\u00e1roku na sv\u011btlo, atd. A ty jsou opravdu, zejm\u00e9na za posledn\u00edch 15 let zanedb\u00e1v\u00e1ny. &#8211; A p\u0159\u0159itom pr\u00e1v\u011b pan Kozel je n\u00e1m\u011bstkem pro p\u00e9\u010di o les v\u00a0NP\u0160 ji\u017e druh\u00e9 funk\u010dn\u00ed obdob\u00ed.<\/p>\n<p>Za posledn\u00edch p\u011bt let prov\u00e1d\u00ed cel\u00fd N\u00e1rodn\u00ed park \u0160umava v pr\u016fm\u011bru 300 ha pro\u0159ez\u00e1vek ro\u010dn\u011b. Jenom v r. 1998 jsme prov\u00e1d\u011bli na m\u00e9 Lesn\u00ed spr\u00e1v\u011b \u017delezn\u00e1 Ruda 174 ha pro\u0159ez\u00e1vek. A to bylo celkem je\u0161t\u011b 11 dal\u0161\u00edch lesn\u00edch spr\u00e1v. (Pozd\u011bji byly Ka\u0161perskohorsk\u00fdm a Volar\u016fm \u010d\u00e1st lesa vr\u00e1cena). V r. 1993, kdy\u017e jsme lesy p\u0159eb\u00edrali pod Spr\u00e1vu NP \u0160umava, tak L\u010cR a VLS m\u011bly pr\u016fm\u011brn\u00fd ro\u010dn\u00ed \u00fakol pro\u0159ez\u00e1vek 786 ha, viz <a href=\"https:\/\/drive.google.com\/open?id=0B-fB8gVfCr6kWVVDUXdjWUN0c2s\">p\u0159\u00edloha Pro\u0159ez\u00e1vky<\/a>. Tedy rozhodn\u011b pan Kozel p\u0159i sv\u00e9 intenzit\u011b pr\u00e1ce, co do kvality i mno\u017estv\u00ed, by se nem\u011bl vysm\u00edvat n\u00e1m, star\u00fdm lesn\u00edk\u016fm, kte\u0159\u00ed m\u00e1me \u0160umavu u srdce a nikoliv jen jako zdroj zisku.<\/p>\n<p>Ne v\u017edy je p\u0159\u00edklad ze zahrani\u010d\u00ed hodn\u00fd n\u00e1sledov\u00e1n\u00ed, <a href=\"https:\/\/drive.google.com\/open?id=0B-fB8gVfCr6kY0NVdFJvMUdneVU\">viz fotografie holin v Rakousku<\/a>.<\/p>\n<p><a href=\"http:\/\/obcanskymonitoring.cz\/?page_id=3014\">Petr Je\u0161\u00e1tko st.<\/a>\u00a0(Autor je b\u00fdval\u00fd vrchn\u00ed lesn\u00ed inspektor N\u00e1rodn\u00edho parku \u0160umava, nyn\u00ed v d\u016fchodu)<\/p>\n<p><a href=\"http:\/\/www.ceskatelevize.cz\/ivysilani\/1129337346-pridej-se\/209562248410019\/\">Star\u0161\u00ed\u00a0po\u0159ad Petra Je\u0161\u00e1tka pro \u010ceskou televizi<\/a><\/p>\n<div data-counters='1' data-style='square' data-size='regular' data-url='https:\/\/obcanskymonitoring.cz\/?p=5116' data-title='Petr Je\u0161\u00e1tko: S \u00fasm\u011bvem jsem si p\u0159e\u010detl' class='linksalpha_container linksalpha_app_3'><a href='\/\/www.linksalpha.com\/share?network='facebook' class='linksalpha_icon_facebook'><\/a><a href='\/\/www.linksalpha.com\/share?network='twitter' class='linksalpha_icon_twitter'><\/a><a href='\/\/www.linksalpha.com\/share?network='googleplus' class='linksalpha_icon_googleplus'><\/a><a href='\/\/www.linksalpha.com\/share?network='mail' class='linksalpha_icon_mail'><\/a><\/div><div data-position='' data-url='https:\/\/obcanskymonitoring.cz\/?p=5116' data-title='Petr Je\u0161\u00e1tko: S \u00fasm\u011bvem jsem si p\u0159e\u010detl' class='linksalpha_container linksalpha_app_7'><a href='\/\/www.linksalpha.com\/share?network='facebook' class='linksalpha_icon_facebook'><\/a><a href='\/\/www.linksalpha.com\/share?network='twitter' class='linksalpha_icon_twitter'><\/a><a href='\/\/www.linksalpha.com\/share?network='googleplus' class='linksalpha_icon_googleplus'><\/a><a href='\/\/www.linksalpha.com\/share?network='mail' class='linksalpha_icon_mail'><\/a><\/div>","protected":false},"excerpt":{"rendered":"<p>&nbsp;1,416&nbsp;total views &nbsp; P\u0159etiskujeme koment\u00e1\u0159 Petra Je\u0161\u00e1tka k\u00a0\u010dl\u00e1nku n\u00e1m\u011bstka \u00a0NP\u0160 Jana Kozla pro oblast p\u00e9\u010de o les.<\/p>\n","protected":false},"author":2,"featured_media":0,"comment_status":"open","ping_status":"open","sticky":true,"template":"","format":"standard","meta":[],"categories":[21,29],"tags":[],"_links":{"self":[{"href":"https:\/\/obcanskymonitoring.cz\/index.php?rest_route=\/wp\/v2\/posts\/5116"}],"collection":[{"href":"https:\/\/obcanskymonitoring.cz\/index.php?rest_route=\/wp\/v2\/posts"}],"about":[{"href":"https:\/\/obcanskymonitoring.cz\/index.php?rest_route=\/wp\/v2\/types\/post"}],"author":[{"embeddable":true,"href":"https:\/\/obcanskymonitoring.cz\/index.php?rest_route=\/wp\/v2\/users\/2"}],"replies":[{"embeddable":true,"href":"https:\/\/obcanskymonitoring.cz\/index.php?rest_route=%2Fwp%2Fv2%2Fcomments&post=5116"}],"version-history":[{"count":0,"href":"https:\/\/obcanskymonitoring.cz\/index.php?rest_route=\/wp\/v2\/posts\/5116\/revisions"}],"wp:attachment":[{"href":"https:\/\/obcanskymonitoring.cz\/index.php?rest_route=%2Fwp%2Fv2%2Fmedia&parent=5116"}],"wp:term":[{"taxonomy":"category","embeddable":true,"href":"https:\/\/obcanskymonitoring.cz\/index.php?rest_route=%2Fwp%2Fv2%2Fcategories&post=5116"},{"taxonomy":"post_tag","embeddable":true,"href":"https:\/\/obcanskymonitoring.cz\/index.php?rest_route=%2Fwp%2Fv2%2Ftags&post=5116"}],"curies":[{"name":"wp","href":"https:\/\/api.w.org\/{rel}","templated":true}]}}