{"id":5128,"date":"2016-01-11T12:30:51","date_gmt":"2016-01-11T12:30:51","guid":{"rendered":"http:\/\/obcanskymonitoring.cz\/?p=5128"},"modified":"2016-01-11T12:37:07","modified_gmt":"2016-01-11T12:37:07","slug":"arch-svabova-participace-spolku-na-rozhodovani-statni-spravy-v-pamatkove-chranenych-uzemich","status":"publish","type":"post","link":"https:\/\/obcanskymonitoring.cz\/?p=5128","title":{"rendered":"Arch. \u0160v\u00e1bov\u00e1: Participace spolk\u016f na rozhodov\u00e1n\u00ed st\u00e1tn\u00ed spr\u00e1vy v pam\u00e1tkov\u011b chr\u00e1n\u011bn\u00fdch \u00fazem\u00edch"},"content":{"rendered":"<div class=\"pvc_clear\"><\/div>\n<p class=\"pvc_stats total_only \" data-element-id=\"5128\" style=\"\"><i class=\"pvc-stats-icon medium\" aria-hidden=\"true\"><svg xmlns=\"http:\/\/www.w3.org\/2000\/svg\" version=\"1.0\" viewBox=\"0 0 502 315\" preserveAspectRatio=\"xMidYMid meet\"><g transform=\"translate(0,332) scale(0.1,-0.1)\" fill=\"\" stroke=\"none\"><path d=\"M2394 3279 l-29 -30 -3 -207 c-2 -182 0 -211 15 -242 39 -76 157 -76 196 0 15 31 17 60 15 243 l-3 209 -33 29 c-26 23 -41 29 -80 29 -41 0 -53 -5 -78 -31z\"\/><path d=\"M3085 3251 c-45 -19 -58 -50 -96 -229 -47 -217 -49 -260 -13 -295 52 -53 146 -42 177 20 16 31 87 366 87 410 0 70 -86 122 -155 94z\"\/><path d=\"M1751 3234 c-13 -9 -29 -31 -37 -50 -12 -29 -10 -49 21 -204 19 -94 39 -189 45 -210 14 -50 54 -80 110 -80 34 0 48 6 76 34 21 21 34 44 34 59 0 14 -18 113 -40 219 -37 178 -43 195 -70 221 -36 32 -101 37 -139 11z\"\/><path d=\"M1163 3073 c-36 -7 -73 -59 -73 -102 0 -56 133 -378 171 -413 34 -32 83 -37 129 -13 70 36 67 87 -16 290 -86 209 -89 214 -129 231 -35 14 -42 15 -82 7z\"\/><path d=\"M3689 3066 c-15 -9 -33 -30 -42 -48 -48 -103 -147 -355 -147 -375 0 -98 131 -148 192 -74 13 15 57 108 97 206 80 196 84 226 37 273 -30 30 -99 39 -137 18z\"\/><path d=\"M583 2784 c-38 -19 -67 -74 -58 -113 9 -42 211 -354 242 -373 16 -10 45 -18 66 -18 51 0 107 52 107 100 0 39 -1 41 -124 234 -80 126 -108 162 -133 173 -41 17 -61 16 -100 -3z\"\/><path d=\"M4250 2784 c-14 -9 -74 -91 -133 -183 -95 -150 -107 -173 -107 -213 0 -55 33 -94 87 -104 67 -13 90 8 211 198 130 202 137 225 78 284 -27 27 -42 34 -72 34 -22 0 -50 -8 -64 -16z\"\/><path d=\"M2275 2693 c-553 -48 -1095 -270 -1585 -649 -135 -104 -459 -423 -483 -476 -23 -49 -22 -139 2 -186 73 -142 361 -457 571 -626 285 -228 642 -407 990 -497 242 -63 336 -73 660 -74 310 0 370 5 595 52 535 111 1045 392 1455 803 122 121 250 273 275 326 19 41 19 137 0 174 -41 79 -309 363 -465 492 -447 370 -946 591 -1479 653 -113 14 -422 18 -536 8z m395 -428 c171 -34 330 -124 456 -258 112 -119 167 -219 211 -378 27 -96 24 -300 -5 -401 -72 -255 -236 -447 -474 -557 -132 -62 -201 -76 -368 -76 -167 0 -236 14 -368 76 -213 98 -373 271 -451 485 -162 444 86 934 547 1084 153 49 292 57 452 25z m909 -232 c222 -123 408 -262 593 -441 76 -74 138 -139 138 -144 0 -16 -233 -242 -330 -319 -155 -123 -309 -223 -461 -299 l-81 -41 32 46 c18 26 49 83 70 128 143 306 141 649 -6 957 -25 52 -61 116 -79 142 l-34 47 45 -20 c26 -10 76 -36 113 -56z m-2057 25 c-40 -58 -105 -190 -130 -263 -110 -324 -59 -707 132 -981 25 -35 42 -64 37 -64 -19 0 -241 119 -326 174 -188 122 -406 314 -532 468 l-58 71 108 103 c185 178 428 349 672 473 66 33 121 60 123 61 2 0 -10 -19 -26 -42z\"\/><path d=\"M2375 1950 c-198 -44 -350 -190 -395 -379 -18 -76 -8 -221 19 -290 114 -284 457 -406 731 -260 98 52 188 154 231 260 27 69 37 214 19 290 -38 163 -166 304 -326 360 -67 23 -215 33 -279 19z\"\/><\/g><\/svg><\/i> &nbsp;1,456&nbsp;total views<\/p>\n<div class=\"pvc_clear\"><\/div>\n<p><a href=\"http:\/\/obcanskymonitoring.cz\/wp-content\/uploads\/2015\/12\/Vlada-CR-logo.jpg\"><img loading=\"lazy\" class=\"alignnone size-medium wp-image-5054\" alt=\"Vlada CR logo\" src=\"http:\/\/obcanskymonitoring.cz\/wp-content\/uploads\/2015\/12\/Vlada-CR-logo-300x67.jpg\" width=\"300\" height=\"67\" srcset=\"https:\/\/obcanskymonitoring.cz\/wp-content\/uploads\/2015\/12\/Vlada-CR-logo-300x67.jpg 300w, https:\/\/obcanskymonitoring.cz\/wp-content\/uploads\/2015\/12\/Vlada-CR-logo.jpg 402w\" sizes=\"(max-width: 300px) 100vw, 300px\" \/><\/a><\/p>\n<p>&nbsp;<\/p>\n<p>P\u0159etiskujeme dopis <a href=\"http:\/\/obcanskymonitoring.cz\/?page_id=3014\">pan\u00ed architektky \u0160v\u00e1bov\u00e9<\/a>\u00a0<a href=\"http:\/\/www.vlada.cz\/cz\/ppov\/rnno\/aktuality\/novy-predseda-rvnno-88800\/\">Rad\u011b vl\u00e1dy \u010cR pro nest\u00e1tn\u00ed neziskov\u00e9 organizace<\/a>.<\/p>\n<p>Koment\u00e1\u0159 <a href=\"http:\/\/obcanskymonitoring.cz\">Ob\u010dansk\u00e9ho monitoringu<\/a>: Ve skandin\u00e1vsk\u00fdch zem\u00edch je obvykl\u00e9, \u017ee \u00a0kter\u00fdkoliv ob\u010dan m\u016f\u017ee podat p\u0159ipom\u00ednku k z\u00e1konu. To samoz\u0159ejm\u011b neznamen\u00e1, \u017ee z\u00e1konod\u00e1rce ve skandin\u00e1vsk\u00fdch zem\u00edch p\u0159ijme v\u0161echny p\u0159ipom\u00ednky ob\u010dan\u016f, ale m\u00e1 povinnost je vypo\u0159\u00e1dat &#8211; velmi jednoduch\u00fdm zp\u016fsobem je zaevidovat a napsat zp\u016fsob zapracov\u00e1n\u00ed &#8211; t\u0159eba i napsat zam\u00edtnuto. \u00a0Podstatn\u00e9 je, \u017ee p\u0159\u00edm\u00e1 komunikace mezi ob\u010danem a legislativcem funguje. Nev\u00fdhodou je z\u0159ejm\u011b m\u00edrn\u011b del\u0161\u00ed proces prvn\u00edho kola p\u0159\u00edpravy p\u0159edpisu, v\u00fdhodou je \u0161ir\u0161\u00ed zapojen\u00ed ob\u010dan\u016f se znalost\u00ed detailu, tzn. z\u0159ejm\u011b nedoch\u00e1z\u00ed tak \u010dasto k nesmysln\u00fdm aktualizac\u00edm p\u0159edpis\u016f, jako je p\u0159\u00edpad, popsan\u00fd v \u010dl\u00e1nku\u00a0<a href=\"http:\/\/www.rozhlas.cz\/zpravy\/politika\/_zprava\/ministerstvo-pripravilo-vyhlasku-ktera-studentum-zakaze-pokusy-s-kyselinami--1542102\">Ministerstvo p\u0159ipravilo vyhl\u00e1\u0161ku, kter\u00e1 student\u016fm zak\u00e1\u017ee pokusy s kyselinami<\/a>.<\/p>\n<p>Tak\u00e9 v z\u00e1padn\u00ed Evrop\u011b je obvykl\u00e9, \u017ee ob\u010dan\u00e9 maj\u00ed v\u00fdrazn\u011b v\u011bt\u0161\u00ed pr\u00e1va ve vztahu k legislativ\u011b i k prob\u00edhaj\u00edc\u00edm \u0159\u00edzen\u00edm. Evropsk\u00e1 komise opakovan\u011b kritizuje \u010ceskou republiku za to, \u017ee up\u00edr\u00e1 sv\u00fdm ob\u010dan\u016fm p\u0159\u00edstup k rozhodov\u00e1n\u00edm, nejen v oblasti EIA (p\u0159ipom\u00ednkov\u00e1n\u00ed ob\u010dan\u016f staveb s v\u00fdrazn\u00fdm dopadem na \u017eivotn\u00ed prost\u0159ed\u00ed), viz \u010dl\u00e1nek serveru <a href=\"http:\/\/echo24.cz\/a\/wHcZf\/55-milionu-hned--825-milionu-mesicne-pokuta-hrozi-z-eu\">Echo24: \u00a055 milion\u016f hned + 8,25 milion\u016f m\u011bs\u00ed\u010dn\u011b. Pokuta hroz\u00ed z EU<\/a>.<\/p>\n<p>Se stanoviskem pan\u00ed architektky \u0160v\u00e1bov\u00e9 za <a href=\"http:\/\/www.obcanskymonitoring.cz\">Ob\u010dansk\u00fd monitoring<\/a> pln\u011b souhlas\u00edme.\u00a0Odpov\u011b\u010f Rady vl\u00e1dy pro neziskov\u00e9 organizace zve\u0159ejn\u00edme.<\/p>\n<p><!--more--><\/p>\n<p>Rada vl\u00e1dy<\/p>\n<p>pro nest\u00e1tn\u00ed neziskov\u00e9 organizace<\/p>\n<p>JUDR. Hana Fri\u0161tensk\u00e1,<\/p>\n<p>tajemnice RVNNO<\/p>\n<p>\u00da\u0159ad vl\u00e1dy \u010cR<\/p>\n<p>Vladislavova 4,<\/p>\n<p>110 00 Praha 1\u00a0\u00a0\u00a0\u00a0\u00a0\u00a0\u00a0\u00a0\u00a0\u00a0\u00a0\u00a0\u00a0\u00a0\u00a0\u00a0\u00a0\u00a0\u00a0\u00a0\u00a0\u00a0\u00a0\u00a0\u00a0\u00a0\u00a0\u00a0\u00a0\u00a0\u00a0\u00a0\u00a0\u00a0\u00a0\u00a0\u00a0\u00a0\u00a0\u00a0\u00a0\u00a0\u00a0\u00a0\u00a0\u00a0\u00a0\u00a0\u00a0\u00a0\u00a0\u00a0\u00a0\u00a0\u00a0\u00a0\u00a0\u00a0\u00a0\u00a0\u00a0\u00a0\u00a0\u00a0\u00a0\u00a0\u00a0\u00a0\u00a0\u00a0\u00a0\u00a0\u00a0\u00a0 \u00a0\u00a0\u00a0\u00a0\u00a0\u00a0\u00a0 25. 12. 2015<\/p>\n<p>&nbsp;<\/p>\n<p>&nbsp;<\/p>\n<p>V\u011bc:\u00a0 Participace spolk\u016f na rozhodov\u00e1n\u00ed st\u00e1tn\u00ed spr\u00e1vy v pam\u00e1tkov\u011b chr\u00e1n\u011bn\u00fdch \u00fazem\u00edch.<\/p>\n<p>&nbsp;<\/p>\n<p>&nbsp;<\/p>\n<p>V\u00e1\u017een\u00e1 pan\u00ed doktorko,<\/p>\n<p>&nbsp;<\/p>\n<p>Obrac\u00edme se na V\u00e1s se \u017e\u00e1dost\u00ed o pomoc p\u0159i zaji\u0161\u0165ov\u00e1n\u00ed participace spolk\u016f a odborn\u00e9 ve\u0159ejnosti na rozhodov\u00e1n\u00ed z\u00e1konod\u00e1rn\u00fdch instituc\u00ed a st\u00e1tn\u00ed spr\u00e1vy o\u00a0pam\u00e1tkov\u011b chr\u00e1n\u011bn\u00fdch \u00fazem\u00edch (rezervace, z\u00f3ny, soubory z\u00e1stavby, krajina). Sou\u010dasn\u00e1 pr\u00e1vn\u00ed \u00faprava v\u00a0praxi efektivn\u00ed \u00fa\u010dast ve\u0159ejnosti neumo\u017e\u0148uje.<\/p>\n<p>Na\u0161e asociace poskytuje odbornou, media\u010dn\u00ed i pr\u00e1vn\u00ed pomoc ob\u010dansk\u00fdm spolk\u016fm, kter\u00e9 h\u00e1j\u00ed sv\u00e1 \u00fazem\u00ed proti kontroverzn\u00edm rozhodnut\u00edm st\u00e1tn\u00ed spr\u00e1vy o z\u00e1saz\u00edch v\u00a0pam\u00e1tkov\u011b chr\u00e1n\u011bn\u00fdch \u00fazem\u00edch. V\u00a0Praze je dnes registrov\u00e1no cca 40 ob\u010dansk\u00fdch spolk\u016f, kter\u00e9 h\u00e1j\u00ed hodnoty sv\u00fdch \u00fazem\u00ed proti kontroverzn\u00edm rozhodnut\u00edm st\u00e1tn\u00ed spr\u00e1vy v\u00a0naprosto nerovn\u00e9m postaven\u00ed.<\/p>\n<p>&nbsp;<\/p>\n<p>Ve snaze p\u0159edej\u00edt co mo\u017en\u00e1 nejv\u00edce trval\u00fdm spor\u016fm mezi ve\u0159ejnost\u00ed a st\u00e1tn\u00ed spr\u00e1vou jsme na z\u00e1klad\u011b sv\u00fdch dlouholet\u00fdch zku\u0161enost\u00ed v\u00a0t\u00e9to problematice zpracovali na podn\u011bt vl\u00e1dy p\u0159ipom\u00ednky k\u00a0n\u00e1vrhu nov\u00e9ho pam\u00e1tkov\u00e9ho z\u00e1kona a p\u0159edali je dne 25. \u010dervna 2015 do rukou Dr. Vladim\u00edra \u0160pidly. Ministerstvo kultury se na\u0161imi p\u0159ipom\u00ednkami nezab\u00fdvalo, proto\u017ee jsme nebyli za\u0159azeni mezi p\u0159edem vybran\u00e9 (!) oponenty n\u00e1vrhu z\u00e1kona. Pova\u017eujeme tento stav za neudr\u017eiteln\u00fd jak z\u00a0hlediska na\u0161\u00ed \u00fastavy tak vzhledem k\u00a0p\u0159ijat\u00e9 \u00damluv\u011b o ochran\u011b architektonick\u00e9ho d\u011bdictv\u00ed Evropy. M\u011bsto je um\u011bl\u00fdm \u017eivotn\u00edm prost\u0159ed\u00edm na\u0161\u00ed spole\u010dnosti, participace ve\u0159ejnosti na legislativn\u00edch procesech, kter\u00e9 se ho dot\u00fdkaj\u00ed, je jej\u00edm p\u0159irozen\u00fdm pr\u00e1vem.<\/p>\n<p>&nbsp;<\/p>\n<p>Navrhujeme, aby projedn\u00e1n\u00ed n\u00e1vrh\u016f z\u00e1kon\u016f i rozhodnut\u00ed st\u00e1tn\u00ed spr\u00e1vy o s\u00eddeln\u00edch \u00fatvarech i krajin\u011b se z\u00e1stupci ve\u0159ejnosti bylo pro z\u00e1konod\u00e1rn\u00e9 i spr\u00e1vn\u00ed instituce ze z\u00e1kona povinn\u00e9.<\/p>\n<p>&nbsp;<\/p>\n<p>D\u011bkujeme V\u00e1m za pochopen\u00ed a p\u0159\u00edpadnou pomoc.<\/p>\n<div data-counters='1' data-style='square' data-size='regular' data-url='https:\/\/obcanskymonitoring.cz\/?p=5128' data-title='Arch. \u0160v\u00e1bov\u00e1: Participace spolk\u016f na rozhodov\u00e1n\u00ed st\u00e1tn\u00ed spr\u00e1vy v pam\u00e1tkov\u011b chr\u00e1n\u011bn\u00fdch \u00fazem\u00edch' class='linksalpha_container linksalpha_app_3'><a href='\/\/www.linksalpha.com\/share?network='facebook' class='linksalpha_icon_facebook'><\/a><a href='\/\/www.linksalpha.com\/share?network='twitter' class='linksalpha_icon_twitter'><\/a><a href='\/\/www.linksalpha.com\/share?network='googleplus' class='linksalpha_icon_googleplus'><\/a><a href='\/\/www.linksalpha.com\/share?network='mail' class='linksalpha_icon_mail'><\/a><\/div><div data-position='' data-url='https:\/\/obcanskymonitoring.cz\/?p=5128' data-title='Arch. \u0160v\u00e1bov\u00e1: Participace spolk\u016f na rozhodov\u00e1n\u00ed st\u00e1tn\u00ed spr\u00e1vy v pam\u00e1tkov\u011b chr\u00e1n\u011bn\u00fdch \u00fazem\u00edch' class='linksalpha_container linksalpha_app_7'><a href='\/\/www.linksalpha.com\/share?network='facebook' class='linksalpha_icon_facebook'><\/a><a href='\/\/www.linksalpha.com\/share?network='twitter' class='linksalpha_icon_twitter'><\/a><a href='\/\/www.linksalpha.com\/share?network='googleplus' class='linksalpha_icon_googleplus'><\/a><a href='\/\/www.linksalpha.com\/share?network='mail' class='linksalpha_icon_mail'><\/a><\/div>","protected":false},"excerpt":{"rendered":"<p>&nbsp;1,456&nbsp;total views &nbsp; P\u0159etiskujeme dopis pan\u00ed architektky \u0160v\u00e1bov\u00e9\u00a0Rad\u011b vl\u00e1dy \u010cR pro nest\u00e1tn\u00ed neziskov\u00e9 organizace. Koment\u00e1\u0159 Ob\u010dansk\u00e9ho monitoringu: Ve skandin\u00e1vsk\u00fdch zem\u00edch je obvykl\u00e9, \u017ee \u00a0kter\u00fdkoliv ob\u010dan m\u016f\u017ee podat p\u0159ipom\u00ednku k z\u00e1konu. To samoz\u0159ejm\u011b neznamen\u00e1, \u017ee z\u00e1konod\u00e1rce ve skandin\u00e1vsk\u00fdch zem\u00edch p\u0159ijme v\u0161echny p\u0159ipom\u00ednky ob\u010dan\u016f, ale m\u00e1 povinnost je vypo\u0159\u00e1dat &#8211; velmi jednoduch\u00fdm zp\u016fsobem je zaevidovat a napsat [&hellip;]<\/p>\n","protected":false},"author":2,"featured_media":0,"comment_status":"open","ping_status":"open","sticky":true,"template":"","format":"standard","meta":[],"categories":[8,7,11,9,32,29],"tags":[],"_links":{"self":[{"href":"https:\/\/obcanskymonitoring.cz\/index.php?rest_route=\/wp\/v2\/posts\/5128"}],"collection":[{"href":"https:\/\/obcanskymonitoring.cz\/index.php?rest_route=\/wp\/v2\/posts"}],"about":[{"href":"https:\/\/obcanskymonitoring.cz\/index.php?rest_route=\/wp\/v2\/types\/post"}],"author":[{"embeddable":true,"href":"https:\/\/obcanskymonitoring.cz\/index.php?rest_route=\/wp\/v2\/users\/2"}],"replies":[{"embeddable":true,"href":"https:\/\/obcanskymonitoring.cz\/index.php?rest_route=%2Fwp%2Fv2%2Fcomments&post=5128"}],"version-history":[{"count":0,"href":"https:\/\/obcanskymonitoring.cz\/index.php?rest_route=\/wp\/v2\/posts\/5128\/revisions"}],"wp:attachment":[{"href":"https:\/\/obcanskymonitoring.cz\/index.php?rest_route=%2Fwp%2Fv2%2Fmedia&parent=5128"}],"wp:term":[{"taxonomy":"category","embeddable":true,"href":"https:\/\/obcanskymonitoring.cz\/index.php?rest_route=%2Fwp%2Fv2%2Fcategories&post=5128"},{"taxonomy":"post_tag","embeddable":true,"href":"https:\/\/obcanskymonitoring.cz\/index.php?rest_route=%2Fwp%2Fv2%2Ftags&post=5128"}],"curies":[{"name":"wp","href":"https:\/\/api.w.org\/{rel}","templated":true}]}}