{"id":5170,"date":"2016-01-28T11:53:25","date_gmt":"2016-01-28T11:53:25","guid":{"rendered":"http:\/\/obcanskymonitoring.cz\/?p=5170"},"modified":"2016-01-28T13:03:08","modified_gmt":"2016-01-28T13:03:08","slug":"petr-jesatko-sumava-narodni-park-nebo-lunapark","status":"publish","type":"post","link":"https:\/\/obcanskymonitoring.cz\/?p=5170","title":{"rendered":"Petr Je\u0161\u00e1tko: \u0160umava n\u00e1rodn\u00ed park nebo lunapark?"},"content":{"rendered":"<div class=\"pvc_clear\"><\/div>\n<p class=\"pvc_stats total_only \" data-element-id=\"5170\" style=\"\"><i class=\"pvc-stats-icon medium\" aria-hidden=\"true\"><svg xmlns=\"http:\/\/www.w3.org\/2000\/svg\" version=\"1.0\" viewBox=\"0 0 502 315\" preserveAspectRatio=\"xMidYMid meet\"><g transform=\"translate(0,332) scale(0.1,-0.1)\" fill=\"\" stroke=\"none\"><path d=\"M2394 3279 l-29 -30 -3 -207 c-2 -182 0 -211 15 -242 39 -76 157 -76 196 0 15 31 17 60 15 243 l-3 209 -33 29 c-26 23 -41 29 -80 29 -41 0 -53 -5 -78 -31z\"\/><path d=\"M3085 3251 c-45 -19 -58 -50 -96 -229 -47 -217 -49 -260 -13 -295 52 -53 146 -42 177 20 16 31 87 366 87 410 0 70 -86 122 -155 94z\"\/><path d=\"M1751 3234 c-13 -9 -29 -31 -37 -50 -12 -29 -10 -49 21 -204 19 -94 39 -189 45 -210 14 -50 54 -80 110 -80 34 0 48 6 76 34 21 21 34 44 34 59 0 14 -18 113 -40 219 -37 178 -43 195 -70 221 -36 32 -101 37 -139 11z\"\/><path d=\"M1163 3073 c-36 -7 -73 -59 -73 -102 0 -56 133 -378 171 -413 34 -32 83 -37 129 -13 70 36 67 87 -16 290 -86 209 -89 214 -129 231 -35 14 -42 15 -82 7z\"\/><path d=\"M3689 3066 c-15 -9 -33 -30 -42 -48 -48 -103 -147 -355 -147 -375 0 -98 131 -148 192 -74 13 15 57 108 97 206 80 196 84 226 37 273 -30 30 -99 39 -137 18z\"\/><path d=\"M583 2784 c-38 -19 -67 -74 -58 -113 9 -42 211 -354 242 -373 16 -10 45 -18 66 -18 51 0 107 52 107 100 0 39 -1 41 -124 234 -80 126 -108 162 -133 173 -41 17 -61 16 -100 -3z\"\/><path d=\"M4250 2784 c-14 -9 -74 -91 -133 -183 -95 -150 -107 -173 -107 -213 0 -55 33 -94 87 -104 67 -13 90 8 211 198 130 202 137 225 78 284 -27 27 -42 34 -72 34 -22 0 -50 -8 -64 -16z\"\/><path d=\"M2275 2693 c-553 -48 -1095 -270 -1585 -649 -135 -104 -459 -423 -483 -476 -23 -49 -22 -139 2 -186 73 -142 361 -457 571 -626 285 -228 642 -407 990 -497 242 -63 336 -73 660 -74 310 0 370 5 595 52 535 111 1045 392 1455 803 122 121 250 273 275 326 19 41 19 137 0 174 -41 79 -309 363 -465 492 -447 370 -946 591 -1479 653 -113 14 -422 18 -536 8z m395 -428 c171 -34 330 -124 456 -258 112 -119 167 -219 211 -378 27 -96 24 -300 -5 -401 -72 -255 -236 -447 -474 -557 -132 -62 -201 -76 -368 -76 -167 0 -236 14 -368 76 -213 98 -373 271 -451 485 -162 444 86 934 547 1084 153 49 292 57 452 25z m909 -232 c222 -123 408 -262 593 -441 76 -74 138 -139 138 -144 0 -16 -233 -242 -330 -319 -155 -123 -309 -223 -461 -299 l-81 -41 32 46 c18 26 49 83 70 128 143 306 141 649 -6 957 -25 52 -61 116 -79 142 l-34 47 45 -20 c26 -10 76 -36 113 -56z m-2057 25 c-40 -58 -105 -190 -130 -263 -110 -324 -59 -707 132 -981 25 -35 42 -64 37 -64 -19 0 -241 119 -326 174 -188 122 -406 314 -532 468 l-58 71 108 103 c185 178 428 349 672 473 66 33 121 60 123 61 2 0 -10 -19 -26 -42z\"\/><path d=\"M2375 1950 c-198 -44 -350 -190 -395 -379 -18 -76 -8 -221 19 -290 114 -284 457 -406 731 -260 98 52 188 154 231 260 27 69 37 214 19 290 -38 163 -166 304 -326 360 -67 23 -215 33 -279 19z\"\/><\/g><\/svg><\/i> &nbsp;2,397&nbsp;total views<\/p>\n<div class=\"pvc_clear\"><\/div>\n<p><a href=\"http:\/\/obcanskymonitoring.cz\/wp-content\/uploads\/2016\/01\/Sumava-Jezero-mapa-aktualni-podoba.jpg\"><img loading=\"lazy\" class=\"alignnone size-medium wp-image-5191\" alt=\"Sumava Jezero mapa aktualni podoba\" src=\"http:\/\/obcanskymonitoring.cz\/wp-content\/uploads\/2016\/01\/Sumava-Jezero-mapa-aktualni-podoba-300x155.jpg\" width=\"300\" height=\"155\" srcset=\"https:\/\/obcanskymonitoring.cz\/wp-content\/uploads\/2016\/01\/Sumava-Jezero-mapa-aktualni-podoba-300x155.jpg 300w, https:\/\/obcanskymonitoring.cz\/wp-content\/uploads\/2016\/01\/Sumava-Jezero-mapa-aktualni-podoba-1024x531.jpg 1024w, https:\/\/obcanskymonitoring.cz\/wp-content\/uploads\/2016\/01\/Sumava-Jezero-mapa-aktualni-podoba.jpg 1920w\" sizes=\"(max-width: 300px) 100vw, 300px\" \/><\/a><\/p>\n<p>Otiskujeme \u010dl\u00e1nek Petra Je\u0161\u00e1tka, kter\u00fdm komentuje novelu z\u00e1kona o ochran\u011b p\u0159\u00edrody a krajiny, kterou aktu\u00e1ln\u011b projedn\u00e1v\u00e1 Poslaneck\u00e1 sn\u011bmovna.<\/p>\n<p><!--more--><\/p>\n<p>V sou\u010dasn\u00e9 dob\u011b jde do druh\u00e9ho \u010dten\u00ed v Poslaneck\u00e9 sn\u011bmovn\u011b novelizace Z\u00e1kona O ochran\u011b p\u0159\u00edrody a krajiny. V\u011b\u0159\u00edm, \u017ee poslanci pe\u010dliv\u011b dopln\u00ed n\u00e1vrh z\u00e1kona o pojistky, aby se ochrana p\u0159\u00edrody v\u00a0N\u00e1rodn\u00edm parku \u0160umava stala skute\u010dnost\u00ed, nikoliv, jak tomu v mnoha p\u0159\u00edpadech je, pouh\u00fdm etiketn\u00edm podvodem, s roz\u00e1hl\u00fdm tokem st\u00e1tn\u00edch pen\u011bz.<br \/>\nDovolte, abych uvedl p\u0159\u00edklad zn\u00e1m\u00e9 rezervace, s perlami \u0160umavy, tedy N\u00e1rodn\u00ed p\u0159\u00edrodn\u00ed rezervaci \u010cern\u00e9 a \u010certovo jezero. Jako fo\u0159t, kter\u00fd m\u011bl v minulosti to \u0161t\u011bst\u00ed, byla tato rezervace sou\u010d\u00e1st\u00ed m\u00e9 lesn\u00ed spr\u00e1vy, a\u017e do m\u00e9ho odchodu do NP \u0160umava. A tak jsme, jako na\u0161i p\u0159edch\u016fdci, lesn\u00edci i obyvatel\u00e9 \u0160umavy, s hrdost\u00ed respektovali pravidla rezervace. Tedy \u00fazem\u00ed bez z\u00e1sahu, s p\u0159\u00edsnou ochranou p\u0159\u00edrodn\u00edch proces\u016f (viz p\u0159\u00edloha \u010d. 1)<\/p>\n<p><a href=\"http:\/\/obcanskymonitoring.cz\/wp-content\/uploads\/2016\/01\/\u010cern\u00e9-a-\u010certovo-jezero-propagace.jpg\"><img loading=\"lazy\" class=\"alignnone size-medium wp-image-5185\" alt=\"\u010cern\u00e9 a \u010certovo jezero-propagace\" src=\"http:\/\/obcanskymonitoring.cz\/wp-content\/uploads\/2016\/01\/\u010cern\u00e9-a-\u010certovo-jezero-propagace-151x300.jpg\" width=\"151\" height=\"300\" srcset=\"https:\/\/obcanskymonitoring.cz\/wp-content\/uploads\/2016\/01\/\u010cern\u00e9-a-\u010certovo-jezero-propagace-151x300.jpg 151w, https:\/\/obcanskymonitoring.cz\/wp-content\/uploads\/2016\/01\/\u010cern\u00e9-a-\u010certovo-jezero-propagace.jpg 364w\" sizes=\"(max-width: 151px) 100vw, 151px\" \/><\/a><\/p>\n<p>\u017de se jedn\u00e1 i o \u00fazem\u00ed cenn\u00e9 i z hlediska vegetace, tedy horskou klimaxovou smr\u010dinou, dokazuje p\u0159\u00edloha \u010d.2.<\/p>\n<p><a href=\"http:\/\/obcanskymonitoring.cz\/wp-content\/uploads\/2016\/01\/Jezern\u00ed-hora-II.jpeg\"><img loading=\"lazy\" class=\"alignnone size-medium wp-image-5172\" alt=\"Jezern\u00ed hora II\" src=\"http:\/\/obcanskymonitoring.cz\/wp-content\/uploads\/2016\/01\/Jezern\u00ed-hora-II-216x300.jpeg\" width=\"216\" height=\"300\" srcset=\"https:\/\/obcanskymonitoring.cz\/wp-content\/uploads\/2016\/01\/Jezern\u00ed-hora-II-216x300.jpeg 216w, https:\/\/obcanskymonitoring.cz\/wp-content\/uploads\/2016\/01\/Jezern\u00ed-hora-II-738x1024.jpeg 738w\" sizes=\"(max-width: 216px) 100vw, 216px\" \/><\/a><\/p>\n<p>Tak tomu bylo a\u017e do \u00fanora 1996, kdy org\u00e1n ochrany p\u0159\u00edrody CHKO \u0160umava vydal Rozhodnut\u00ed st\u00e1tn\u00ed spr\u00e1vy, kde zde povolil k\u00e1cen\u00ed aktivn\u00edch k\u016fr. strom\u016f, k\u00e1cen\u00ed lap\u00e1k\u016f na k\u016frovce, lapa\u010de. Tato devastace rezervace trvala do r. 1999 a n\u00e1sledn\u011b byla ve\u0161ker\u00e1 povolen\u00ed zru\u0161ena a dokonce na\u0159\u00edzen zp\u016fsob um\u011bl\u00e9 obnovy rezervace (viz p\u0159\u00edloha \u010d.3)<\/p>\n<p>&nbsp;<\/p>\n<p><a href=\"http:\/\/obcanskymonitoring.cz\/wp-content\/uploads\/2016\/01\/K\u00e1cen\u00ed-v-rezervaci-\u010cern\u00e9-a-\u010certovo-jezero.jpeg\"><img loading=\"lazy\" class=\"alignnone size-medium wp-image-5173\" alt=\"K\u00e1cen\u00ed v rezervaci \u010cern\u00e9 a \u010certovo jezero\" src=\"http:\/\/obcanskymonitoring.cz\/wp-content\/uploads\/2016\/01\/K\u00e1cen\u00ed-v-rezervaci-\u010cern\u00e9-a-\u010certovo-jezero-216x300.jpeg\" width=\"216\" height=\"300\" srcset=\"https:\/\/obcanskymonitoring.cz\/wp-content\/uploads\/2016\/01\/K\u00e1cen\u00ed-v-rezervaci-\u010cern\u00e9-a-\u010certovo-jezero-216x300.jpeg 216w, https:\/\/obcanskymonitoring.cz\/wp-content\/uploads\/2016\/01\/K\u00e1cen\u00ed-v-rezervaci-\u010cern\u00e9-a-\u010certovo-jezero.jpeg 721w\" sizes=\"(max-width: 216px) 100vw, 216px\" \/><\/a><\/p>\n<p>&nbsp;<\/p>\n<p><a href=\"http:\/\/obcanskymonitoring.cz\/wp-content\/uploads\/2016\/01\/K\u00e1cen\u00ed-v-rezervaci-\u010cern\u00e9-a-\u010certovo-jezero-II.jpeg\"><img loading=\"lazy\" class=\"alignnone size-medium wp-image-5176\" alt=\"K\u00e1cen\u00ed v rezervaci \u010cern\u00e9 a \u010certovo jezero II\" src=\"http:\/\/obcanskymonitoring.cz\/wp-content\/uploads\/2016\/01\/K\u00e1cen\u00ed-v-rezervaci-\u010cern\u00e9-a-\u010certovo-jezero-II-216x300.jpeg\" width=\"216\" height=\"300\" srcset=\"https:\/\/obcanskymonitoring.cz\/wp-content\/uploads\/2016\/01\/K\u00e1cen\u00ed-v-rezervaci-\u010cern\u00e9-a-\u010certovo-jezero-II-216x300.jpeg 216w, https:\/\/obcanskymonitoring.cz\/wp-content\/uploads\/2016\/01\/K\u00e1cen\u00ed-v-rezervaci-\u010cern\u00e9-a-\u010certovo-jezero-II.jpeg 721w\" sizes=\"(max-width: 216px) 100vw, 216px\" \/><\/a><\/p>\n<p>V\u00fdsledkem bylo vyt\u011b\u017een\u00ed celkem 2 280,31 m3 d\u0159\u00edv\u00ed v t\u00e9to rezervaci a otev\u0159en\u00ed lesn\u00edch porost\u016f bo\u0159iv\u00fdm v\u011btr\u016fm. (viz p\u0159\u00edloha \u010d.4)<\/p>\n<p><a href=\"http:\/\/obcanskymonitoring.cz\/wp-content\/uploads\/2016\/01\/S\u00edla-v\u011btru-na-\u0160umav\u011b.jpg\"><img loading=\"lazy\" class=\"alignnone size-medium wp-image-5180\" alt=\"S\u00edla v\u011btru na \u0160umav\u011b\" src=\"http:\/\/obcanskymonitoring.cz\/wp-content\/uploads\/2016\/01\/S\u00edla-v\u011btru-na-\u0160umav\u011b-300x216.jpg\" width=\"300\" height=\"216\" srcset=\"https:\/\/obcanskymonitoring.cz\/wp-content\/uploads\/2016\/01\/S\u00edla-v\u011btru-na-\u0160umav\u011b-300x216.jpg 300w, https:\/\/obcanskymonitoring.cz\/wp-content\/uploads\/2016\/01\/S\u00edla-v\u011btru-na-\u0160umav\u011b.jpg 1000w\" sizes=\"(max-width: 300px) 100vw, 300px\" \/><\/a><\/p>\n<p>Z\u00e1rove\u0148 byly vytvo\u0159eny holiny po vyt\u011b\u017een\u00e9m d\u0159\u00edv\u00ed, viz leteck\u00fd sn\u00edmek z r. 1999 \u010cern\u00e9 jezero \u010d.5)<\/p>\n<p><a href=\"http:\/\/obcanskymonitoring.cz\/wp-content\/uploads\/2016\/01\/Leteck\u00fd-sn\u00edmek-\u010certova-jezera-1999.jpeg\"><img loading=\"lazy\" class=\"alignnone size-medium wp-image-5177\" alt=\"Leteck\u00fd sn\u00edmek \u010certova jezera 1999\" src=\"http:\/\/obcanskymonitoring.cz\/wp-content\/uploads\/2016\/01\/Leteck\u00fd-sn\u00edmek-\u010certova-jezera-1999-216x300.jpeg\" width=\"216\" height=\"300\" srcset=\"https:\/\/obcanskymonitoring.cz\/wp-content\/uploads\/2016\/01\/Leteck\u00fd-sn\u00edmek-\u010certova-jezera-1999-216x300.jpeg 216w, https:\/\/obcanskymonitoring.cz\/wp-content\/uploads\/2016\/01\/Leteck\u00fd-sn\u00edmek-\u010certova-jezera-1999.jpeg 721w\" sizes=\"(max-width: 216px) 100vw, 216px\" \/><\/a><\/p>\n<p>&nbsp;<\/p>\n<p>a (viz leteck\u00fd sn\u00edmek \u010certovo jezero z r. 1999 \u010d.6).<\/p>\n<p><a href=\"http:\/\/obcanskymonitoring.cz\/wp-content\/uploads\/2016\/01\/Leteck\u00fd-sn\u00edmek-\u010cern\u00e9ho-jezera-1999.jpeg\"><img loading=\"lazy\" class=\"alignnone size-medium wp-image-5178\" alt=\"Leteck\u00fd sn\u00edmek \u010cern\u00e9ho jezera 1999\" src=\"http:\/\/obcanskymonitoring.cz\/wp-content\/uploads\/2016\/01\/Leteck\u00fd-sn\u00edmek-\u010cern\u00e9ho-jezera-1999-216x300.jpeg\" width=\"216\" height=\"300\" srcset=\"https:\/\/obcanskymonitoring.cz\/wp-content\/uploads\/2016\/01\/Leteck\u00fd-sn\u00edmek-\u010cern\u00e9ho-jezera-1999-216x300.jpeg 216w, https:\/\/obcanskymonitoring.cz\/wp-content\/uploads\/2016\/01\/Leteck\u00fd-sn\u00edmek-\u010cern\u00e9ho-jezera-1999.jpeg 721w\" sizes=\"(max-width: 216px) 100vw, 216px\" \/><\/a><\/p>\n<p>Ji\u017e v tomto roce jsme upozornili v\u0161echny instituce, v\u010detn\u011b O\u00da Klatovy, \u017ee realizace t\u011bchto opat\u0159en\u00ed bude m\u00edt za n\u00e1sledek do 10 let naprostou p\u0159em\u011bnu klimaxov\u00e9 horsk\u00e9 smr\u010diny v\u00a0holinu, viz Mapa v\u00fdvoje holin V NPR \u010cern\u00e9 a \u010certovo jezero v p\u0159\u00edloze \u010d.7.<\/p>\n<p><a href=\"http:\/\/obcanskymonitoring.cz\/wp-content\/uploads\/2016\/01\/V\u00fdvoj-holin-v-rezervaci-\u010cern\u00e9-a-\u010certovo-jezero.jpeg\"><img loading=\"lazy\" class=\"alignnone size-medium wp-image-5171\" alt=\"V\u00fdvoj holin v rezervaci \u010cern\u00e9 a \u010certovo jezero\" src=\"http:\/\/obcanskymonitoring.cz\/wp-content\/uploads\/2016\/01\/V\u00fdvoj-holin-v-rezervaci-\u010cern\u00e9-a-\u010certovo-jezero-216x300.jpeg\" width=\"216\" height=\"300\" srcset=\"https:\/\/obcanskymonitoring.cz\/wp-content\/uploads\/2016\/01\/V\u00fdvoj-holin-v-rezervaci-\u010cern\u00e9-a-\u010certovo-jezero-216x300.jpeg 216w, https:\/\/obcanskymonitoring.cz\/wp-content\/uploads\/2016\/01\/V\u00fdvoj-holin-v-rezervaci-\u010cern\u00e9-a-\u010certovo-jezero.jpeg 721w\" sizes=\"(max-width: 216px) 100vw, 216px\" \/><\/a><\/p>\n<p>&nbsp;<\/p>\n<p>V roce 2007 ork\u00e1n Kyrill, kter\u00fd nebyl nejv\u011bt\u0161\u00ed vich\u0159ic\u00ed na \u0160umav\u011b, je\u0161t\u011b rozpad rezervace urychlil. N\u00e1sledn\u011b org\u00e1n ochrany p\u0159\u00edrody CHKO \u0160umava odsouhlasil likvidaci t\u00e9to kalamity v rezervaci pomoc\u00ed t\u011b\u017ek\u00fdch harvestor\u016f a post\u0159ik chemick\u00fdm roztokem Vaztaku. V\u00fdsledek, tedy zni\u010denou klimaxovou horskou smr\u010dinu ve v\u00fd\u0161ce 1 343 m.n.m ke konci roku 2015 ,vid\u00edte na p\u0159ilo\u017een\u00e9 map\u011b mapy.cz. Uvedl jsem p\u0159\u00edklad, jak lze d\u011blat &#8220;ochranu p\u0159\u00edrody&#8221; s nedokonal\u00fdmi z\u00e1kony.<\/p>\n<p>Na z\u00e1v\u011br p\u0159ikl\u00e1d\u00e1m mapy z mapy.cz Na fotografi\u00edch jsou vid\u011bt rozs\u00e1hl\u00e9 plochy holin\u00a0z N\u00e1rodn\u00edho parku \u0160umava. \u00a0Lid\u00e9 toto ani nezjist\u00ed, proto\u017ee maj\u00ed do t\u011bchto oblast\u00ed zak\u00e1zan\u00fd p\u0159\u00edstup.<\/p>\n<p>Aktu\u00e1ln\u00ed stav je vid\u011bt na tomto sn\u00edmku<\/p>\n<p><a href=\"http:\/\/obcanskymonitoring.cz\/wp-content\/uploads\/2016\/01\/Sumava-Jezero-mapa-aktualni-podoba.jpg\"><img loading=\"lazy\" class=\"alignnone size-medium wp-image-5191\" alt=\"Sumava Jezero mapa aktualni podoba\" src=\"http:\/\/obcanskymonitoring.cz\/wp-content\/uploads\/2016\/01\/Sumava-Jezero-mapa-aktualni-podoba-300x155.jpg\" width=\"300\" height=\"155\" srcset=\"https:\/\/obcanskymonitoring.cz\/wp-content\/uploads\/2016\/01\/Sumava-Jezero-mapa-aktualni-podoba-300x155.jpg 300w, https:\/\/obcanskymonitoring.cz\/wp-content\/uploads\/2016\/01\/Sumava-Jezero-mapa-aktualni-podoba-1024x531.jpg 1024w, https:\/\/obcanskymonitoring.cz\/wp-content\/uploads\/2016\/01\/Sumava-Jezero-mapa-aktualni-podoba.jpg 1920w\" sizes=\"(max-width: 300px) 100vw, 300px\" \/><\/a><\/p>\n<p>&nbsp;<\/p>\n<p>Na \u00a0str\u00e1nk\u00e1ch mapy.cz je vid\u011bt mapu <a href=\"http:\/\/mapy.cz\/s\/quzl\">zde<\/a>.<\/p>\n<p>&nbsp;<\/p>\n<p>Stav z roku 2012<\/p>\n<p><a href=\"http:\/\/obcanskymonitoring.cz\/wp-content\/uploads\/2016\/01\/mapy.cz_letecka-2012.jpg\"><img loading=\"lazy\" class=\"alignnone size-medium wp-image-5187\" alt=\"mapy.cz_letecka-2012\" src=\"http:\/\/obcanskymonitoring.cz\/wp-content\/uploads\/2016\/01\/mapy.cz_letecka-2012-300x199.jpg\" width=\"300\" height=\"199\" srcset=\"https:\/\/obcanskymonitoring.cz\/wp-content\/uploads\/2016\/01\/mapy.cz_letecka-2012-300x199.jpg 300w, https:\/\/obcanskymonitoring.cz\/wp-content\/uploads\/2016\/01\/mapy.cz_letecka-2012-1024x679.jpg 1024w\" sizes=\"(max-width: 300px) 100vw, 300px\" \/><\/a><\/p>\n<p>&nbsp;<\/p>\n<p>&nbsp;<\/p>\n<p>Stav z roku 2006<\/p>\n<p><a href=\"http:\/\/obcanskymonitoring.cz\/wp-content\/uploads\/2016\/01\/mapy.cz_letecka-2006.jpg\"><img loading=\"lazy\" class=\"alignnone size-medium wp-image-5188\" alt=\"mapy.cz_letecka-2006\" src=\"http:\/\/obcanskymonitoring.cz\/wp-content\/uploads\/2016\/01\/mapy.cz_letecka-2006-300x195.jpg\" width=\"300\" height=\"195\" srcset=\"https:\/\/obcanskymonitoring.cz\/wp-content\/uploads\/2016\/01\/mapy.cz_letecka-2006-300x195.jpg 300w, https:\/\/obcanskymonitoring.cz\/wp-content\/uploads\/2016\/01\/mapy.cz_letecka-2006-1024x668.jpg 1024w\" sizes=\"(max-width: 300px) 100vw, 300px\" \/><\/a><\/p>\n<p>&nbsp;<\/p>\n<p>Stav z roku 2003<\/p>\n<p><a href=\"http:\/\/obcanskymonitoring.cz\/wp-content\/uploads\/2016\/01\/mapy.cz_letecka-2003.jpg\"><img loading=\"lazy\" class=\"alignnone size-medium wp-image-5189\" alt=\"mapy.cz_letecka-2003\" src=\"http:\/\/obcanskymonitoring.cz\/wp-content\/uploads\/2016\/01\/mapy.cz_letecka-2003-300x199.jpg\" width=\"300\" height=\"199\" srcset=\"https:\/\/obcanskymonitoring.cz\/wp-content\/uploads\/2016\/01\/mapy.cz_letecka-2003-300x199.jpg 300w, https:\/\/obcanskymonitoring.cz\/wp-content\/uploads\/2016\/01\/mapy.cz_letecka-2003-1024x679.jpg 1024w\" sizes=\"(max-width: 300px) 100vw, 300px\" \/><\/a><\/p>\n<p><a href=\"http:\/\/obcanskymonitoring.cz\/?page_id=3014\">Petr Je\u0161\u00e1tko st.<\/a>\u00a0(Autor je b\u00fdval\u00fd vrchn\u00ed lesn\u00ed inspektor N\u00e1rodn\u00edho parku \u0160umava, nyn\u00ed v d\u016fchodu)<\/p>\n<p><a href=\"http:\/\/www.ceskatelevize.cz\/ivysilani\/1129337346-pridej-se\/209562248410019\/\">Star\u0161\u00ed\u00a0po\u0159ad Petra Je\u0161\u00e1tka pro \u010ceskou televizi<\/a><\/p>\n<div data-counters='1' data-style='square' data-size='regular' data-url='https:\/\/obcanskymonitoring.cz\/?p=5170' data-title='Petr Je\u0161\u00e1tko: \u0160umava n\u00e1rodn\u00ed park nebo lunapark?' class='linksalpha_container linksalpha_app_3'><a href='\/\/www.linksalpha.com\/share?network='facebook' class='linksalpha_icon_facebook'><\/a><a href='\/\/www.linksalpha.com\/share?network='twitter' class='linksalpha_icon_twitter'><\/a><a href='\/\/www.linksalpha.com\/share?network='googleplus' class='linksalpha_icon_googleplus'><\/a><a href='\/\/www.linksalpha.com\/share?network='mail' class='linksalpha_icon_mail'><\/a><\/div><div data-position='' data-url='https:\/\/obcanskymonitoring.cz\/?p=5170' data-title='Petr Je\u0161\u00e1tko: \u0160umava n\u00e1rodn\u00ed park nebo lunapark?' class='linksalpha_container linksalpha_app_7'><a href='\/\/www.linksalpha.com\/share?network='facebook' class='linksalpha_icon_facebook'><\/a><a href='\/\/www.linksalpha.com\/share?network='twitter' class='linksalpha_icon_twitter'><\/a><a href='\/\/www.linksalpha.com\/share?network='googleplus' class='linksalpha_icon_googleplus'><\/a><a href='\/\/www.linksalpha.com\/share?network='mail' class='linksalpha_icon_mail'><\/a><\/div>","protected":false},"excerpt":{"rendered":"<p>&nbsp;2,397&nbsp;total views Otiskujeme \u010dl\u00e1nek Petra Je\u0161\u00e1tka, kter\u00fdm komentuje novelu z\u00e1kona o ochran\u011b p\u0159\u00edrody a krajiny, kterou aktu\u00e1ln\u011b projedn\u00e1v\u00e1 Poslaneck\u00e1 sn\u011bmovna.<\/p>\n","protected":false},"author":2,"featured_media":0,"comment_status":"open","ping_status":"open","sticky":true,"template":"","format":"standard","meta":[],"categories":[1,21,29],"tags":[],"_links":{"self":[{"href":"https:\/\/obcanskymonitoring.cz\/index.php?rest_route=\/wp\/v2\/posts\/5170"}],"collection":[{"href":"https:\/\/obcanskymonitoring.cz\/index.php?rest_route=\/wp\/v2\/posts"}],"about":[{"href":"https:\/\/obcanskymonitoring.cz\/index.php?rest_route=\/wp\/v2\/types\/post"}],"author":[{"embeddable":true,"href":"https:\/\/obcanskymonitoring.cz\/index.php?rest_route=\/wp\/v2\/users\/2"}],"replies":[{"embeddable":true,"href":"https:\/\/obcanskymonitoring.cz\/index.php?rest_route=%2Fwp%2Fv2%2Fcomments&post=5170"}],"version-history":[{"count":0,"href":"https:\/\/obcanskymonitoring.cz\/index.php?rest_route=\/wp\/v2\/posts\/5170\/revisions"}],"wp:attachment":[{"href":"https:\/\/obcanskymonitoring.cz\/index.php?rest_route=%2Fwp%2Fv2%2Fmedia&parent=5170"}],"wp:term":[{"taxonomy":"category","embeddable":true,"href":"https:\/\/obcanskymonitoring.cz\/index.php?rest_route=%2Fwp%2Fv2%2Fcategories&post=5170"},{"taxonomy":"post_tag","embeddable":true,"href":"https:\/\/obcanskymonitoring.cz\/index.php?rest_route=%2Fwp%2Fv2%2Ftags&post=5170"}],"curies":[{"name":"wp","href":"https:\/\/api.w.org\/{rel}","templated":true}]}}